{"id":3316,"date":"2016-03-02T11:55:00","date_gmt":"2016-03-02T10:55:00","guid":{"rendered":"https:\/\/giannidavico.it\/staging\/gopiedmont\/?p=3316"},"modified":"2016-03-02T11:55:00","modified_gmt":"2016-03-02T10:55:00","slug":"ij-90-agn-ed-milo-bre","status":"publish","type":"post","link":"https:\/\/giannidavico.it\/gopiedmont\/2016\/03\/02\/ij-90-agn-ed-milo-bre\/","title":{"rendered":"Ij 90 agn \u00ebd Milo Br\u00e9"},"content":{"rendered":"<p><iframe loading=\"lazy\" width=\"560\" height=\"315\" src=\"https:\/\/www.youtube.com\/embed\/p6BFWClUE5A?rel=0\" frameborder=\"0\" allowfullscreen><\/iframe><br \/>\nD\u00f2p-doman, v\u00e9ner 4 mars, Milo Br\u00e9 a compiss 90 agn. A n\u00eb lo arc\u00f2rda Bepe San\u00e9 (Dragon\u00f2t), ch&#8217;a l&#8217;ha riport\u00e0 <a href=\"http:\/\/www.lastampa.it\/2016\/02\/26\/torinosette\/rubriche\/an-piemonteis\/an-piemonteis-aIWT0KIXAWAGLg0T7YNCbI\/pagina.html\" target=\"_blank\">l&#8217;art\u00eccol d&#8217;Albina Malerba<\/a> dzora <a href=\"https:\/\/groups.yahoo.com\/neo\/groups\/piemontviv\/info\" target=\"_blank\">piemontviv<\/a>.<br \/>\n<a href=\"https:\/\/giannidavico.it\/gopiedmont\/files\/2012\/08\/Camillo-Brero.jpg\" rel=\"attachment wp-att-1289\"><img loading=\"lazy\" src=\"https:\/\/giannidavico.it\/gopiedmont\/files\/2012\/08\/Camillo-Brero.jpg\" alt=\"Camillo Brero\" width=\"166\" height=\"248\" class=\"alignright size-full wp-image-1289\" \/><\/a><br \/>\nChiel a riva a cost traguard important, e noi i-i foma j&#8217;auguri &#8216;d cheur, anche p\u00ebr tut l\u00f2n ch&#8217;a l&#8217;ha f\u00e0it p\u00ebr n\u00f2sta lenga. Mi i l&#8217;hai un bel ric\u00f2rd personal \u00ebd Milo Br\u00e9: <a href=\"https:\/\/giannidavico.it\/gopiedmont\/2012\/08\/08\/daj-sermon-subalpin-al-pare-etern\/\">i l&#8217;av\u00eca intervistalo, giusta des agn f\u00e0, p\u00ebr &#8220;\u00e9!&#8221;<\/a> Ma anche, se i vad andr\u00e9 con la mem\u00f2ria a quand ch&#8217;i j&#8217;era cit o fiolin, am soven na p\u00ebrson-a importanta, un monument squasi, bele se p\u00ebr mi a j&#8217;era mach un n\u00f2m lontan, e bele se i sav\u00e8jssa gnanca che a esist\u00e8issa na <em>lenga<\/em> piemont\u00e8isa.<\/p>\n<p>E pensand a cost &#8220;monument&#8221; che giustament as g\u00f2d \u00ebl rip\u00f2s d\u00f2p a na vita intera &#8216;d travaj a benefissi d\u00ebl piemont\u00e8is e dij piemont\u00e8is a l&#8217;\u00e9 mnume an ment na bela poes\u00eca d&#8217;Attilio Bertolucci,<em> Per A.A. Soldati pittore in Parma<\/em>, che s&#8217;a fussa st\u00e0ita scrita an piemont\u00e8is a dir\u00eca p\u00ec o meno:<\/p>\n<blockquote><p>Ambeless\u00ec \u00ebl cel la fi\u00f2ca<br \/>\nl\u2019aqua la nebia<br \/>\nij cop ij borgh<br \/>\na l\u2019han mach dij gris<br \/>\ncelest \u00f2r ti it s\u00ebrcave<br \/>\n\u00ebl ross \u00ebl gi\u00e0un \u00ebl verd \u00ebl bleu<br \/>\ndla g\u00f2j d\u00ebl magon dij cit \u2013<br \/>\nant un canton \u00ebl cit a gieuga da sol<br \/>\na canta da sol a piora da sol lasselo st\u00e9 \u2013 <\/p>\n<p>p\u00ebr artrov\u00e8je it l\u2019has bandon\u00e0 costa gargar\u00eca l\u2019aria<br \/>\n\u00ebd toa ca it ses fate emigrant artigian<br \/>\n\u00ebd tassej pur<br \/>\nfin\u00eca l\u2019euvra it ses torn\u00e0 a ca<br \/>\nit ringrassioma<br \/>\narp\u00f2sa an pas.<\/p><\/blockquote>\n","protected":false},"excerpt":{"rendered":"<p> D\u00f2p-doman, v\u00e9ner 4 mars, Milo Br\u00e9 a compiss 90 agn. A n\u00eb lo arc\u00f2rda Bepe San\u00e9 (Dragon\u00f2t), ch&#8217;a l&#8217;ha riport\u00e0 <a href=\"http:\/\/www.lastampa.it\/2016\/02\/26\/torinosette\/rubriche\/an-piemonteis\/an-piemonteis-aIWT0KIXAWAGLg0T7YNCbI\/pagina.html\" target=\"_blank\">l&#8217;art\u00eccol d&#8217;Albina Malerba<\/a> dzora <a href=\"https:\/\/groups.yahoo.com\/neo\/groups\/piemontviv\/info\" target=\"_blank\">piemontviv<\/a>.<br \/> <a href=\"https:\/\/giannidavico.it\/gopiedmont\/files\/2012\/08\/Camillo-Brero.jpg\" rel=\"attachment wp-att-1289\"><img loading=\"lazy\" src=\"https:\/\/giannidavico.it\/gopiedmont\/files\/2012\/08\/Camillo-Brero.jpg\" alt=\"Camillo Brero\" width=\"166\" height=\"248\" class=\"alignright size-full wp-image-1289\" \/><\/a><br \/> Chiel a riva a cost traguard important, e noi i-i foma j&#8217;auguri &#8216;d cheur, anche p\u00ebr tut l\u00f2n ch&#8217;a l&#8217;ha f\u00e0it p\u00ebr n\u00f2sta lenga. Mi i l&#8217;hai un bel ric\u00f2rd personal \u00ebd Milo Br\u00e9: <a href=\"https:\/\/giannidavico.it\/gopiedmont\/2012\/08\/08\/daj-sermon-subalpin-al-pare-etern\/\">i l&#8217;av\u00eca intervistalo, giusta des agn f\u00e0, p\u00ebr &#8220;\u00e9!&#8221;<\/a> Ma anche, se i vad andr\u00e9 con la mem\u00f2ria a quand ch&#8217;i j&#8217;era cit o fiolin, am soven na p\u00ebrson-a importanta, un monument squasi, bele se p\u00ebr mi a j&#8217;era mach un n\u00f2m lontan, e bele se i sav\u00e8jssa gnanca che a esist\u00e8issa na <em>lenga<\/em> piemont\u00e8isa.<\/p>\n<p>E pensand a cost &#8220;monument&#8221; che giustament as g\u00f2d \u00ebl rip\u00f2s d\u00f2p a na vita intera &#8216;d travaj a benefissi d\u00ebl piemont\u00e8is e dij piemont\u00e8is a l&#8217;\u00e9 mnume an ment na bela poes\u00eca d&#8217;Attilio Bertolucci,<em> Per A.A. Soldati pittore in Parma<\/em>, che s&#8217;a fussa st\u00e0ita scrita an piemont\u00e8is a dir\u00eca p\u00ec o meno:<\/p>\n<p>Ambeless\u00ec \u00ebl cel la fi\u00f2ca<br \/> l\u2019aqua la nebia<br \/> [\u2026] <a class=\"moretag\" href=\"https:\/\/giannidavico.it\/gopiedmont\/2016\/03\/02\/ij-90-agn-ed-milo-bre\/\">continua a leggere \u00bb<\/a><\/p>\n","protected":false},"author":4,"featured_media":0,"comment_status":"open","ping_status":"open","sticky":false,"template":"","format":"standard","meta":[],"categories":[130],"tags":[132],"yoast_head":"<!-- This site is optimized with the Yoast SEO plugin v19.14 - https:\/\/yoast.com\/wordpress\/plugins\/seo\/ -->\n<title>Ij 90 agn \u00ebd Milo Br\u00e9 - Go Piedmont<\/title>\n<meta name=\"robots\" content=\"index, follow, max-snippet:-1, max-image-preview:large, max-video-preview:-1\" \/>\n<link rel=\"canonical\" href=\"https:\/\/giannidavico.it\/gopiedmont\/2016\/03\/02\/ij-90-agn-ed-milo-bre\/\" \/>\n<meta property=\"og:locale\" content=\"it_IT\" \/>\n<meta property=\"og:type\" content=\"article\" \/>\n<meta property=\"og:title\" content=\"Ij 90 agn \u00ebd Milo Br\u00e9 - Go Piedmont\" \/>\n<meta property=\"og:description\" content=\"D\u00f2p-doman, v\u00e9ner 4 mars, Milo Br\u00e9 a compiss 90 agn. A n\u00eb lo arc\u00f2rda Bepe San\u00e9 (Dragon\u00f2t), ch&#8217;a l&#8217;ha riport\u00e0 l&#8217;art\u00eccol d&#8217;Albina Malerba dzora piemontviv. Chiel a riva a cost traguard important, e noi i-i foma j&#8217;auguri &#8216;d cheur, anche p\u00ebr tut l\u00f2n ch&#8217;a l&#8217;ha f\u00e0it p\u00ebr n\u00f2sta lenga. Mi i l&#8217;hai un bel ric\u00f2rd personal \u00ebd Milo Br\u00e9: i l&#8217;av\u00eca intervistalo, giusta des agn f\u00e0, p\u00ebr &#8220;\u00e9!&#8221; Ma anche, se i vad andr\u00e9 con la mem\u00f2ria a quand ch&#8217;i j&#8217;era cit o fiolin, am soven na p\u00ebrson-a importanta, un monument squasi, bele se p\u00ebr mi a j&#8217;era mach un n\u00f2m lontan, e bele se i sav\u00e8jssa gnanca che a esist\u00e8issa na lenga piemont\u00e8isa. E pensand a cost &#8220;monument&#8221; che giustament as g\u00f2d \u00ebl rip\u00f2s d\u00f2p a na vita intera &#8216;d travaj a benefissi d\u00ebl piemont\u00e8is e dij piemont\u00e8is a l&#8217;\u00e9 mnume an ment na bela poes\u00eca d&#8217;Attilio Bertolucci, Per A.A. Soldati pittore in Parma, che s&#8217;a fussa st\u00e0ita scrita an piemont\u00e8is a dir\u00eca p\u00ec o meno: Ambeless\u00ec \u00ebl cel la fi\u00f2ca l\u2019aqua la nebia [\u2026] continua a leggere \u00bb\" \/>\n<meta property=\"og:url\" content=\"https:\/\/giannidavico.it\/gopiedmont\/2016\/03\/02\/ij-90-agn-ed-milo-bre\/\" \/>\n<meta property=\"og:site_name\" content=\"Go Piedmont\" \/>\n<meta property=\"article:published_time\" content=\"2016-03-02T10:55:00+00:00\" \/>\n<meta property=\"og:image\" content=\"https:\/\/giannidavico.it\/gopiedmont\/files\/2012\/08\/Camillo-Brero.jpg\" \/>\n<meta name=\"author\" content=\"giannidavico\" \/>\n<meta name=\"twitter:card\" content=\"summary_large_image\" \/>\n<meta name=\"twitter:label1\" content=\"Scritto da\" \/>\n\t<meta name=\"twitter:data1\" content=\"giannidavico\" \/>\n\t<meta name=\"twitter:label2\" content=\"Tempo di lettura stimato\" \/>\n\t<meta name=\"twitter:data2\" content=\"1 minuto\" \/>\n<script type=\"application\/ld+json\" class=\"yoast-schema-graph\">{\"@context\":\"https:\/\/schema.org\",\"@graph\":[{\"@type\":\"WebPage\",\"@id\":\"https:\/\/giannidavico.it\/gopiedmont\/2016\/03\/02\/ij-90-agn-ed-milo-bre\/\",\"url\":\"https:\/\/giannidavico.it\/gopiedmont\/2016\/03\/02\/ij-90-agn-ed-milo-bre\/\",\"name\":\"Ij 90 agn \u00ebd Milo Br\u00e9 - Go Piedmont\",\"isPartOf\":{\"@id\":\"https:\/\/giannidavico.it\/gopiedmont\/#website\"},\"datePublished\":\"2016-03-02T10:55:00+00:00\",\"dateModified\":\"2016-03-02T10:55:00+00:00\",\"author\":{\"@id\":\"https:\/\/giannidavico.it\/gopiedmont\/#\/schema\/person\/ea1fd17d8f2dba325f3712219efa8f77\"},\"inLanguage\":\"it-IT\",\"potentialAction\":[{\"@type\":\"ReadAction\",\"target\":[\"https:\/\/giannidavico.it\/gopiedmont\/2016\/03\/02\/ij-90-agn-ed-milo-bre\/\"]}]},{\"@type\":\"WebSite\",\"@id\":\"https:\/\/giannidavico.it\/gopiedmont\/#website\",\"url\":\"https:\/\/giannidavico.it\/gopiedmont\/\",\"name\":\"Go Piedmont\",\"description\":\"pens\u00e9 dzora l\u00ecber, event e p\u00ebrson-e grop\u00e0 al Piemont e a la lenga piemont\u00e8isa\",\"potentialAction\":[{\"@type\":\"SearchAction\",\"target\":{\"@type\":\"EntryPoint\",\"urlTemplate\":\"https:\/\/giannidavico.it\/gopiedmont\/?s={search_term_string}\"},\"query-input\":\"required name=search_term_string\"}],\"inLanguage\":\"it-IT\"},{\"@type\":\"Person\",\"@id\":\"https:\/\/giannidavico.it\/gopiedmont\/#\/schema\/person\/ea1fd17d8f2dba325f3712219efa8f77\",\"name\":\"giannidavico\",\"image\":{\"@type\":\"ImageObject\",\"inLanguage\":\"it-IT\",\"@id\":\"https:\/\/giannidavico.it\/gopiedmont\/#\/schema\/person\/image\/\",\"url\":\"https:\/\/secure.gravatar.com\/avatar\/337748753d882602f3038b55fb369ba1?s=96&d=mm&r=g\",\"contentUrl\":\"https:\/\/secure.gravatar.com\/avatar\/337748753d882602f3038b55fb369ba1?s=96&d=mm&r=g\",\"caption\":\"giannidavico\"},\"url\":\"https:\/\/giannidavico.it\/gopiedmont\/author\/giannidavico\/\"}]}<\/script>\n<!-- \/ Yoast SEO plugin. -->","yoast_head_json":{"title":"Ij 90 agn \u00ebd Milo Br\u00e9 - Go Piedmont","robots":{"index":"index","follow":"follow","max-snippet":"max-snippet:-1","max-image-preview":"max-image-preview:large","max-video-preview":"max-video-preview:-1"},"canonical":"https:\/\/giannidavico.it\/gopiedmont\/2016\/03\/02\/ij-90-agn-ed-milo-bre\/","og_locale":"it_IT","og_type":"article","og_title":"Ij 90 agn \u00ebd Milo Br\u00e9 - Go Piedmont","og_description":"D\u00f2p-doman, v\u00e9ner 4 mars, Milo Br\u00e9 a compiss 90 agn. A n\u00eb lo arc\u00f2rda Bepe San\u00e9 (Dragon\u00f2t), ch&#8217;a l&#8217;ha riport\u00e0 l&#8217;art\u00eccol d&#8217;Albina Malerba dzora piemontviv. Chiel a riva a cost traguard important, e noi i-i foma j&#8217;auguri &#8216;d cheur, anche p\u00ebr tut l\u00f2n ch&#8217;a l&#8217;ha f\u00e0it p\u00ebr n\u00f2sta lenga. Mi i l&#8217;hai un bel ric\u00f2rd personal \u00ebd Milo Br\u00e9: i l&#8217;av\u00eca intervistalo, giusta des agn f\u00e0, p\u00ebr &#8220;\u00e9!&#8221; Ma anche, se i vad andr\u00e9 con la mem\u00f2ria a quand ch&#8217;i j&#8217;era cit o fiolin, am soven na p\u00ebrson-a importanta, un monument squasi, bele se p\u00ebr mi a j&#8217;era mach un n\u00f2m lontan, e bele se i sav\u00e8jssa gnanca che a esist\u00e8issa na lenga piemont\u00e8isa. E pensand a cost &#8220;monument&#8221; che giustament as g\u00f2d \u00ebl rip\u00f2s d\u00f2p a na vita intera &#8216;d travaj a benefissi d\u00ebl piemont\u00e8is e dij piemont\u00e8is a l&#8217;\u00e9 mnume an ment na bela poes\u00eca d&#8217;Attilio Bertolucci, Per A.A. Soldati pittore in Parma, che s&#8217;a fussa st\u00e0ita scrita an piemont\u00e8is a dir\u00eca p\u00ec o meno: Ambeless\u00ec \u00ebl cel la fi\u00f2ca l\u2019aqua la nebia [\u2026] continua a leggere \u00bb","og_url":"https:\/\/giannidavico.it\/gopiedmont\/2016\/03\/02\/ij-90-agn-ed-milo-bre\/","og_site_name":"Go Piedmont","article_published_time":"2016-03-02T10:55:00+00:00","og_image":[{"url":"https:\/\/giannidavico.it\/gopiedmont\/files\/2012\/08\/Camillo-Brero.jpg"}],"author":"giannidavico","twitter_card":"summary_large_image","twitter_misc":{"Scritto da":"giannidavico","Tempo di lettura stimato":"1 minuto"},"schema":{"@context":"https:\/\/schema.org","@graph":[{"@type":"WebPage","@id":"https:\/\/giannidavico.it\/gopiedmont\/2016\/03\/02\/ij-90-agn-ed-milo-bre\/","url":"https:\/\/giannidavico.it\/gopiedmont\/2016\/03\/02\/ij-90-agn-ed-milo-bre\/","name":"Ij 90 agn \u00ebd Milo Br\u00e9 - Go Piedmont","isPartOf":{"@id":"https:\/\/giannidavico.it\/gopiedmont\/#website"},"datePublished":"2016-03-02T10:55:00+00:00","dateModified":"2016-03-02T10:55:00+00:00","author":{"@id":"https:\/\/giannidavico.it\/gopiedmont\/#\/schema\/person\/ea1fd17d8f2dba325f3712219efa8f77"},"inLanguage":"it-IT","potentialAction":[{"@type":"ReadAction","target":["https:\/\/giannidavico.it\/gopiedmont\/2016\/03\/02\/ij-90-agn-ed-milo-bre\/"]}]},{"@type":"WebSite","@id":"https:\/\/giannidavico.it\/gopiedmont\/#website","url":"https:\/\/giannidavico.it\/gopiedmont\/","name":"Go Piedmont","description":"pens\u00e9 dzora l\u00ecber, event e p\u00ebrson-e grop\u00e0 al Piemont e a la lenga piemont\u00e8isa","potentialAction":[{"@type":"SearchAction","target":{"@type":"EntryPoint","urlTemplate":"https:\/\/giannidavico.it\/gopiedmont\/?s={search_term_string}"},"query-input":"required name=search_term_string"}],"inLanguage":"it-IT"},{"@type":"Person","@id":"https:\/\/giannidavico.it\/gopiedmont\/#\/schema\/person\/ea1fd17d8f2dba325f3712219efa8f77","name":"giannidavico","image":{"@type":"ImageObject","inLanguage":"it-IT","@id":"https:\/\/giannidavico.it\/gopiedmont\/#\/schema\/person\/image\/","url":"https:\/\/secure.gravatar.com\/avatar\/337748753d882602f3038b55fb369ba1?s=96&d=mm&r=g","contentUrl":"https:\/\/secure.gravatar.com\/avatar\/337748753d882602f3038b55fb369ba1?s=96&d=mm&r=g","caption":"giannidavico"},"url":"https:\/\/giannidavico.it\/gopiedmont\/author\/giannidavico\/"}]}},"_links":{"self":[{"href":"https:\/\/giannidavico.it\/gopiedmont\/wp-json\/wp\/v2\/posts\/3316"}],"collection":[{"href":"https:\/\/giannidavico.it\/gopiedmont\/wp-json\/wp\/v2\/posts"}],"about":[{"href":"https:\/\/giannidavico.it\/gopiedmont\/wp-json\/wp\/v2\/types\/post"}],"author":[{"embeddable":true,"href":"https:\/\/giannidavico.it\/gopiedmont\/wp-json\/wp\/v2\/users\/4"}],"replies":[{"embeddable":true,"href":"https:\/\/giannidavico.it\/gopiedmont\/wp-json\/wp\/v2\/comments?post=3316"}],"version-history":[{"count":5,"href":"https:\/\/giannidavico.it\/gopiedmont\/wp-json\/wp\/v2\/posts\/3316\/revisions"}],"predecessor-version":[{"id":3321,"href":"https:\/\/giannidavico.it\/gopiedmont\/wp-json\/wp\/v2\/posts\/3316\/revisions\/3321"}],"wp:attachment":[{"href":"https:\/\/giannidavico.it\/gopiedmont\/wp-json\/wp\/v2\/media?parent=3316"}],"wp:term":[{"taxonomy":"category","embeddable":true,"href":"https:\/\/giannidavico.it\/gopiedmont\/wp-json\/wp\/v2\/categories?post=3316"},{"taxonomy":"post_tag","embeddable":true,"href":"https:\/\/giannidavico.it\/gopiedmont\/wp-json\/wp\/v2\/tags?post=3316"}],"curies":[{"name":"wp","href":"https:\/\/api.w.org\/{rel}","templated":true}]}}