{"id":3329,"date":"2016-03-16T12:05:55","date_gmt":"2016-03-16T11:05:55","guid":{"rendered":"https:\/\/giannidavico.it\/staging\/gopiedmont\/?p=3329"},"modified":"2016-03-16T12:10:06","modified_gmt":"2016-03-16T11:10:06","slug":"enrico-eandi-in-memoriam","status":"publish","type":"post","link":"https:\/\/giannidavico.it\/gopiedmont\/2016\/03\/16\/enrico-eandi-in-memoriam\/","title":{"rendered":"Enrico Eandi, in memoriam"},"content":{"rendered":"<p><a href=\"https:\/\/giannidavico.it\/gopiedmont\/files\/2016\/03\/EE.jpg\" rel=\"attachment wp-att-3332\"><img loading=\"lazy\" src=\"https:\/\/giannidavico.it\/gopiedmont\/files\/2016\/03\/EE-300x199.jpg\" alt=\"EE\" width=\"300\" height=\"199\" class=\"alignright size-medium wp-image-3332\" srcset=\"https:\/\/giannidavico.it\/gopiedmont\/files\/2016\/03\/EE-300x199.jpg 300w, https:\/\/giannidavico.it\/gopiedmont\/files\/2016\/03\/EE.jpg 476w\" sizes=\"(max-width: 300px) 100vw, 300px\" \/><\/a><br \/>\nA la fin \u00ebd f\u00ebrv\u00e9 a l&#8217;ha salutane Enrico Eandi.<\/p>\n<p>Contut ch&#8217;i l&#8217;abio av\u00f9 tante discussion an sla graf\u00eca (<a href=\"https:\/\/giannidavico.it\/gopiedmont\/?s=eandi\">e cost bl\u00f2gh a na rip\u00f2rta diversi t\u00f2ch<\/a>), i veuj d\u00ec ch&#8217;i l&#8217;hai sempe av\u00f9 \u00ebl massim rispet p\u00ebr l&#8217;\u00f2m: un ver piemont\u00e8is, f\u00f2rt, sincer, \u00ebd par\u00f2la.<\/p>\n<p>Albina Malerba a l&#8217;ha publicane un bel arc\u00f2rd <a href=\"http:\/\/www.lastampa.it\/2016\/03\/11\/torinosette\/rubriche\/an-piemonteis\/an-piemonteis-3LF5VK353EIZuSDtmoNczO\/pagina.html\" target=\"_blank\">ambeless\u00ec<\/a>.<\/p>\n<p>Mi adess i vurr\u00eca mach d\u00ec doe par\u00f2le p\u00ebr Enrico p\u00ebr come i l&#8217;hai conossulo mi.<\/p>\n<p>Im arc\u00f2rd perfetament \u00ebl d\u00f2p-mesd\u00ec \u2018d tanti agn f\u00e0 (a j\u2019era \u2018l 1999 o gi\u00f9 da l\u00ec) quand che chiel e Albina Malerba a son vn\u00f9 personalment a porteme \u00ebl <em>Coretor ortogr\u00e0fich<\/em>, ch&#8217;a l&#8217;\u00e9 st\u00e0it n&#8217;at d&#8217;amor anvers a na lenga.<\/p>\n<p>Mi, da bon\u00f2m, i l&#8217;av\u00eca ciamaje s&#8217;as vend\u00eca.<\/p>\n<p>(E peui pr\u00f2pi col <em>Coretor<\/em> a l&#8217;ha faje cambi\u00e9 id\u00e8ja, p\u00ebrch\u00e8 fasendlo a l&#8217;ha truv\u00e0 che scrive an piemont\u00e8is dla koin\u00e9 a j&#8217;era, scond chiel, tr\u00f2p dif\u00eccil; da l\u00ec a l&#8217;\u00e9 nassuje cola deriva grafica d\u00ebl piemont\u00e8is mincad\u00ec, che per\u00f2 a l&#8217;\u00e9 nen l&#8217;argoment ch&#8217;i veuj trat\u00e9 adess.)<\/p>\n<p>Arlongh j&#8217;agn, i soma scambiasse tante mail. P\u00ebr mi a l&#8217;\u00e9 st\u00e0it n&#8217;esempi, e a-i na f\u00e0 nen s&#8217;i fusso nen d&#8217;ac\u00f2rdi ansima a cola veja question. Enrico Eandi a l&#8217;\u00e9 st\u00e0it un grand piemont\u00e8is, e son a conta.<\/p>\n","protected":false},"excerpt":{"rendered":"<p><a href=\"https:\/\/giannidavico.it\/gopiedmont\/files\/2016\/03\/EE.jpg\" rel=\"attachment wp-att-3332\"><img loading=\"lazy\" src=\"https:\/\/giannidavico.it\/gopiedmont\/files\/2016\/03\/EE-300x199.jpg\" alt=\"EE\" width=\"300\" height=\"199\" class=\"alignright size-medium wp-image-3332\" srcset=\"https:\/\/giannidavico.it\/gopiedmont\/files\/2016\/03\/EE-300x199.jpg 300w, https:\/\/giannidavico.it\/gopiedmont\/files\/2016\/03\/EE.jpg 476w\" sizes=\"(max-width: 300px) 100vw, 300px\" \/><\/a><br \/> A la fin \u00ebd f\u00ebrv\u00e9 a l&#8217;ha salutane Enrico Eandi.<\/p>\n<p>Contut ch&#8217;i l&#8217;abio av\u00f9 tante discussion an sla graf\u00eca (<a href=\"https:\/\/giannidavico.it\/gopiedmont\/?s=eandi\">e cost bl\u00f2gh a na rip\u00f2rta diversi t\u00f2ch<\/a>), i veuj d\u00ec ch&#8217;i l&#8217;hai sempe av\u00f9 \u00ebl massim rispet p\u00ebr l&#8217;\u00f2m: un ver piemont\u00e8is, f\u00f2rt, sincer, \u00ebd par\u00f2la.<\/p>\n<p>Albina Malerba a l&#8217;ha publicane un bel arc\u00f2rd <a href=\"http:\/\/www.lastampa.it\/2016\/03\/11\/torinosette\/rubriche\/an-piemonteis\/an-piemonteis-3LF5VK353EIZuSDtmoNczO\/pagina.html\" target=\"_blank\">ambeless\u00ec<\/a>.<\/p>\n<p>Mi adess i vurr\u00eca mach d\u00ec doe par\u00f2le p\u00ebr Enrico p\u00ebr come i l&#8217;hai conossulo mi.<\/p>\n<p>Im arc\u00f2rd perfetament \u00ebl d\u00f2p-mesd\u00ec \u2018d tanti agn f\u00e0 (a j\u2019era \u2018l 1999 o gi\u00f9 da l\u00ec) quand che chiel e Albina Malerba a son vn\u00f9 personalment a porteme \u00ebl <em>Coretor ortogr\u00e0fich<\/em>, ch&#8217;a l&#8217;\u00e9 st\u00e0it n&#8217;at d&#8217;amor anvers a na lenga.<\/p>\n<p>Mi, da bon\u00f2m, i l&#8217;av\u00eca ciamaje s&#8217;as vend\u00eca.<\/p>\n<p>(E peui pr\u00f2pi col <em>Coretor<\/em> a l&#8217;ha faje cambi\u00e9 id\u00e8ja, p\u00ebrch\u00e8 fasendlo a l&#8217;ha truv\u00e0 che scrive an piemont\u00e8is dla koin\u00e9 a j&#8217;era, scond chiel, tr\u00f2p dif\u00eccil; da l\u00ec a l&#8217;\u00e9 nassuje cola deriva grafica d\u00ebl piemont\u00e8is mincad\u00ec, che per\u00f2 a l&#8217;\u00e9 nen l&#8217;argoment ch&#8217;i veuj trat\u00e9 adess.)<\/p>\n<p>Arlongh j&#8217;agn, i soma scambiasse tante mail. [\u2026] <a class=\"moretag\" href=\"https:\/\/giannidavico.it\/gopiedmont\/2016\/03\/16\/enrico-eandi-in-memoriam\/\">continua a leggere \u00bb<\/a><\/p>\n","protected":false},"author":4,"featured_media":0,"comment_status":"open","ping_status":"open","sticky":false,"template":"","format":"standard","meta":[],"categories":[130],"tags":[132],"yoast_head":"<!-- This site is optimized with the Yoast SEO plugin v19.14 - https:\/\/yoast.com\/wordpress\/plugins\/seo\/ -->\n<title>Enrico Eandi, in memoriam - Go Piedmont<\/title>\n<meta name=\"robots\" content=\"index, follow, max-snippet:-1, max-image-preview:large, max-video-preview:-1\" \/>\n<link rel=\"canonical\" href=\"https:\/\/giannidavico.it\/gopiedmont\/2016\/03\/16\/enrico-eandi-in-memoriam\/\" \/>\n<meta property=\"og:locale\" content=\"it_IT\" \/>\n<meta property=\"og:type\" content=\"article\" \/>\n<meta property=\"og:title\" content=\"Enrico Eandi, in memoriam - Go Piedmont\" \/>\n<meta property=\"og:description\" content=\"A la fin \u00ebd f\u00ebrv\u00e9 a l&#8217;ha salutane Enrico Eandi. Contut ch&#8217;i l&#8217;abio av\u00f9 tante discussion an sla graf\u00eca (e cost bl\u00f2gh a na rip\u00f2rta diversi t\u00f2ch), i veuj d\u00ec ch&#8217;i l&#8217;hai sempe av\u00f9 \u00ebl massim rispet p\u00ebr l&#8217;\u00f2m: un ver piemont\u00e8is, f\u00f2rt, sincer, \u00ebd par\u00f2la. Albina Malerba a l&#8217;ha publicane un bel arc\u00f2rd ambeless\u00ec. Mi adess i vurr\u00eca mach d\u00ec doe par\u00f2le p\u00ebr Enrico p\u00ebr come i l&#8217;hai conossulo mi. Im arc\u00f2rd perfetament \u00ebl d\u00f2p-mesd\u00ec \u2018d tanti agn f\u00e0 (a j\u2019era \u2018l 1999 o gi\u00f9 da l\u00ec) quand che chiel e Albina Malerba a son vn\u00f9 personalment a porteme \u00ebl Coretor ortogr\u00e0fich, ch&#8217;a l&#8217;\u00e9 st\u00e0it n&#8217;at d&#8217;amor anvers a na lenga. Mi, da bon\u00f2m, i l&#8217;av\u00eca ciamaje s&#8217;as vend\u00eca. (E peui pr\u00f2pi col Coretor a l&#8217;ha faje cambi\u00e9 id\u00e8ja, p\u00ebrch\u00e8 fasendlo a l&#8217;ha truv\u00e0 che scrive an piemont\u00e8is dla koin\u00e9 a j&#8217;era, scond chiel, tr\u00f2p dif\u00eccil; da l\u00ec a l&#8217;\u00e9 nassuje cola deriva grafica d\u00ebl piemont\u00e8is mincad\u00ec, che per\u00f2 a l&#8217;\u00e9 nen l&#8217;argoment ch&#8217;i veuj trat\u00e9 adess.) Arlongh j&#8217;agn, i soma scambiasse tante mail. [\u2026] continua a leggere \u00bb\" \/>\n<meta property=\"og:url\" content=\"https:\/\/giannidavico.it\/gopiedmont\/2016\/03\/16\/enrico-eandi-in-memoriam\/\" \/>\n<meta property=\"og:site_name\" content=\"Go Piedmont\" \/>\n<meta property=\"article:published_time\" content=\"2016-03-16T11:05:55+00:00\" \/>\n<meta property=\"article:modified_time\" content=\"2016-03-16T11:10:06+00:00\" \/>\n<meta property=\"og:image\" content=\"https:\/\/giannidavico.it\/gopiedmont\/files\/2016\/03\/EE-300x199.jpg\" \/>\n<meta name=\"author\" content=\"giannidavico\" \/>\n<meta name=\"twitter:card\" content=\"summary_large_image\" \/>\n<meta name=\"twitter:label1\" content=\"Scritto da\" \/>\n\t<meta name=\"twitter:data1\" content=\"giannidavico\" \/>\n\t<meta name=\"twitter:label2\" content=\"Tempo di lettura stimato\" \/>\n\t<meta name=\"twitter:data2\" content=\"1 minuto\" \/>\n<script type=\"application\/ld+json\" class=\"yoast-schema-graph\">{\"@context\":\"https:\/\/schema.org\",\"@graph\":[{\"@type\":\"WebPage\",\"@id\":\"https:\/\/giannidavico.it\/gopiedmont\/2016\/03\/16\/enrico-eandi-in-memoriam\/\",\"url\":\"https:\/\/giannidavico.it\/gopiedmont\/2016\/03\/16\/enrico-eandi-in-memoriam\/\",\"name\":\"Enrico Eandi, in memoriam - Go Piedmont\",\"isPartOf\":{\"@id\":\"https:\/\/giannidavico.it\/gopiedmont\/#website\"},\"datePublished\":\"2016-03-16T11:05:55+00:00\",\"dateModified\":\"2016-03-16T11:10:06+00:00\",\"author\":{\"@id\":\"https:\/\/giannidavico.it\/gopiedmont\/#\/schema\/person\/ea1fd17d8f2dba325f3712219efa8f77\"},\"inLanguage\":\"it-IT\",\"potentialAction\":[{\"@type\":\"ReadAction\",\"target\":[\"https:\/\/giannidavico.it\/gopiedmont\/2016\/03\/16\/enrico-eandi-in-memoriam\/\"]}]},{\"@type\":\"WebSite\",\"@id\":\"https:\/\/giannidavico.it\/gopiedmont\/#website\",\"url\":\"https:\/\/giannidavico.it\/gopiedmont\/\",\"name\":\"Go Piedmont\",\"description\":\"pens\u00e9 dzora l\u00ecber, event e p\u00ebrson-e grop\u00e0 al Piemont e a la lenga piemont\u00e8isa\",\"potentialAction\":[{\"@type\":\"SearchAction\",\"target\":{\"@type\":\"EntryPoint\",\"urlTemplate\":\"https:\/\/giannidavico.it\/gopiedmont\/?s={search_term_string}\"},\"query-input\":\"required name=search_term_string\"}],\"inLanguage\":\"it-IT\"},{\"@type\":\"Person\",\"@id\":\"https:\/\/giannidavico.it\/gopiedmont\/#\/schema\/person\/ea1fd17d8f2dba325f3712219efa8f77\",\"name\":\"giannidavico\",\"image\":{\"@type\":\"ImageObject\",\"inLanguage\":\"it-IT\",\"@id\":\"https:\/\/giannidavico.it\/gopiedmont\/#\/schema\/person\/image\/\",\"url\":\"https:\/\/secure.gravatar.com\/avatar\/337748753d882602f3038b55fb369ba1?s=96&d=mm&r=g\",\"contentUrl\":\"https:\/\/secure.gravatar.com\/avatar\/337748753d882602f3038b55fb369ba1?s=96&d=mm&r=g\",\"caption\":\"giannidavico\"},\"url\":\"https:\/\/giannidavico.it\/gopiedmont\/author\/giannidavico\/\"}]}<\/script>\n<!-- \/ Yoast SEO plugin. -->","yoast_head_json":{"title":"Enrico Eandi, in memoriam - Go Piedmont","robots":{"index":"index","follow":"follow","max-snippet":"max-snippet:-1","max-image-preview":"max-image-preview:large","max-video-preview":"max-video-preview:-1"},"canonical":"https:\/\/giannidavico.it\/gopiedmont\/2016\/03\/16\/enrico-eandi-in-memoriam\/","og_locale":"it_IT","og_type":"article","og_title":"Enrico Eandi, in memoriam - Go Piedmont","og_description":"A la fin \u00ebd f\u00ebrv\u00e9 a l&#8217;ha salutane Enrico Eandi. Contut ch&#8217;i l&#8217;abio av\u00f9 tante discussion an sla graf\u00eca (e cost bl\u00f2gh a na rip\u00f2rta diversi t\u00f2ch), i veuj d\u00ec ch&#8217;i l&#8217;hai sempe av\u00f9 \u00ebl massim rispet p\u00ebr l&#8217;\u00f2m: un ver piemont\u00e8is, f\u00f2rt, sincer, \u00ebd par\u00f2la. Albina Malerba a l&#8217;ha publicane un bel arc\u00f2rd ambeless\u00ec. Mi adess i vurr\u00eca mach d\u00ec doe par\u00f2le p\u00ebr Enrico p\u00ebr come i l&#8217;hai conossulo mi. Im arc\u00f2rd perfetament \u00ebl d\u00f2p-mesd\u00ec \u2018d tanti agn f\u00e0 (a j\u2019era \u2018l 1999 o gi\u00f9 da l\u00ec) quand che chiel e Albina Malerba a son vn\u00f9 personalment a porteme \u00ebl Coretor ortogr\u00e0fich, ch&#8217;a l&#8217;\u00e9 st\u00e0it n&#8217;at d&#8217;amor anvers a na lenga. Mi, da bon\u00f2m, i l&#8217;av\u00eca ciamaje s&#8217;as vend\u00eca. (E peui pr\u00f2pi col Coretor a l&#8217;ha faje cambi\u00e9 id\u00e8ja, p\u00ebrch\u00e8 fasendlo a l&#8217;ha truv\u00e0 che scrive an piemont\u00e8is dla koin\u00e9 a j&#8217;era, scond chiel, tr\u00f2p dif\u00eccil; da l\u00ec a l&#8217;\u00e9 nassuje cola deriva grafica d\u00ebl piemont\u00e8is mincad\u00ec, che per\u00f2 a l&#8217;\u00e9 nen l&#8217;argoment ch&#8217;i veuj trat\u00e9 adess.) Arlongh j&#8217;agn, i soma scambiasse tante mail. [\u2026] continua a leggere \u00bb","og_url":"https:\/\/giannidavico.it\/gopiedmont\/2016\/03\/16\/enrico-eandi-in-memoriam\/","og_site_name":"Go Piedmont","article_published_time":"2016-03-16T11:05:55+00:00","article_modified_time":"2016-03-16T11:10:06+00:00","og_image":[{"url":"https:\/\/giannidavico.it\/gopiedmont\/files\/2016\/03\/EE-300x199.jpg"}],"author":"giannidavico","twitter_card":"summary_large_image","twitter_misc":{"Scritto da":"giannidavico","Tempo di lettura stimato":"1 minuto"},"schema":{"@context":"https:\/\/schema.org","@graph":[{"@type":"WebPage","@id":"https:\/\/giannidavico.it\/gopiedmont\/2016\/03\/16\/enrico-eandi-in-memoriam\/","url":"https:\/\/giannidavico.it\/gopiedmont\/2016\/03\/16\/enrico-eandi-in-memoriam\/","name":"Enrico Eandi, in memoriam - Go Piedmont","isPartOf":{"@id":"https:\/\/giannidavico.it\/gopiedmont\/#website"},"datePublished":"2016-03-16T11:05:55+00:00","dateModified":"2016-03-16T11:10:06+00:00","author":{"@id":"https:\/\/giannidavico.it\/gopiedmont\/#\/schema\/person\/ea1fd17d8f2dba325f3712219efa8f77"},"inLanguage":"it-IT","potentialAction":[{"@type":"ReadAction","target":["https:\/\/giannidavico.it\/gopiedmont\/2016\/03\/16\/enrico-eandi-in-memoriam\/"]}]},{"@type":"WebSite","@id":"https:\/\/giannidavico.it\/gopiedmont\/#website","url":"https:\/\/giannidavico.it\/gopiedmont\/","name":"Go Piedmont","description":"pens\u00e9 dzora l\u00ecber, event e p\u00ebrson-e grop\u00e0 al Piemont e a la lenga piemont\u00e8isa","potentialAction":[{"@type":"SearchAction","target":{"@type":"EntryPoint","urlTemplate":"https:\/\/giannidavico.it\/gopiedmont\/?s={search_term_string}"},"query-input":"required name=search_term_string"}],"inLanguage":"it-IT"},{"@type":"Person","@id":"https:\/\/giannidavico.it\/gopiedmont\/#\/schema\/person\/ea1fd17d8f2dba325f3712219efa8f77","name":"giannidavico","image":{"@type":"ImageObject","inLanguage":"it-IT","@id":"https:\/\/giannidavico.it\/gopiedmont\/#\/schema\/person\/image\/","url":"https:\/\/secure.gravatar.com\/avatar\/337748753d882602f3038b55fb369ba1?s=96&d=mm&r=g","contentUrl":"https:\/\/secure.gravatar.com\/avatar\/337748753d882602f3038b55fb369ba1?s=96&d=mm&r=g","caption":"giannidavico"},"url":"https:\/\/giannidavico.it\/gopiedmont\/author\/giannidavico\/"}]}},"_links":{"self":[{"href":"https:\/\/giannidavico.it\/gopiedmont\/wp-json\/wp\/v2\/posts\/3329"}],"collection":[{"href":"https:\/\/giannidavico.it\/gopiedmont\/wp-json\/wp\/v2\/posts"}],"about":[{"href":"https:\/\/giannidavico.it\/gopiedmont\/wp-json\/wp\/v2\/types\/post"}],"author":[{"embeddable":true,"href":"https:\/\/giannidavico.it\/gopiedmont\/wp-json\/wp\/v2\/users\/4"}],"replies":[{"embeddable":true,"href":"https:\/\/giannidavico.it\/gopiedmont\/wp-json\/wp\/v2\/comments?post=3329"}],"version-history":[{"count":7,"href":"https:\/\/giannidavico.it\/gopiedmont\/wp-json\/wp\/v2\/posts\/3329\/revisions"}],"predecessor-version":[{"id":3337,"href":"https:\/\/giannidavico.it\/gopiedmont\/wp-json\/wp\/v2\/posts\/3329\/revisions\/3337"}],"wp:attachment":[{"href":"https:\/\/giannidavico.it\/gopiedmont\/wp-json\/wp\/v2\/media?parent=3329"}],"wp:term":[{"taxonomy":"category","embeddable":true,"href":"https:\/\/giannidavico.it\/gopiedmont\/wp-json\/wp\/v2\/categories?post=3329"},{"taxonomy":"post_tag","embeddable":true,"href":"https:\/\/giannidavico.it\/gopiedmont\/wp-json\/wp\/v2\/tags?post=3329"}],"curies":[{"name":"wp","href":"https:\/\/api.w.org\/{rel}","templated":true}]}}