{"id":3339,"date":"2016-03-23T07:56:27","date_gmt":"2016-03-23T06:56:27","guid":{"rendered":"https:\/\/giannidavico.it\/staging\/gopiedmont\/?p=3339"},"modified":"2016-03-23T07:56:27","modified_gmt":"2016-03-23T06:56:27","slug":"luigi-olivero-sirventeisa-del-nevod-dolivier-ed-ronsisval","status":"publish","type":"post","link":"https:\/\/giannidavico.it\/gopiedmont\/2016\/03\/23\/luigi-olivero-sirventeisa-del-nevod-dolivier-ed-ronsisval\/","title":{"rendered":"Luigi Olivero, Sirvent\u00e8isa d\u00ebl n\u00ebvod d\u2019Olivier \u00ebd Ronsisval"},"content":{"rendered":"<p style=\"text-align: left;padding-left: 180px\">a Jean Baptiste, p\u00ebrch\u00e8 i veuj sentla prest da la soa vos an s\u00ebl lagh \u00ebd Como, branch a soa sernia<\/p>\n<p>\u00cbL FIEUL DL&#8217;AZAR E DL&#8217;AVENTURA<\/p>\n<p>Mi n\u00eb peus gnente, i n\u00eb peus pr\u00f2pi gnente<br \/>\nse &#8216;l cheur am bat p\u00ebr na canson d&#8217;amor,<br \/>\nse, come ai temp cort\u00e8is dij trovador,<br \/>\np\u00f2so m\u00e8 onor<br \/>\nan s&#8217;j&#8217;ale &#8216;d cibib\u00ec &#8216;d doe man nossente.<\/p>\n<p>Mi son un fieul dl&#8217;Azar e dl&#8217;Aventura,<br \/>\nun moscheti\u00e9 gascon d\u00eb stil neuvsent:<br \/>\ncon un cheur d&#8217;\u00f2r e con j\u00eb spron d&#8217;argent,<br \/>\nle piume al vent<br \/>\ne na man an sla sp\u00e0, pronta e sicura.<\/p>\n<p>Mi n\u00eb peus gnente se la vita grama<br \/>\na s\u00ebmna la mia str\u00e0 \u2019d tanti nemis:<br \/>\nmi \u2019m sovagno la ponta dij barbis<br \/>\ncome Aramis<br \/>\ne j\u00eb sfido a \u2019ncrozi\u00e9 lama con lama.<\/p>\n<p>C\u00f2sa am n\u00eb f\u00e0-lo se ij marengh a sghijo<br \/>\nan fond al mar da le mie man for\u00e0!<br \/>\nIj dent \u00ebd p\u00e8rla dla mia an-namor\u00e0<br \/>\nNossgnor am d\u00e0:<br \/>\ntes\u00f2r ch&#8217;a splend tra doi l\u00e0ver ch&#8217;a rijo&#8230;<\/p>\n<p>*<\/p>\n<p>LA ST\u00c8ILA P\u00cbRZONERA<\/p>\n<p>Mi &#8216;m sento ant j&#8217;euj d\u00eb spluve &#8216;d marav\u00eca<br \/>\nquand lezo le prod\u00ebsse &#8216;d serta gent<br \/>\nche &#8211; arm\u00e0 &#8216;d lansa, &#8216;d fol\u00eca e &#8216;d sentiment &#8211;<br \/>\nmulin a vent<br \/>\ne gigant dij brass largh a confond\u00eca.<\/p>\n<p>E an s\u00ebl caval balsant dla fantas\u00eca<br \/>\ntav\u00f2ta i spron-o an mez a un b\u00f2sch lontan<br \/>\nan s\u00ebrcand le pian\u00e0 &#8216;d ninfe e &#8216;d sarvan<br \/>\nd&#8217;un mond pagan<br \/>\nch&#8217;an-masca, con s\u00f2 anciarm, l&#8217;\u00e0nima mia.<\/p>\n<p>Un mond ch&#8217;a esist mach pi p\u00ebr ij poeta<br \/>\nche al seugn ant\u00ecch ai dan un cheur novel.<br \/>\nUn mond che ij D\u00e9 fas\u00eco vn\u00ec pi bel<br \/>\ncaland dal ciel<br \/>\ntra fieuj e fije e reuse an gaudineta.<\/p>\n<p>Et\u00e0 spar\u00eca, st\u00e8ila p\u00ebrzonera<br \/>\nche &#8216;t l&#8217;has v\u00ebd\u00f9 la feuje dij giardin<br \/>\nfrisson\u00e9 dij frisson dij luminin<br \/>\ne dij basin<br \/>\nd&#8217;Amor an-namor\u00e0 d&#8217;una b\u00ebrgera.<\/p>\n<p>O et\u00e0 sacra a l&#8217;et\u00e8rna primavera<br \/>\nche t\u00eb sfiame ant l&#8217;azur \u00ebd rever\u00eca<br \/>\nsu dal tir\u00ecbol d&#8217;\u00f2r dla poes\u00eca:<br \/>\nla vita mia<br \/>\npud\u00eca bin nasse an ti, mas-cia e gueriera!<\/p>\n<p>Son n\u00e0 tr\u00f2p tard&#8230; Ma am f\u00e0 tant g\u00f2i sugnela,<br \/>\ncola mia vita, ant costa vita si<br \/>\ndoa batajand con j&#8217;\u00f2mbre i l&#8217;heu &#8216;l pias\u00ec<br \/>\n\u00ebd pod\u00e8j di:<br \/>\n&#8220;Oh, se i fussa mai n\u00e0 &#8216;nt l&#8217;et\u00e0 pi bela!&#8221;<\/p>\n<p>*<\/p>\n<p>\u00cbL CASTEL \u00cbD N\u00ccVOLE<\/p>\n<p>Ma, pofardiri, ch&#8217;a sia bela o bruta,<br \/>\ncosta mia vita a l&#8217;\u00e9 cola ch&#8217;a l&#8217;han dame.<br \/>\nE im la ten-o, viscand con le mie rame<br \/>\nun ros\u00e9 &#8216;d fiame<br \/>\nan sl&#8217;aut\u00e0r dla Vrit\u00e0, se &#8216;l Cel m&#8217;agiuta!<\/p>\n<p>Se gnun am capiss nen, ebin, passiensa.<br \/>\nAnt l&#8217;\u00c0utr Mond troverai na guarnizon<br \/>\n&#8216;d sivali\u00e9 &#8216;d capa e sp\u00e0, &#8216;d vajant campion<br \/>\n&#8216;d pica e spadon,<br \/>\nch&#8217;a saran fier \u00ebd f\u00e9 mia conossensa.<\/p>\n<p>Ancontrerai ant un castel \u00ebd n\u00ecvole<br \/>\nCyrano, D&#8217;Artagnan, Guerin Meschin,<br \/>\nRobin Hood, Ivanhoe, Orland latin<br \/>\ne ij paladin&#8230;<br \/>\nBeivrai conj lor, cantand da scars\u00e9 j&#8217;\u00ecvole.<\/p>\n<p>Salutrai Olivier \u00ebd Ronsisval<br \/>\nch&#8217;a batr\u00e0 soa man drita an s&#8217;na mia spala<br \/>\ne ch&#8217;am dir\u00e0: &#8220;M\u00e8 car n\u00ebvod, com v\u00e0-la?<br \/>\nIt l&#8217;has brandale<br \/>\nda valent\u00f2m la sp\u00e0 &#8216;d n\u00f2str ide\u00e0l&#8221;.<\/p>\n<p>E a sar\u00e0 &#8216;l premi dla mia vita scura,<br \/>\ntuta sbali\u00e0, ma tuta franca e onesta:<br \/>\nd&#8217;un ch&#8217;a l&#8217;ha mai vors\u00f9 chin\u00e9 la testa<br \/>\nsot la tempesta<br \/>\ne dij vorien l&#8217;ha mai av\u00e0 paura.<\/p>\n<p>L&#8217;ha mai av\u00e0 paura &#8216;d pagh\u00e9 car<br \/>\nl&#8217;amor dla Libert\u00e0, sorela ard\u00eca<br \/>\ndle binele Miseria e Poes\u00eca.<br \/>\nM\u00e0gica fija<br \/>\nche ant ij cav\u00e8j l&#8217;ha &#8216;l vent e ant j&#8217;euj \u00ebl mar&#8230;<\/p>\n<p>*<\/p>\n<p>\u00cbL VANGEL DIJ VAGABOND<\/p>\n<p>E, antant, vad al gal\u00f2p p\u00ebr mia str\u00e0 drita,<br \/>\nspronand m\u00e8 alzan, fotend ant ij fossaj<br \/>\n&#8216;d ciuf \u00ebd morlach e &#8216;d barbe &#8216;d mostafaj<br \/>\nmoc\u00e0 dal taj<br \/>\n&#8216;d m\u00e8 s\u00e0ber bened\u00ec da un ross armita:<\/p>\n<p>Fra Diavo, mez brigant e mez profeta,<br \/>\nche &#8211; svantand ant \u00ebl sol, drit su n&#8217;arbron,<br \/>\ns\u00f2 asp\u00e8rges corm \u00ebd branda e s\u00f2 trombon &#8211;<br \/>\ncon vos \u00ebd tron:<br \/>\n&#8220;Ave &#8211; am saluta, &#8211; o guerilier poeta!&#8221;<\/p>\n<p>Mi son un sivali\u00e9 sensa fortun-a<br \/>\nche a cor \u00ebl mond an m\u00ebssonand bataja:<br \/>\np\u00ebr arpozeme am basta un let \u00ebd paja<br \/>\n&#8216;d na c\u00e0 sarvaja<br \/>\nantorni\u00e0 d&#8217;arsigneuj e &#8216;d ragg \u00ebd lun-a.<\/p>\n<p>L&#8217;era destin&#8230; Mi n\u00eb peus pr\u00f2pi gnente<br \/>\nse l&#8217;hai spos\u00e0 &#8216;l Vangel dij vagabond<br \/>\np\u00ebr cant\u00e9 &#8216;n sle miserie &#8216;d tut \u00ebl mond.<br \/>\nSe ant \u00ebl profond<br \/>\nl&#8217;hai una ni\u00e0 &#8216;d passion f\u00f2rte e violente<br \/>\nmi n\u00eb peus gnente, i n\u00eb peus pr\u00f2pi gnente!<\/p>\n<p>(1936)<\/p>\n<p>&#8212;<\/p>\n<p>\u00cbl t\u00ectol complet \u00ebd cost componiment, che bin a descriv l\u00eb spirit d&#8217;Oliv\u00e9, a l&#8217;\u00e9 <em>Sirvent\u00e8isa d\u00ebl n\u00ebvod d&#8217;Olivier \u00ebd Ronsisval e dij s\u00f2 glorios magister sivali\u00e9 ant\u00ecch e modern con \u00ebd barbis e &#8216;d barbar\u00f2t \u00ebd brusab\u00e8ch<\/em>. A l&#8217;\u00e9 gav\u00e0 da <em>Romanz\u00ece<\/em>, Turin, Ca d\u00eb Studi Piemont\u00e8is, 1983, pp. 3-8.<\/p>\n","protected":false},"excerpt":{"rendered":"<p style=\"text-align: left;padding-left: 180px\">a Jean Baptiste, p\u00ebrch\u00e8 i veuj sentla prest da la soa vos an s\u00ebl lagh \u00ebd Como, branch a soa sernia<\/p>\n<p>\u00cbL FIEUL DL&#8217;AZAR E DL&#8217;AVENTURA<\/p>\n<p>Mi n\u00eb peus gnente, i n\u00eb peus pr\u00f2pi gnente<br \/> se &#8216;l cheur am bat p\u00ebr na canson d&#8217;amor,<br \/> se, come ai temp cort\u00e8is dij trovador,<br \/> p\u00f2so m\u00e8 onor<br \/> an s&#8217;j&#8217;ale &#8216;d cibib\u00ec &#8216;d doe man nossente.<\/p>\n<p>Mi son un fieul dl&#8217;Azar e dl&#8217;Aventura,<br \/> un moscheti\u00e9 gascon d\u00eb stil neuvsent:<br \/> con un cheur d&#8217;\u00f2r e con j\u00eb spron d&#8217;argent,<br \/> le piume al vent<br \/> e na man an sla sp\u00e0, pronta e sicura.<\/p>\n<p>Mi n\u00eb peus gnente se la vita grama<br \/> a s\u00ebmna la mia str\u00e0 \u2019d tanti nemis:<br \/> mi \u2019m sovagno la ponta dij barbis<br \/> come Aramis<br \/> e j\u00eb sfido a \u2019ncrozi\u00e9 lama con lama.<\/p>\n<p>C\u00f2sa am n\u00eb f\u00e0-lo se ij marengh a sghijo<br \/> an fond al mar da le mie man for\u00e0!<br \/> Ij dent \u00ebd p\u00e8rla dla mia an-namor\u00e0<br \/> Nossgnor am d\u00e0:<br \/> tes\u00f2r ch&#8217;a splend tra doi l\u00e0ver ch&#8217;a rijo&#8230;<\/p>\n<p>*<\/p>\n<p>LA ST\u00c8ILA P\u00cbRZONERA<\/p>\n<p>Mi &#8216;m sento ant j&#8217;euj d\u00eb spluve &#8216;d marav\u00eca<br \/> quand [\u2026] <a class=\"moretag\" href=\"https:\/\/giannidavico.it\/gopiedmont\/2016\/03\/23\/luigi-olivero-sirventeisa-del-nevod-dolivier-ed-ronsisval\/\">continua a leggere \u00bb<\/a><\/p>\n","protected":false},"author":4,"featured_media":0,"comment_status":"open","ping_status":"open","sticky":false,"template":"","format":"standard","meta":[],"categories":[130],"tags":[104],"yoast_head":"<!-- This site is optimized with the Yoast SEO plugin v19.14 - https:\/\/yoast.com\/wordpress\/plugins\/seo\/ -->\n<title>Luigi Olivero, Sirvent\u00e8isa d\u00ebl n\u00ebvod d\u2019Olivier \u00ebd Ronsisval - Go Piedmont<\/title>\n<meta name=\"robots\" content=\"index, follow, max-snippet:-1, max-image-preview:large, max-video-preview:-1\" \/>\n<link rel=\"canonical\" href=\"https:\/\/giannidavico.it\/gopiedmont\/2016\/03\/23\/luigi-olivero-sirventeisa-del-nevod-dolivier-ed-ronsisval\/\" \/>\n<meta property=\"og:locale\" content=\"it_IT\" \/>\n<meta property=\"og:type\" content=\"article\" \/>\n<meta property=\"og:title\" content=\"Luigi Olivero, Sirvent\u00e8isa d\u00ebl n\u00ebvod d\u2019Olivier \u00ebd Ronsisval - Go Piedmont\" \/>\n<meta property=\"og:description\" content=\"a Jean Baptiste, p\u00ebrch\u00e8 i veuj sentla prest da la soa vos an s\u00ebl lagh \u00ebd Como, branch a soa sernia \u00cbL FIEUL DL&#8217;AZAR E DL&#8217;AVENTURA Mi n\u00eb peus gnente, i n\u00eb peus pr\u00f2pi gnente se &#8216;l cheur am bat p\u00ebr na canson d&#8217;amor, se, come ai temp cort\u00e8is dij trovador, p\u00f2so m\u00e8 onor an s&#8217;j&#8217;ale &#8216;d cibib\u00ec &#8216;d doe man nossente. Mi son un fieul dl&#8217;Azar e dl&#8217;Aventura, un moscheti\u00e9 gascon d\u00eb stil neuvsent: con un cheur d&#8217;\u00f2r e con j\u00eb spron d&#8217;argent, le piume al vent e na man an sla sp\u00e0, pronta e sicura. Mi n\u00eb peus gnente se la vita grama a s\u00ebmna la mia str\u00e0 \u2019d tanti nemis: mi \u2019m sovagno la ponta dij barbis come Aramis e j\u00eb sfido a \u2019ncrozi\u00e9 lama con lama. C\u00f2sa am n\u00eb f\u00e0-lo se ij marengh a sghijo an fond al mar da le mie man for\u00e0! Ij dent \u00ebd p\u00e8rla dla mia an-namor\u00e0 Nossgnor am d\u00e0: tes\u00f2r ch&#8217;a splend tra doi l\u00e0ver ch&#8217;a rijo&#8230; * LA ST\u00c8ILA P\u00cbRZONERA Mi &#8216;m sento ant j&#8217;euj d\u00eb spluve &#8216;d marav\u00eca quand [\u2026] continua a leggere \u00bb\" \/>\n<meta property=\"og:url\" content=\"https:\/\/giannidavico.it\/gopiedmont\/2016\/03\/23\/luigi-olivero-sirventeisa-del-nevod-dolivier-ed-ronsisval\/\" \/>\n<meta property=\"og:site_name\" content=\"Go Piedmont\" \/>\n<meta property=\"article:published_time\" content=\"2016-03-23T06:56:27+00:00\" \/>\n<meta name=\"author\" content=\"giannidavico\" \/>\n<meta name=\"twitter:card\" content=\"summary_large_image\" \/>\n<meta name=\"twitter:label1\" content=\"Scritto da\" \/>\n\t<meta name=\"twitter:data1\" content=\"giannidavico\" \/>\n\t<meta name=\"twitter:label2\" content=\"Tempo di lettura stimato\" \/>\n\t<meta name=\"twitter:data2\" content=\"4 minuti\" \/>\n<script type=\"application\/ld+json\" class=\"yoast-schema-graph\">{\"@context\":\"https:\/\/schema.org\",\"@graph\":[{\"@type\":\"WebPage\",\"@id\":\"https:\/\/giannidavico.it\/gopiedmont\/2016\/03\/23\/luigi-olivero-sirventeisa-del-nevod-dolivier-ed-ronsisval\/\",\"url\":\"https:\/\/giannidavico.it\/gopiedmont\/2016\/03\/23\/luigi-olivero-sirventeisa-del-nevod-dolivier-ed-ronsisval\/\",\"name\":\"Luigi Olivero, Sirvent\u00e8isa d\u00ebl n\u00ebvod d\u2019Olivier \u00ebd Ronsisval - Go Piedmont\",\"isPartOf\":{\"@id\":\"https:\/\/giannidavico.it\/gopiedmont\/#website\"},\"datePublished\":\"2016-03-23T06:56:27+00:00\",\"dateModified\":\"2016-03-23T06:56:27+00:00\",\"author\":{\"@id\":\"https:\/\/giannidavico.it\/gopiedmont\/#\/schema\/person\/ea1fd17d8f2dba325f3712219efa8f77\"},\"inLanguage\":\"it-IT\",\"potentialAction\":[{\"@type\":\"ReadAction\",\"target\":[\"https:\/\/giannidavico.it\/gopiedmont\/2016\/03\/23\/luigi-olivero-sirventeisa-del-nevod-dolivier-ed-ronsisval\/\"]}]},{\"@type\":\"WebSite\",\"@id\":\"https:\/\/giannidavico.it\/gopiedmont\/#website\",\"url\":\"https:\/\/giannidavico.it\/gopiedmont\/\",\"name\":\"Go Piedmont\",\"description\":\"pens\u00e9 dzora l\u00ecber, event e p\u00ebrson-e grop\u00e0 al Piemont e a la lenga piemont\u00e8isa\",\"potentialAction\":[{\"@type\":\"SearchAction\",\"target\":{\"@type\":\"EntryPoint\",\"urlTemplate\":\"https:\/\/giannidavico.it\/gopiedmont\/?s={search_term_string}\"},\"query-input\":\"required name=search_term_string\"}],\"inLanguage\":\"it-IT\"},{\"@type\":\"Person\",\"@id\":\"https:\/\/giannidavico.it\/gopiedmont\/#\/schema\/person\/ea1fd17d8f2dba325f3712219efa8f77\",\"name\":\"giannidavico\",\"image\":{\"@type\":\"ImageObject\",\"inLanguage\":\"it-IT\",\"@id\":\"https:\/\/giannidavico.it\/gopiedmont\/#\/schema\/person\/image\/\",\"url\":\"https:\/\/secure.gravatar.com\/avatar\/337748753d882602f3038b55fb369ba1?s=96&d=mm&r=g\",\"contentUrl\":\"https:\/\/secure.gravatar.com\/avatar\/337748753d882602f3038b55fb369ba1?s=96&d=mm&r=g\",\"caption\":\"giannidavico\"},\"url\":\"https:\/\/giannidavico.it\/gopiedmont\/author\/giannidavico\/\"}]}<\/script>\n<!-- \/ Yoast SEO plugin. -->","yoast_head_json":{"title":"Luigi Olivero, Sirvent\u00e8isa d\u00ebl n\u00ebvod d\u2019Olivier \u00ebd Ronsisval - Go Piedmont","robots":{"index":"index","follow":"follow","max-snippet":"max-snippet:-1","max-image-preview":"max-image-preview:large","max-video-preview":"max-video-preview:-1"},"canonical":"https:\/\/giannidavico.it\/gopiedmont\/2016\/03\/23\/luigi-olivero-sirventeisa-del-nevod-dolivier-ed-ronsisval\/","og_locale":"it_IT","og_type":"article","og_title":"Luigi Olivero, Sirvent\u00e8isa d\u00ebl n\u00ebvod d\u2019Olivier \u00ebd Ronsisval - Go Piedmont","og_description":"a Jean Baptiste, p\u00ebrch\u00e8 i veuj sentla prest da la soa vos an s\u00ebl lagh \u00ebd Como, branch a soa sernia \u00cbL FIEUL DL&#8217;AZAR E DL&#8217;AVENTURA Mi n\u00eb peus gnente, i n\u00eb peus pr\u00f2pi gnente se &#8216;l cheur am bat p\u00ebr na canson d&#8217;amor, se, come ai temp cort\u00e8is dij trovador, p\u00f2so m\u00e8 onor an s&#8217;j&#8217;ale &#8216;d cibib\u00ec &#8216;d doe man nossente. Mi son un fieul dl&#8217;Azar e dl&#8217;Aventura, un moscheti\u00e9 gascon d\u00eb stil neuvsent: con un cheur d&#8217;\u00f2r e con j\u00eb spron d&#8217;argent, le piume al vent e na man an sla sp\u00e0, pronta e sicura. Mi n\u00eb peus gnente se la vita grama a s\u00ebmna la mia str\u00e0 \u2019d tanti nemis: mi \u2019m sovagno la ponta dij barbis come Aramis e j\u00eb sfido a \u2019ncrozi\u00e9 lama con lama. C\u00f2sa am n\u00eb f\u00e0-lo se ij marengh a sghijo an fond al mar da le mie man for\u00e0! Ij dent \u00ebd p\u00e8rla dla mia an-namor\u00e0 Nossgnor am d\u00e0: tes\u00f2r ch&#8217;a splend tra doi l\u00e0ver ch&#8217;a rijo&#8230; * LA ST\u00c8ILA P\u00cbRZONERA Mi &#8216;m sento ant j&#8217;euj d\u00eb spluve &#8216;d marav\u00eca quand [\u2026] continua a leggere \u00bb","og_url":"https:\/\/giannidavico.it\/gopiedmont\/2016\/03\/23\/luigi-olivero-sirventeisa-del-nevod-dolivier-ed-ronsisval\/","og_site_name":"Go Piedmont","article_published_time":"2016-03-23T06:56:27+00:00","author":"giannidavico","twitter_card":"summary_large_image","twitter_misc":{"Scritto da":"giannidavico","Tempo di lettura stimato":"4 minuti"},"schema":{"@context":"https:\/\/schema.org","@graph":[{"@type":"WebPage","@id":"https:\/\/giannidavico.it\/gopiedmont\/2016\/03\/23\/luigi-olivero-sirventeisa-del-nevod-dolivier-ed-ronsisval\/","url":"https:\/\/giannidavico.it\/gopiedmont\/2016\/03\/23\/luigi-olivero-sirventeisa-del-nevod-dolivier-ed-ronsisval\/","name":"Luigi Olivero, Sirvent\u00e8isa d\u00ebl n\u00ebvod d\u2019Olivier \u00ebd Ronsisval - Go Piedmont","isPartOf":{"@id":"https:\/\/giannidavico.it\/gopiedmont\/#website"},"datePublished":"2016-03-23T06:56:27+00:00","dateModified":"2016-03-23T06:56:27+00:00","author":{"@id":"https:\/\/giannidavico.it\/gopiedmont\/#\/schema\/person\/ea1fd17d8f2dba325f3712219efa8f77"},"inLanguage":"it-IT","potentialAction":[{"@type":"ReadAction","target":["https:\/\/giannidavico.it\/gopiedmont\/2016\/03\/23\/luigi-olivero-sirventeisa-del-nevod-dolivier-ed-ronsisval\/"]}]},{"@type":"WebSite","@id":"https:\/\/giannidavico.it\/gopiedmont\/#website","url":"https:\/\/giannidavico.it\/gopiedmont\/","name":"Go Piedmont","description":"pens\u00e9 dzora l\u00ecber, event e p\u00ebrson-e grop\u00e0 al Piemont e a la lenga piemont\u00e8isa","potentialAction":[{"@type":"SearchAction","target":{"@type":"EntryPoint","urlTemplate":"https:\/\/giannidavico.it\/gopiedmont\/?s={search_term_string}"},"query-input":"required name=search_term_string"}],"inLanguage":"it-IT"},{"@type":"Person","@id":"https:\/\/giannidavico.it\/gopiedmont\/#\/schema\/person\/ea1fd17d8f2dba325f3712219efa8f77","name":"giannidavico","image":{"@type":"ImageObject","inLanguage":"it-IT","@id":"https:\/\/giannidavico.it\/gopiedmont\/#\/schema\/person\/image\/","url":"https:\/\/secure.gravatar.com\/avatar\/337748753d882602f3038b55fb369ba1?s=96&d=mm&r=g","contentUrl":"https:\/\/secure.gravatar.com\/avatar\/337748753d882602f3038b55fb369ba1?s=96&d=mm&r=g","caption":"giannidavico"},"url":"https:\/\/giannidavico.it\/gopiedmont\/author\/giannidavico\/"}]}},"_links":{"self":[{"href":"https:\/\/giannidavico.it\/gopiedmont\/wp-json\/wp\/v2\/posts\/3339"}],"collection":[{"href":"https:\/\/giannidavico.it\/gopiedmont\/wp-json\/wp\/v2\/posts"}],"about":[{"href":"https:\/\/giannidavico.it\/gopiedmont\/wp-json\/wp\/v2\/types\/post"}],"author":[{"embeddable":true,"href":"https:\/\/giannidavico.it\/gopiedmont\/wp-json\/wp\/v2\/users\/4"}],"replies":[{"embeddable":true,"href":"https:\/\/giannidavico.it\/gopiedmont\/wp-json\/wp\/v2\/comments?post=3339"}],"version-history":[{"count":10,"href":"https:\/\/giannidavico.it\/gopiedmont\/wp-json\/wp\/v2\/posts\/3339\/revisions"}],"predecessor-version":[{"id":3349,"href":"https:\/\/giannidavico.it\/gopiedmont\/wp-json\/wp\/v2\/posts\/3339\/revisions\/3349"}],"wp:attachment":[{"href":"https:\/\/giannidavico.it\/gopiedmont\/wp-json\/wp\/v2\/media?parent=3339"}],"wp:term":[{"taxonomy":"category","embeddable":true,"href":"https:\/\/giannidavico.it\/gopiedmont\/wp-json\/wp\/v2\/categories?post=3339"},{"taxonomy":"post_tag","embeddable":true,"href":"https:\/\/giannidavico.it\/gopiedmont\/wp-json\/wp\/v2\/tags?post=3339"}],"curies":[{"name":"wp","href":"https:\/\/api.w.org\/{rel}","templated":true}]}}