{"id":3355,"date":"2016-04-06T12:06:13","date_gmt":"2016-04-06T11:06:13","guid":{"rendered":"https:\/\/giannidavico.it\/staging\/gopiedmont\/?p=3355"},"modified":"2016-04-06T12:56:01","modified_gmt":"2016-04-06T11:56:01","slug":"gianmaria-testa","status":"publish","type":"post","link":"https:\/\/giannidavico.it\/gopiedmont\/2016\/04\/06\/gianmaria-testa\/","title":{"rendered":"Gianmaria Testa"},"content":{"rendered":"<p style=\"text-align: left;padding-left: 180px\"> e col preivi ch&#8217;am sotra mi<br \/>\nveuj ch&#8217;a sia cioch \u00ebd pianta, \u00f2h!<br \/>\n(<em>Maria Gioana<\/em>, canson popolar)<\/p>\n<p><iframe loading=\"lazy\" width=\"560\" height=\"315\" src=\"https:\/\/www.youtube.com\/embed\/otyPX9nTFWk?rel=0\" frameborder=\"0\" allowfullscreen><\/iframe><\/p>\n<p>&#8211; <a href=\"http:\/\/luposelvatico.blogspot.it\/2016\/04\/maria-giuana-storia-di-una-canzone.html\" target=\"_blank\">\u00ebl p\u00f2st \u00ebd Marco Zanette<\/a><\/p>\n<p>&#8211; <a href=\"https:\/\/giannidavico.it\/gopiedmont\/2012\/07\/04\/maria-gioana-torna\/\">la mia tradussion dla part ch&#8217;an riguarda<\/a><\/p>\n<p>&#8211; <a href=\"http:\/\/www.radiopopolare.it\/2016\/03\/caro-gianmaria-non-sono-venuto-per-salutare\/\" target=\"_blank\">un salut a Gianmaria Testa<\/a><\/p>\n<p>&#8211; Gianmaria Testa, Lasciami andare<br \/>\n<iframe loading=\"lazy\" title=\"Gianmaria Testa - Lasciami Andare\" width=\"620\" height=\"349\" src=\"https:\/\/www.youtube.com\/embed\/rEA8mYmpCi8?feature=oembed\" frameborder=\"0\" allow=\"accelerometer; autoplay; clipboard-write; encrypted-media; gyroscope; picture-in-picture\" allowfullscreen><\/iframe><\/p>\n<p>&#8211; Gianmaria Testa, Nuovo<br \/>\n<iframe loading=\"lazy\" title=\"Gianmaria Testa - Nuovo\" width=\"620\" height=\"349\" src=\"https:\/\/www.youtube.com\/embed\/2FdG07Hpt30?feature=oembed\" frameborder=\"0\" allow=\"accelerometer; autoplay; clipboard-write; encrypted-media; gyroscope; picture-in-picture\" allowfullscreen><\/iframe><\/p>\n","protected":false},"excerpt":{"rendered":"<p style=\"text-align: left;padding-left: 180px\"> e col preivi ch&#8217;am sotra mi<br \/> veuj ch&#8217;a sia cioch \u00ebd pianta, \u00f2h!<br \/> (<em>Maria Gioana<\/em>, canson popolar)<\/p>\n<\/p>\n<p>&#8211; <a href=\"http:\/\/luposelvatico.blogspot.it\/2016\/04\/maria-giuana-storia-di-una-canzone.html\" target=\"_blank\">\u00ebl p\u00f2st \u00ebd Marco Zanette<\/a><\/p>\n<p>&#8211; <a href=\"https:\/\/giannidavico.it\/gopiedmont\/2012\/07\/04\/maria-gioana-torna\/\">la mia tradussion dla part ch&#8217;an riguarda<\/a><\/p>\n<p>&#8211; <a href=\"http:\/\/www.radiopopolare.it\/2016\/03\/caro-gianmaria-non-sono-venuto-per-salutare\/\" target=\"_blank\">un salut a Gianmaria Testa<\/a><\/p>\n<p>&#8211; Gianmaria Testa, Lasciami andare <\/p>\n<p>&#8211; Gianmaria Testa, Nuovo <\/p>\n","protected":false},"author":4,"featured_media":0,"comment_status":"open","ping_status":"open","sticky":false,"template":"","format":"standard","meta":[],"categories":[130],"tags":[132,45],"yoast_head":"<!-- This site is optimized with the Yoast SEO plugin v19.14 - https:\/\/yoast.com\/wordpress\/plugins\/seo\/ -->\n<title>Gianmaria Testa - Go Piedmont<\/title>\n<meta name=\"robots\" content=\"index, follow, max-snippet:-1, max-image-preview:large, max-video-preview:-1\" \/>\n<link rel=\"canonical\" href=\"https:\/\/giannidavico.it\/gopiedmont\/2016\/04\/06\/gianmaria-testa\/\" \/>\n<meta property=\"og:locale\" content=\"it_IT\" \/>\n<meta property=\"og:type\" content=\"article\" \/>\n<meta property=\"og:title\" content=\"Gianmaria Testa - Go Piedmont\" \/>\n<meta property=\"og:description\" content=\"e col preivi ch&#8217;am sotra mi veuj ch&#8217;a sia cioch \u00ebd pianta, \u00f2h! (Maria Gioana, canson popolar) &#8211; \u00ebl p\u00f2st \u00ebd Marco Zanette &#8211; la mia tradussion dla part ch&#8217;an riguarda &#8211; un salut a Gianmaria Testa &#8211; Gianmaria Testa, Lasciami andare &#8211; Gianmaria Testa, Nuovo\" \/>\n<meta property=\"og:url\" content=\"https:\/\/giannidavico.it\/gopiedmont\/2016\/04\/06\/gianmaria-testa\/\" \/>\n<meta property=\"og:site_name\" content=\"Go Piedmont\" \/>\n<meta property=\"article:published_time\" content=\"2016-04-06T11:06:13+00:00\" \/>\n<meta property=\"article:modified_time\" content=\"2016-04-06T11:56:01+00:00\" \/>\n<meta name=\"author\" content=\"giannidavico\" \/>\n<meta name=\"twitter:card\" content=\"summary_large_image\" \/>\n<meta name=\"twitter:label1\" content=\"Scritto da\" \/>\n\t<meta name=\"twitter:data1\" content=\"giannidavico\" \/>\n<script type=\"application\/ld+json\" class=\"yoast-schema-graph\">{\"@context\":\"https:\/\/schema.org\",\"@graph\":[{\"@type\":\"WebPage\",\"@id\":\"https:\/\/giannidavico.it\/gopiedmont\/2016\/04\/06\/gianmaria-testa\/\",\"url\":\"https:\/\/giannidavico.it\/gopiedmont\/2016\/04\/06\/gianmaria-testa\/\",\"name\":\"Gianmaria Testa - Go Piedmont\",\"isPartOf\":{\"@id\":\"https:\/\/giannidavico.it\/gopiedmont\/#website\"},\"datePublished\":\"2016-04-06T11:06:13+00:00\",\"dateModified\":\"2016-04-06T11:56:01+00:00\",\"author\":{\"@id\":\"https:\/\/giannidavico.it\/gopiedmont\/#\/schema\/person\/ea1fd17d8f2dba325f3712219efa8f77\"},\"inLanguage\":\"it-IT\",\"potentialAction\":[{\"@type\":\"ReadAction\",\"target\":[\"https:\/\/giannidavico.it\/gopiedmont\/2016\/04\/06\/gianmaria-testa\/\"]}]},{\"@type\":\"WebSite\",\"@id\":\"https:\/\/giannidavico.it\/gopiedmont\/#website\",\"url\":\"https:\/\/giannidavico.it\/gopiedmont\/\",\"name\":\"Go Piedmont\",\"description\":\"pens\u00e9 dzora l\u00ecber, event e p\u00ebrson-e grop\u00e0 al Piemont e a la lenga piemont\u00e8isa\",\"potentialAction\":[{\"@type\":\"SearchAction\",\"target\":{\"@type\":\"EntryPoint\",\"urlTemplate\":\"https:\/\/giannidavico.it\/gopiedmont\/?s={search_term_string}\"},\"query-input\":\"required name=search_term_string\"}],\"inLanguage\":\"it-IT\"},{\"@type\":\"Person\",\"@id\":\"https:\/\/giannidavico.it\/gopiedmont\/#\/schema\/person\/ea1fd17d8f2dba325f3712219efa8f77\",\"name\":\"giannidavico\",\"image\":{\"@type\":\"ImageObject\",\"inLanguage\":\"it-IT\",\"@id\":\"https:\/\/giannidavico.it\/gopiedmont\/#\/schema\/person\/image\/\",\"url\":\"https:\/\/secure.gravatar.com\/avatar\/337748753d882602f3038b55fb369ba1?s=96&d=mm&r=g\",\"contentUrl\":\"https:\/\/secure.gravatar.com\/avatar\/337748753d882602f3038b55fb369ba1?s=96&d=mm&r=g\",\"caption\":\"giannidavico\"},\"url\":\"https:\/\/giannidavico.it\/gopiedmont\/author\/giannidavico\/\"}]}<\/script>\n<!-- \/ Yoast SEO plugin. -->","yoast_head_json":{"title":"Gianmaria Testa - Go Piedmont","robots":{"index":"index","follow":"follow","max-snippet":"max-snippet:-1","max-image-preview":"max-image-preview:large","max-video-preview":"max-video-preview:-1"},"canonical":"https:\/\/giannidavico.it\/gopiedmont\/2016\/04\/06\/gianmaria-testa\/","og_locale":"it_IT","og_type":"article","og_title":"Gianmaria Testa - Go Piedmont","og_description":"e col preivi ch&#8217;am sotra mi veuj ch&#8217;a sia cioch \u00ebd pianta, \u00f2h! (Maria Gioana, canson popolar) &#8211; \u00ebl p\u00f2st \u00ebd Marco Zanette &#8211; la mia tradussion dla part ch&#8217;an riguarda &#8211; un salut a Gianmaria Testa &#8211; Gianmaria Testa, Lasciami andare &#8211; Gianmaria Testa, Nuovo","og_url":"https:\/\/giannidavico.it\/gopiedmont\/2016\/04\/06\/gianmaria-testa\/","og_site_name":"Go Piedmont","article_published_time":"2016-04-06T11:06:13+00:00","article_modified_time":"2016-04-06T11:56:01+00:00","author":"giannidavico","twitter_card":"summary_large_image","twitter_misc":{"Scritto da":"giannidavico"},"schema":{"@context":"https:\/\/schema.org","@graph":[{"@type":"WebPage","@id":"https:\/\/giannidavico.it\/gopiedmont\/2016\/04\/06\/gianmaria-testa\/","url":"https:\/\/giannidavico.it\/gopiedmont\/2016\/04\/06\/gianmaria-testa\/","name":"Gianmaria Testa - Go Piedmont","isPartOf":{"@id":"https:\/\/giannidavico.it\/gopiedmont\/#website"},"datePublished":"2016-04-06T11:06:13+00:00","dateModified":"2016-04-06T11:56:01+00:00","author":{"@id":"https:\/\/giannidavico.it\/gopiedmont\/#\/schema\/person\/ea1fd17d8f2dba325f3712219efa8f77"},"inLanguage":"it-IT","potentialAction":[{"@type":"ReadAction","target":["https:\/\/giannidavico.it\/gopiedmont\/2016\/04\/06\/gianmaria-testa\/"]}]},{"@type":"WebSite","@id":"https:\/\/giannidavico.it\/gopiedmont\/#website","url":"https:\/\/giannidavico.it\/gopiedmont\/","name":"Go Piedmont","description":"pens\u00e9 dzora l\u00ecber, event e p\u00ebrson-e grop\u00e0 al Piemont e a la lenga piemont\u00e8isa","potentialAction":[{"@type":"SearchAction","target":{"@type":"EntryPoint","urlTemplate":"https:\/\/giannidavico.it\/gopiedmont\/?s={search_term_string}"},"query-input":"required name=search_term_string"}],"inLanguage":"it-IT"},{"@type":"Person","@id":"https:\/\/giannidavico.it\/gopiedmont\/#\/schema\/person\/ea1fd17d8f2dba325f3712219efa8f77","name":"giannidavico","image":{"@type":"ImageObject","inLanguage":"it-IT","@id":"https:\/\/giannidavico.it\/gopiedmont\/#\/schema\/person\/image\/","url":"https:\/\/secure.gravatar.com\/avatar\/337748753d882602f3038b55fb369ba1?s=96&d=mm&r=g","contentUrl":"https:\/\/secure.gravatar.com\/avatar\/337748753d882602f3038b55fb369ba1?s=96&d=mm&r=g","caption":"giannidavico"},"url":"https:\/\/giannidavico.it\/gopiedmont\/author\/giannidavico\/"}]}},"_links":{"self":[{"href":"https:\/\/giannidavico.it\/gopiedmont\/wp-json\/wp\/v2\/posts\/3355"}],"collection":[{"href":"https:\/\/giannidavico.it\/gopiedmont\/wp-json\/wp\/v2\/posts"}],"about":[{"href":"https:\/\/giannidavico.it\/gopiedmont\/wp-json\/wp\/v2\/types\/post"}],"author":[{"embeddable":true,"href":"https:\/\/giannidavico.it\/gopiedmont\/wp-json\/wp\/v2\/users\/4"}],"replies":[{"embeddable":true,"href":"https:\/\/giannidavico.it\/gopiedmont\/wp-json\/wp\/v2\/comments?post=3355"}],"version-history":[{"count":6,"href":"https:\/\/giannidavico.it\/gopiedmont\/wp-json\/wp\/v2\/posts\/3355\/revisions"}],"predecessor-version":[{"id":3362,"href":"https:\/\/giannidavico.it\/gopiedmont\/wp-json\/wp\/v2\/posts\/3355\/revisions\/3362"}],"wp:attachment":[{"href":"https:\/\/giannidavico.it\/gopiedmont\/wp-json\/wp\/v2\/media?parent=3355"}],"wp:term":[{"taxonomy":"category","embeddable":true,"href":"https:\/\/giannidavico.it\/gopiedmont\/wp-json\/wp\/v2\/categories?post=3355"},{"taxonomy":"post_tag","embeddable":true,"href":"https:\/\/giannidavico.it\/gopiedmont\/wp-json\/wp\/v2\/tags?post=3355"}],"curies":[{"name":"wp","href":"https:\/\/api.w.org\/{rel}","templated":true}]}}