{"id":3367,"date":"2016-04-20T13:01:40","date_gmt":"2016-04-20T12:01:40","guid":{"rendered":"https:\/\/giannidavico.it\/staging\/gopiedmont\/?p=3367"},"modified":"2016-04-20T22:01:01","modified_gmt":"2016-04-20T21:01:01","slug":"al-fond-dla-curva-o-un-poch-pi-an-la","status":"publish","type":"post","link":"https:\/\/giannidavico.it\/gopiedmont\/2016\/04\/20\/al-fond-dla-curva-o-un-poch-pi-an-la\/","title":{"rendered":"Al fond dla curva, o un p\u00f2ch p\u00ec an l\u00e0"},"content":{"rendered":"<p><iframe loading=\"lazy\" width=\"560\" height=\"315\" src=\"https:\/\/www.youtube.com\/embed\/t75M4u98ZJ0?rel=0\" frameborder=\"0\" allowfullscreen><\/iframe><br \/>\nNa bela manera p\u00ebr deje n&#8217;avn\u00ec a le n\u00f2stre montagne.<\/p>\n<p>N\u00eb strument ch&#8217;a ven da lontan.<\/p>\n<p>I stoma nen parland \u00ebd chic\u00f2s ch&#8217;a l&#8217;ha nen valor; i stoma parland \u00ebd chic\u00f2s ch&#8217;a l&#8217;ha \u00ebn valor st\u00ebrm\u00e0.<\/p>\n<p>Se un a vard\u00e0 mach \u00ebl s\u00f2 pra, \u00ebl s\u00f2 pra a val gnente, pij\u00e0 da sol; ma se un a buta ansema \u00ebl s\u00f2 pra con \u00ebl pra dl&#8217;avzin e via f\u00f2rt, coste p\u00ebrson-e a peulo av\u00e8jne un ritorn.<\/p>\n<p>Montomal a l&#8217;\u00e9 anans an r\u00f2be come costa &#8211; an col pais a son anans an esperiense come costa.<\/p>\n<p><a href=\"https:\/\/giannidavico.it\/gopiedmont\/files\/2016\/04\/12967456_10207440312498411_1241057198282963849_o.jpg\"><img loading=\"lazy\" src=\"https:\/\/giannidavico.it\/gopiedmont\/files\/2016\/04\/12967456_10207440312498411_1241057198282963849_o-212x300.jpg\" alt=\"12967456_10207440312498411_1241057198282963849_o\" width=\"212\" height=\"300\" class=\"alignright size-medium wp-image-3371\" srcset=\"https:\/\/giannidavico.it\/gopiedmont\/files\/2016\/04\/12967456_10207440312498411_1241057198282963849_o-212x300.jpg 212w, https:\/\/giannidavico.it\/gopiedmont\/files\/2016\/04\/12967456_10207440312498411_1241057198282963849_o.jpg 679w\" sizes=\"(max-width: 212px) 100vw, 212px\" \/><\/a><\/p>\n<p>P\u00ebr p\u00ec d&#8217;anformassion i rimand a <a href=\"https:\/\/giannidavico.it\/brainfood\/2016\/04\/18\/poco-dopo-il-fondo-della-curva\/\">me art\u00eccol<\/a> (an italian).<\/p>\n","protected":false},"excerpt":{"rendered":"<p> Na bela manera p\u00ebr deje n&#8217;avn\u00ec a le n\u00f2stre montagne.<\/p>\n<p>N\u00eb strument ch&#8217;a ven da lontan.<\/p>\n<p>I stoma nen parland \u00ebd chic\u00f2s ch&#8217;a l&#8217;ha nen valor; i stoma parland \u00ebd chic\u00f2s ch&#8217;a l&#8217;ha \u00ebn valor st\u00ebrm\u00e0.<\/p>\n<p>Se un a vard\u00e0 mach \u00ebl s\u00f2 pra, \u00ebl s\u00f2 pra a val gnente, pij\u00e0 da sol; ma se un a buta ansema \u00ebl s\u00f2 pra con \u00ebl pra dl&#8217;avzin e via f\u00f2rt, coste p\u00ebrson-e a peulo av\u00e8jne un ritorn.<\/p>\n<p>Montomal a l&#8217;\u00e9 anans an r\u00f2be come costa &#8211; an col pais a son anans an esperiense come costa.<\/p>\n<p><a href=\"https:\/\/giannidavico.it\/gopiedmont\/files\/2016\/04\/12967456_10207440312498411_1241057198282963849_o.jpg\"><img loading=\"lazy\" src=\"https:\/\/giannidavico.it\/gopiedmont\/files\/2016\/04\/12967456_10207440312498411_1241057198282963849_o-212x300.jpg\" alt=\"12967456_10207440312498411_1241057198282963849_o\" width=\"212\" height=\"300\" class=\"alignright size-medium wp-image-3371\" srcset=\"https:\/\/giannidavico.it\/gopiedmont\/files\/2016\/04\/12967456_10207440312498411_1241057198282963849_o-212x300.jpg 212w, https:\/\/giannidavico.it\/gopiedmont\/files\/2016\/04\/12967456_10207440312498411_1241057198282963849_o.jpg 679w\" sizes=\"(max-width: 212px) 100vw, 212px\" \/><\/a><\/p>\n<p>P\u00ebr p\u00ec d&#8217;anformassion i rimand a <a href=\"https:\/\/giannidavico.it\/brainfood\/2016\/04\/18\/poco-dopo-il-fondo-della-curva\/\">me art\u00eccol<\/a> (an italian).<\/p>\n","protected":false},"author":4,"featured_media":0,"comment_status":"open","ping_status":"open","sticky":false,"template":"","format":"standard","meta":[],"categories":[130],"tags":[7850,52,4020],"yoast_head":"<!-- This site is optimized with the Yoast SEO plugin v19.14 - https:\/\/yoast.com\/wordpress\/plugins\/seo\/ -->\n<title>Al fond dla curva, o un p\u00f2ch p\u00ec an l\u00e0 - Go Piedmont<\/title>\n<meta name=\"robots\" content=\"index, follow, max-snippet:-1, max-image-preview:large, max-video-preview:-1\" \/>\n<link rel=\"canonical\" href=\"https:\/\/giannidavico.it\/gopiedmont\/2016\/04\/20\/al-fond-dla-curva-o-un-poch-pi-an-la\/\" \/>\n<meta property=\"og:locale\" content=\"it_IT\" \/>\n<meta property=\"og:type\" content=\"article\" \/>\n<meta property=\"og:title\" content=\"Al fond dla curva, o un p\u00f2ch p\u00ec an l\u00e0 - Go Piedmont\" \/>\n<meta property=\"og:description\" content=\"Na bela manera p\u00ebr deje n&#8217;avn\u00ec a le n\u00f2stre montagne. N\u00eb strument ch&#8217;a ven da lontan. I stoma nen parland \u00ebd chic\u00f2s ch&#8217;a l&#8217;ha nen valor; i stoma parland \u00ebd chic\u00f2s ch&#8217;a l&#8217;ha \u00ebn valor st\u00ebrm\u00e0. Se un a vard\u00e0 mach \u00ebl s\u00f2 pra, \u00ebl s\u00f2 pra a val gnente, pij\u00e0 da sol; ma se un a buta ansema \u00ebl s\u00f2 pra con \u00ebl pra dl&#8217;avzin e via f\u00f2rt, coste p\u00ebrson-e a peulo av\u00e8jne un ritorn. Montomal a l&#8217;\u00e9 anans an r\u00f2be come costa &#8211; an col pais a son anans an esperiense come costa. P\u00ebr p\u00ec d&#8217;anformassion i rimand a me art\u00eccol (an italian).\" \/>\n<meta property=\"og:url\" content=\"https:\/\/giannidavico.it\/gopiedmont\/2016\/04\/20\/al-fond-dla-curva-o-un-poch-pi-an-la\/\" \/>\n<meta property=\"og:site_name\" content=\"Go Piedmont\" \/>\n<meta property=\"article:published_time\" content=\"2016-04-20T12:01:40+00:00\" \/>\n<meta property=\"article:modified_time\" content=\"2016-04-20T21:01:01+00:00\" \/>\n<meta property=\"og:image\" content=\"https:\/\/giannidavico.it\/gopiedmont\/files\/2016\/04\/12967456_10207440312498411_1241057198282963849_o-212x300.jpg\" \/>\n<meta name=\"author\" content=\"giannidavico\" \/>\n<meta name=\"twitter:card\" content=\"summary_large_image\" \/>\n<meta name=\"twitter:label1\" content=\"Scritto da\" \/>\n\t<meta name=\"twitter:data1\" content=\"giannidavico\" \/>\n\t<meta name=\"twitter:label2\" content=\"Tempo di lettura stimato\" \/>\n\t<meta name=\"twitter:data2\" content=\"1 minuto\" \/>\n<script type=\"application\/ld+json\" class=\"yoast-schema-graph\">{\"@context\":\"https:\/\/schema.org\",\"@graph\":[{\"@type\":\"WebPage\",\"@id\":\"https:\/\/giannidavico.it\/gopiedmont\/2016\/04\/20\/al-fond-dla-curva-o-un-poch-pi-an-la\/\",\"url\":\"https:\/\/giannidavico.it\/gopiedmont\/2016\/04\/20\/al-fond-dla-curva-o-un-poch-pi-an-la\/\",\"name\":\"Al fond dla curva, o un p\u00f2ch p\u00ec an l\u00e0 - Go Piedmont\",\"isPartOf\":{\"@id\":\"https:\/\/giannidavico.it\/gopiedmont\/#website\"},\"datePublished\":\"2016-04-20T12:01:40+00:00\",\"dateModified\":\"2016-04-20T21:01:01+00:00\",\"author\":{\"@id\":\"https:\/\/giannidavico.it\/gopiedmont\/#\/schema\/person\/ea1fd17d8f2dba325f3712219efa8f77\"},\"inLanguage\":\"it-IT\",\"potentialAction\":[{\"@type\":\"ReadAction\",\"target\":[\"https:\/\/giannidavico.it\/gopiedmont\/2016\/04\/20\/al-fond-dla-curva-o-un-poch-pi-an-la\/\"]}]},{\"@type\":\"WebSite\",\"@id\":\"https:\/\/giannidavico.it\/gopiedmont\/#website\",\"url\":\"https:\/\/giannidavico.it\/gopiedmont\/\",\"name\":\"Go Piedmont\",\"description\":\"pens\u00e9 dzora l\u00ecber, event e p\u00ebrson-e grop\u00e0 al Piemont e a la lenga piemont\u00e8isa\",\"potentialAction\":[{\"@type\":\"SearchAction\",\"target\":{\"@type\":\"EntryPoint\",\"urlTemplate\":\"https:\/\/giannidavico.it\/gopiedmont\/?s={search_term_string}\"},\"query-input\":\"required name=search_term_string\"}],\"inLanguage\":\"it-IT\"},{\"@type\":\"Person\",\"@id\":\"https:\/\/giannidavico.it\/gopiedmont\/#\/schema\/person\/ea1fd17d8f2dba325f3712219efa8f77\",\"name\":\"giannidavico\",\"image\":{\"@type\":\"ImageObject\",\"inLanguage\":\"it-IT\",\"@id\":\"https:\/\/giannidavico.it\/gopiedmont\/#\/schema\/person\/image\/\",\"url\":\"https:\/\/secure.gravatar.com\/avatar\/337748753d882602f3038b55fb369ba1?s=96&d=mm&r=g\",\"contentUrl\":\"https:\/\/secure.gravatar.com\/avatar\/337748753d882602f3038b55fb369ba1?s=96&d=mm&r=g\",\"caption\":\"giannidavico\"},\"url\":\"https:\/\/giannidavico.it\/gopiedmont\/author\/giannidavico\/\"}]}<\/script>\n<!-- \/ Yoast SEO plugin. -->","yoast_head_json":{"title":"Al fond dla curva, o un p\u00f2ch p\u00ec an l\u00e0 - Go Piedmont","robots":{"index":"index","follow":"follow","max-snippet":"max-snippet:-1","max-image-preview":"max-image-preview:large","max-video-preview":"max-video-preview:-1"},"canonical":"https:\/\/giannidavico.it\/gopiedmont\/2016\/04\/20\/al-fond-dla-curva-o-un-poch-pi-an-la\/","og_locale":"it_IT","og_type":"article","og_title":"Al fond dla curva, o un p\u00f2ch p\u00ec an l\u00e0 - Go Piedmont","og_description":"Na bela manera p\u00ebr deje n&#8217;avn\u00ec a le n\u00f2stre montagne. N\u00eb strument ch&#8217;a ven da lontan. I stoma nen parland \u00ebd chic\u00f2s ch&#8217;a l&#8217;ha nen valor; i stoma parland \u00ebd chic\u00f2s ch&#8217;a l&#8217;ha \u00ebn valor st\u00ebrm\u00e0. Se un a vard\u00e0 mach \u00ebl s\u00f2 pra, \u00ebl s\u00f2 pra a val gnente, pij\u00e0 da sol; ma se un a buta ansema \u00ebl s\u00f2 pra con \u00ebl pra dl&#8217;avzin e via f\u00f2rt, coste p\u00ebrson-e a peulo av\u00e8jne un ritorn. Montomal a l&#8217;\u00e9 anans an r\u00f2be come costa &#8211; an col pais a son anans an esperiense come costa. P\u00ebr p\u00ec d&#8217;anformassion i rimand a me art\u00eccol (an italian).","og_url":"https:\/\/giannidavico.it\/gopiedmont\/2016\/04\/20\/al-fond-dla-curva-o-un-poch-pi-an-la\/","og_site_name":"Go Piedmont","article_published_time":"2016-04-20T12:01:40+00:00","article_modified_time":"2016-04-20T21:01:01+00:00","og_image":[{"url":"https:\/\/giannidavico.it\/gopiedmont\/files\/2016\/04\/12967456_10207440312498411_1241057198282963849_o-212x300.jpg"}],"author":"giannidavico","twitter_card":"summary_large_image","twitter_misc":{"Scritto da":"giannidavico","Tempo di lettura stimato":"1 minuto"},"schema":{"@context":"https:\/\/schema.org","@graph":[{"@type":"WebPage","@id":"https:\/\/giannidavico.it\/gopiedmont\/2016\/04\/20\/al-fond-dla-curva-o-un-poch-pi-an-la\/","url":"https:\/\/giannidavico.it\/gopiedmont\/2016\/04\/20\/al-fond-dla-curva-o-un-poch-pi-an-la\/","name":"Al fond dla curva, o un p\u00f2ch p\u00ec an l\u00e0 - Go Piedmont","isPartOf":{"@id":"https:\/\/giannidavico.it\/gopiedmont\/#website"},"datePublished":"2016-04-20T12:01:40+00:00","dateModified":"2016-04-20T21:01:01+00:00","author":{"@id":"https:\/\/giannidavico.it\/gopiedmont\/#\/schema\/person\/ea1fd17d8f2dba325f3712219efa8f77"},"inLanguage":"it-IT","potentialAction":[{"@type":"ReadAction","target":["https:\/\/giannidavico.it\/gopiedmont\/2016\/04\/20\/al-fond-dla-curva-o-un-poch-pi-an-la\/"]}]},{"@type":"WebSite","@id":"https:\/\/giannidavico.it\/gopiedmont\/#website","url":"https:\/\/giannidavico.it\/gopiedmont\/","name":"Go Piedmont","description":"pens\u00e9 dzora l\u00ecber, event e p\u00ebrson-e grop\u00e0 al Piemont e a la lenga piemont\u00e8isa","potentialAction":[{"@type":"SearchAction","target":{"@type":"EntryPoint","urlTemplate":"https:\/\/giannidavico.it\/gopiedmont\/?s={search_term_string}"},"query-input":"required name=search_term_string"}],"inLanguage":"it-IT"},{"@type":"Person","@id":"https:\/\/giannidavico.it\/gopiedmont\/#\/schema\/person\/ea1fd17d8f2dba325f3712219efa8f77","name":"giannidavico","image":{"@type":"ImageObject","inLanguage":"it-IT","@id":"https:\/\/giannidavico.it\/gopiedmont\/#\/schema\/person\/image\/","url":"https:\/\/secure.gravatar.com\/avatar\/337748753d882602f3038b55fb369ba1?s=96&d=mm&r=g","contentUrl":"https:\/\/secure.gravatar.com\/avatar\/337748753d882602f3038b55fb369ba1?s=96&d=mm&r=g","caption":"giannidavico"},"url":"https:\/\/giannidavico.it\/gopiedmont\/author\/giannidavico\/"}]}},"_links":{"self":[{"href":"https:\/\/giannidavico.it\/gopiedmont\/wp-json\/wp\/v2\/posts\/3367"}],"collection":[{"href":"https:\/\/giannidavico.it\/gopiedmont\/wp-json\/wp\/v2\/posts"}],"about":[{"href":"https:\/\/giannidavico.it\/gopiedmont\/wp-json\/wp\/v2\/types\/post"}],"author":[{"embeddable":true,"href":"https:\/\/giannidavico.it\/gopiedmont\/wp-json\/wp\/v2\/users\/4"}],"replies":[{"embeddable":true,"href":"https:\/\/giannidavico.it\/gopiedmont\/wp-json\/wp\/v2\/comments?post=3367"}],"version-history":[{"count":7,"href":"https:\/\/giannidavico.it\/gopiedmont\/wp-json\/wp\/v2\/posts\/3367\/revisions"}],"predecessor-version":[{"id":3375,"href":"https:\/\/giannidavico.it\/gopiedmont\/wp-json\/wp\/v2\/posts\/3367\/revisions\/3375"}],"wp:attachment":[{"href":"https:\/\/giannidavico.it\/gopiedmont\/wp-json\/wp\/v2\/media?parent=3367"}],"wp:term":[{"taxonomy":"category","embeddable":true,"href":"https:\/\/giannidavico.it\/gopiedmont\/wp-json\/wp\/v2\/categories?post=3367"},{"taxonomy":"post_tag","embeddable":true,"href":"https:\/\/giannidavico.it\/gopiedmont\/wp-json\/wp\/v2\/tags?post=3367"}],"curies":[{"name":"wp","href":"https:\/\/api.w.org\/{rel}","templated":true}]}}