{"id":3385,"date":"2016-05-04T08:04:12","date_gmt":"2016-05-04T07:04:12","guid":{"rendered":"https:\/\/giannidavico.it\/staging\/gopiedmont\/?p=3385"},"modified":"2016-05-04T08:04:12","modified_gmt":"2016-05-04T07:04:12","slug":"a-la-radis-dlessensa-dle-robe","status":"publish","type":"post","link":"https:\/\/giannidavico.it\/gopiedmont\/2016\/05\/04\/a-la-radis-dlessensa-dle-robe\/","title":{"rendered":"A la radis dl&#8217;essensa dle r\u00f2be"},"content":{"rendered":"<p><a href=\"https:\/\/giannidavico.it\/brainfood\/files\/2016\/05\/IMG_3037.jpg\"><img loading=\"lazy\" src=\"https:\/\/giannidavico.it\/brainfood\/files\/2016\/05\/IMG_3037-300x225.jpg\" alt=\"IMG_3037\" width=\"300\" height=\"225\" class=\"alignright size-medium wp-image-3236\" \/><\/a><br \/>\n[la version italian-a &#8216;d cost art\u00eccol a l&#8217;\u00e9 <a href=\"https:\/\/giannidavico.it\/brainfood\/2016\/05\/02\/alle-radici-dellessenza-delle-cose\/\">ambeless\u00ec<\/a>]<\/p>\n<p>An mes a le mie montagne, saba d\u00f2p-mesd\u00ec, a j&#8217;era smijame &#8216;d cap\u00ec quaic\u00f2s, bele se i sav\u00eca nen n\u00ec i sai d\u00ec l\u00f2ch.<br \/>\n<a href=\"https:\/\/giannidavico.it\/brainfood\/files\/2016\/05\/IMG_3038.jpg\"><img loading=\"lazy\" src=\"https:\/\/giannidavico.it\/brainfood\/files\/2016\/05\/IMG_3038-300x225.jpg\" alt=\"IMG_3038\" width=\"300\" height=\"225\" class=\"alignright size-medium wp-image-3237\" \/><\/a><br \/>\nI j&#8217;era part\u00ec dal fond dla val Grana e i l&#8217;hai armontala, an m\u00e0china, fin-a a ant\u00e9 ch&#8217;a l&#8217;\u00e9 st\u00e0it poss\u00ecbil, visad\u00ec fin-a a che la stra a j&#8217;era nen bloc\u00e0 da la fi\u00f2ca, qu\u00e0ich chil\u00f2metro pass\u00e0 \u00ebl santuari &#8216;d Castelmagn, fermandme bon ben sovens p\u00ebr contempl\u00e9 \u00ebi paisagi e f\u00e9 \u00ebd curte spasgiade. A fas\u00eca tanta fr\u00e8id, ma \u00ebl d\u00f2p-mesd\u00ec a j&#8217;era bel combin le prevision. (A l&#8217;\u00e9 nen na metafora &#8216;dc\u00f2 costa, miraco?)<\/p>\n<p>I sai nen spieghelo, certe r\u00f2be probabilment a esisto nen ant le par\u00f2le, per\u00f2 i sai che mi an mes a le mie montagne im sent an pas con mi, im sent seren. I pens nen ch&#8217;as peussa parl\u00e9 d&#8217;argioissansa, p\u00ebrch\u00e8 probabilment col \u00ebstat a l&#8217;\u00e9 d\u00ebdl\u00e0 dl&#8217;argioissansa. A l&#8217;\u00e9 come la stansia dacant a la stansia dl&#8217;argioissansa, quaic\u00f2s par\u00e8j.<br \/>\n<a href=\"https:\/\/giannidavico.it\/brainfood\/files\/2016\/05\/IMG_3039.jpg\"><img loading=\"lazy\" src=\"https:\/\/giannidavico.it\/brainfood\/files\/2016\/05\/IMG_3039-300x225.jpg\" alt=\"IMG_3039\" width=\"300\" height=\"225\" class=\"alignright size-medium wp-image-3238\" \/><\/a><br \/>\nAm compagnavo j&#8217;im\u00e0gini, j&#8217;im\u00e0gini dzora &#8216;d tut, l\u00eb spet\u00e0col maravijos che la natura a l&#8217;av\u00eca organis\u00e0 p\u00ebr mi. E peui am compagnavo ij son, prinsipalment doi: l\u00eb score giojos e pasi dl&#8217;eva e &#8216;l cant seren d&#8217;osej dij quai &#8211; aid\u00e9 &#8211; i con\u00f2ss nen \u00ebl n\u00f2m.<br \/>\n<a href=\"https:\/\/giannidavico.it\/brainfood\/files\/2016\/05\/IMG_3040.jpg\"><img loading=\"lazy\" src=\"https:\/\/giannidavico.it\/brainfood\/files\/2016\/05\/IMG_3040-300x225.jpg\" alt=\"IMG_3040\" width=\"300\" height=\"225\" class=\"alignleft size-medium wp-image-3239\" \/><\/a><br \/>\nA l&#8217;\u00e9 mnume an mente un liber les\u00f9 tanti agn f\u00e0, <em>La via del Toro<\/em> \u00ebd Leo Buscaglia, d\u00ebl qual i arc\u00f2rd pochissim ma i sai ch&#8217;a descriv\u00eca sensassion ch&#8217;a smijavo cole ch&#8217;i l&#8217;hai prov\u00e0 saba.<\/p>\n<p>E am sovn\u00eca la <em>squilla argentina<\/em> \u00ebd dantesca mem\u00f2ria.<\/p>\n<p><a href=\"https:\/\/giannidavico.it\/brainfood\/files\/2016\/05\/IMG_3041.jpg\"><img loading=\"lazy\" src=\"https:\/\/giannidavico.it\/brainfood\/files\/2016\/05\/IMG_3041-300x225.jpg\" alt=\"IMG_3041\" width=\"300\" height=\"225\" class=\"alignright size-medium wp-image-3240\" \/><\/a><\/p>\n<p><a href=\"https:\/\/giannidavico.it\/brainfood\/files\/2016\/05\/IMG_3042.jpg\"><img loading=\"lazy\" src=\"https:\/\/giannidavico.it\/brainfood\/files\/2016\/05\/IMG_3042-225x300.jpg\" alt=\"IMG_3042\" width=\"225\" height=\"300\" class=\"alignleft size-medium wp-image-3241\" \/><\/a><br \/>\nLa pas dla ment a l&#8217;\u00e9 f\u00e0ita &#8216;dc\u00f2 \u00ebd r\u00f2be strane, dle vire, \u00ebd sensassion che a conteje probabilment a perdo gran part d\u00ebl s\u00f2 p\u00e8is spec\u00ecfich.<\/p>\n<p>Anvers l&#8217;ambrun\u00ec a fas\u00eca tanta fr\u00e8id, un term\u00f2metro ch&#8217; l&#8217;hai vist a segnava quat grado, ma tuta l&#8217;atmosfera la temperatura l&#8217;aria la luce declinanta ij son e le r\u00f2be a j&#8217;ero magicament combin\u00e0 ant un tut un andoa che mi im sent\u00eca assolutament seren e an pas con mi, come am c\u00e0pita sempe quand ch&#8217;i son ant le mie montagne.<br \/>\n<a href=\"https:\/\/giannidavico.it\/brainfood\/files\/2016\/05\/IMG_3043.jpg\"><img loading=\"lazy\" src=\"https:\/\/giannidavico.it\/brainfood\/files\/2016\/05\/IMG_3043-300x225.jpg\" alt=\"IMG_3043\" width=\"300\" height=\"225\" class=\"aligncenter size-medium wp-image-3242\" \/><\/a><\/p>\n","protected":false},"excerpt":{"rendered":"<p><a href=\"https:\/\/giannidavico.it\/brainfood\/files\/2016\/05\/IMG_3037.jpg\"><img loading=\"lazy\" src=\"https:\/\/giannidavico.it\/brainfood\/files\/2016\/05\/IMG_3037-300x225.jpg\" alt=\"IMG_3037\" width=\"300\" height=\"225\" class=\"alignright size-medium wp-image-3236\" \/><\/a><br \/> [la version italian-a &#8216;d cost art\u00eccol a l&#8217;\u00e9 <a href=\"https:\/\/giannidavico.it\/brainfood\/2016\/05\/02\/alle-radici-dellessenza-delle-cose\/\">ambeless\u00ec<\/a>]<\/p>\n<p>An mes a le mie montagne, saba d\u00f2p-mesd\u00ec, a j&#8217;era smijame &#8216;d cap\u00ec quaic\u00f2s, bele se i sav\u00eca nen n\u00ec i sai d\u00ec l\u00f2ch.<br \/> <a href=\"https:\/\/giannidavico.it\/brainfood\/files\/2016\/05\/IMG_3038.jpg\"><img loading=\"lazy\" src=\"https:\/\/giannidavico.it\/brainfood\/files\/2016\/05\/IMG_3038-300x225.jpg\" alt=\"IMG_3038\" width=\"300\" height=\"225\" class=\"alignright size-medium wp-image-3237\" \/><\/a><br \/> I j&#8217;era part\u00ec dal fond dla val Grana e i l&#8217;hai armontala, an m\u00e0china, fin-a a ant\u00e9 ch&#8217;a l&#8217;\u00e9 st\u00e0it poss\u00ecbil, visad\u00ec fin-a a che la stra a j&#8217;era nen bloc\u00e0 da la fi\u00f2ca, qu\u00e0ich chil\u00f2metro pass\u00e0 \u00ebl santuari &#8216;d Castelmagn, fermandme bon ben sovens p\u00ebr contempl\u00e9 \u00ebi paisagi e f\u00e9 \u00ebd curte spasgiade. A fas\u00eca tanta fr\u00e8id, ma \u00ebl d\u00f2p-mesd\u00ec a j&#8217;era bel combin le prevision. (A l&#8217;\u00e9 nen na metafora &#8216;dc\u00f2 costa, miraco?)<\/p>\n<p>I sai nen spieghelo, certe r\u00f2be probabilment a esisto nen ant le par\u00f2le, per\u00f2 i sai che mi an mes a le mie montagne im sent an pas con mi, im sent seren. I pens nen ch&#8217;as peussa parl\u00e9 d&#8217;argioissansa, p\u00ebrch\u00e8 probabilment col \u00ebstat a l&#8217;\u00e9 d\u00ebdl\u00e0 dl&#8217;argioissansa. A l&#8217;\u00e9 come la stansia dacant a la stansia dl&#8217;argioissansa, quaic\u00f2s par\u00e8j.<br \/> <a href=\"https:\/\/giannidavico.it\/brainfood\/files\/2016\/05\/IMG_3039.jpg\"><img loading=\"lazy\" src=\"https:\/\/giannidavico.it\/brainfood\/files\/2016\/05\/IMG_3039-300x225.jpg\" alt=\"IMG_3039\" [\u2026] <a class=\"moretag\" href=\"https:\/\/giannidavico.it\/gopiedmont\/2016\/05\/04\/a-la-radis-dlessensa-dle-robe\/\">continua a leggere \u00bb<\/a><\/p>\n","protected":false},"author":4,"featured_media":0,"comment_status":"open","ping_status":"open","sticky":false,"template":"","format":"standard","meta":[],"categories":[130],"tags":[4019,52,4020],"yoast_head":"<!-- This site is optimized with the Yoast SEO plugin v19.14 - https:\/\/yoast.com\/wordpress\/plugins\/seo\/ -->\n<title>A la radis dl&#039;essensa dle r\u00f2be - Go Piedmont<\/title>\n<meta name=\"robots\" content=\"index, follow, max-snippet:-1, max-image-preview:large, max-video-preview:-1\" \/>\n<link rel=\"canonical\" href=\"https:\/\/giannidavico.it\/gopiedmont\/2016\/05\/04\/a-la-radis-dlessensa-dle-robe\/\" \/>\n<meta property=\"og:locale\" content=\"it_IT\" \/>\n<meta property=\"og:type\" content=\"article\" \/>\n<meta property=\"og:title\" content=\"A la radis dl&#039;essensa dle r\u00f2be - Go Piedmont\" \/>\n<meta property=\"og:description\" content=\"[la version italian-a &#8216;d cost art\u00eccol a l&#8217;\u00e9 ambeless\u00ec] An mes a le mie montagne, saba d\u00f2p-mesd\u00ec, a j&#8217;era smijame &#8216;d cap\u00ec quaic\u00f2s, bele se i sav\u00eca nen n\u00ec i sai d\u00ec l\u00f2ch. I j&#8217;era part\u00ec dal fond dla val Grana e i l&#8217;hai armontala, an m\u00e0china, fin-a a ant\u00e9 ch&#8217;a l&#8217;\u00e9 st\u00e0it poss\u00ecbil, visad\u00ec fin-a a che la stra a j&#8217;era nen bloc\u00e0 da la fi\u00f2ca, qu\u00e0ich chil\u00f2metro pass\u00e0 \u00ebl santuari &#8216;d Castelmagn, fermandme bon ben sovens p\u00ebr contempl\u00e9 \u00ebi paisagi e f\u00e9 \u00ebd curte spasgiade. A fas\u00eca tanta fr\u00e8id, ma \u00ebl d\u00f2p-mesd\u00ec a j&#8217;era bel combin le prevision. (A l&#8217;\u00e9 nen na metafora &#8216;dc\u00f2 costa, miraco?) I sai nen spieghelo, certe r\u00f2be probabilment a esisto nen ant le par\u00f2le, per\u00f2 i sai che mi an mes a le mie montagne im sent an pas con mi, im sent seren. I pens nen ch&#8217;as peussa parl\u00e9 d&#8217;argioissansa, p\u00ebrch\u00e8 probabilment col \u00ebstat a l&#8217;\u00e9 d\u00ebdl\u00e0 dl&#8217;argioissansa. A l&#8217;\u00e9 come la stansia dacant a la stansia dl&#8217;argioissansa, quaic\u00f2s par\u00e8j.\" \/>\n<meta property=\"og:url\" content=\"https:\/\/giannidavico.it\/gopiedmont\/2016\/05\/04\/a-la-radis-dlessensa-dle-robe\/\" \/>\n<meta property=\"og:site_name\" content=\"Go Piedmont\" \/>\n<meta property=\"article:published_time\" content=\"2016-05-04T07:04:12+00:00\" \/>\n<meta property=\"og:image\" content=\"https:\/\/giannidavico.it\/brainfood\/files\/2016\/05\/IMG_3037-300x225.jpg\" \/>\n<meta name=\"author\" content=\"giannidavico\" \/>\n<meta name=\"twitter:card\" content=\"summary_large_image\" \/>\n<meta name=\"twitter:label1\" content=\"Scritto da\" \/>\n\t<meta name=\"twitter:data1\" content=\"giannidavico\" \/>\n\t<meta name=\"twitter:label2\" content=\"Tempo di lettura stimato\" \/>\n\t<meta name=\"twitter:data2\" content=\"2 minuti\" \/>\n<script type=\"application\/ld+json\" class=\"yoast-schema-graph\">{\"@context\":\"https:\/\/schema.org\",\"@graph\":[{\"@type\":\"WebPage\",\"@id\":\"https:\/\/giannidavico.it\/gopiedmont\/2016\/05\/04\/a-la-radis-dlessensa-dle-robe\/\",\"url\":\"https:\/\/giannidavico.it\/gopiedmont\/2016\/05\/04\/a-la-radis-dlessensa-dle-robe\/\",\"name\":\"A la radis dl'essensa dle r\u00f2be - Go Piedmont\",\"isPartOf\":{\"@id\":\"https:\/\/giannidavico.it\/gopiedmont\/#website\"},\"datePublished\":\"2016-05-04T07:04:12+00:00\",\"dateModified\":\"2016-05-04T07:04:12+00:00\",\"author\":{\"@id\":\"https:\/\/giannidavico.it\/gopiedmont\/#\/schema\/person\/ea1fd17d8f2dba325f3712219efa8f77\"},\"inLanguage\":\"it-IT\",\"potentialAction\":[{\"@type\":\"ReadAction\",\"target\":[\"https:\/\/giannidavico.it\/gopiedmont\/2016\/05\/04\/a-la-radis-dlessensa-dle-robe\/\"]}]},{\"@type\":\"WebSite\",\"@id\":\"https:\/\/giannidavico.it\/gopiedmont\/#website\",\"url\":\"https:\/\/giannidavico.it\/gopiedmont\/\",\"name\":\"Go Piedmont\",\"description\":\"pens\u00e9 dzora l\u00ecber, event e p\u00ebrson-e grop\u00e0 al Piemont e a la lenga piemont\u00e8isa\",\"potentialAction\":[{\"@type\":\"SearchAction\",\"target\":{\"@type\":\"EntryPoint\",\"urlTemplate\":\"https:\/\/giannidavico.it\/gopiedmont\/?s={search_term_string}\"},\"query-input\":\"required name=search_term_string\"}],\"inLanguage\":\"it-IT\"},{\"@type\":\"Person\",\"@id\":\"https:\/\/giannidavico.it\/gopiedmont\/#\/schema\/person\/ea1fd17d8f2dba325f3712219efa8f77\",\"name\":\"giannidavico\",\"image\":{\"@type\":\"ImageObject\",\"inLanguage\":\"it-IT\",\"@id\":\"https:\/\/giannidavico.it\/gopiedmont\/#\/schema\/person\/image\/\",\"url\":\"https:\/\/secure.gravatar.com\/avatar\/337748753d882602f3038b55fb369ba1?s=96&d=mm&r=g\",\"contentUrl\":\"https:\/\/secure.gravatar.com\/avatar\/337748753d882602f3038b55fb369ba1?s=96&d=mm&r=g\",\"caption\":\"giannidavico\"},\"url\":\"https:\/\/giannidavico.it\/gopiedmont\/author\/giannidavico\/\"}]}<\/script>\n<!-- \/ Yoast SEO plugin. -->","yoast_head_json":{"title":"A la radis dl'essensa dle r\u00f2be - Go Piedmont","robots":{"index":"index","follow":"follow","max-snippet":"max-snippet:-1","max-image-preview":"max-image-preview:large","max-video-preview":"max-video-preview:-1"},"canonical":"https:\/\/giannidavico.it\/gopiedmont\/2016\/05\/04\/a-la-radis-dlessensa-dle-robe\/","og_locale":"it_IT","og_type":"article","og_title":"A la radis dl'essensa dle r\u00f2be - Go Piedmont","og_description":"[la version italian-a &#8216;d cost art\u00eccol a l&#8217;\u00e9 ambeless\u00ec] An mes a le mie montagne, saba d\u00f2p-mesd\u00ec, a j&#8217;era smijame &#8216;d cap\u00ec quaic\u00f2s, bele se i sav\u00eca nen n\u00ec i sai d\u00ec l\u00f2ch. I j&#8217;era part\u00ec dal fond dla val Grana e i l&#8217;hai armontala, an m\u00e0china, fin-a a ant\u00e9 ch&#8217;a l&#8217;\u00e9 st\u00e0it poss\u00ecbil, visad\u00ec fin-a a che la stra a j&#8217;era nen bloc\u00e0 da la fi\u00f2ca, qu\u00e0ich chil\u00f2metro pass\u00e0 \u00ebl santuari &#8216;d Castelmagn, fermandme bon ben sovens p\u00ebr contempl\u00e9 \u00ebi paisagi e f\u00e9 \u00ebd curte spasgiade. A fas\u00eca tanta fr\u00e8id, ma \u00ebl d\u00f2p-mesd\u00ec a j&#8217;era bel combin le prevision. (A l&#8217;\u00e9 nen na metafora &#8216;dc\u00f2 costa, miraco?) I sai nen spieghelo, certe r\u00f2be probabilment a esisto nen ant le par\u00f2le, per\u00f2 i sai che mi an mes a le mie montagne im sent an pas con mi, im sent seren. I pens nen ch&#8217;as peussa parl\u00e9 d&#8217;argioissansa, p\u00ebrch\u00e8 probabilment col \u00ebstat a l&#8217;\u00e9 d\u00ebdl\u00e0 dl&#8217;argioissansa. A l&#8217;\u00e9 come la stansia dacant a la stansia dl&#8217;argioissansa, quaic\u00f2s par\u00e8j.","og_url":"https:\/\/giannidavico.it\/gopiedmont\/2016\/05\/04\/a-la-radis-dlessensa-dle-robe\/","og_site_name":"Go Piedmont","article_published_time":"2016-05-04T07:04:12+00:00","og_image":[{"url":"https:\/\/giannidavico.it\/brainfood\/files\/2016\/05\/IMG_3037-300x225.jpg"}],"author":"giannidavico","twitter_card":"summary_large_image","twitter_misc":{"Scritto da":"giannidavico","Tempo di lettura stimato":"2 minuti"},"schema":{"@context":"https:\/\/schema.org","@graph":[{"@type":"WebPage","@id":"https:\/\/giannidavico.it\/gopiedmont\/2016\/05\/04\/a-la-radis-dlessensa-dle-robe\/","url":"https:\/\/giannidavico.it\/gopiedmont\/2016\/05\/04\/a-la-radis-dlessensa-dle-robe\/","name":"A la radis dl'essensa dle r\u00f2be - Go Piedmont","isPartOf":{"@id":"https:\/\/giannidavico.it\/gopiedmont\/#website"},"datePublished":"2016-05-04T07:04:12+00:00","dateModified":"2016-05-04T07:04:12+00:00","author":{"@id":"https:\/\/giannidavico.it\/gopiedmont\/#\/schema\/person\/ea1fd17d8f2dba325f3712219efa8f77"},"inLanguage":"it-IT","potentialAction":[{"@type":"ReadAction","target":["https:\/\/giannidavico.it\/gopiedmont\/2016\/05\/04\/a-la-radis-dlessensa-dle-robe\/"]}]},{"@type":"WebSite","@id":"https:\/\/giannidavico.it\/gopiedmont\/#website","url":"https:\/\/giannidavico.it\/gopiedmont\/","name":"Go Piedmont","description":"pens\u00e9 dzora l\u00ecber, event e p\u00ebrson-e grop\u00e0 al Piemont e a la lenga piemont\u00e8isa","potentialAction":[{"@type":"SearchAction","target":{"@type":"EntryPoint","urlTemplate":"https:\/\/giannidavico.it\/gopiedmont\/?s={search_term_string}"},"query-input":"required name=search_term_string"}],"inLanguage":"it-IT"},{"@type":"Person","@id":"https:\/\/giannidavico.it\/gopiedmont\/#\/schema\/person\/ea1fd17d8f2dba325f3712219efa8f77","name":"giannidavico","image":{"@type":"ImageObject","inLanguage":"it-IT","@id":"https:\/\/giannidavico.it\/gopiedmont\/#\/schema\/person\/image\/","url":"https:\/\/secure.gravatar.com\/avatar\/337748753d882602f3038b55fb369ba1?s=96&d=mm&r=g","contentUrl":"https:\/\/secure.gravatar.com\/avatar\/337748753d882602f3038b55fb369ba1?s=96&d=mm&r=g","caption":"giannidavico"},"url":"https:\/\/giannidavico.it\/gopiedmont\/author\/giannidavico\/"}]}},"_links":{"self":[{"href":"https:\/\/giannidavico.it\/gopiedmont\/wp-json\/wp\/v2\/posts\/3385"}],"collection":[{"href":"https:\/\/giannidavico.it\/gopiedmont\/wp-json\/wp\/v2\/posts"}],"about":[{"href":"https:\/\/giannidavico.it\/gopiedmont\/wp-json\/wp\/v2\/types\/post"}],"author":[{"embeddable":true,"href":"https:\/\/giannidavico.it\/gopiedmont\/wp-json\/wp\/v2\/users\/4"}],"replies":[{"embeddable":true,"href":"https:\/\/giannidavico.it\/gopiedmont\/wp-json\/wp\/v2\/comments?post=3385"}],"version-history":[{"count":12,"href":"https:\/\/giannidavico.it\/gopiedmont\/wp-json\/wp\/v2\/posts\/3385\/revisions"}],"predecessor-version":[{"id":3397,"href":"https:\/\/giannidavico.it\/gopiedmont\/wp-json\/wp\/v2\/posts\/3385\/revisions\/3397"}],"wp:attachment":[{"href":"https:\/\/giannidavico.it\/gopiedmont\/wp-json\/wp\/v2\/media?parent=3385"}],"wp:term":[{"taxonomy":"category","embeddable":true,"href":"https:\/\/giannidavico.it\/gopiedmont\/wp-json\/wp\/v2\/categories?post=3385"},{"taxonomy":"post_tag","embeddable":true,"href":"https:\/\/giannidavico.it\/gopiedmont\/wp-json\/wp\/v2\/tags?post=3385"}],"curies":[{"name":"wp","href":"https:\/\/api.w.org\/{rel}","templated":true}]}}