{"id":3399,"date":"2016-05-11T14:45:55","date_gmt":"2016-05-11T13:45:55","guid":{"rendered":"https:\/\/giannidavico.it\/staging\/gopiedmont\/?p=3399"},"modified":"2016-05-11T14:45:55","modified_gmt":"2016-05-11T13:45:55","slug":"na-matin-come-tante","status":"publish","type":"post","link":"https:\/\/giannidavico.it\/gopiedmont\/2016\/05\/11\/na-matin-come-tante\/","title":{"rendered":"Na matin come tante"},"content":{"rendered":"<p><a href=\"https:\/\/giannidavico.it\/gopiedmont\/files\/2016\/05\/9.jpg\"><img loading=\"lazy\" src=\"https:\/\/giannidavico.it\/gopiedmont\/files\/2016\/05\/9-300x126.jpg\" alt=\"9\" width=\"300\" height=\"126\" class=\"alignright size-medium wp-image-3400\" srcset=\"https:\/\/giannidavico.it\/gopiedmont\/files\/2016\/05\/9-300x126.jpg 300w, https:\/\/giannidavico.it\/gopiedmont\/files\/2016\/05\/9-768x323.jpg 768w, https:\/\/giannidavico.it\/gopiedmont\/files\/2016\/05\/9.jpg 1024w\" sizes=\"(max-width: 300px) 100vw, 300px\" \/><\/a><br \/>\nAn cost bl\u00f2gh as parla un p\u00f2ch \u00ebd tut, \u00ebd r\u00f2be grop\u00e0 al piemont\u00e8is o bele &#8216;d r\u00f2be normale, \u00ebd minca d\u00ec.<\/p>\n<p>Ancheuj a l&#8217;\u00e9 l\u00eb scond cas. Stamatin i son and\u00e0it a g\u00f2lf p\u00ebr \u00ebl s\u00f2lit alenament. I j&#8217;ero mach n&#8217;\u00e0utra p\u00ebrson-a e mi. I soma salutasse an piemont\u00e8is (a l&#8217;\u00e9 bel arconosse l&#8217;esistensa &#8216;d mia lenga bele da f\u00f2ra &#8216;d mi, con j\u00eb sconoss\u00f9 &#8211; che d\u00f2p salut\u00e0 a son p\u00ec nen, tecnicament, dj\u00eb sconoss\u00f9).<\/p>\n<p>Na par\u00f2la e peui via, p\u00ebrch\u00e8 l&#8217;alenament a l&#8217;\u00e9 na r\u00f2ba seria. Gi\u00e0, a l&#8217;\u00e9 nen v\u00e0ire balin-i it tire, a l&#8217;\u00e9 pit\u00f2st &#8211; dzora &#8216;d tut &#8211; v\u00e0ire pens\u00e9 a compagna la s\u00ecngola balin-a. La quantit\u00e0 \u00ebd pens\u00e9, s\u00f2n a conta p\u00ec che \u00f2gni \u00e0utra r\u00f2ba ant n&#8217;alenament. Nen p\u00ebr gnente &#8216;l g\u00f2lf a l&#8217;\u00e9 n\u00eb sp\u00f2rt prima &#8216;d tut mental.<\/p>\n<p>Stamatin, an p\u00f2che par\u00f2le, a l&#8217;\u00e9 nen capitaje gnente d\u00eb special; ma col gnente am f\u00e0 pias\u00ec contelo an piemont\u00e8is.<\/p>\n","protected":false},"excerpt":{"rendered":"<p><a href=\"https:\/\/giannidavico.it\/gopiedmont\/files\/2016\/05\/9.jpg\"><img loading=\"lazy\" src=\"https:\/\/giannidavico.it\/gopiedmont\/files\/2016\/05\/9-300x126.jpg\" alt=\"9\" width=\"300\" height=\"126\" class=\"alignright size-medium wp-image-3400\" srcset=\"https:\/\/giannidavico.it\/gopiedmont\/files\/2016\/05\/9-300x126.jpg 300w, https:\/\/giannidavico.it\/gopiedmont\/files\/2016\/05\/9-768x323.jpg 768w, https:\/\/giannidavico.it\/gopiedmont\/files\/2016\/05\/9.jpg 1024w\" sizes=\"(max-width: 300px) 100vw, 300px\" \/><\/a><br \/> An cost bl\u00f2gh as parla un p\u00f2ch \u00ebd tut, \u00ebd r\u00f2be grop\u00e0 al piemont\u00e8is o bele &#8216;d r\u00f2be normale, \u00ebd minca d\u00ec.<\/p>\n<p>Ancheuj a l&#8217;\u00e9 l\u00eb scond cas. Stamatin i son and\u00e0it a g\u00f2lf p\u00ebr \u00ebl s\u00f2lit alenament. I j&#8217;ero mach n&#8217;\u00e0utra p\u00ebrson-a e mi. I soma salutasse an piemont\u00e8is (a l&#8217;\u00e9 bel arconosse l&#8217;esistensa &#8216;d mia lenga bele da f\u00f2ra &#8216;d mi, con j\u00eb sconoss\u00f9 &#8211; che d\u00f2p salut\u00e0 a son p\u00ec nen, tecnicament, dj\u00eb sconoss\u00f9).<\/p>\n<p>Na par\u00f2la e peui via, p\u00ebrch\u00e8 l&#8217;alenament a l&#8217;\u00e9 na r\u00f2ba seria. Gi\u00e0, a l&#8217;\u00e9 nen v\u00e0ire balin-i it tire, a l&#8217;\u00e9 pit\u00f2st &#8211; dzora &#8216;d tut &#8211; v\u00e0ire pens\u00e9 a compagna la s\u00ecngola balin-a. La quantit\u00e0 \u00ebd pens\u00e9, s\u00f2n a conta p\u00ec che \u00f2gni \u00e0utra r\u00f2ba ant n&#8217;alenament. Nen p\u00ebr gnente &#8216;l g\u00f2lf a l&#8217;\u00e9 n\u00eb sp\u00f2rt prima &#8216;d tut mental.<\/p>\n<p>Stamatin, an p\u00f2che par\u00f2le, a l&#8217;\u00e9 nen capitaje gnente d\u00eb special; ma col gnente am f\u00e0 pias\u00ec contelo an piemont\u00e8is.<\/p>\n","protected":false},"author":4,"featured_media":0,"comment_status":"open","ping_status":"open","sticky":false,"template":"","format":"standard","meta":[],"categories":[130],"tags":[6,7856],"yoast_head":"<!-- This site is optimized with the Yoast SEO plugin v19.14 - https:\/\/yoast.com\/wordpress\/plugins\/seo\/ -->\n<title>Na matin come tante - Go Piedmont<\/title>\n<meta name=\"robots\" content=\"index, follow, max-snippet:-1, max-image-preview:large, max-video-preview:-1\" \/>\n<link rel=\"canonical\" href=\"https:\/\/giannidavico.it\/gopiedmont\/2016\/05\/11\/na-matin-come-tante\/\" \/>\n<meta property=\"og:locale\" content=\"it_IT\" \/>\n<meta property=\"og:type\" content=\"article\" \/>\n<meta property=\"og:title\" content=\"Na matin come tante - Go Piedmont\" \/>\n<meta property=\"og:description\" content=\"An cost bl\u00f2gh as parla un p\u00f2ch \u00ebd tut, \u00ebd r\u00f2be grop\u00e0 al piemont\u00e8is o bele &#8216;d r\u00f2be normale, \u00ebd minca d\u00ec. Ancheuj a l&#8217;\u00e9 l\u00eb scond cas. Stamatin i son and\u00e0it a g\u00f2lf p\u00ebr \u00ebl s\u00f2lit alenament. I j&#8217;ero mach n&#8217;\u00e0utra p\u00ebrson-a e mi. I soma salutasse an piemont\u00e8is (a l&#8217;\u00e9 bel arconosse l&#8217;esistensa &#8216;d mia lenga bele da f\u00f2ra &#8216;d mi, con j\u00eb sconoss\u00f9 &#8211; che d\u00f2p salut\u00e0 a son p\u00ec nen, tecnicament, dj\u00eb sconoss\u00f9). Na par\u00f2la e peui via, p\u00ebrch\u00e8 l&#8217;alenament a l&#8217;\u00e9 na r\u00f2ba seria. Gi\u00e0, a l&#8217;\u00e9 nen v\u00e0ire balin-i it tire, a l&#8217;\u00e9 pit\u00f2st &#8211; dzora &#8216;d tut &#8211; v\u00e0ire pens\u00e9 a compagna la s\u00ecngola balin-a. La quantit\u00e0 \u00ebd pens\u00e9, s\u00f2n a conta p\u00ec che \u00f2gni \u00e0utra r\u00f2ba ant n&#8217;alenament. Nen p\u00ebr gnente &#8216;l g\u00f2lf a l&#8217;\u00e9 n\u00eb sp\u00f2rt prima &#8216;d tut mental. Stamatin, an p\u00f2che par\u00f2le, a l&#8217;\u00e9 nen capitaje gnente d\u00eb special; ma col gnente am f\u00e0 pias\u00ec contelo an piemont\u00e8is.\" \/>\n<meta property=\"og:url\" content=\"https:\/\/giannidavico.it\/gopiedmont\/2016\/05\/11\/na-matin-come-tante\/\" \/>\n<meta property=\"og:site_name\" content=\"Go Piedmont\" \/>\n<meta property=\"article:published_time\" content=\"2016-05-11T13:45:55+00:00\" \/>\n<meta property=\"og:image\" content=\"https:\/\/giannidavico.it\/gopiedmont\/files\/2016\/05\/9-300x126.jpg\" \/>\n<meta name=\"author\" content=\"giannidavico\" \/>\n<meta name=\"twitter:card\" content=\"summary_large_image\" \/>\n<meta name=\"twitter:label1\" content=\"Scritto da\" \/>\n\t<meta name=\"twitter:data1\" content=\"giannidavico\" \/>\n\t<meta name=\"twitter:label2\" content=\"Tempo di lettura stimato\" \/>\n\t<meta name=\"twitter:data2\" content=\"1 minuto\" \/>\n<script type=\"application\/ld+json\" class=\"yoast-schema-graph\">{\"@context\":\"https:\/\/schema.org\",\"@graph\":[{\"@type\":\"WebPage\",\"@id\":\"https:\/\/giannidavico.it\/gopiedmont\/2016\/05\/11\/na-matin-come-tante\/\",\"url\":\"https:\/\/giannidavico.it\/gopiedmont\/2016\/05\/11\/na-matin-come-tante\/\",\"name\":\"Na matin come tante - Go Piedmont\",\"isPartOf\":{\"@id\":\"https:\/\/giannidavico.it\/gopiedmont\/#website\"},\"datePublished\":\"2016-05-11T13:45:55+00:00\",\"dateModified\":\"2016-05-11T13:45:55+00:00\",\"author\":{\"@id\":\"https:\/\/giannidavico.it\/gopiedmont\/#\/schema\/person\/ea1fd17d8f2dba325f3712219efa8f77\"},\"inLanguage\":\"it-IT\",\"potentialAction\":[{\"@type\":\"ReadAction\",\"target\":[\"https:\/\/giannidavico.it\/gopiedmont\/2016\/05\/11\/na-matin-come-tante\/\"]}]},{\"@type\":\"WebSite\",\"@id\":\"https:\/\/giannidavico.it\/gopiedmont\/#website\",\"url\":\"https:\/\/giannidavico.it\/gopiedmont\/\",\"name\":\"Go Piedmont\",\"description\":\"pens\u00e9 dzora l\u00ecber, event e p\u00ebrson-e grop\u00e0 al Piemont e a la lenga piemont\u00e8isa\",\"potentialAction\":[{\"@type\":\"SearchAction\",\"target\":{\"@type\":\"EntryPoint\",\"urlTemplate\":\"https:\/\/giannidavico.it\/gopiedmont\/?s={search_term_string}\"},\"query-input\":\"required name=search_term_string\"}],\"inLanguage\":\"it-IT\"},{\"@type\":\"Person\",\"@id\":\"https:\/\/giannidavico.it\/gopiedmont\/#\/schema\/person\/ea1fd17d8f2dba325f3712219efa8f77\",\"name\":\"giannidavico\",\"image\":{\"@type\":\"ImageObject\",\"inLanguage\":\"it-IT\",\"@id\":\"https:\/\/giannidavico.it\/gopiedmont\/#\/schema\/person\/image\/\",\"url\":\"https:\/\/secure.gravatar.com\/avatar\/337748753d882602f3038b55fb369ba1?s=96&d=mm&r=g\",\"contentUrl\":\"https:\/\/secure.gravatar.com\/avatar\/337748753d882602f3038b55fb369ba1?s=96&d=mm&r=g\",\"caption\":\"giannidavico\"},\"url\":\"https:\/\/giannidavico.it\/gopiedmont\/author\/giannidavico\/\"}]}<\/script>\n<!-- \/ Yoast SEO plugin. -->","yoast_head_json":{"title":"Na matin come tante - Go Piedmont","robots":{"index":"index","follow":"follow","max-snippet":"max-snippet:-1","max-image-preview":"max-image-preview:large","max-video-preview":"max-video-preview:-1"},"canonical":"https:\/\/giannidavico.it\/gopiedmont\/2016\/05\/11\/na-matin-come-tante\/","og_locale":"it_IT","og_type":"article","og_title":"Na matin come tante - Go Piedmont","og_description":"An cost bl\u00f2gh as parla un p\u00f2ch \u00ebd tut, \u00ebd r\u00f2be grop\u00e0 al piemont\u00e8is o bele &#8216;d r\u00f2be normale, \u00ebd minca d\u00ec. Ancheuj a l&#8217;\u00e9 l\u00eb scond cas. Stamatin i son and\u00e0it a g\u00f2lf p\u00ebr \u00ebl s\u00f2lit alenament. I j&#8217;ero mach n&#8217;\u00e0utra p\u00ebrson-a e mi. I soma salutasse an piemont\u00e8is (a l&#8217;\u00e9 bel arconosse l&#8217;esistensa &#8216;d mia lenga bele da f\u00f2ra &#8216;d mi, con j\u00eb sconoss\u00f9 &#8211; che d\u00f2p salut\u00e0 a son p\u00ec nen, tecnicament, dj\u00eb sconoss\u00f9). Na par\u00f2la e peui via, p\u00ebrch\u00e8 l&#8217;alenament a l&#8217;\u00e9 na r\u00f2ba seria. Gi\u00e0, a l&#8217;\u00e9 nen v\u00e0ire balin-i it tire, a l&#8217;\u00e9 pit\u00f2st &#8211; dzora &#8216;d tut &#8211; v\u00e0ire pens\u00e9 a compagna la s\u00ecngola balin-a. La quantit\u00e0 \u00ebd pens\u00e9, s\u00f2n a conta p\u00ec che \u00f2gni \u00e0utra r\u00f2ba ant n&#8217;alenament. Nen p\u00ebr gnente &#8216;l g\u00f2lf a l&#8217;\u00e9 n\u00eb sp\u00f2rt prima &#8216;d tut mental. Stamatin, an p\u00f2che par\u00f2le, a l&#8217;\u00e9 nen capitaje gnente d\u00eb special; ma col gnente am f\u00e0 pias\u00ec contelo an piemont\u00e8is.","og_url":"https:\/\/giannidavico.it\/gopiedmont\/2016\/05\/11\/na-matin-come-tante\/","og_site_name":"Go Piedmont","article_published_time":"2016-05-11T13:45:55+00:00","og_image":[{"url":"https:\/\/giannidavico.it\/gopiedmont\/files\/2016\/05\/9-300x126.jpg"}],"author":"giannidavico","twitter_card":"summary_large_image","twitter_misc":{"Scritto da":"giannidavico","Tempo di lettura stimato":"1 minuto"},"schema":{"@context":"https:\/\/schema.org","@graph":[{"@type":"WebPage","@id":"https:\/\/giannidavico.it\/gopiedmont\/2016\/05\/11\/na-matin-come-tante\/","url":"https:\/\/giannidavico.it\/gopiedmont\/2016\/05\/11\/na-matin-come-tante\/","name":"Na matin come tante - Go Piedmont","isPartOf":{"@id":"https:\/\/giannidavico.it\/gopiedmont\/#website"},"datePublished":"2016-05-11T13:45:55+00:00","dateModified":"2016-05-11T13:45:55+00:00","author":{"@id":"https:\/\/giannidavico.it\/gopiedmont\/#\/schema\/person\/ea1fd17d8f2dba325f3712219efa8f77"},"inLanguage":"it-IT","potentialAction":[{"@type":"ReadAction","target":["https:\/\/giannidavico.it\/gopiedmont\/2016\/05\/11\/na-matin-come-tante\/"]}]},{"@type":"WebSite","@id":"https:\/\/giannidavico.it\/gopiedmont\/#website","url":"https:\/\/giannidavico.it\/gopiedmont\/","name":"Go Piedmont","description":"pens\u00e9 dzora l\u00ecber, event e p\u00ebrson-e grop\u00e0 al Piemont e a la lenga piemont\u00e8isa","potentialAction":[{"@type":"SearchAction","target":{"@type":"EntryPoint","urlTemplate":"https:\/\/giannidavico.it\/gopiedmont\/?s={search_term_string}"},"query-input":"required name=search_term_string"}],"inLanguage":"it-IT"},{"@type":"Person","@id":"https:\/\/giannidavico.it\/gopiedmont\/#\/schema\/person\/ea1fd17d8f2dba325f3712219efa8f77","name":"giannidavico","image":{"@type":"ImageObject","inLanguage":"it-IT","@id":"https:\/\/giannidavico.it\/gopiedmont\/#\/schema\/person\/image\/","url":"https:\/\/secure.gravatar.com\/avatar\/337748753d882602f3038b55fb369ba1?s=96&d=mm&r=g","contentUrl":"https:\/\/secure.gravatar.com\/avatar\/337748753d882602f3038b55fb369ba1?s=96&d=mm&r=g","caption":"giannidavico"},"url":"https:\/\/giannidavico.it\/gopiedmont\/author\/giannidavico\/"}]}},"_links":{"self":[{"href":"https:\/\/giannidavico.it\/gopiedmont\/wp-json\/wp\/v2\/posts\/3399"}],"collection":[{"href":"https:\/\/giannidavico.it\/gopiedmont\/wp-json\/wp\/v2\/posts"}],"about":[{"href":"https:\/\/giannidavico.it\/gopiedmont\/wp-json\/wp\/v2\/types\/post"}],"author":[{"embeddable":true,"href":"https:\/\/giannidavico.it\/gopiedmont\/wp-json\/wp\/v2\/users\/4"}],"replies":[{"embeddable":true,"href":"https:\/\/giannidavico.it\/gopiedmont\/wp-json\/wp\/v2\/comments?post=3399"}],"version-history":[{"count":6,"href":"https:\/\/giannidavico.it\/gopiedmont\/wp-json\/wp\/v2\/posts\/3399\/revisions"}],"predecessor-version":[{"id":3406,"href":"https:\/\/giannidavico.it\/gopiedmont\/wp-json\/wp\/v2\/posts\/3399\/revisions\/3406"}],"wp:attachment":[{"href":"https:\/\/giannidavico.it\/gopiedmont\/wp-json\/wp\/v2\/media?parent=3399"}],"wp:term":[{"taxonomy":"category","embeddable":true,"href":"https:\/\/giannidavico.it\/gopiedmont\/wp-json\/wp\/v2\/categories?post=3399"},{"taxonomy":"post_tag","embeddable":true,"href":"https:\/\/giannidavico.it\/gopiedmont\/wp-json\/wp\/v2\/tags?post=3399"}],"curies":[{"name":"wp","href":"https:\/\/api.w.org\/{rel}","templated":true}]}}