{"id":3414,"date":"2016-05-25T09:52:26","date_gmt":"2016-05-25T08:52:26","guid":{"rendered":"https:\/\/giannidavico.it\/staging\/gopiedmont\/?p=3414"},"modified":"2016-05-25T09:56:57","modified_gmt":"2016-05-25T08:56:57","slug":"geocronologia-e-paleontologia-na-conferensa","status":"publish","type":"post","link":"https:\/\/giannidavico.it\/gopiedmont\/2016\/05\/25\/geocronologia-e-paleontologia-na-conferensa\/","title":{"rendered":"Geocronolog\u00eca e paleontolog\u00eca &#8211; na conferensa"},"content":{"rendered":"<p><a href=\"https:\/\/giannidavico.it\/gopiedmont\/files\/2016\/05\/temp.jpg\"><img loading=\"lazy\" src=\"https:\/\/giannidavico.it\/gopiedmont\/files\/2016\/05\/temp-210x300.jpg\" alt=\"temp\" width=\"210\" height=\"300\" class=\"alignright size-medium wp-image-3417\" srcset=\"https:\/\/giannidavico.it\/gopiedmont\/files\/2016\/05\/temp-210x300.jpg 210w, https:\/\/giannidavico.it\/gopiedmont\/files\/2016\/05\/temp.jpg 552w\" sizes=\"(max-width: 210px) 100vw, 210px\" \/><\/a><br \/>\nAncheuj i parloma &#8216;d na r\u00f2ba anciarmanta e particolar p\u00ebr \u00ebl piemont\u00e8is: na conferensa ansima a la geocronolog\u00eca e a la paleontolog\u00eca.<\/p>\n<p>Prima domanda: c\u00f2s diav son-le coste r\u00f2be s\u00ec?<\/p>\n<p>La <em>geocronolog\u00eca<\/em> a l&#8217;\u00e9 la siensa ch&#8217;a l&#8217;ha \u00ebl but \u00ebd determin\u00e9 l&#8217;et\u00e0 e \u00ebl d\u00ebsvlopesse dj&#8217;event geol\u00f2gich arlongh \u00ebl temp ant la st\u00f2ria dla T\u00e8ra. La <em>paleontolog\u00eca<\/em> a l&#8217;\u00e9 un p\u00f2ch p\u00ec belf\u00e9 a sav\u00e8j: a l&#8217;\u00e9 l\u00eb studi dj&#8217;erbo e dle bestie viv\u00f9 an sla T\u00e8ra an \u00e9poche lontan-e, f\u00e0it a travers dij f\u00f2ssij.<\/p>\n<p>E bin, \u00ebn tut s\u00f2n a parler\u00e0 &#8211; an piemont\u00e8is &#8211; \u00ebl chimich Giovanni Sacchero a Mont\u00e0ud (Montaldo Torinese), saba 4 giugn a 9 ore &#8216;d s\u00e8ira a la Polisportiva an via Marentin 3. <a href=\"https:\/\/giannidavico.it\/gopiedmont\/files\/2016\/05\/geocronologia.pdf\">Ambeless\u00ec<\/a> a-i \u00e9 la locandin-a dl&#8217;event, e <a href=\"https:\/\/www.facebook.com\/Montaldo-Cultura-488543511328373\/\" target=\"_blank\">costa<\/a> a l&#8217;\u00e9 la p\u00e0gina Facebook dl&#8217;associassion ch&#8217;a cura la seir\u00e0.<\/p>\n<p>A dis Giovanni:<\/p>\n<blockquote><p>Ij tema trat\u00e0 a parto da la formassion geol\u00f2gica dle n\u00f2stre colin-e e a van anans con le carte geol\u00f2giche e ij f\u00f2ssij, compr\u00e8is ij &#8220;f\u00f2ssij vivent&#8221;, visad\u00ec b\u00f2je e erbo rest d&#8217;\u00e9poche geol\u00f2giche lontan-e, quand che &#8216;l clima d\u00ebl n\u00f2str terit\u00f2ri a j&#8217;era tropical&#8230;<\/p><\/blockquote>\n<p>Mi i giontrai mach na n\u00f2ta p\u00ebrsonal: i l&#8217;hai conoss\u00f9 Giovanni Sacchero <a href=\"https:\/\/giannidavico.it\/brainfood\/2008\/12\/23\/il-cigno-nero-2\/\">p\u00ebr cas<\/a> a la Ca d\u00eb Studi Piemont\u00e8is, mers\u00ec a Albina Malerba ch&#8217;a l&#8217;ha presentane (i j&#8217;ero tuti e doi l\u00ec a ritir\u00e9 \u00ebl <a href=\"https:\/\/giannidavico.it\/gopiedmont\/2015\/12\/23\/el-rep-per-dabon\/\">REP<\/a>, mincadun con soe masn\u00e0).<\/p>\n<p>(E adess i lo dijo tangensialment ma peui i na farai na presentassion &#8220;ufissial&#8221;: ant l&#8217;istessa ocasion, pr\u00f2pi an col moment e ant l&#8217;istessa stansia, i l&#8217;hai conoss\u00f9 <a href=\"http:\/\/www.francocostavini.it\/it\/\" target=\"_blank\">ij vin \u00ebd Franco Costa<\/a>, che a sponsorisava l&#8217;ancontr. Mie cite a l&#8217;ha apressi\u00e0 an particolar l&#8217;<a href=\"https:\/\/www.facebook.com\/UVESPiemontesuccouva\/\" target=\"_blank\">Uve&#8217;s<\/a>, a mi a l&#8217;\u00e9 piasume &#8216;l grignolin: a la finitiva i son divent\u00e0, e con pias\u00ec, client. E donca: \u00ebl marketing d\u00ebl piemont\u00e8is a l&#8217;ha un sens nen mach d&#8217;afession, ma &#8216;dc\u00f2 econ\u00f2mich.)<\/p>\n<p>Ma &#8216;d tut s\u00f2n i parlerai an manera p\u00ec spec\u00ecfica n&#8217;\u00e0utra vira. Adess i veuj mach d\u00ec che costa conferensa a sar\u00e0 sensa d\u00f9bit interessanta, e che i sper che tante p\u00ebrson-e a veujo partissipeje.<\/p>\n","protected":false},"excerpt":{"rendered":"<p><a href=\"https:\/\/giannidavico.it\/gopiedmont\/files\/2016\/05\/temp.jpg\"><img loading=\"lazy\" src=\"https:\/\/giannidavico.it\/gopiedmont\/files\/2016\/05\/temp-210x300.jpg\" alt=\"temp\" width=\"210\" height=\"300\" class=\"alignright size-medium wp-image-3417\" srcset=\"https:\/\/giannidavico.it\/gopiedmont\/files\/2016\/05\/temp-210x300.jpg 210w, https:\/\/giannidavico.it\/gopiedmont\/files\/2016\/05\/temp.jpg 552w\" sizes=\"(max-width: 210px) 100vw, 210px\" \/><\/a><br \/> Ancheuj i parloma &#8216;d na r\u00f2ba anciarmanta e particolar p\u00ebr \u00ebl piemont\u00e8is: na conferensa ansima a la geocronolog\u00eca e a la paleontolog\u00eca.<\/p>\n<p>Prima domanda: c\u00f2s diav son-le coste r\u00f2be s\u00ec?<\/p>\n<p>La <em>geocronolog\u00eca<\/em> a l&#8217;\u00e9 la siensa ch&#8217;a l&#8217;ha \u00ebl but \u00ebd determin\u00e9 l&#8217;et\u00e0 e \u00ebl d\u00ebsvlopesse dj&#8217;event geol\u00f2gich arlongh \u00ebl temp ant la st\u00f2ria dla T\u00e8ra. La <em>paleontolog\u00eca<\/em> a l&#8217;\u00e9 un p\u00f2ch p\u00ec belf\u00e9 a sav\u00e8j: a l&#8217;\u00e9 l\u00eb studi dj&#8217;erbo e dle bestie viv\u00f9 an sla T\u00e8ra an \u00e9poche lontan-e, f\u00e0it a travers dij f\u00f2ssij.<\/p>\n<p>E bin, \u00ebn tut s\u00f2n a parler\u00e0 &#8211; an piemont\u00e8is &#8211; \u00ebl chimich Giovanni Sacchero a Mont\u00e0ud (Montaldo Torinese), saba 4 giugn a 9 ore &#8216;d s\u00e8ira a la Polisportiva an via Marentin 3. <a href=\"https:\/\/giannidavico.it\/gopiedmont\/files\/2016\/05\/geocronologia.pdf\">Ambeless\u00ec<\/a> a-i \u00e9 la locandin-a dl&#8217;event, e <a href=\"https:\/\/www.facebook.com\/Montaldo-Cultura-488543511328373\/\" target=\"_blank\">costa<\/a> a l&#8217;\u00e9 la p\u00e0gina Facebook dl&#8217;associassion ch&#8217;a cura la seir\u00e0.<\/p>\n<p>A dis Giovanni:<\/p>\n<p>Ij tema trat\u00e0 a parto da la formassion geol\u00f2gica dle n\u00f2stre colin-e e a van anans con le carte geol\u00f2giche e ij f\u00f2ssij, compr\u00e8is ij &#8220;f\u00f2ssij vivent&#8221;, visad\u00ec b\u00f2je e erbo rest d&#8217;\u00e9poche geol\u00f2giche lontan-e, quand [\u2026] <a class=\"moretag\" href=\"https:\/\/giannidavico.it\/gopiedmont\/2016\/05\/25\/geocronologia-e-paleontologia-na-conferensa\/\">continua a leggere \u00bb<\/a><\/p>\n","protected":false},"author":4,"featured_media":0,"comment_status":"open","ping_status":"open","sticky":false,"template":"","format":"standard","meta":[],"categories":[130],"tags":[131,107],"yoast_head":"<!-- This site is optimized with the Yoast SEO plugin v19.14 - https:\/\/yoast.com\/wordpress\/plugins\/seo\/ -->\n<title>Geocronolog\u00eca e paleontolog\u00eca - na conferensa - Go Piedmont<\/title>\n<meta name=\"robots\" content=\"index, follow, max-snippet:-1, max-image-preview:large, max-video-preview:-1\" \/>\n<link rel=\"canonical\" href=\"https:\/\/giannidavico.it\/gopiedmont\/2016\/05\/25\/geocronologia-e-paleontologia-na-conferensa\/\" \/>\n<meta property=\"og:locale\" content=\"it_IT\" \/>\n<meta property=\"og:type\" content=\"article\" \/>\n<meta property=\"og:title\" content=\"Geocronolog\u00eca e paleontolog\u00eca - na conferensa - Go Piedmont\" \/>\n<meta property=\"og:description\" content=\"Ancheuj i parloma &#8216;d na r\u00f2ba anciarmanta e particolar p\u00ebr \u00ebl piemont\u00e8is: na conferensa ansima a la geocronolog\u00eca e a la paleontolog\u00eca. Prima domanda: c\u00f2s diav son-le coste r\u00f2be s\u00ec? La geocronolog\u00eca a l&#8217;\u00e9 la siensa ch&#8217;a l&#8217;ha \u00ebl but \u00ebd determin\u00e9 l&#8217;et\u00e0 e \u00ebl d\u00ebsvlopesse dj&#8217;event geol\u00f2gich arlongh \u00ebl temp ant la st\u00f2ria dla T\u00e8ra. La paleontolog\u00eca a l&#8217;\u00e9 un p\u00f2ch p\u00ec belf\u00e9 a sav\u00e8j: a l&#8217;\u00e9 l\u00eb studi dj&#8217;erbo e dle bestie viv\u00f9 an sla T\u00e8ra an \u00e9poche lontan-e, f\u00e0it a travers dij f\u00f2ssij. E bin, \u00ebn tut s\u00f2n a parler\u00e0 &#8211; an piemont\u00e8is &#8211; \u00ebl chimich Giovanni Sacchero a Mont\u00e0ud (Montaldo Torinese), saba 4 giugn a 9 ore &#8216;d s\u00e8ira a la Polisportiva an via Marentin 3. Ambeless\u00ec a-i \u00e9 la locandin-a dl&#8217;event, e costa a l&#8217;\u00e9 la p\u00e0gina Facebook dl&#8217;associassion ch&#8217;a cura la seir\u00e0. A dis Giovanni: Ij tema trat\u00e0 a parto da la formassion geol\u00f2gica dle n\u00f2stre colin-e e a van anans con le carte geol\u00f2giche e ij f\u00f2ssij, compr\u00e8is ij &#8220;f\u00f2ssij vivent&#8221;, visad\u00ec b\u00f2je e erbo rest d&#8217;\u00e9poche geol\u00f2giche lontan-e, quand [\u2026] continua a leggere \u00bb\" \/>\n<meta property=\"og:url\" content=\"https:\/\/giannidavico.it\/gopiedmont\/2016\/05\/25\/geocronologia-e-paleontologia-na-conferensa\/\" \/>\n<meta property=\"og:site_name\" content=\"Go Piedmont\" \/>\n<meta property=\"article:published_time\" content=\"2016-05-25T08:52:26+00:00\" \/>\n<meta property=\"article:modified_time\" content=\"2016-05-25T08:56:57+00:00\" \/>\n<meta property=\"og:image\" content=\"https:\/\/giannidavico.it\/gopiedmont\/files\/2016\/05\/temp-210x300.jpg\" \/>\n<meta name=\"author\" content=\"giannidavico\" \/>\n<meta name=\"twitter:card\" content=\"summary_large_image\" \/>\n<meta name=\"twitter:label1\" content=\"Scritto da\" \/>\n\t<meta name=\"twitter:data1\" content=\"giannidavico\" \/>\n\t<meta name=\"twitter:label2\" content=\"Tempo di lettura stimato\" \/>\n\t<meta name=\"twitter:data2\" content=\"2 minuti\" \/>\n<script type=\"application\/ld+json\" class=\"yoast-schema-graph\">{\"@context\":\"https:\/\/schema.org\",\"@graph\":[{\"@type\":\"WebPage\",\"@id\":\"https:\/\/giannidavico.it\/gopiedmont\/2016\/05\/25\/geocronologia-e-paleontologia-na-conferensa\/\",\"url\":\"https:\/\/giannidavico.it\/gopiedmont\/2016\/05\/25\/geocronologia-e-paleontologia-na-conferensa\/\",\"name\":\"Geocronolog\u00eca e paleontolog\u00eca - na conferensa - Go Piedmont\",\"isPartOf\":{\"@id\":\"https:\/\/giannidavico.it\/gopiedmont\/#website\"},\"datePublished\":\"2016-05-25T08:52:26+00:00\",\"dateModified\":\"2016-05-25T08:56:57+00:00\",\"author\":{\"@id\":\"https:\/\/giannidavico.it\/gopiedmont\/#\/schema\/person\/ea1fd17d8f2dba325f3712219efa8f77\"},\"inLanguage\":\"it-IT\",\"potentialAction\":[{\"@type\":\"ReadAction\",\"target\":[\"https:\/\/giannidavico.it\/gopiedmont\/2016\/05\/25\/geocronologia-e-paleontologia-na-conferensa\/\"]}]},{\"@type\":\"WebSite\",\"@id\":\"https:\/\/giannidavico.it\/gopiedmont\/#website\",\"url\":\"https:\/\/giannidavico.it\/gopiedmont\/\",\"name\":\"Go Piedmont\",\"description\":\"pens\u00e9 dzora l\u00ecber, event e p\u00ebrson-e grop\u00e0 al Piemont e a la lenga piemont\u00e8isa\",\"potentialAction\":[{\"@type\":\"SearchAction\",\"target\":{\"@type\":\"EntryPoint\",\"urlTemplate\":\"https:\/\/giannidavico.it\/gopiedmont\/?s={search_term_string}\"},\"query-input\":\"required name=search_term_string\"}],\"inLanguage\":\"it-IT\"},{\"@type\":\"Person\",\"@id\":\"https:\/\/giannidavico.it\/gopiedmont\/#\/schema\/person\/ea1fd17d8f2dba325f3712219efa8f77\",\"name\":\"giannidavico\",\"image\":{\"@type\":\"ImageObject\",\"inLanguage\":\"it-IT\",\"@id\":\"https:\/\/giannidavico.it\/gopiedmont\/#\/schema\/person\/image\/\",\"url\":\"https:\/\/secure.gravatar.com\/avatar\/337748753d882602f3038b55fb369ba1?s=96&d=mm&r=g\",\"contentUrl\":\"https:\/\/secure.gravatar.com\/avatar\/337748753d882602f3038b55fb369ba1?s=96&d=mm&r=g\",\"caption\":\"giannidavico\"},\"url\":\"https:\/\/giannidavico.it\/gopiedmont\/author\/giannidavico\/\"}]}<\/script>\n<!-- \/ Yoast SEO plugin. -->","yoast_head_json":{"title":"Geocronolog\u00eca e paleontolog\u00eca - na conferensa - Go Piedmont","robots":{"index":"index","follow":"follow","max-snippet":"max-snippet:-1","max-image-preview":"max-image-preview:large","max-video-preview":"max-video-preview:-1"},"canonical":"https:\/\/giannidavico.it\/gopiedmont\/2016\/05\/25\/geocronologia-e-paleontologia-na-conferensa\/","og_locale":"it_IT","og_type":"article","og_title":"Geocronolog\u00eca e paleontolog\u00eca - na conferensa - Go Piedmont","og_description":"Ancheuj i parloma &#8216;d na r\u00f2ba anciarmanta e particolar p\u00ebr \u00ebl piemont\u00e8is: na conferensa ansima a la geocronolog\u00eca e a la paleontolog\u00eca. Prima domanda: c\u00f2s diav son-le coste r\u00f2be s\u00ec? La geocronolog\u00eca a l&#8217;\u00e9 la siensa ch&#8217;a l&#8217;ha \u00ebl but \u00ebd determin\u00e9 l&#8217;et\u00e0 e \u00ebl d\u00ebsvlopesse dj&#8217;event geol\u00f2gich arlongh \u00ebl temp ant la st\u00f2ria dla T\u00e8ra. La paleontolog\u00eca a l&#8217;\u00e9 un p\u00f2ch p\u00ec belf\u00e9 a sav\u00e8j: a l&#8217;\u00e9 l\u00eb studi dj&#8217;erbo e dle bestie viv\u00f9 an sla T\u00e8ra an \u00e9poche lontan-e, f\u00e0it a travers dij f\u00f2ssij. E bin, \u00ebn tut s\u00f2n a parler\u00e0 &#8211; an piemont\u00e8is &#8211; \u00ebl chimich Giovanni Sacchero a Mont\u00e0ud (Montaldo Torinese), saba 4 giugn a 9 ore &#8216;d s\u00e8ira a la Polisportiva an via Marentin 3. Ambeless\u00ec a-i \u00e9 la locandin-a dl&#8217;event, e costa a l&#8217;\u00e9 la p\u00e0gina Facebook dl&#8217;associassion ch&#8217;a cura la seir\u00e0. A dis Giovanni: Ij tema trat\u00e0 a parto da la formassion geol\u00f2gica dle n\u00f2stre colin-e e a van anans con le carte geol\u00f2giche e ij f\u00f2ssij, compr\u00e8is ij &#8220;f\u00f2ssij vivent&#8221;, visad\u00ec b\u00f2je e erbo rest d&#8217;\u00e9poche geol\u00f2giche lontan-e, quand [\u2026] continua a leggere \u00bb","og_url":"https:\/\/giannidavico.it\/gopiedmont\/2016\/05\/25\/geocronologia-e-paleontologia-na-conferensa\/","og_site_name":"Go Piedmont","article_published_time":"2016-05-25T08:52:26+00:00","article_modified_time":"2016-05-25T08:56:57+00:00","og_image":[{"url":"https:\/\/giannidavico.it\/gopiedmont\/files\/2016\/05\/temp-210x300.jpg"}],"author":"giannidavico","twitter_card":"summary_large_image","twitter_misc":{"Scritto da":"giannidavico","Tempo di lettura stimato":"2 minuti"},"schema":{"@context":"https:\/\/schema.org","@graph":[{"@type":"WebPage","@id":"https:\/\/giannidavico.it\/gopiedmont\/2016\/05\/25\/geocronologia-e-paleontologia-na-conferensa\/","url":"https:\/\/giannidavico.it\/gopiedmont\/2016\/05\/25\/geocronologia-e-paleontologia-na-conferensa\/","name":"Geocronolog\u00eca e paleontolog\u00eca - na conferensa - Go Piedmont","isPartOf":{"@id":"https:\/\/giannidavico.it\/gopiedmont\/#website"},"datePublished":"2016-05-25T08:52:26+00:00","dateModified":"2016-05-25T08:56:57+00:00","author":{"@id":"https:\/\/giannidavico.it\/gopiedmont\/#\/schema\/person\/ea1fd17d8f2dba325f3712219efa8f77"},"inLanguage":"it-IT","potentialAction":[{"@type":"ReadAction","target":["https:\/\/giannidavico.it\/gopiedmont\/2016\/05\/25\/geocronologia-e-paleontologia-na-conferensa\/"]}]},{"@type":"WebSite","@id":"https:\/\/giannidavico.it\/gopiedmont\/#website","url":"https:\/\/giannidavico.it\/gopiedmont\/","name":"Go Piedmont","description":"pens\u00e9 dzora l\u00ecber, event e p\u00ebrson-e grop\u00e0 al Piemont e a la lenga piemont\u00e8isa","potentialAction":[{"@type":"SearchAction","target":{"@type":"EntryPoint","urlTemplate":"https:\/\/giannidavico.it\/gopiedmont\/?s={search_term_string}"},"query-input":"required name=search_term_string"}],"inLanguage":"it-IT"},{"@type":"Person","@id":"https:\/\/giannidavico.it\/gopiedmont\/#\/schema\/person\/ea1fd17d8f2dba325f3712219efa8f77","name":"giannidavico","image":{"@type":"ImageObject","inLanguage":"it-IT","@id":"https:\/\/giannidavico.it\/gopiedmont\/#\/schema\/person\/image\/","url":"https:\/\/secure.gravatar.com\/avatar\/337748753d882602f3038b55fb369ba1?s=96&d=mm&r=g","contentUrl":"https:\/\/secure.gravatar.com\/avatar\/337748753d882602f3038b55fb369ba1?s=96&d=mm&r=g","caption":"giannidavico"},"url":"https:\/\/giannidavico.it\/gopiedmont\/author\/giannidavico\/"}]}},"_links":{"self":[{"href":"https:\/\/giannidavico.it\/gopiedmont\/wp-json\/wp\/v2\/posts\/3414"}],"collection":[{"href":"https:\/\/giannidavico.it\/gopiedmont\/wp-json\/wp\/v2\/posts"}],"about":[{"href":"https:\/\/giannidavico.it\/gopiedmont\/wp-json\/wp\/v2\/types\/post"}],"author":[{"embeddable":true,"href":"https:\/\/giannidavico.it\/gopiedmont\/wp-json\/wp\/v2\/users\/4"}],"replies":[{"embeddable":true,"href":"https:\/\/giannidavico.it\/gopiedmont\/wp-json\/wp\/v2\/comments?post=3414"}],"version-history":[{"count":9,"href":"https:\/\/giannidavico.it\/gopiedmont\/wp-json\/wp\/v2\/posts\/3414\/revisions"}],"predecessor-version":[{"id":3425,"href":"https:\/\/giannidavico.it\/gopiedmont\/wp-json\/wp\/v2\/posts\/3414\/revisions\/3425"}],"wp:attachment":[{"href":"https:\/\/giannidavico.it\/gopiedmont\/wp-json\/wp\/v2\/media?parent=3414"}],"wp:term":[{"taxonomy":"category","embeddable":true,"href":"https:\/\/giannidavico.it\/gopiedmont\/wp-json\/wp\/v2\/categories?post=3414"},{"taxonomy":"post_tag","embeddable":true,"href":"https:\/\/giannidavico.it\/gopiedmont\/wp-json\/wp\/v2\/tags?post=3414"}],"curies":[{"name":"wp","href":"https:\/\/api.w.org\/{rel}","templated":true}]}}