{"id":3426,"date":"2016-06-01T09:25:07","date_gmt":"2016-06-01T08:25:07","guid":{"rendered":"https:\/\/giannidavico.it\/staging\/gopiedmont\/?p=3426"},"modified":"2016-06-01T09:25:07","modified_gmt":"2016-06-01T08:25:07","slug":"monte-per-cale","status":"publish","type":"post","link":"https:\/\/giannidavico.it\/gopiedmont\/2016\/06\/01\/monte-per-cale\/","title":{"rendered":"Mont\u00e9 p\u00ebr cal\u00e9"},"content":{"rendered":"<p><iframe loading=\"lazy\" width=\"420\" height=\"315\" src=\"https:\/\/www.youtube.com\/embed\/3BV2NFEYA4M?rel=0\" frameborder=\"0\" allowfullscreen><\/iframe><\/p>\n<p>(<a href=\"https:\/\/giannidavico.it\/brainfood\/2016\/05\/30\/salire-per-scendere\/\">an italian, quaic\u00f2s ch&#8217;a smija a cost p\u00f2st<\/a>)<\/p>\n<p>dai 1761 m\u00e9ter d\u00ebl <a href=\"https:\/\/it.wikipedia.org\/wiki\/Santuario_di_San_Magno\" target=\"_blank\">santuari &#8216;d Castelmagn<\/a> ai 2647 d\u00ebl <a href=\"https:\/\/it.wikipedia.org\/wiki\/Monte_Tibert\" target=\"_blank\">mont Tibert<\/a><\/p>\n<p>l&#8217;ocasion a ven da <a href=\"https:\/\/giannidavico.it\/gopiedmont\/2015\/11\/11\/da-na-parola-an-su\/#comment-565\">s\u00ec<\/a> (Annamaria Falco)<\/p>\n<p>se i lo fass nen adess i lo farai p\u00ec nen<\/p>\n<p>ij pens\u00e9 an \u00e0uta montagna a son p\u00ec pur<\/p>\n<p>\u00ebl salut a l&#8217;\u00e8 na forma &#8216;d rispet:<br \/>\n<iframe loading=\"lazy\" title=\"Gianmaria Testa - Lasciami Andare\" width=\"620\" height=\"349\" src=\"https:\/\/www.youtube.com\/embed\/rEA8mYmpCi8?feature=oembed\" frameborder=\"0\" allow=\"accelerometer; autoplay; clipboard-write; encrypted-media; gyroscope; picture-in-picture\" allowfullscreen><\/iframe><\/p>\n<p><a href=\"http:\/\/rifugiolascola.it\/\" target=\"_blank\">Rifugio La Scola<\/a> (<a href=\"https:\/\/www.facebook.com\/rifugiolascola\" target=\"_blank\">ambeless\u00ec la p\u00e0gina Facebook<\/a>)<\/p>\n<p>col camposanto e col santuari (e la st\u00f9a dla Piata) a son <em>figura<\/em> dla pas interior (Auerbach, <em>Studi su Dante<\/em>)<\/p>\n<p>mn\u00ec s\u00ec a l&#8217;\u00e9 un segn d&#8217;esse viv<\/p>\n<p>ij problema a riesso nen a riv\u00e9 s\u00ec, \u00e0ut par\u00e8j. peui it cale gi\u00f9 e a l&#8217;\u00e9 come prima. as torna gi\u00f9 e gnente, fin\u00ec tut. b\u00f2n, tut l\u00ec. ciao!<\/p>\n","protected":false},"excerpt":{"rendered":"<\/p>\n<p>(<a href=\"https:\/\/giannidavico.it\/brainfood\/2016\/05\/30\/salire-per-scendere\/\">an italian, quaic\u00f2s ch&#8217;a smija a cost p\u00f2st<\/a>)<\/p>\n<p>dai 1761 m\u00e9ter d\u00ebl <a href=\"https:\/\/it.wikipedia.org\/wiki\/Santuario_di_San_Magno\" target=\"_blank\">santuari &#8216;d Castelmagn<\/a> ai 2647 d\u00ebl <a href=\"https:\/\/it.wikipedia.org\/wiki\/Monte_Tibert\" target=\"_blank\">mont Tibert<\/a><\/p>\n<p>l&#8217;ocasion a ven da <a href=\"https:\/\/giannidavico.it\/gopiedmont\/2015\/11\/11\/da-na-parola-an-su\/#comment-565\">s\u00ec<\/a> (Annamaria Falco)<\/p>\n<p>se i lo fass nen adess i lo farai p\u00ec nen<\/p>\n<p>ij pens\u00e9 an \u00e0uta montagna a son p\u00ec pur<\/p>\n<p>\u00ebl salut a l&#8217;\u00e8 na forma &#8216;d rispet: <\/p>\n<p><a href=\"http:\/\/rifugiolascola.it\/\" target=\"_blank\">Rifugio La Scola<\/a> (<a href=\"https:\/\/www.facebook.com\/rifugiolascola\" target=\"_blank\">ambeless\u00ec la p\u00e0gina Facebook<\/a>)<\/p>\n<p>col camposanto e col santuari (e la st\u00f9a dla Piata) a son <em>figura<\/em> dla pas interior (Auerbach, <em>Studi su Dante<\/em>)<\/p>\n<p>mn\u00ec s\u00ec a l&#8217;\u00e9 un segn d&#8217;esse viv<\/p>\n<p>ij problema a riesso nen a riv\u00e9 s\u00ec, \u00e0ut par\u00e8j. peui it cale gi\u00f9 e a l&#8217;\u00e9 come prima. as torna gi\u00f9 e gnente, fin\u00ec tut. b\u00f2n, tut l\u00ec. ciao!<\/p>\n","protected":false},"author":4,"featured_media":0,"comment_status":"open","ping_status":"open","sticky":false,"template":"","format":"standard","meta":[],"categories":[130],"tags":[7857,52,4020],"yoast_head":"<!-- This site is optimized with the Yoast SEO plugin v19.14 - https:\/\/yoast.com\/wordpress\/plugins\/seo\/ -->\n<title>Mont\u00e9 p\u00ebr cal\u00e9 - Go Piedmont<\/title>\n<meta name=\"robots\" content=\"index, follow, max-snippet:-1, max-image-preview:large, max-video-preview:-1\" \/>\n<link rel=\"canonical\" href=\"https:\/\/giannidavico.it\/gopiedmont\/2016\/06\/01\/monte-per-cale\/\" \/>\n<meta property=\"og:locale\" content=\"it_IT\" \/>\n<meta property=\"og:type\" content=\"article\" \/>\n<meta property=\"og:title\" content=\"Mont\u00e9 p\u00ebr cal\u00e9 - Go Piedmont\" \/>\n<meta property=\"og:description\" content=\"(an italian, quaic\u00f2s ch&#8217;a smija a cost p\u00f2st) dai 1761 m\u00e9ter d\u00ebl santuari &#8216;d Castelmagn ai 2647 d\u00ebl mont Tibert l&#8217;ocasion a ven da s\u00ec (Annamaria Falco) se i lo fass nen adess i lo farai p\u00ec nen ij pens\u00e9 an \u00e0uta montagna a son p\u00ec pur \u00ebl salut a l&#8217;\u00e8 na forma &#8216;d rispet: Rifugio La Scola (ambeless\u00ec la p\u00e0gina Facebook) col camposanto e col santuari (e la st\u00f9a dla Piata) a son figura dla pas interior (Auerbach, Studi su Dante) mn\u00ec s\u00ec a l&#8217;\u00e9 un segn d&#8217;esse viv ij problema a riesso nen a riv\u00e9 s\u00ec, \u00e0ut par\u00e8j. peui it cale gi\u00f9 e a l&#8217;\u00e9 come prima. as torna gi\u00f9 e gnente, fin\u00ec tut. b\u00f2n, tut l\u00ec. ciao!\" \/>\n<meta property=\"og:url\" content=\"https:\/\/giannidavico.it\/gopiedmont\/2016\/06\/01\/monte-per-cale\/\" \/>\n<meta property=\"og:site_name\" content=\"Go Piedmont\" \/>\n<meta property=\"article:published_time\" content=\"2016-06-01T08:25:07+00:00\" \/>\n<meta name=\"author\" content=\"giannidavico\" \/>\n<meta name=\"twitter:card\" content=\"summary_large_image\" \/>\n<meta name=\"twitter:label1\" content=\"Scritto da\" \/>\n\t<meta name=\"twitter:data1\" content=\"giannidavico\" \/>\n\t<meta name=\"twitter:label2\" content=\"Tempo di lettura stimato\" \/>\n\t<meta name=\"twitter:data2\" content=\"1 minuto\" \/>\n<script type=\"application\/ld+json\" class=\"yoast-schema-graph\">{\"@context\":\"https:\/\/schema.org\",\"@graph\":[{\"@type\":\"WebPage\",\"@id\":\"https:\/\/giannidavico.it\/gopiedmont\/2016\/06\/01\/monte-per-cale\/\",\"url\":\"https:\/\/giannidavico.it\/gopiedmont\/2016\/06\/01\/monte-per-cale\/\",\"name\":\"Mont\u00e9 p\u00ebr cal\u00e9 - Go Piedmont\",\"isPartOf\":{\"@id\":\"https:\/\/giannidavico.it\/gopiedmont\/#website\"},\"datePublished\":\"2016-06-01T08:25:07+00:00\",\"dateModified\":\"2016-06-01T08:25:07+00:00\",\"author\":{\"@id\":\"https:\/\/giannidavico.it\/gopiedmont\/#\/schema\/person\/ea1fd17d8f2dba325f3712219efa8f77\"},\"inLanguage\":\"it-IT\",\"potentialAction\":[{\"@type\":\"ReadAction\",\"target\":[\"https:\/\/giannidavico.it\/gopiedmont\/2016\/06\/01\/monte-per-cale\/\"]}]},{\"@type\":\"WebSite\",\"@id\":\"https:\/\/giannidavico.it\/gopiedmont\/#website\",\"url\":\"https:\/\/giannidavico.it\/gopiedmont\/\",\"name\":\"Go Piedmont\",\"description\":\"pens\u00e9 dzora l\u00ecber, event e p\u00ebrson-e grop\u00e0 al Piemont e a la lenga piemont\u00e8isa\",\"potentialAction\":[{\"@type\":\"SearchAction\",\"target\":{\"@type\":\"EntryPoint\",\"urlTemplate\":\"https:\/\/giannidavico.it\/gopiedmont\/?s={search_term_string}\"},\"query-input\":\"required name=search_term_string\"}],\"inLanguage\":\"it-IT\"},{\"@type\":\"Person\",\"@id\":\"https:\/\/giannidavico.it\/gopiedmont\/#\/schema\/person\/ea1fd17d8f2dba325f3712219efa8f77\",\"name\":\"giannidavico\",\"image\":{\"@type\":\"ImageObject\",\"inLanguage\":\"it-IT\",\"@id\":\"https:\/\/giannidavico.it\/gopiedmont\/#\/schema\/person\/image\/\",\"url\":\"https:\/\/secure.gravatar.com\/avatar\/337748753d882602f3038b55fb369ba1?s=96&d=mm&r=g\",\"contentUrl\":\"https:\/\/secure.gravatar.com\/avatar\/337748753d882602f3038b55fb369ba1?s=96&d=mm&r=g\",\"caption\":\"giannidavico\"},\"url\":\"https:\/\/giannidavico.it\/gopiedmont\/author\/giannidavico\/\"}]}<\/script>\n<!-- \/ Yoast SEO plugin. -->","yoast_head_json":{"title":"Mont\u00e9 p\u00ebr cal\u00e9 - Go Piedmont","robots":{"index":"index","follow":"follow","max-snippet":"max-snippet:-1","max-image-preview":"max-image-preview:large","max-video-preview":"max-video-preview:-1"},"canonical":"https:\/\/giannidavico.it\/gopiedmont\/2016\/06\/01\/monte-per-cale\/","og_locale":"it_IT","og_type":"article","og_title":"Mont\u00e9 p\u00ebr cal\u00e9 - Go Piedmont","og_description":"(an italian, quaic\u00f2s ch&#8217;a smija a cost p\u00f2st) dai 1761 m\u00e9ter d\u00ebl santuari &#8216;d Castelmagn ai 2647 d\u00ebl mont Tibert l&#8217;ocasion a ven da s\u00ec (Annamaria Falco) se i lo fass nen adess i lo farai p\u00ec nen ij pens\u00e9 an \u00e0uta montagna a son p\u00ec pur \u00ebl salut a l&#8217;\u00e8 na forma &#8216;d rispet: Rifugio La Scola (ambeless\u00ec la p\u00e0gina Facebook) col camposanto e col santuari (e la st\u00f9a dla Piata) a son figura dla pas interior (Auerbach, Studi su Dante) mn\u00ec s\u00ec a l&#8217;\u00e9 un segn d&#8217;esse viv ij problema a riesso nen a riv\u00e9 s\u00ec, \u00e0ut par\u00e8j. peui it cale gi\u00f9 e a l&#8217;\u00e9 come prima. as torna gi\u00f9 e gnente, fin\u00ec tut. b\u00f2n, tut l\u00ec. ciao!","og_url":"https:\/\/giannidavico.it\/gopiedmont\/2016\/06\/01\/monte-per-cale\/","og_site_name":"Go Piedmont","article_published_time":"2016-06-01T08:25:07+00:00","author":"giannidavico","twitter_card":"summary_large_image","twitter_misc":{"Scritto da":"giannidavico","Tempo di lettura stimato":"1 minuto"},"schema":{"@context":"https:\/\/schema.org","@graph":[{"@type":"WebPage","@id":"https:\/\/giannidavico.it\/gopiedmont\/2016\/06\/01\/monte-per-cale\/","url":"https:\/\/giannidavico.it\/gopiedmont\/2016\/06\/01\/monte-per-cale\/","name":"Mont\u00e9 p\u00ebr cal\u00e9 - Go Piedmont","isPartOf":{"@id":"https:\/\/giannidavico.it\/gopiedmont\/#website"},"datePublished":"2016-06-01T08:25:07+00:00","dateModified":"2016-06-01T08:25:07+00:00","author":{"@id":"https:\/\/giannidavico.it\/gopiedmont\/#\/schema\/person\/ea1fd17d8f2dba325f3712219efa8f77"},"inLanguage":"it-IT","potentialAction":[{"@type":"ReadAction","target":["https:\/\/giannidavico.it\/gopiedmont\/2016\/06\/01\/monte-per-cale\/"]}]},{"@type":"WebSite","@id":"https:\/\/giannidavico.it\/gopiedmont\/#website","url":"https:\/\/giannidavico.it\/gopiedmont\/","name":"Go Piedmont","description":"pens\u00e9 dzora l\u00ecber, event e p\u00ebrson-e grop\u00e0 al Piemont e a la lenga piemont\u00e8isa","potentialAction":[{"@type":"SearchAction","target":{"@type":"EntryPoint","urlTemplate":"https:\/\/giannidavico.it\/gopiedmont\/?s={search_term_string}"},"query-input":"required name=search_term_string"}],"inLanguage":"it-IT"},{"@type":"Person","@id":"https:\/\/giannidavico.it\/gopiedmont\/#\/schema\/person\/ea1fd17d8f2dba325f3712219efa8f77","name":"giannidavico","image":{"@type":"ImageObject","inLanguage":"it-IT","@id":"https:\/\/giannidavico.it\/gopiedmont\/#\/schema\/person\/image\/","url":"https:\/\/secure.gravatar.com\/avatar\/337748753d882602f3038b55fb369ba1?s=96&d=mm&r=g","contentUrl":"https:\/\/secure.gravatar.com\/avatar\/337748753d882602f3038b55fb369ba1?s=96&d=mm&r=g","caption":"giannidavico"},"url":"https:\/\/giannidavico.it\/gopiedmont\/author\/giannidavico\/"}]}},"_links":{"self":[{"href":"https:\/\/giannidavico.it\/gopiedmont\/wp-json\/wp\/v2\/posts\/3426"}],"collection":[{"href":"https:\/\/giannidavico.it\/gopiedmont\/wp-json\/wp\/v2\/posts"}],"about":[{"href":"https:\/\/giannidavico.it\/gopiedmont\/wp-json\/wp\/v2\/types\/post"}],"author":[{"embeddable":true,"href":"https:\/\/giannidavico.it\/gopiedmont\/wp-json\/wp\/v2\/users\/4"}],"replies":[{"embeddable":true,"href":"https:\/\/giannidavico.it\/gopiedmont\/wp-json\/wp\/v2\/comments?post=3426"}],"version-history":[{"count":6,"href":"https:\/\/giannidavico.it\/gopiedmont\/wp-json\/wp\/v2\/posts\/3426\/revisions"}],"predecessor-version":[{"id":3432,"href":"https:\/\/giannidavico.it\/gopiedmont\/wp-json\/wp\/v2\/posts\/3426\/revisions\/3432"}],"wp:attachment":[{"href":"https:\/\/giannidavico.it\/gopiedmont\/wp-json\/wp\/v2\/media?parent=3426"}],"wp:term":[{"taxonomy":"category","embeddable":true,"href":"https:\/\/giannidavico.it\/gopiedmont\/wp-json\/wp\/v2\/categories?post=3426"},{"taxonomy":"post_tag","embeddable":true,"href":"https:\/\/giannidavico.it\/gopiedmont\/wp-json\/wp\/v2\/tags?post=3426"}],"curies":[{"name":"wp","href":"https:\/\/api.w.org\/{rel}","templated":true}]}}