{"id":3434,"date":"2016-06-08T10:32:49","date_gmt":"2016-06-08T09:32:49","guid":{"rendered":"https:\/\/giannidavico.it\/staging\/gopiedmont\/?p=3434"},"modified":"2016-06-08T10:32:49","modified_gmt":"2016-06-08T09:32:49","slug":"la-cita-granda-la-cita-cita-e-l-piemonteis","status":"publish","type":"post","link":"https:\/\/giannidavico.it\/gopiedmont\/2016\/06\/08\/la-cita-granda-la-cita-cita-e-l-piemonteis\/","title":{"rendered":"La cita granda, la cita cita e &#8216;l piemont\u00e8is"},"content":{"rendered":"<p><a href=\"https:\/\/giannidavico.it\/gopiedmont\/files\/2016\/06\/IMG_1457.jpg\"><img loading=\"lazy\" src=\"https:\/\/giannidavico.it\/gopiedmont\/files\/2016\/06\/IMG_1457-300x225.jpg\" alt=\"IMG_1457\" width=\"300\" height=\"225\" class=\"alignright size-medium wp-image-3435\" srcset=\"https:\/\/giannidavico.it\/gopiedmont\/files\/2016\/06\/IMG_1457-300x225.jpg 300w, https:\/\/giannidavico.it\/gopiedmont\/files\/2016\/06\/IMG_1457-768x576.jpg 768w, https:\/\/giannidavico.it\/gopiedmont\/files\/2016\/06\/IMG_1457-1024x768.jpg 1024w, https:\/\/giannidavico.it\/gopiedmont\/files\/2016\/06\/IMG_1457.jpg 1280w\" sizes=\"(max-width: 300px) 100vw, 300px\" \/><\/a><br \/>\n<iframe loading=\"lazy\" width=\"560\" height=\"315\" src=\"https:\/\/www.youtube.com\/embed\/RWURfNuXRAo?rel=0\" frameborder=\"0\" allowfullscreen><\/iframe><\/p>\n<p>A l&#8217;han fame n&#8217;oservassion.<br \/>\nCosta a l&#8217;\u00e9 mia risp\u00f2sta.<\/p>\n","protected":false},"excerpt":{"rendered":"<p><a href=\"https:\/\/giannidavico.it\/gopiedmont\/files\/2016\/06\/IMG_1457.jpg\"><img loading=\"lazy\" src=\"https:\/\/giannidavico.it\/gopiedmont\/files\/2016\/06\/IMG_1457-300x225.jpg\" alt=\"IMG_1457\" width=\"300\" height=\"225\" class=\"alignright size-medium wp-image-3435\" srcset=\"https:\/\/giannidavico.it\/gopiedmont\/files\/2016\/06\/IMG_1457-300x225.jpg 300w, https:\/\/giannidavico.it\/gopiedmont\/files\/2016\/06\/IMG_1457-768x576.jpg 768w, https:\/\/giannidavico.it\/gopiedmont\/files\/2016\/06\/IMG_1457-1024x768.jpg 1024w, https:\/\/giannidavico.it\/gopiedmont\/files\/2016\/06\/IMG_1457.jpg 1280w\" sizes=\"(max-width: 300px) 100vw, 300px\" \/><\/a> <\/p>\n<p>A l&#8217;han fame n&#8217;oservassion.<br \/> Costa a l&#8217;\u00e9 mia risp\u00f2sta.<\/p>\n","protected":false},"author":4,"featured_media":0,"comment_status":"open","ping_status":"open","sticky":false,"template":"","format":"standard","meta":[],"categories":[130],"tags":[76,107,64],"yoast_head":"<!-- This site is optimized with the Yoast SEO plugin v19.14 - https:\/\/yoast.com\/wordpress\/plugins\/seo\/ -->\n<title>La cita granda, la cita cita e &#039;l piemont\u00e8is - Go Piedmont<\/title>\n<meta name=\"robots\" content=\"index, follow, max-snippet:-1, max-image-preview:large, max-video-preview:-1\" \/>\n<link rel=\"canonical\" href=\"https:\/\/giannidavico.it\/gopiedmont\/2016\/06\/08\/la-cita-granda-la-cita-cita-e-l-piemonteis\/\" \/>\n<meta property=\"og:locale\" content=\"it_IT\" \/>\n<meta property=\"og:type\" content=\"article\" \/>\n<meta property=\"og:title\" content=\"La cita granda, la cita cita e &#039;l piemont\u00e8is - Go Piedmont\" \/>\n<meta property=\"og:description\" content=\"A l&#8217;han fame n&#8217;oservassion. Costa a l&#8217;\u00e9 mia risp\u00f2sta.\" \/>\n<meta property=\"og:url\" content=\"https:\/\/giannidavico.it\/gopiedmont\/2016\/06\/08\/la-cita-granda-la-cita-cita-e-l-piemonteis\/\" \/>\n<meta property=\"og:site_name\" content=\"Go Piedmont\" \/>\n<meta property=\"article:published_time\" content=\"2016-06-08T09:32:49+00:00\" \/>\n<meta property=\"og:image\" content=\"https:\/\/giannidavico.it\/gopiedmont\/files\/2016\/06\/IMG_1457-300x225.jpg\" \/>\n<meta name=\"author\" content=\"giannidavico\" \/>\n<meta name=\"twitter:card\" content=\"summary_large_image\" \/>\n<meta name=\"twitter:label1\" content=\"Scritto da\" \/>\n\t<meta name=\"twitter:data1\" content=\"giannidavico\" \/>\n<script type=\"application\/ld+json\" class=\"yoast-schema-graph\">{\"@context\":\"https:\/\/schema.org\",\"@graph\":[{\"@type\":\"WebPage\",\"@id\":\"https:\/\/giannidavico.it\/gopiedmont\/2016\/06\/08\/la-cita-granda-la-cita-cita-e-l-piemonteis\/\",\"url\":\"https:\/\/giannidavico.it\/gopiedmont\/2016\/06\/08\/la-cita-granda-la-cita-cita-e-l-piemonteis\/\",\"name\":\"La cita granda, la cita cita e 'l piemont\u00e8is - Go Piedmont\",\"isPartOf\":{\"@id\":\"https:\/\/giannidavico.it\/gopiedmont\/#website\"},\"datePublished\":\"2016-06-08T09:32:49+00:00\",\"dateModified\":\"2016-06-08T09:32:49+00:00\",\"author\":{\"@id\":\"https:\/\/giannidavico.it\/gopiedmont\/#\/schema\/person\/ea1fd17d8f2dba325f3712219efa8f77\"},\"inLanguage\":\"it-IT\",\"potentialAction\":[{\"@type\":\"ReadAction\",\"target\":[\"https:\/\/giannidavico.it\/gopiedmont\/2016\/06\/08\/la-cita-granda-la-cita-cita-e-l-piemonteis\/\"]}]},{\"@type\":\"WebSite\",\"@id\":\"https:\/\/giannidavico.it\/gopiedmont\/#website\",\"url\":\"https:\/\/giannidavico.it\/gopiedmont\/\",\"name\":\"Go Piedmont\",\"description\":\"pens\u00e9 dzora l\u00ecber, event e p\u00ebrson-e grop\u00e0 al Piemont e a la lenga piemont\u00e8isa\",\"potentialAction\":[{\"@type\":\"SearchAction\",\"target\":{\"@type\":\"EntryPoint\",\"urlTemplate\":\"https:\/\/giannidavico.it\/gopiedmont\/?s={search_term_string}\"},\"query-input\":\"required name=search_term_string\"}],\"inLanguage\":\"it-IT\"},{\"@type\":\"Person\",\"@id\":\"https:\/\/giannidavico.it\/gopiedmont\/#\/schema\/person\/ea1fd17d8f2dba325f3712219efa8f77\",\"name\":\"giannidavico\",\"image\":{\"@type\":\"ImageObject\",\"inLanguage\":\"it-IT\",\"@id\":\"https:\/\/giannidavico.it\/gopiedmont\/#\/schema\/person\/image\/\",\"url\":\"https:\/\/secure.gravatar.com\/avatar\/337748753d882602f3038b55fb369ba1?s=96&d=mm&r=g\",\"contentUrl\":\"https:\/\/secure.gravatar.com\/avatar\/337748753d882602f3038b55fb369ba1?s=96&d=mm&r=g\",\"caption\":\"giannidavico\"},\"url\":\"https:\/\/giannidavico.it\/gopiedmont\/author\/giannidavico\/\"}]}<\/script>\n<!-- \/ Yoast SEO plugin. -->","yoast_head_json":{"title":"La cita granda, la cita cita e 'l piemont\u00e8is - Go Piedmont","robots":{"index":"index","follow":"follow","max-snippet":"max-snippet:-1","max-image-preview":"max-image-preview:large","max-video-preview":"max-video-preview:-1"},"canonical":"https:\/\/giannidavico.it\/gopiedmont\/2016\/06\/08\/la-cita-granda-la-cita-cita-e-l-piemonteis\/","og_locale":"it_IT","og_type":"article","og_title":"La cita granda, la cita cita e 'l piemont\u00e8is - Go Piedmont","og_description":"A l&#8217;han fame n&#8217;oservassion. Costa a l&#8217;\u00e9 mia risp\u00f2sta.","og_url":"https:\/\/giannidavico.it\/gopiedmont\/2016\/06\/08\/la-cita-granda-la-cita-cita-e-l-piemonteis\/","og_site_name":"Go Piedmont","article_published_time":"2016-06-08T09:32:49+00:00","og_image":[{"url":"https:\/\/giannidavico.it\/gopiedmont\/files\/2016\/06\/IMG_1457-300x225.jpg"}],"author":"giannidavico","twitter_card":"summary_large_image","twitter_misc":{"Scritto da":"giannidavico"},"schema":{"@context":"https:\/\/schema.org","@graph":[{"@type":"WebPage","@id":"https:\/\/giannidavico.it\/gopiedmont\/2016\/06\/08\/la-cita-granda-la-cita-cita-e-l-piemonteis\/","url":"https:\/\/giannidavico.it\/gopiedmont\/2016\/06\/08\/la-cita-granda-la-cita-cita-e-l-piemonteis\/","name":"La cita granda, la cita cita e 'l piemont\u00e8is - Go Piedmont","isPartOf":{"@id":"https:\/\/giannidavico.it\/gopiedmont\/#website"},"datePublished":"2016-06-08T09:32:49+00:00","dateModified":"2016-06-08T09:32:49+00:00","author":{"@id":"https:\/\/giannidavico.it\/gopiedmont\/#\/schema\/person\/ea1fd17d8f2dba325f3712219efa8f77"},"inLanguage":"it-IT","potentialAction":[{"@type":"ReadAction","target":["https:\/\/giannidavico.it\/gopiedmont\/2016\/06\/08\/la-cita-granda-la-cita-cita-e-l-piemonteis\/"]}]},{"@type":"WebSite","@id":"https:\/\/giannidavico.it\/gopiedmont\/#website","url":"https:\/\/giannidavico.it\/gopiedmont\/","name":"Go Piedmont","description":"pens\u00e9 dzora l\u00ecber, event e p\u00ebrson-e grop\u00e0 al Piemont e a la lenga piemont\u00e8isa","potentialAction":[{"@type":"SearchAction","target":{"@type":"EntryPoint","urlTemplate":"https:\/\/giannidavico.it\/gopiedmont\/?s={search_term_string}"},"query-input":"required name=search_term_string"}],"inLanguage":"it-IT"},{"@type":"Person","@id":"https:\/\/giannidavico.it\/gopiedmont\/#\/schema\/person\/ea1fd17d8f2dba325f3712219efa8f77","name":"giannidavico","image":{"@type":"ImageObject","inLanguage":"it-IT","@id":"https:\/\/giannidavico.it\/gopiedmont\/#\/schema\/person\/image\/","url":"https:\/\/secure.gravatar.com\/avatar\/337748753d882602f3038b55fb369ba1?s=96&d=mm&r=g","contentUrl":"https:\/\/secure.gravatar.com\/avatar\/337748753d882602f3038b55fb369ba1?s=96&d=mm&r=g","caption":"giannidavico"},"url":"https:\/\/giannidavico.it\/gopiedmont\/author\/giannidavico\/"}]}},"_links":{"self":[{"href":"https:\/\/giannidavico.it\/gopiedmont\/wp-json\/wp\/v2\/posts\/3434"}],"collection":[{"href":"https:\/\/giannidavico.it\/gopiedmont\/wp-json\/wp\/v2\/posts"}],"about":[{"href":"https:\/\/giannidavico.it\/gopiedmont\/wp-json\/wp\/v2\/types\/post"}],"author":[{"embeddable":true,"href":"https:\/\/giannidavico.it\/gopiedmont\/wp-json\/wp\/v2\/users\/4"}],"replies":[{"embeddable":true,"href":"https:\/\/giannidavico.it\/gopiedmont\/wp-json\/wp\/v2\/comments?post=3434"}],"version-history":[{"count":1,"href":"https:\/\/giannidavico.it\/gopiedmont\/wp-json\/wp\/v2\/posts\/3434\/revisions"}],"predecessor-version":[{"id":3436,"href":"https:\/\/giannidavico.it\/gopiedmont\/wp-json\/wp\/v2\/posts\/3434\/revisions\/3436"}],"wp:attachment":[{"href":"https:\/\/giannidavico.it\/gopiedmont\/wp-json\/wp\/v2\/media?parent=3434"}],"wp:term":[{"taxonomy":"category","embeddable":true,"href":"https:\/\/giannidavico.it\/gopiedmont\/wp-json\/wp\/v2\/categories?post=3434"},{"taxonomy":"post_tag","embeddable":true,"href":"https:\/\/giannidavico.it\/gopiedmont\/wp-json\/wp\/v2\/tags?post=3434"}],"curies":[{"name":"wp","href":"https:\/\/api.w.org\/{rel}","templated":true}]}}