{"id":3437,"date":"2016-06-15T09:05:43","date_gmt":"2016-06-15T08:05:43","guid":{"rendered":"https:\/\/giannidavico.it\/staging\/gopiedmont\/?p=3437"},"modified":"2016-06-15T09:05:43","modified_gmt":"2016-06-15T08:05:43","slug":"giovannino-guareschi-jelession","status":"publish","type":"post","link":"https:\/\/giannidavico.it\/gopiedmont\/2016\/06\/15\/giovannino-guareschi-jelession\/","title":{"rendered":"Giovannino Guareschi, J&#8217;elession"},"content":{"rendered":"<p><a href=\"https:\/\/giannidavico.it\/gopiedmont\/files\/2014\/01\/Baffo-racconta.jpg\"><img loading=\"lazy\" src=\"https:\/\/giannidavico.it\/gopiedmont\/files\/2014\/01\/Baffo-racconta.jpg\" alt=\"Baffo racconta\" width=\"170\" height=\"260\" class=\"alignright size-full wp-image-2093\" \/><\/a><br \/>\nA torna Guareschi, mers\u00ec a la tradussion an piemont\u00e8is \u00ebd Renato Agagliate.<\/p>\n<p>\u00cbl t\u00f2ch, gav\u00e0 da <a href=\"https:\/\/www.amazon.it\/Baffo-racconta-Giovanni-Guareschi\/dp\/8817009571?ie=UTF8&#038;qid=1442924363&#038;ref_=sr_1_1&#038;sr=8-1&#038;tag=giandavi-2\" target=\"_blank\">cost l\u00ecber<\/a>, a l&#8217;\u00e9 <a href=\"https:\/\/giannidavico.it\/gopiedmont\/files\/2016\/06\/Elession.pdf\">ambeless\u00ec<\/a>.<\/p>\n<p>Na sitassion:<\/p>\n<blockquote><p>\u201cArcordeve che, ant la scheda dla C\u00e0mera e \u2019dc\u00f2 ant cola d\u00ebl Senat, \u00ebl s\u00ecmbol giust a l\u2019\u00e9 l\u2019\u00f9ltim\u201d.<br \/>\n\u201cN\u00f2, reverend\u201d, a l\u2019ha b\u00ebsbij\u00e0 la Desolin-a. \u201cA l\u2019\u00e9 \u2019l ters an tute e doe le schede\u201d.<\/p><\/blockquote>\n<p>N&#8217;\u00e0utra bela preuva, e noi i dijoma grassie a Ren\u00e9.<\/p>\n","protected":false},"excerpt":{"rendered":"<p><a href=\"https:\/\/giannidavico.it\/gopiedmont\/files\/2014\/01\/Baffo-racconta.jpg\"><img loading=\"lazy\" src=\"https:\/\/giannidavico.it\/gopiedmont\/files\/2014\/01\/Baffo-racconta.jpg\" alt=\"Baffo racconta\" width=\"170\" height=\"260\" class=\"alignright size-full wp-image-2093\" \/><\/a><br \/> A torna Guareschi, mers\u00ec a la tradussion an piemont\u00e8is \u00ebd Renato Agagliate.<\/p>\n<p>\u00cbl t\u00f2ch, gav\u00e0 da <a href=\"https:\/\/www.amazon.it\/Baffo-racconta-Giovanni-Guareschi\/dp\/8817009571?ie=UTF8&#038;qid=1442924363&#038;ref_=sr_1_1&#038;sr=8-1&#038;tag=giandavi-2\" target=\"_blank\">cost l\u00ecber<\/a>, a l&#8217;\u00e9 <a href=\"https:\/\/giannidavico.it\/gopiedmont\/files\/2016\/06\/Elession.pdf\">ambeless\u00ec<\/a>.<\/p>\n<p>Na sitassion:<\/p>\n<p>\u201cArcordeve che, ant la scheda dla C\u00e0mera e \u2019dc\u00f2 ant cola d\u00ebl Senat, \u00ebl s\u00ecmbol giust a l\u2019\u00e9 l\u2019\u00f9ltim\u201d.<br \/> \u201cN\u00f2, reverend\u201d, a l\u2019ha b\u00ebsbij\u00e0 la Desolin-a. \u201cA l\u2019\u00e9 \u2019l ters an tute e doe le schede\u201d.<\/p>\n<p>N&#8217;\u00e0utra bela preuva, e noi i dijoma grassie a Ren\u00e9.<\/p>\n","protected":false},"author":4,"featured_media":0,"comment_status":"open","ping_status":"open","sticky":false,"template":"","format":"standard","meta":[],"categories":[130],"tags":[7851],"yoast_head":"<!-- This site is optimized with the Yoast SEO plugin v19.14 - https:\/\/yoast.com\/wordpress\/plugins\/seo\/ -->\n<title>Giovannino Guareschi, J&#039;elession - Go Piedmont<\/title>\n<meta name=\"robots\" content=\"index, follow, max-snippet:-1, max-image-preview:large, max-video-preview:-1\" \/>\n<link rel=\"canonical\" href=\"https:\/\/giannidavico.it\/gopiedmont\/2016\/06\/15\/giovannino-guareschi-jelession\/\" \/>\n<meta property=\"og:locale\" content=\"it_IT\" \/>\n<meta property=\"og:type\" content=\"article\" \/>\n<meta property=\"og:title\" content=\"Giovannino Guareschi, J&#039;elession - Go Piedmont\" \/>\n<meta property=\"og:description\" content=\"A torna Guareschi, mers\u00ec a la tradussion an piemont\u00e8is \u00ebd Renato Agagliate. \u00cbl t\u00f2ch, gav\u00e0 da cost l\u00ecber, a l&#8217;\u00e9 ambeless\u00ec. Na sitassion: \u201cArcordeve che, ant la scheda dla C\u00e0mera e \u2019dc\u00f2 ant cola d\u00ebl Senat, \u00ebl s\u00ecmbol giust a l\u2019\u00e9 l\u2019\u00f9ltim\u201d. \u201cN\u00f2, reverend\u201d, a l\u2019ha b\u00ebsbij\u00e0 la Desolin-a. \u201cA l\u2019\u00e9 \u2019l ters an tute e doe le schede\u201d. N&#8217;\u00e0utra bela preuva, e noi i dijoma grassie a Ren\u00e9.\" \/>\n<meta property=\"og:url\" content=\"https:\/\/giannidavico.it\/gopiedmont\/2016\/06\/15\/giovannino-guareschi-jelession\/\" \/>\n<meta property=\"og:site_name\" content=\"Go Piedmont\" \/>\n<meta property=\"article:published_time\" content=\"2016-06-15T08:05:43+00:00\" \/>\n<meta property=\"og:image\" content=\"https:\/\/giannidavico.it\/gopiedmont\/files\/2014\/01\/Baffo-racconta.jpg\" \/>\n<meta name=\"author\" content=\"giannidavico\" \/>\n<meta name=\"twitter:card\" content=\"summary_large_image\" \/>\n<meta name=\"twitter:label1\" content=\"Scritto da\" \/>\n\t<meta name=\"twitter:data1\" content=\"giannidavico\" \/>\n<script type=\"application\/ld+json\" class=\"yoast-schema-graph\">{\"@context\":\"https:\/\/schema.org\",\"@graph\":[{\"@type\":\"WebPage\",\"@id\":\"https:\/\/giannidavico.it\/gopiedmont\/2016\/06\/15\/giovannino-guareschi-jelession\/\",\"url\":\"https:\/\/giannidavico.it\/gopiedmont\/2016\/06\/15\/giovannino-guareschi-jelession\/\",\"name\":\"Giovannino Guareschi, J'elession - Go Piedmont\",\"isPartOf\":{\"@id\":\"https:\/\/giannidavico.it\/gopiedmont\/#website\"},\"datePublished\":\"2016-06-15T08:05:43+00:00\",\"dateModified\":\"2016-06-15T08:05:43+00:00\",\"author\":{\"@id\":\"https:\/\/giannidavico.it\/gopiedmont\/#\/schema\/person\/ea1fd17d8f2dba325f3712219efa8f77\"},\"inLanguage\":\"it-IT\",\"potentialAction\":[{\"@type\":\"ReadAction\",\"target\":[\"https:\/\/giannidavico.it\/gopiedmont\/2016\/06\/15\/giovannino-guareschi-jelession\/\"]}]},{\"@type\":\"WebSite\",\"@id\":\"https:\/\/giannidavico.it\/gopiedmont\/#website\",\"url\":\"https:\/\/giannidavico.it\/gopiedmont\/\",\"name\":\"Go Piedmont\",\"description\":\"pens\u00e9 dzora l\u00ecber, event e p\u00ebrson-e grop\u00e0 al Piemont e a la lenga piemont\u00e8isa\",\"potentialAction\":[{\"@type\":\"SearchAction\",\"target\":{\"@type\":\"EntryPoint\",\"urlTemplate\":\"https:\/\/giannidavico.it\/gopiedmont\/?s={search_term_string}\"},\"query-input\":\"required name=search_term_string\"}],\"inLanguage\":\"it-IT\"},{\"@type\":\"Person\",\"@id\":\"https:\/\/giannidavico.it\/gopiedmont\/#\/schema\/person\/ea1fd17d8f2dba325f3712219efa8f77\",\"name\":\"giannidavico\",\"image\":{\"@type\":\"ImageObject\",\"inLanguage\":\"it-IT\",\"@id\":\"https:\/\/giannidavico.it\/gopiedmont\/#\/schema\/person\/image\/\",\"url\":\"https:\/\/secure.gravatar.com\/avatar\/337748753d882602f3038b55fb369ba1?s=96&d=mm&r=g\",\"contentUrl\":\"https:\/\/secure.gravatar.com\/avatar\/337748753d882602f3038b55fb369ba1?s=96&d=mm&r=g\",\"caption\":\"giannidavico\"},\"url\":\"https:\/\/giannidavico.it\/gopiedmont\/author\/giannidavico\/\"}]}<\/script>\n<!-- \/ Yoast SEO plugin. -->","yoast_head_json":{"title":"Giovannino Guareschi, J'elession - Go Piedmont","robots":{"index":"index","follow":"follow","max-snippet":"max-snippet:-1","max-image-preview":"max-image-preview:large","max-video-preview":"max-video-preview:-1"},"canonical":"https:\/\/giannidavico.it\/gopiedmont\/2016\/06\/15\/giovannino-guareschi-jelession\/","og_locale":"it_IT","og_type":"article","og_title":"Giovannino Guareschi, J'elession - Go Piedmont","og_description":"A torna Guareschi, mers\u00ec a la tradussion an piemont\u00e8is \u00ebd Renato Agagliate. \u00cbl t\u00f2ch, gav\u00e0 da cost l\u00ecber, a l&#8217;\u00e9 ambeless\u00ec. Na sitassion: \u201cArcordeve che, ant la scheda dla C\u00e0mera e \u2019dc\u00f2 ant cola d\u00ebl Senat, \u00ebl s\u00ecmbol giust a l\u2019\u00e9 l\u2019\u00f9ltim\u201d. \u201cN\u00f2, reverend\u201d, a l\u2019ha b\u00ebsbij\u00e0 la Desolin-a. \u201cA l\u2019\u00e9 \u2019l ters an tute e doe le schede\u201d. N&#8217;\u00e0utra bela preuva, e noi i dijoma grassie a Ren\u00e9.","og_url":"https:\/\/giannidavico.it\/gopiedmont\/2016\/06\/15\/giovannino-guareschi-jelession\/","og_site_name":"Go Piedmont","article_published_time":"2016-06-15T08:05:43+00:00","og_image":[{"url":"https:\/\/giannidavico.it\/gopiedmont\/files\/2014\/01\/Baffo-racconta.jpg"}],"author":"giannidavico","twitter_card":"summary_large_image","twitter_misc":{"Scritto da":"giannidavico"},"schema":{"@context":"https:\/\/schema.org","@graph":[{"@type":"WebPage","@id":"https:\/\/giannidavico.it\/gopiedmont\/2016\/06\/15\/giovannino-guareschi-jelession\/","url":"https:\/\/giannidavico.it\/gopiedmont\/2016\/06\/15\/giovannino-guareschi-jelession\/","name":"Giovannino Guareschi, J'elession - Go Piedmont","isPartOf":{"@id":"https:\/\/giannidavico.it\/gopiedmont\/#website"},"datePublished":"2016-06-15T08:05:43+00:00","dateModified":"2016-06-15T08:05:43+00:00","author":{"@id":"https:\/\/giannidavico.it\/gopiedmont\/#\/schema\/person\/ea1fd17d8f2dba325f3712219efa8f77"},"inLanguage":"it-IT","potentialAction":[{"@type":"ReadAction","target":["https:\/\/giannidavico.it\/gopiedmont\/2016\/06\/15\/giovannino-guareschi-jelession\/"]}]},{"@type":"WebSite","@id":"https:\/\/giannidavico.it\/gopiedmont\/#website","url":"https:\/\/giannidavico.it\/gopiedmont\/","name":"Go Piedmont","description":"pens\u00e9 dzora l\u00ecber, event e p\u00ebrson-e grop\u00e0 al Piemont e a la lenga piemont\u00e8isa","potentialAction":[{"@type":"SearchAction","target":{"@type":"EntryPoint","urlTemplate":"https:\/\/giannidavico.it\/gopiedmont\/?s={search_term_string}"},"query-input":"required name=search_term_string"}],"inLanguage":"it-IT"},{"@type":"Person","@id":"https:\/\/giannidavico.it\/gopiedmont\/#\/schema\/person\/ea1fd17d8f2dba325f3712219efa8f77","name":"giannidavico","image":{"@type":"ImageObject","inLanguage":"it-IT","@id":"https:\/\/giannidavico.it\/gopiedmont\/#\/schema\/person\/image\/","url":"https:\/\/secure.gravatar.com\/avatar\/337748753d882602f3038b55fb369ba1?s=96&d=mm&r=g","contentUrl":"https:\/\/secure.gravatar.com\/avatar\/337748753d882602f3038b55fb369ba1?s=96&d=mm&r=g","caption":"giannidavico"},"url":"https:\/\/giannidavico.it\/gopiedmont\/author\/giannidavico\/"}]}},"_links":{"self":[{"href":"https:\/\/giannidavico.it\/gopiedmont\/wp-json\/wp\/v2\/posts\/3437"}],"collection":[{"href":"https:\/\/giannidavico.it\/gopiedmont\/wp-json\/wp\/v2\/posts"}],"about":[{"href":"https:\/\/giannidavico.it\/gopiedmont\/wp-json\/wp\/v2\/types\/post"}],"author":[{"embeddable":true,"href":"https:\/\/giannidavico.it\/gopiedmont\/wp-json\/wp\/v2\/users\/4"}],"replies":[{"embeddable":true,"href":"https:\/\/giannidavico.it\/gopiedmont\/wp-json\/wp\/v2\/comments?post=3437"}],"version-history":[{"count":4,"href":"https:\/\/giannidavico.it\/gopiedmont\/wp-json\/wp\/v2\/posts\/3437\/revisions"}],"predecessor-version":[{"id":3442,"href":"https:\/\/giannidavico.it\/gopiedmont\/wp-json\/wp\/v2\/posts\/3437\/revisions\/3442"}],"wp:attachment":[{"href":"https:\/\/giannidavico.it\/gopiedmont\/wp-json\/wp\/v2\/media?parent=3437"}],"wp:term":[{"taxonomy":"category","embeddable":true,"href":"https:\/\/giannidavico.it\/gopiedmont\/wp-json\/wp\/v2\/categories?post=3437"},{"taxonomy":"post_tag","embeddable":true,"href":"https:\/\/giannidavico.it\/gopiedmont\/wp-json\/wp\/v2\/tags?post=3437"}],"curies":[{"name":"wp","href":"https:\/\/api.w.org\/{rel}","templated":true}]}}