{"id":3444,"date":"2016-06-22T08:27:32","date_gmt":"2016-06-22T07:27:32","guid":{"rendered":"https:\/\/giannidavico.it\/staging\/gopiedmont\/?p=3444"},"modified":"2016-06-22T08:29:20","modified_gmt":"2016-06-22T07:29:20","slug":"premassion-concors-literari-moncravel-2016","status":"publish","type":"post","link":"https:\/\/giannidavico.it\/gopiedmont\/2016\/06\/22\/premassion-concors-literari-moncravel-2016\/","title":{"rendered":"Premiassion concors literari Moncravel 2016"},"content":{"rendered":"<p><a href=\"https:\/\/giannidavico.it\/gopiedmont\/files\/2016\/06\/castel.jpg\"><img loading=\"lazy\" src=\"https:\/\/giannidavico.it\/gopiedmont\/files\/2016\/06\/castel-300x225.jpg\" alt=\"castel\" width=\"300\" height=\"225\" class=\"alignright size-medium wp-image-3446\" srcset=\"https:\/\/giannidavico.it\/gopiedmont\/files\/2016\/06\/castel-300x225.jpg 300w, https:\/\/giannidavico.it\/gopiedmont\/files\/2016\/06\/castel.jpg 600w\" sizes=\"(max-width: 300px) 100vw, 300px\" \/><\/a><br \/>\nCosta dum\u00ecnica a-i sar\u00e0 la premiassion \u00ebd <a href=\"https:\/\/giannidavico.it\/gopiedmont\/2015\/11\/25\/concors-literari-moncravel-2016\/\">cost concors<\/a>, soagn\u00e0 da la comun-a &#8216;d Moncravel e da la Fondassion Valleris.<\/p>\n<p>Com ch&#8217;an arc\u00f2rda S\u00e0nder Motin, \u00e0nima &#8216;d costa inissiativa,<\/p>\n<blockquote><p>La sirim\u00f2nia as tnir\u00e0 ant la sala ducal d\u00ebl castel ancaminand da 10 ori dla matin.<br \/>\nSempi ant la giorn\u00e0 p\u00ebr \u00ebl pais a-i sar\u00e0 la <a href=\"http:\/\/www.sagramirtillomoncrivello.it\" target=\"_blank\">Sagra del Mirtillo<\/a> (<em>brivaco<\/em> an piemont\u00e0is moncravl\u00ebt), con possibilit\u00e0 \u2018d disn\u00e0 e visit\u00e0 Moncravel con s\u00f2 monument e soa colin-a.<\/p><\/blockquote>\n<p>Com ch&#8217;i l&#8217;av\u00eca gi\u00e0 arcord\u00e0 <a href=\"https:\/\/giannidavico.it\/gopiedmont\/2016\/05\/18\/scrive-an-piemonteis\/\">ambeless\u00ec<\/a>, la sorpr\u00e8isa p\u00ec bela p\u00ebr mi a l&#8217;\u00e9 st\u00e0ita lese tante euvre scrite com ch&#8217;as deuv: d\u00eb dl\u00e0 dal contn\u00f9, che certament a l&#8217;\u00e9 important, un dij fondament \u00ebd na lenga scrita a l&#8217;\u00e9 ch&#8217;as rispeto le r\u00e9gole ch&#8217;i soma dasse &#8211; o, se as contraven-o, ch&#8217;as fassa con cossiensa &#8216;d causa e con un motiv precis. (Nen p\u00ec tard che gi\u00f2bia pass\u00e0 quaidun, ch&#8217;a travaja ant n&#8217;ufissi d&#8217;un nodar, a l&#8217;ha scrivume che &#8220;il notaio ieri a rivisto il costo&#8221;: e mi i l&#8217;hai pens\u00e0 che n\u00f2sta lenga italian-a as m\u00e9rita nen un tratament par\u00e8j.)<\/p>\n<p>E donca am f\u00e0 pias\u00ec f\u00e9 ij compliment a tute le p\u00ebrson-e ch&#8217;a l&#8217;han but\u00e0 s\u00f2 temp e s\u00f2 angagg p\u00ebr partissip\u00e9 al concors; e peui a tute le p\u00ebrson-e e j&#8217;organisassion ch&#8217;a l&#8217;han f\u00e0it e a faran an manera che costa a sia na bela festa popolar.<\/p>\n","protected":false},"excerpt":{"rendered":"<p><a href=\"https:\/\/giannidavico.it\/gopiedmont\/files\/2016\/06\/castel.jpg\"><img loading=\"lazy\" src=\"https:\/\/giannidavico.it\/gopiedmont\/files\/2016\/06\/castel-300x225.jpg\" alt=\"castel\" width=\"300\" height=\"225\" class=\"alignright size-medium wp-image-3446\" srcset=\"https:\/\/giannidavico.it\/gopiedmont\/files\/2016\/06\/castel-300x225.jpg 300w, https:\/\/giannidavico.it\/gopiedmont\/files\/2016\/06\/castel.jpg 600w\" sizes=\"(max-width: 300px) 100vw, 300px\" \/><\/a><br \/> Costa dum\u00ecnica a-i sar\u00e0 la premiassion \u00ebd <a href=\"https:\/\/giannidavico.it\/gopiedmont\/2015\/11\/25\/concors-literari-moncravel-2016\/\">cost concors<\/a>, soagn\u00e0 da la comun-a &#8216;d Moncravel e da la Fondassion Valleris.<\/p>\n<p>Com ch&#8217;an arc\u00f2rda S\u00e0nder Motin, \u00e0nima &#8216;d costa inissiativa,<\/p>\n<p>La sirim\u00f2nia as tnir\u00e0 ant la sala ducal d\u00ebl castel ancaminand da 10 ori dla matin.<br \/> Sempi ant la giorn\u00e0 p\u00ebr \u00ebl pais a-i sar\u00e0 la <a href=\"http:\/\/www.sagramirtillomoncrivello.it\" target=\"_blank\">Sagra del Mirtillo<\/a> (<em>brivaco<\/em> an piemont\u00e0is moncravl\u00ebt), con possibilit\u00e0 \u2018d disn\u00e0 e visit\u00e0 Moncravel con s\u00f2 monument e soa colin-a.<\/p>\n<p>Com ch&#8217;i l&#8217;av\u00eca gi\u00e0 arcord\u00e0 <a href=\"https:\/\/giannidavico.it\/gopiedmont\/2016\/05\/18\/scrive-an-piemonteis\/\">ambeless\u00ec<\/a>, la sorpr\u00e8isa p\u00ec bela p\u00ebr mi a l&#8217;\u00e9 st\u00e0ita lese tante euvre scrite com ch&#8217;as deuv: d\u00eb dl\u00e0 dal contn\u00f9, che certament a l&#8217;\u00e9 important, un dij fondament \u00ebd na lenga scrita a l&#8217;\u00e9 ch&#8217;as rispeto le r\u00e9gole ch&#8217;i soma dasse &#8211; o, se as contraven-o, ch&#8217;as fassa con cossiensa &#8216;d causa e con un motiv precis. (Nen p\u00ec tard che gi\u00f2bia pass\u00e0 quaidun, ch&#8217;a travaja ant n&#8217;ufissi d&#8217;un nodar, a l&#8217;ha scrivume che &#8220;il notaio ieri a rivisto il costo&#8221;: e mi i l&#8217;hai pens\u00e0 che n\u00f2sta lenga italian-a as m\u00e9rita nen un [\u2026] <a class=\"moretag\" href=\"https:\/\/giannidavico.it\/gopiedmont\/2016\/06\/22\/premassion-concors-literari-moncravel-2016\/\">continua a leggere \u00bb<\/a><\/p>\n","protected":false},"author":4,"featured_media":0,"comment_status":"open","ping_status":"open","sticky":false,"template":"","format":"standard","meta":[],"categories":[130],"tags":[131],"yoast_head":"<!-- This site is optimized with the Yoast SEO plugin v19.14 - https:\/\/yoast.com\/wordpress\/plugins\/seo\/ -->\n<title>Premiassion concors literari Moncravel 2016 - Go Piedmont<\/title>\n<meta name=\"robots\" content=\"index, follow, max-snippet:-1, max-image-preview:large, max-video-preview:-1\" \/>\n<link rel=\"canonical\" href=\"https:\/\/giannidavico.it\/gopiedmont\/2016\/06\/22\/premassion-concors-literari-moncravel-2016\/\" \/>\n<meta property=\"og:locale\" content=\"it_IT\" \/>\n<meta property=\"og:type\" content=\"article\" \/>\n<meta property=\"og:title\" content=\"Premiassion concors literari Moncravel 2016 - Go Piedmont\" \/>\n<meta property=\"og:description\" content=\"Costa dum\u00ecnica a-i sar\u00e0 la premiassion \u00ebd cost concors, soagn\u00e0 da la comun-a &#8216;d Moncravel e da la Fondassion Valleris. Com ch&#8217;an arc\u00f2rda S\u00e0nder Motin, \u00e0nima &#8216;d costa inissiativa, La sirim\u00f2nia as tnir\u00e0 ant la sala ducal d\u00ebl castel ancaminand da 10 ori dla matin. Sempi ant la giorn\u00e0 p\u00ebr \u00ebl pais a-i sar\u00e0 la Sagra del Mirtillo (brivaco an piemont\u00e0is moncravl\u00ebt), con possibilit\u00e0 \u2018d disn\u00e0 e visit\u00e0 Moncravel con s\u00f2 monument e soa colin-a. Com ch&#8217;i l&#8217;av\u00eca gi\u00e0 arcord\u00e0 ambeless\u00ec, la sorpr\u00e8isa p\u00ec bela p\u00ebr mi a l&#8217;\u00e9 st\u00e0ita lese tante euvre scrite com ch&#8217;as deuv: d\u00eb dl\u00e0 dal contn\u00f9, che certament a l&#8217;\u00e9 important, un dij fondament \u00ebd na lenga scrita a l&#8217;\u00e9 ch&#8217;as rispeto le r\u00e9gole ch&#8217;i soma dasse &#8211; o, se as contraven-o, ch&#8217;as fassa con cossiensa &#8216;d causa e con un motiv precis. (Nen p\u00ec tard che gi\u00f2bia pass\u00e0 quaidun, ch&#8217;a travaja ant n&#8217;ufissi d&#8217;un nodar, a l&#8217;ha scrivume che &#8220;il notaio ieri a rivisto il costo&#8221;: e mi i l&#8217;hai pens\u00e0 che n\u00f2sta lenga italian-a as m\u00e9rita nen un [\u2026] continua a leggere \u00bb\" \/>\n<meta property=\"og:url\" content=\"https:\/\/giannidavico.it\/gopiedmont\/2016\/06\/22\/premassion-concors-literari-moncravel-2016\/\" \/>\n<meta property=\"og:site_name\" content=\"Go Piedmont\" \/>\n<meta property=\"article:published_time\" content=\"2016-06-22T07:27:32+00:00\" \/>\n<meta property=\"article:modified_time\" content=\"2016-06-22T07:29:20+00:00\" \/>\n<meta property=\"og:image\" content=\"https:\/\/giannidavico.it\/gopiedmont\/files\/2016\/06\/castel-300x225.jpg\" \/>\n<meta name=\"author\" content=\"giannidavico\" \/>\n<meta name=\"twitter:card\" content=\"summary_large_image\" \/>\n<meta name=\"twitter:label1\" content=\"Scritto da\" \/>\n\t<meta name=\"twitter:data1\" content=\"giannidavico\" \/>\n\t<meta name=\"twitter:label2\" content=\"Tempo di lettura stimato\" \/>\n\t<meta name=\"twitter:data2\" content=\"1 minuto\" \/>\n<script type=\"application\/ld+json\" class=\"yoast-schema-graph\">{\"@context\":\"https:\/\/schema.org\",\"@graph\":[{\"@type\":\"WebPage\",\"@id\":\"https:\/\/giannidavico.it\/gopiedmont\/2016\/06\/22\/premassion-concors-literari-moncravel-2016\/\",\"url\":\"https:\/\/giannidavico.it\/gopiedmont\/2016\/06\/22\/premassion-concors-literari-moncravel-2016\/\",\"name\":\"Premiassion concors literari Moncravel 2016 - Go Piedmont\",\"isPartOf\":{\"@id\":\"https:\/\/giannidavico.it\/gopiedmont\/#website\"},\"datePublished\":\"2016-06-22T07:27:32+00:00\",\"dateModified\":\"2016-06-22T07:29:20+00:00\",\"author\":{\"@id\":\"https:\/\/giannidavico.it\/gopiedmont\/#\/schema\/person\/ea1fd17d8f2dba325f3712219efa8f77\"},\"inLanguage\":\"it-IT\",\"potentialAction\":[{\"@type\":\"ReadAction\",\"target\":[\"https:\/\/giannidavico.it\/gopiedmont\/2016\/06\/22\/premassion-concors-literari-moncravel-2016\/\"]}]},{\"@type\":\"WebSite\",\"@id\":\"https:\/\/giannidavico.it\/gopiedmont\/#website\",\"url\":\"https:\/\/giannidavico.it\/gopiedmont\/\",\"name\":\"Go Piedmont\",\"description\":\"pens\u00e9 dzora l\u00ecber, event e p\u00ebrson-e grop\u00e0 al Piemont e a la lenga piemont\u00e8isa\",\"potentialAction\":[{\"@type\":\"SearchAction\",\"target\":{\"@type\":\"EntryPoint\",\"urlTemplate\":\"https:\/\/giannidavico.it\/gopiedmont\/?s={search_term_string}\"},\"query-input\":\"required name=search_term_string\"}],\"inLanguage\":\"it-IT\"},{\"@type\":\"Person\",\"@id\":\"https:\/\/giannidavico.it\/gopiedmont\/#\/schema\/person\/ea1fd17d8f2dba325f3712219efa8f77\",\"name\":\"giannidavico\",\"image\":{\"@type\":\"ImageObject\",\"inLanguage\":\"it-IT\",\"@id\":\"https:\/\/giannidavico.it\/gopiedmont\/#\/schema\/person\/image\/\",\"url\":\"https:\/\/secure.gravatar.com\/avatar\/337748753d882602f3038b55fb369ba1?s=96&d=mm&r=g\",\"contentUrl\":\"https:\/\/secure.gravatar.com\/avatar\/337748753d882602f3038b55fb369ba1?s=96&d=mm&r=g\",\"caption\":\"giannidavico\"},\"url\":\"https:\/\/giannidavico.it\/gopiedmont\/author\/giannidavico\/\"}]}<\/script>\n<!-- \/ Yoast SEO plugin. -->","yoast_head_json":{"title":"Premiassion concors literari Moncravel 2016 - Go Piedmont","robots":{"index":"index","follow":"follow","max-snippet":"max-snippet:-1","max-image-preview":"max-image-preview:large","max-video-preview":"max-video-preview:-1"},"canonical":"https:\/\/giannidavico.it\/gopiedmont\/2016\/06\/22\/premassion-concors-literari-moncravel-2016\/","og_locale":"it_IT","og_type":"article","og_title":"Premiassion concors literari Moncravel 2016 - Go Piedmont","og_description":"Costa dum\u00ecnica a-i sar\u00e0 la premiassion \u00ebd cost concors, soagn\u00e0 da la comun-a &#8216;d Moncravel e da la Fondassion Valleris. Com ch&#8217;an arc\u00f2rda S\u00e0nder Motin, \u00e0nima &#8216;d costa inissiativa, La sirim\u00f2nia as tnir\u00e0 ant la sala ducal d\u00ebl castel ancaminand da 10 ori dla matin. Sempi ant la giorn\u00e0 p\u00ebr \u00ebl pais a-i sar\u00e0 la Sagra del Mirtillo (brivaco an piemont\u00e0is moncravl\u00ebt), con possibilit\u00e0 \u2018d disn\u00e0 e visit\u00e0 Moncravel con s\u00f2 monument e soa colin-a. Com ch&#8217;i l&#8217;av\u00eca gi\u00e0 arcord\u00e0 ambeless\u00ec, la sorpr\u00e8isa p\u00ec bela p\u00ebr mi a l&#8217;\u00e9 st\u00e0ita lese tante euvre scrite com ch&#8217;as deuv: d\u00eb dl\u00e0 dal contn\u00f9, che certament a l&#8217;\u00e9 important, un dij fondament \u00ebd na lenga scrita a l&#8217;\u00e9 ch&#8217;as rispeto le r\u00e9gole ch&#8217;i soma dasse &#8211; o, se as contraven-o, ch&#8217;as fassa con cossiensa &#8216;d causa e con un motiv precis. (Nen p\u00ec tard che gi\u00f2bia pass\u00e0 quaidun, ch&#8217;a travaja ant n&#8217;ufissi d&#8217;un nodar, a l&#8217;ha scrivume che &#8220;il notaio ieri a rivisto il costo&#8221;: e mi i l&#8217;hai pens\u00e0 che n\u00f2sta lenga italian-a as m\u00e9rita nen un [\u2026] continua a leggere \u00bb","og_url":"https:\/\/giannidavico.it\/gopiedmont\/2016\/06\/22\/premassion-concors-literari-moncravel-2016\/","og_site_name":"Go Piedmont","article_published_time":"2016-06-22T07:27:32+00:00","article_modified_time":"2016-06-22T07:29:20+00:00","og_image":[{"url":"https:\/\/giannidavico.it\/gopiedmont\/files\/2016\/06\/castel-300x225.jpg"}],"author":"giannidavico","twitter_card":"summary_large_image","twitter_misc":{"Scritto da":"giannidavico","Tempo di lettura stimato":"1 minuto"},"schema":{"@context":"https:\/\/schema.org","@graph":[{"@type":"WebPage","@id":"https:\/\/giannidavico.it\/gopiedmont\/2016\/06\/22\/premassion-concors-literari-moncravel-2016\/","url":"https:\/\/giannidavico.it\/gopiedmont\/2016\/06\/22\/premassion-concors-literari-moncravel-2016\/","name":"Premiassion concors literari Moncravel 2016 - Go Piedmont","isPartOf":{"@id":"https:\/\/giannidavico.it\/gopiedmont\/#website"},"datePublished":"2016-06-22T07:27:32+00:00","dateModified":"2016-06-22T07:29:20+00:00","author":{"@id":"https:\/\/giannidavico.it\/gopiedmont\/#\/schema\/person\/ea1fd17d8f2dba325f3712219efa8f77"},"inLanguage":"it-IT","potentialAction":[{"@type":"ReadAction","target":["https:\/\/giannidavico.it\/gopiedmont\/2016\/06\/22\/premassion-concors-literari-moncravel-2016\/"]}]},{"@type":"WebSite","@id":"https:\/\/giannidavico.it\/gopiedmont\/#website","url":"https:\/\/giannidavico.it\/gopiedmont\/","name":"Go Piedmont","description":"pens\u00e9 dzora l\u00ecber, event e p\u00ebrson-e grop\u00e0 al Piemont e a la lenga piemont\u00e8isa","potentialAction":[{"@type":"SearchAction","target":{"@type":"EntryPoint","urlTemplate":"https:\/\/giannidavico.it\/gopiedmont\/?s={search_term_string}"},"query-input":"required name=search_term_string"}],"inLanguage":"it-IT"},{"@type":"Person","@id":"https:\/\/giannidavico.it\/gopiedmont\/#\/schema\/person\/ea1fd17d8f2dba325f3712219efa8f77","name":"giannidavico","image":{"@type":"ImageObject","inLanguage":"it-IT","@id":"https:\/\/giannidavico.it\/gopiedmont\/#\/schema\/person\/image\/","url":"https:\/\/secure.gravatar.com\/avatar\/337748753d882602f3038b55fb369ba1?s=96&d=mm&r=g","contentUrl":"https:\/\/secure.gravatar.com\/avatar\/337748753d882602f3038b55fb369ba1?s=96&d=mm&r=g","caption":"giannidavico"},"url":"https:\/\/giannidavico.it\/gopiedmont\/author\/giannidavico\/"}]}},"_links":{"self":[{"href":"https:\/\/giannidavico.it\/gopiedmont\/wp-json\/wp\/v2\/posts\/3444"}],"collection":[{"href":"https:\/\/giannidavico.it\/gopiedmont\/wp-json\/wp\/v2\/posts"}],"about":[{"href":"https:\/\/giannidavico.it\/gopiedmont\/wp-json\/wp\/v2\/types\/post"}],"author":[{"embeddable":true,"href":"https:\/\/giannidavico.it\/gopiedmont\/wp-json\/wp\/v2\/users\/4"}],"replies":[{"embeddable":true,"href":"https:\/\/giannidavico.it\/gopiedmont\/wp-json\/wp\/v2\/comments?post=3444"}],"version-history":[{"count":7,"href":"https:\/\/giannidavico.it\/gopiedmont\/wp-json\/wp\/v2\/posts\/3444\/revisions"}],"predecessor-version":[{"id":3452,"href":"https:\/\/giannidavico.it\/gopiedmont\/wp-json\/wp\/v2\/posts\/3444\/revisions\/3452"}],"wp:attachment":[{"href":"https:\/\/giannidavico.it\/gopiedmont\/wp-json\/wp\/v2\/media?parent=3444"}],"wp:term":[{"taxonomy":"category","embeddable":true,"href":"https:\/\/giannidavico.it\/gopiedmont\/wp-json\/wp\/v2\/categories?post=3444"},{"taxonomy":"post_tag","embeddable":true,"href":"https:\/\/giannidavico.it\/gopiedmont\/wp-json\/wp\/v2\/tags?post=3444"}],"curies":[{"name":"wp","href":"https:\/\/api.w.org\/{rel}","templated":true}]}}