{"id":3488,"date":"2016-07-27T11:31:10","date_gmt":"2016-07-27T10:31:10","guid":{"rendered":"https:\/\/giannidavico.it\/staging\/gopiedmont\/?p=3488"},"modified":"2016-07-27T11:31:10","modified_gmt":"2016-07-27T10:31:10","slug":"an-bici-nann-dop","status":"publish","type":"post","link":"https:\/\/giannidavico.it\/gopiedmont\/2016\/07\/27\/an-bici-nann-dop\/","title":{"rendered":"An bici, n&#8217;ann d\u00f2p"},"content":{"rendered":"<p><a href=\"https:\/\/giannidavico.it\/gopiedmont\/files\/2016\/07\/IMG_1535.jpg\"><img loading=\"lazy\" src=\"https:\/\/giannidavico.it\/gopiedmont\/files\/2016\/07\/IMG_1535-300x225.jpg\" alt=\"IMG_1535\" width=\"300\" height=\"225\" class=\"alignright size-medium wp-image-3490\" srcset=\"https:\/\/giannidavico.it\/gopiedmont\/files\/2016\/07\/IMG_1535-300x225.jpg 300w, https:\/\/giannidavico.it\/gopiedmont\/files\/2016\/07\/IMG_1535-768x576.jpg 768w, https:\/\/giannidavico.it\/gopiedmont\/files\/2016\/07\/IMG_1535.jpg 1024w\" sizes=\"(max-width: 300px) 100vw, 300px\" \/><\/a><br \/>\nGiusta n&#8217;an f\u00e0 <a href=\"https:\/\/giannidavico.it\/gopiedmont\/2015\/07\/22\/an-bici\/\">i l&#8217;av\u00eca pij\u00e0 la bici partend da me arfugi an sle montagne, e f\u00e0it un p\u00f2che &#8216;d considerassion ansima al piemont\u00e8is<\/a>. Ancheuj i farai p\u00ec o meno l&#8217;istess, ma partend da ca, con \u00ebl but \u00ebd riv\u00e9 &#8211; 90 chil\u00f2metri p\u00ec an l\u00e0 &#8211; a m\u00e8 arfugi. (<a href=\"https:\/\/giannidavico.it\/brainfood\/2016\/07\/18\/pulire-i-pensieri\/\">Che arfugi p\u00ec tant a l&#8217;\u00e9 nen, adess<\/a>; ma passiensa, d\u00f2p a un seugn ch&#8217;a finiss a-i \u00e9 sempe n&#8217;\u00e0utr seugn ch&#8217;a t\u00eb speta, bele s&#8217;it lo con\u00f2sse ancor nen.)<\/p>\n<p>Ancheuj, passand p\u00ebr n\u00f2ste pian-e (Carmagn\u00f2la &#8211; Racunis &#8211; Cavalimor &#8211; Savian &#8211; Vilafal\u00e8t &#8211; Busca &#8211; Dron\u00e9), i l&#8217;avrai manera d&#8217;ordin\u00e9 ij pens\u00e9, <a href=\"https:\/\/giannidavico.it\/brainfood\/2016\/07\/25\/come-le-cose-che-finiscono\/\">che ultimament tant ordin a l&#8217;han nen<\/a>. I penserai &#8216;dc\u00f2 al piemont\u00e8is (p\u00ebrch\u00e8 n\u00f2ste campagne am parlo <em>sempe<\/em> an piemont\u00e8is), al p\u00f2ch ch&#8217;i fass e ch&#8217;i peuss f\u00e9 p\u00ebr la lenga ch&#8217;am ambrassa, a l\u00f2n ch&#8217;a sar\u00e0 doman \u00ebl piemont\u00e8is. E i penserai &#8216;dc\u00f2 che an tute le manere i son content \u00ebd pens\u00e9 an doe lenghe diferente, p\u00ebrch\u00e8 mia lenga (che a l&#8217;\u00e9 &#8220;<a href=\"https:\/\/giannidavico.it\/gopiedmont\/2010\/11\/17\/i-muvrini-a-mio-lingua\/\">cantu \/ ch\u00ec colma u core<\/a>&#8220;) am giuta a v\u00ebdde &#8216;l mond an manera p\u00ec completa.<\/p>\n<p>Gnun-e por. Andoma anans. A sar\u00e0 l\u00f2n ch&#8217;a sar\u00e0.<\/p>\n","protected":false},"excerpt":{"rendered":"<p><a href=\"https:\/\/giannidavico.it\/gopiedmont\/files\/2016\/07\/IMG_1535.jpg\"><img loading=\"lazy\" src=\"https:\/\/giannidavico.it\/gopiedmont\/files\/2016\/07\/IMG_1535-300x225.jpg\" alt=\"IMG_1535\" width=\"300\" height=\"225\" class=\"alignright size-medium wp-image-3490\" srcset=\"https:\/\/giannidavico.it\/gopiedmont\/files\/2016\/07\/IMG_1535-300x225.jpg 300w, https:\/\/giannidavico.it\/gopiedmont\/files\/2016\/07\/IMG_1535-768x576.jpg 768w, https:\/\/giannidavico.it\/gopiedmont\/files\/2016\/07\/IMG_1535.jpg 1024w\" sizes=\"(max-width: 300px) 100vw, 300px\" \/><\/a><br \/> Giusta n&#8217;an f\u00e0 <a href=\"https:\/\/giannidavico.it\/gopiedmont\/2015\/07\/22\/an-bici\/\">i l&#8217;av\u00eca pij\u00e0 la bici partend da me arfugi an sle montagne, e f\u00e0it un p\u00f2che &#8216;d considerassion ansima al piemont\u00e8is<\/a>. Ancheuj i farai p\u00ec o meno l&#8217;istess, ma partend da ca, con \u00ebl but \u00ebd riv\u00e9 &#8211; 90 chil\u00f2metri p\u00ec an l\u00e0 &#8211; a m\u00e8 arfugi. (<a href=\"https:\/\/giannidavico.it\/brainfood\/2016\/07\/18\/pulire-i-pensieri\/\">Che arfugi p\u00ec tant a l&#8217;\u00e9 nen, adess<\/a>; ma passiensa, d\u00f2p a un seugn ch&#8217;a finiss a-i \u00e9 sempe n&#8217;\u00e0utr seugn ch&#8217;a t\u00eb speta, bele s&#8217;it lo con\u00f2sse ancor nen.)<\/p>\n<p>Ancheuj, passand p\u00ebr n\u00f2ste pian-e (Carmagn\u00f2la &#8211; Racunis &#8211; Cavalimor &#8211; Savian &#8211; Vilafal\u00e8t &#8211; Busca &#8211; Dron\u00e9), i l&#8217;avrai manera d&#8217;ordin\u00e9 ij pens\u00e9, <a href=\"https:\/\/giannidavico.it\/brainfood\/2016\/07\/25\/come-le-cose-che-finiscono\/\">che ultimament tant ordin a l&#8217;han nen<\/a>. I penserai &#8216;dc\u00f2 al piemont\u00e8is (p\u00ebrch\u00e8 n\u00f2ste campagne am parlo <em>sempe<\/em> an piemont\u00e8is), al p\u00f2ch ch&#8217;i fass e ch&#8217;i peuss f\u00e9 p\u00ebr la lenga ch&#8217;am ambrassa, a l\u00f2n ch&#8217;a sar\u00e0 doman \u00ebl piemont\u00e8is. E i penserai &#8216;dc\u00f2 che an tute le manere i son content \u00ebd pens\u00e9 an doe lenghe diferente, p\u00ebrch\u00e8 mia lenga (che a l&#8217;\u00e9 &#8220;<a href=\"https:\/\/giannidavico.it\/gopiedmont\/2010\/11\/17\/i-muvrini-a-mio-lingua\/\">cantu \/ ch\u00ec colma u core<\/a>&#8220;) [\u2026] <a class=\"moretag\" href=\"https:\/\/giannidavico.it\/gopiedmont\/2016\/07\/27\/an-bici-nann-dop\/\">continua a leggere \u00bb<\/a><\/p>\n","protected":false},"author":4,"featured_media":0,"comment_status":"open","ping_status":"open","sticky":false,"template":"","format":"standard","meta":[],"categories":[130],"tags":[7858],"yoast_head":"<!-- This site is optimized with the Yoast SEO plugin v19.14 - https:\/\/yoast.com\/wordpress\/plugins\/seo\/ -->\n<title>An bici, n&#039;ann d\u00f2p - Go Piedmont<\/title>\n<meta name=\"robots\" content=\"index, follow, max-snippet:-1, max-image-preview:large, max-video-preview:-1\" \/>\n<link rel=\"canonical\" href=\"https:\/\/giannidavico.it\/gopiedmont\/2016\/07\/27\/an-bici-nann-dop\/\" \/>\n<meta property=\"og:locale\" content=\"it_IT\" \/>\n<meta property=\"og:type\" content=\"article\" \/>\n<meta property=\"og:title\" content=\"An bici, n&#039;ann d\u00f2p - Go Piedmont\" \/>\n<meta property=\"og:description\" content=\"Giusta n&#8217;an f\u00e0 i l&#8217;av\u00eca pij\u00e0 la bici partend da me arfugi an sle montagne, e f\u00e0it un p\u00f2che &#8216;d considerassion ansima al piemont\u00e8is. Ancheuj i farai p\u00ec o meno l&#8217;istess, ma partend da ca, con \u00ebl but \u00ebd riv\u00e9 &#8211; 90 chil\u00f2metri p\u00ec an l\u00e0 &#8211; a m\u00e8 arfugi. (Che arfugi p\u00ec tant a l&#8217;\u00e9 nen, adess; ma passiensa, d\u00f2p a un seugn ch&#8217;a finiss a-i \u00e9 sempe n&#8217;\u00e0utr seugn ch&#8217;a t\u00eb speta, bele s&#8217;it lo con\u00f2sse ancor nen.) Ancheuj, passand p\u00ebr n\u00f2ste pian-e (Carmagn\u00f2la &#8211; Racunis &#8211; Cavalimor &#8211; Savian &#8211; Vilafal\u00e8t &#8211; Busca &#8211; Dron\u00e9), i l&#8217;avrai manera d&#8217;ordin\u00e9 ij pens\u00e9, che ultimament tant ordin a l&#8217;han nen. I penserai &#8216;dc\u00f2 al piemont\u00e8is (p\u00ebrch\u00e8 n\u00f2ste campagne am parlo sempe an piemont\u00e8is), al p\u00f2ch ch&#8217;i fass e ch&#8217;i peuss f\u00e9 p\u00ebr la lenga ch&#8217;am ambrassa, a l\u00f2n ch&#8217;a sar\u00e0 doman \u00ebl piemont\u00e8is. E i penserai &#8216;dc\u00f2 che an tute le manere i son content \u00ebd pens\u00e9 an doe lenghe diferente, p\u00ebrch\u00e8 mia lenga (che a l&#8217;\u00e9 &#8220;cantu \/ ch\u00ec colma u core&#8220;) [\u2026] continua a leggere \u00bb\" \/>\n<meta property=\"og:url\" content=\"https:\/\/giannidavico.it\/gopiedmont\/2016\/07\/27\/an-bici-nann-dop\/\" \/>\n<meta property=\"og:site_name\" content=\"Go Piedmont\" \/>\n<meta property=\"article:published_time\" content=\"2016-07-27T10:31:10+00:00\" \/>\n<meta property=\"og:image\" content=\"https:\/\/giannidavico.it\/gopiedmont\/files\/2016\/07\/IMG_1535-300x225.jpg\" \/>\n<meta name=\"author\" content=\"giannidavico\" \/>\n<meta name=\"twitter:card\" content=\"summary_large_image\" \/>\n<meta name=\"twitter:label1\" content=\"Scritto da\" \/>\n\t<meta name=\"twitter:data1\" content=\"giannidavico\" \/>\n\t<meta name=\"twitter:label2\" content=\"Tempo di lettura stimato\" \/>\n\t<meta name=\"twitter:data2\" content=\"1 minuto\" \/>\n<script type=\"application\/ld+json\" class=\"yoast-schema-graph\">{\"@context\":\"https:\/\/schema.org\",\"@graph\":[{\"@type\":\"WebPage\",\"@id\":\"https:\/\/giannidavico.it\/gopiedmont\/2016\/07\/27\/an-bici-nann-dop\/\",\"url\":\"https:\/\/giannidavico.it\/gopiedmont\/2016\/07\/27\/an-bici-nann-dop\/\",\"name\":\"An bici, n'ann d\u00f2p - Go Piedmont\",\"isPartOf\":{\"@id\":\"https:\/\/giannidavico.it\/gopiedmont\/#website\"},\"datePublished\":\"2016-07-27T10:31:10+00:00\",\"dateModified\":\"2016-07-27T10:31:10+00:00\",\"author\":{\"@id\":\"https:\/\/giannidavico.it\/gopiedmont\/#\/schema\/person\/ea1fd17d8f2dba325f3712219efa8f77\"},\"inLanguage\":\"it-IT\",\"potentialAction\":[{\"@type\":\"ReadAction\",\"target\":[\"https:\/\/giannidavico.it\/gopiedmont\/2016\/07\/27\/an-bici-nann-dop\/\"]}]},{\"@type\":\"WebSite\",\"@id\":\"https:\/\/giannidavico.it\/gopiedmont\/#website\",\"url\":\"https:\/\/giannidavico.it\/gopiedmont\/\",\"name\":\"Go Piedmont\",\"description\":\"pens\u00e9 dzora l\u00ecber, event e p\u00ebrson-e grop\u00e0 al Piemont e a la lenga piemont\u00e8isa\",\"potentialAction\":[{\"@type\":\"SearchAction\",\"target\":{\"@type\":\"EntryPoint\",\"urlTemplate\":\"https:\/\/giannidavico.it\/gopiedmont\/?s={search_term_string}\"},\"query-input\":\"required name=search_term_string\"}],\"inLanguage\":\"it-IT\"},{\"@type\":\"Person\",\"@id\":\"https:\/\/giannidavico.it\/gopiedmont\/#\/schema\/person\/ea1fd17d8f2dba325f3712219efa8f77\",\"name\":\"giannidavico\",\"image\":{\"@type\":\"ImageObject\",\"inLanguage\":\"it-IT\",\"@id\":\"https:\/\/giannidavico.it\/gopiedmont\/#\/schema\/person\/image\/\",\"url\":\"https:\/\/secure.gravatar.com\/avatar\/337748753d882602f3038b55fb369ba1?s=96&d=mm&r=g\",\"contentUrl\":\"https:\/\/secure.gravatar.com\/avatar\/337748753d882602f3038b55fb369ba1?s=96&d=mm&r=g\",\"caption\":\"giannidavico\"},\"url\":\"https:\/\/giannidavico.it\/gopiedmont\/author\/giannidavico\/\"}]}<\/script>\n<!-- \/ Yoast SEO plugin. -->","yoast_head_json":{"title":"An bici, n'ann d\u00f2p - Go Piedmont","robots":{"index":"index","follow":"follow","max-snippet":"max-snippet:-1","max-image-preview":"max-image-preview:large","max-video-preview":"max-video-preview:-1"},"canonical":"https:\/\/giannidavico.it\/gopiedmont\/2016\/07\/27\/an-bici-nann-dop\/","og_locale":"it_IT","og_type":"article","og_title":"An bici, n'ann d\u00f2p - Go Piedmont","og_description":"Giusta n&#8217;an f\u00e0 i l&#8217;av\u00eca pij\u00e0 la bici partend da me arfugi an sle montagne, e f\u00e0it un p\u00f2che &#8216;d considerassion ansima al piemont\u00e8is. Ancheuj i farai p\u00ec o meno l&#8217;istess, ma partend da ca, con \u00ebl but \u00ebd riv\u00e9 &#8211; 90 chil\u00f2metri p\u00ec an l\u00e0 &#8211; a m\u00e8 arfugi. (Che arfugi p\u00ec tant a l&#8217;\u00e9 nen, adess; ma passiensa, d\u00f2p a un seugn ch&#8217;a finiss a-i \u00e9 sempe n&#8217;\u00e0utr seugn ch&#8217;a t\u00eb speta, bele s&#8217;it lo con\u00f2sse ancor nen.) Ancheuj, passand p\u00ebr n\u00f2ste pian-e (Carmagn\u00f2la &#8211; Racunis &#8211; Cavalimor &#8211; Savian &#8211; Vilafal\u00e8t &#8211; Busca &#8211; Dron\u00e9), i l&#8217;avrai manera d&#8217;ordin\u00e9 ij pens\u00e9, che ultimament tant ordin a l&#8217;han nen. I penserai &#8216;dc\u00f2 al piemont\u00e8is (p\u00ebrch\u00e8 n\u00f2ste campagne am parlo sempe an piemont\u00e8is), al p\u00f2ch ch&#8217;i fass e ch&#8217;i peuss f\u00e9 p\u00ebr la lenga ch&#8217;am ambrassa, a l\u00f2n ch&#8217;a sar\u00e0 doman \u00ebl piemont\u00e8is. E i penserai &#8216;dc\u00f2 che an tute le manere i son content \u00ebd pens\u00e9 an doe lenghe diferente, p\u00ebrch\u00e8 mia lenga (che a l&#8217;\u00e9 &#8220;cantu \/ ch\u00ec colma u core&#8220;) [\u2026] continua a leggere \u00bb","og_url":"https:\/\/giannidavico.it\/gopiedmont\/2016\/07\/27\/an-bici-nann-dop\/","og_site_name":"Go Piedmont","article_published_time":"2016-07-27T10:31:10+00:00","og_image":[{"url":"https:\/\/giannidavico.it\/gopiedmont\/files\/2016\/07\/IMG_1535-300x225.jpg"}],"author":"giannidavico","twitter_card":"summary_large_image","twitter_misc":{"Scritto da":"giannidavico","Tempo di lettura stimato":"1 minuto"},"schema":{"@context":"https:\/\/schema.org","@graph":[{"@type":"WebPage","@id":"https:\/\/giannidavico.it\/gopiedmont\/2016\/07\/27\/an-bici-nann-dop\/","url":"https:\/\/giannidavico.it\/gopiedmont\/2016\/07\/27\/an-bici-nann-dop\/","name":"An bici, n'ann d\u00f2p - Go Piedmont","isPartOf":{"@id":"https:\/\/giannidavico.it\/gopiedmont\/#website"},"datePublished":"2016-07-27T10:31:10+00:00","dateModified":"2016-07-27T10:31:10+00:00","author":{"@id":"https:\/\/giannidavico.it\/gopiedmont\/#\/schema\/person\/ea1fd17d8f2dba325f3712219efa8f77"},"inLanguage":"it-IT","potentialAction":[{"@type":"ReadAction","target":["https:\/\/giannidavico.it\/gopiedmont\/2016\/07\/27\/an-bici-nann-dop\/"]}]},{"@type":"WebSite","@id":"https:\/\/giannidavico.it\/gopiedmont\/#website","url":"https:\/\/giannidavico.it\/gopiedmont\/","name":"Go Piedmont","description":"pens\u00e9 dzora l\u00ecber, event e p\u00ebrson-e grop\u00e0 al Piemont e a la lenga piemont\u00e8isa","potentialAction":[{"@type":"SearchAction","target":{"@type":"EntryPoint","urlTemplate":"https:\/\/giannidavico.it\/gopiedmont\/?s={search_term_string}"},"query-input":"required name=search_term_string"}],"inLanguage":"it-IT"},{"@type":"Person","@id":"https:\/\/giannidavico.it\/gopiedmont\/#\/schema\/person\/ea1fd17d8f2dba325f3712219efa8f77","name":"giannidavico","image":{"@type":"ImageObject","inLanguage":"it-IT","@id":"https:\/\/giannidavico.it\/gopiedmont\/#\/schema\/person\/image\/","url":"https:\/\/secure.gravatar.com\/avatar\/337748753d882602f3038b55fb369ba1?s=96&d=mm&r=g","contentUrl":"https:\/\/secure.gravatar.com\/avatar\/337748753d882602f3038b55fb369ba1?s=96&d=mm&r=g","caption":"giannidavico"},"url":"https:\/\/giannidavico.it\/gopiedmont\/author\/giannidavico\/"}]}},"_links":{"self":[{"href":"https:\/\/giannidavico.it\/gopiedmont\/wp-json\/wp\/v2\/posts\/3488"}],"collection":[{"href":"https:\/\/giannidavico.it\/gopiedmont\/wp-json\/wp\/v2\/posts"}],"about":[{"href":"https:\/\/giannidavico.it\/gopiedmont\/wp-json\/wp\/v2\/types\/post"}],"author":[{"embeddable":true,"href":"https:\/\/giannidavico.it\/gopiedmont\/wp-json\/wp\/v2\/users\/4"}],"replies":[{"embeddable":true,"href":"https:\/\/giannidavico.it\/gopiedmont\/wp-json\/wp\/v2\/comments?post=3488"}],"version-history":[{"count":5,"href":"https:\/\/giannidavico.it\/gopiedmont\/wp-json\/wp\/v2\/posts\/3488\/revisions"}],"predecessor-version":[{"id":3494,"href":"https:\/\/giannidavico.it\/gopiedmont\/wp-json\/wp\/v2\/posts\/3488\/revisions\/3494"}],"wp:attachment":[{"href":"https:\/\/giannidavico.it\/gopiedmont\/wp-json\/wp\/v2\/media?parent=3488"}],"wp:term":[{"taxonomy":"category","embeddable":true,"href":"https:\/\/giannidavico.it\/gopiedmont\/wp-json\/wp\/v2\/categories?post=3488"},{"taxonomy":"post_tag","embeddable":true,"href":"https:\/\/giannidavico.it\/gopiedmont\/wp-json\/wp\/v2\/tags?post=3488"}],"curies":[{"name":"wp","href":"https:\/\/api.w.org\/{rel}","templated":true}]}}