{"id":3510,"date":"2016-08-10T10:55:52","date_gmt":"2016-08-10T09:55:52","guid":{"rendered":"https:\/\/giannidavico.it\/staging\/gopiedmont\/?p=3510"},"modified":"2016-08-10T10:55:52","modified_gmt":"2016-08-10T09:55:52","slug":"desse-da-fe","status":"publish","type":"post","link":"https:\/\/giannidavico.it\/gopiedmont\/2016\/08\/10\/desse-da-fe\/","title":{"rendered":"Desse da f\u00e9"},"content":{"rendered":"<p>I son and\u00e0it ant l&#8217;\u00f2rt, stamatin &#8211; a j&#8217;era tanti di ch&#8217;i j&#8217;andas\u00eca p\u00ec nen &#8211;, e i l&#8217;hai truvalo (com ch&#8217;a j&#8217;era l\u00f2gich spetesse) pien d&#8217;erba. A l&#8217;\u00e9 smijame na met\u00e0fora ci\u00e0ira &#8216;d n\u00f2sta lenga: a l&#8217;abandon, solitaria, d\u00ebsmenti\u00e0.<\/p>\n<p>I l&#8217;hai pens\u00e0 che l\u00f2n ch&#8217;i peuss f\u00e9 a l&#8217;\u00e9 p\u00ec o meno gaveje un p\u00f2ch d&#8217;erba, felo mn\u00ec un p\u00f2ch p\u00ec bel. E se la r\u00f2ba a mnir\u00e0 nen passiensa, i l&#8217;hai nen la bach\u00ebtta m\u00e0gica.<\/p>\n<p>Desse da f\u00e9 &#8211; f\u00f2ra &#8216;d met\u00e0fora: parlelo, parlelo p\u00ec che d&#8217;\u00e0ut; e peui scotelo e leslo, miraco scrivlo &#8216;dc\u00f2, minca tant, mincadun com ch&#8217;a l&#8217;\u00e9 bon &#8211; a l&#8217;\u00e9 l\u00f2n ch&#8217;i pudoma f\u00e9. \u00cbd p\u00ec ancheuj i pudoma nen pretende: s\u00f2ld a-i na j&#8217;\u00e9 nen, l&#8217;interesse p\u00ebr costa lenga a l&#8217;\u00e9 p\u00f2ch. A l&#8217;\u00e9 par\u00e8j. Ma noi i pudoma l&#8217;istess desse da f\u00e9.<\/p>\n<p><a href=\"https:\/\/giannidavico.it\/gopiedmont\/2015\/04\/01\/nicola-duberti-taj-curt\/\">Nicola Duberti<\/a>, pr&#8217;esempi, a l&#8217;ha but\u00e0 <a href=\"https:\/\/www.academia.edu\/27623977\/Appunti_di_piemontese.pdf\" target=\"_blank\">ambeless\u00ec<\/a> le dispense prepar\u00e0 p\u00ebr \u00ebl prim <a href=\"http:\/\/linguistica.campusnet.unito.it\/do\/corsi.pl\/Show?_id=ajx7;sort=DEFAULT;search=%7bdocente%7d%20%3d%7e%20%2f%5enduberti%20%2ev%2e%2fm%20and%20%7burl_avvalenza%7d%20eq%20%26%2339%3b%26%2339%3b;hits=2\" target=\"_blank\">Laborat\u00f2ri &#8216;d piemont\u00e8is<\/a> ch&#8217;a l&#8217;ha tn\u00f9 st&#8217;ann a l&#8217;universit\u00e0 &#8216;d Turin.<\/p>\n<p>R\u00f2be cite, as capiss. Ma chiel a l&#8217;\u00e9 un ch&#8217;as d\u00e0 da f\u00e9. Desse da f\u00e9.<\/p>\n","protected":false},"excerpt":{"rendered":"<p>I son and\u00e0it ant l&#8217;\u00f2rt, stamatin &#8211; a j&#8217;era tanti di ch&#8217;i j&#8217;andas\u00eca p\u00ec nen &#8211;, e i l&#8217;hai truvalo (com ch&#8217;a j&#8217;era l\u00f2gich spetesse) pien d&#8217;erba. A l&#8217;\u00e9 smijame na met\u00e0fora ci\u00e0ira &#8216;d n\u00f2sta lenga: a l&#8217;abandon, solitaria, d\u00ebsmenti\u00e0.<\/p>\n<p>I l&#8217;hai pens\u00e0 che l\u00f2n ch&#8217;i peuss f\u00e9 a l&#8217;\u00e9 p\u00ec o meno gaveje un p\u00f2ch d&#8217;erba, felo mn\u00ec un p\u00f2ch p\u00ec bel. E se la r\u00f2ba a mnir\u00e0 nen passiensa, i l&#8217;hai nen la bach\u00ebtta m\u00e0gica.<\/p>\n<p>Desse da f\u00e9 &#8211; f\u00f2ra &#8216;d met\u00e0fora: parlelo, parlelo p\u00ec che d&#8217;\u00e0ut; e peui scotelo e leslo, miraco scrivlo &#8216;dc\u00f2, minca tant, mincadun com ch&#8217;a l&#8217;\u00e9 bon &#8211; a l&#8217;\u00e9 l\u00f2n ch&#8217;i pudoma f\u00e9. \u00cbd p\u00ec ancheuj i pudoma nen pretende: s\u00f2ld a-i na j&#8217;\u00e9 nen, l&#8217;interesse p\u00ebr costa lenga a l&#8217;\u00e9 p\u00f2ch. A l&#8217;\u00e9 par\u00e8j. Ma noi i pudoma l&#8217;istess desse da f\u00e9.<\/p>\n<p><a href=\"https:\/\/giannidavico.it\/gopiedmont\/2015\/04\/01\/nicola-duberti-taj-curt\/\">Nicola Duberti<\/a>, pr&#8217;esempi, a l&#8217;ha but\u00e0 <a href=\"https:\/\/www.academia.edu\/27623977\/Appunti_di_piemontese.pdf\" target=\"_blank\">ambeless\u00ec<\/a> le dispense prepar\u00e0 p\u00ebr \u00ebl prim <a href=\"http:\/\/linguistica.campusnet.unito.it\/do\/corsi.pl\/Show?_id=ajx7;sort=DEFAULT;search=%7bdocente%7d%20%3d%7e%20%2f%5enduberti%20%2ev%2e%2fm%20and%20%7burl_avvalenza%7d%20eq%20%26%2339%3b%26%2339%3b;hits=2\" target=\"_blank\">Laborat\u00f2ri &#8216;d piemont\u00e8is<\/a> ch&#8217;a l&#8217;ha tn\u00f9 st&#8217;ann a l&#8217;universit\u00e0 &#8216;d Turin.<\/p>\n<p>R\u00f2be cite, as capiss. Ma chiel a l&#8217;\u00e9 un ch&#8217;as d\u00e0 da f\u00e9. Desse da f\u00e9.<\/p>\n","protected":false},"author":4,"featured_media":0,"comment_status":"open","ping_status":"open","sticky":false,"template":"","format":"standard","meta":[],"categories":[130],"tags":[107],"yoast_head":"<!-- This site is optimized with the Yoast SEO plugin v19.14 - https:\/\/yoast.com\/wordpress\/plugins\/seo\/ -->\n<title>Desse da f\u00e9 - Go Piedmont<\/title>\n<meta name=\"robots\" content=\"index, follow, max-snippet:-1, max-image-preview:large, max-video-preview:-1\" \/>\n<link rel=\"canonical\" href=\"https:\/\/giannidavico.it\/gopiedmont\/2016\/08\/10\/desse-da-fe\/\" \/>\n<meta property=\"og:locale\" content=\"it_IT\" \/>\n<meta property=\"og:type\" content=\"article\" \/>\n<meta property=\"og:title\" content=\"Desse da f\u00e9 - Go Piedmont\" \/>\n<meta property=\"og:description\" content=\"I son and\u00e0it ant l&#8217;\u00f2rt, stamatin &#8211; a j&#8217;era tanti di ch&#8217;i j&#8217;andas\u00eca p\u00ec nen &#8211;, e i l&#8217;hai truvalo (com ch&#8217;a j&#8217;era l\u00f2gich spetesse) pien d&#8217;erba. A l&#8217;\u00e9 smijame na met\u00e0fora ci\u00e0ira &#8216;d n\u00f2sta lenga: a l&#8217;abandon, solitaria, d\u00ebsmenti\u00e0. I l&#8217;hai pens\u00e0 che l\u00f2n ch&#8217;i peuss f\u00e9 a l&#8217;\u00e9 p\u00ec o meno gaveje un p\u00f2ch d&#8217;erba, felo mn\u00ec un p\u00f2ch p\u00ec bel. E se la r\u00f2ba a mnir\u00e0 nen passiensa, i l&#8217;hai nen la bach\u00ebtta m\u00e0gica. Desse da f\u00e9 &#8211; f\u00f2ra &#8216;d met\u00e0fora: parlelo, parlelo p\u00ec che d&#8217;\u00e0ut; e peui scotelo e leslo, miraco scrivlo &#8216;dc\u00f2, minca tant, mincadun com ch&#8217;a l&#8217;\u00e9 bon &#8211; a l&#8217;\u00e9 l\u00f2n ch&#8217;i pudoma f\u00e9. \u00cbd p\u00ec ancheuj i pudoma nen pretende: s\u00f2ld a-i na j&#8217;\u00e9 nen, l&#8217;interesse p\u00ebr costa lenga a l&#8217;\u00e9 p\u00f2ch. A l&#8217;\u00e9 par\u00e8j. Ma noi i pudoma l&#8217;istess desse da f\u00e9. Nicola Duberti, pr&#8217;esempi, a l&#8217;ha but\u00e0 ambeless\u00ec le dispense prepar\u00e0 p\u00ebr \u00ebl prim Laborat\u00f2ri &#8216;d piemont\u00e8is ch&#8217;a l&#8217;ha tn\u00f9 st&#8217;ann a l&#8217;universit\u00e0 &#8216;d Turin. R\u00f2be cite, as capiss. Ma chiel a l&#8217;\u00e9 un ch&#8217;as d\u00e0 da f\u00e9. Desse da f\u00e9.\" \/>\n<meta property=\"og:url\" content=\"https:\/\/giannidavico.it\/gopiedmont\/2016\/08\/10\/desse-da-fe\/\" \/>\n<meta property=\"og:site_name\" content=\"Go Piedmont\" \/>\n<meta property=\"article:published_time\" content=\"2016-08-10T09:55:52+00:00\" \/>\n<meta name=\"author\" content=\"giannidavico\" \/>\n<meta name=\"twitter:card\" content=\"summary_large_image\" \/>\n<meta name=\"twitter:label1\" content=\"Scritto da\" \/>\n\t<meta name=\"twitter:data1\" content=\"giannidavico\" \/>\n\t<meta name=\"twitter:label2\" content=\"Tempo di lettura stimato\" \/>\n\t<meta name=\"twitter:data2\" content=\"1 minuto\" \/>\n<script type=\"application\/ld+json\" class=\"yoast-schema-graph\">{\"@context\":\"https:\/\/schema.org\",\"@graph\":[{\"@type\":\"WebPage\",\"@id\":\"https:\/\/giannidavico.it\/gopiedmont\/2016\/08\/10\/desse-da-fe\/\",\"url\":\"https:\/\/giannidavico.it\/gopiedmont\/2016\/08\/10\/desse-da-fe\/\",\"name\":\"Desse da f\u00e9 - Go Piedmont\",\"isPartOf\":{\"@id\":\"https:\/\/giannidavico.it\/gopiedmont\/#website\"},\"datePublished\":\"2016-08-10T09:55:52+00:00\",\"dateModified\":\"2016-08-10T09:55:52+00:00\",\"author\":{\"@id\":\"https:\/\/giannidavico.it\/gopiedmont\/#\/schema\/person\/ea1fd17d8f2dba325f3712219efa8f77\"},\"inLanguage\":\"it-IT\",\"potentialAction\":[{\"@type\":\"ReadAction\",\"target\":[\"https:\/\/giannidavico.it\/gopiedmont\/2016\/08\/10\/desse-da-fe\/\"]}]},{\"@type\":\"WebSite\",\"@id\":\"https:\/\/giannidavico.it\/gopiedmont\/#website\",\"url\":\"https:\/\/giannidavico.it\/gopiedmont\/\",\"name\":\"Go Piedmont\",\"description\":\"pens\u00e9 dzora l\u00ecber, event e p\u00ebrson-e grop\u00e0 al Piemont e a la lenga piemont\u00e8isa\",\"potentialAction\":[{\"@type\":\"SearchAction\",\"target\":{\"@type\":\"EntryPoint\",\"urlTemplate\":\"https:\/\/giannidavico.it\/gopiedmont\/?s={search_term_string}\"},\"query-input\":\"required name=search_term_string\"}],\"inLanguage\":\"it-IT\"},{\"@type\":\"Person\",\"@id\":\"https:\/\/giannidavico.it\/gopiedmont\/#\/schema\/person\/ea1fd17d8f2dba325f3712219efa8f77\",\"name\":\"giannidavico\",\"image\":{\"@type\":\"ImageObject\",\"inLanguage\":\"it-IT\",\"@id\":\"https:\/\/giannidavico.it\/gopiedmont\/#\/schema\/person\/image\/\",\"url\":\"https:\/\/secure.gravatar.com\/avatar\/337748753d882602f3038b55fb369ba1?s=96&d=mm&r=g\",\"contentUrl\":\"https:\/\/secure.gravatar.com\/avatar\/337748753d882602f3038b55fb369ba1?s=96&d=mm&r=g\",\"caption\":\"giannidavico\"},\"url\":\"https:\/\/giannidavico.it\/gopiedmont\/author\/giannidavico\/\"}]}<\/script>\n<!-- \/ Yoast SEO plugin. -->","yoast_head_json":{"title":"Desse da f\u00e9 - Go Piedmont","robots":{"index":"index","follow":"follow","max-snippet":"max-snippet:-1","max-image-preview":"max-image-preview:large","max-video-preview":"max-video-preview:-1"},"canonical":"https:\/\/giannidavico.it\/gopiedmont\/2016\/08\/10\/desse-da-fe\/","og_locale":"it_IT","og_type":"article","og_title":"Desse da f\u00e9 - Go Piedmont","og_description":"I son and\u00e0it ant l&#8217;\u00f2rt, stamatin &#8211; a j&#8217;era tanti di ch&#8217;i j&#8217;andas\u00eca p\u00ec nen &#8211;, e i l&#8217;hai truvalo (com ch&#8217;a j&#8217;era l\u00f2gich spetesse) pien d&#8217;erba. A l&#8217;\u00e9 smijame na met\u00e0fora ci\u00e0ira &#8216;d n\u00f2sta lenga: a l&#8217;abandon, solitaria, d\u00ebsmenti\u00e0. I l&#8217;hai pens\u00e0 che l\u00f2n ch&#8217;i peuss f\u00e9 a l&#8217;\u00e9 p\u00ec o meno gaveje un p\u00f2ch d&#8217;erba, felo mn\u00ec un p\u00f2ch p\u00ec bel. E se la r\u00f2ba a mnir\u00e0 nen passiensa, i l&#8217;hai nen la bach\u00ebtta m\u00e0gica. Desse da f\u00e9 &#8211; f\u00f2ra &#8216;d met\u00e0fora: parlelo, parlelo p\u00ec che d&#8217;\u00e0ut; e peui scotelo e leslo, miraco scrivlo &#8216;dc\u00f2, minca tant, mincadun com ch&#8217;a l&#8217;\u00e9 bon &#8211; a l&#8217;\u00e9 l\u00f2n ch&#8217;i pudoma f\u00e9. \u00cbd p\u00ec ancheuj i pudoma nen pretende: s\u00f2ld a-i na j&#8217;\u00e9 nen, l&#8217;interesse p\u00ebr costa lenga a l&#8217;\u00e9 p\u00f2ch. A l&#8217;\u00e9 par\u00e8j. Ma noi i pudoma l&#8217;istess desse da f\u00e9. Nicola Duberti, pr&#8217;esempi, a l&#8217;ha but\u00e0 ambeless\u00ec le dispense prepar\u00e0 p\u00ebr \u00ebl prim Laborat\u00f2ri &#8216;d piemont\u00e8is ch&#8217;a l&#8217;ha tn\u00f9 st&#8217;ann a l&#8217;universit\u00e0 &#8216;d Turin. R\u00f2be cite, as capiss. Ma chiel a l&#8217;\u00e9 un ch&#8217;as d\u00e0 da f\u00e9. Desse da f\u00e9.","og_url":"https:\/\/giannidavico.it\/gopiedmont\/2016\/08\/10\/desse-da-fe\/","og_site_name":"Go Piedmont","article_published_time":"2016-08-10T09:55:52+00:00","author":"giannidavico","twitter_card":"summary_large_image","twitter_misc":{"Scritto da":"giannidavico","Tempo di lettura stimato":"1 minuto"},"schema":{"@context":"https:\/\/schema.org","@graph":[{"@type":"WebPage","@id":"https:\/\/giannidavico.it\/gopiedmont\/2016\/08\/10\/desse-da-fe\/","url":"https:\/\/giannidavico.it\/gopiedmont\/2016\/08\/10\/desse-da-fe\/","name":"Desse da f\u00e9 - Go Piedmont","isPartOf":{"@id":"https:\/\/giannidavico.it\/gopiedmont\/#website"},"datePublished":"2016-08-10T09:55:52+00:00","dateModified":"2016-08-10T09:55:52+00:00","author":{"@id":"https:\/\/giannidavico.it\/gopiedmont\/#\/schema\/person\/ea1fd17d8f2dba325f3712219efa8f77"},"inLanguage":"it-IT","potentialAction":[{"@type":"ReadAction","target":["https:\/\/giannidavico.it\/gopiedmont\/2016\/08\/10\/desse-da-fe\/"]}]},{"@type":"WebSite","@id":"https:\/\/giannidavico.it\/gopiedmont\/#website","url":"https:\/\/giannidavico.it\/gopiedmont\/","name":"Go Piedmont","description":"pens\u00e9 dzora l\u00ecber, event e p\u00ebrson-e grop\u00e0 al Piemont e a la lenga piemont\u00e8isa","potentialAction":[{"@type":"SearchAction","target":{"@type":"EntryPoint","urlTemplate":"https:\/\/giannidavico.it\/gopiedmont\/?s={search_term_string}"},"query-input":"required name=search_term_string"}],"inLanguage":"it-IT"},{"@type":"Person","@id":"https:\/\/giannidavico.it\/gopiedmont\/#\/schema\/person\/ea1fd17d8f2dba325f3712219efa8f77","name":"giannidavico","image":{"@type":"ImageObject","inLanguage":"it-IT","@id":"https:\/\/giannidavico.it\/gopiedmont\/#\/schema\/person\/image\/","url":"https:\/\/secure.gravatar.com\/avatar\/337748753d882602f3038b55fb369ba1?s=96&d=mm&r=g","contentUrl":"https:\/\/secure.gravatar.com\/avatar\/337748753d882602f3038b55fb369ba1?s=96&d=mm&r=g","caption":"giannidavico"},"url":"https:\/\/giannidavico.it\/gopiedmont\/author\/giannidavico\/"}]}},"_links":{"self":[{"href":"https:\/\/giannidavico.it\/gopiedmont\/wp-json\/wp\/v2\/posts\/3510"}],"collection":[{"href":"https:\/\/giannidavico.it\/gopiedmont\/wp-json\/wp\/v2\/posts"}],"about":[{"href":"https:\/\/giannidavico.it\/gopiedmont\/wp-json\/wp\/v2\/types\/post"}],"author":[{"embeddable":true,"href":"https:\/\/giannidavico.it\/gopiedmont\/wp-json\/wp\/v2\/users\/4"}],"replies":[{"embeddable":true,"href":"https:\/\/giannidavico.it\/gopiedmont\/wp-json\/wp\/v2\/comments?post=3510"}],"version-history":[{"count":6,"href":"https:\/\/giannidavico.it\/gopiedmont\/wp-json\/wp\/v2\/posts\/3510\/revisions"}],"predecessor-version":[{"id":3516,"href":"https:\/\/giannidavico.it\/gopiedmont\/wp-json\/wp\/v2\/posts\/3510\/revisions\/3516"}],"wp:attachment":[{"href":"https:\/\/giannidavico.it\/gopiedmont\/wp-json\/wp\/v2\/media?parent=3510"}],"wp:term":[{"taxonomy":"category","embeddable":true,"href":"https:\/\/giannidavico.it\/gopiedmont\/wp-json\/wp\/v2\/categories?post=3510"},{"taxonomy":"post_tag","embeddable":true,"href":"https:\/\/giannidavico.it\/gopiedmont\/wp-json\/wp\/v2\/tags?post=3510"}],"curies":[{"name":"wp","href":"https:\/\/api.w.org\/{rel}","templated":true}]}}