{"id":3522,"date":"2016-08-24T06:00:35","date_gmt":"2016-08-24T05:00:35","guid":{"rendered":"https:\/\/giannidavico.it\/staging\/gopiedmont\/?p=3522"},"modified":"2016-08-24T10:46:55","modified_gmt":"2016-08-24T09:46:55","slug":"sensassion-a-la-tenutella","status":"publish","type":"post","link":"https:\/\/giannidavico.it\/gopiedmont\/2016\/08\/24\/sensassion-a-la-tenutella\/","title":{"rendered":"Sensassion a la Tenutella"},"content":{"rendered":"<p><a href=\"https:\/\/giannidavico.it\/gopiedmont\/files\/2016\/08\/IMG_3827.jpg\"><img loading=\"lazy\" src=\"https:\/\/giannidavico.it\/gopiedmont\/files\/2016\/08\/IMG_3827-225x300.jpg\" alt=\"IMG_3827\" width=\"225\" height=\"300\" class=\"alignright size-medium wp-image-3526\" srcset=\"https:\/\/giannidavico.it\/gopiedmont\/files\/2016\/08\/IMG_3827-225x300.jpg 225w, https:\/\/giannidavico.it\/gopiedmont\/files\/2016\/08\/IMG_3827.jpg 480w\" sizes=\"(max-width: 225px) 100vw, 225px\" \/><\/a><br \/>\nL\u00f9n-es matin i son d\u00ebsviame prest, p\u00ebr un-a &#8216;d cole longhe marciade ch&#8217;am pias f\u00e9 ambeless\u00ec an C\u00f2rsica. Anvers neuv ore i j&#8217;era an sla spiagia dla Tenutella, na bela riva pen-a a n\u00f2rd \u00ebd Porto Pollo, e a l&#8217;ha pijame un desideri f\u00f2rt \u00ebd parl\u00e9 con quaidun an piemont\u00e8is. Ambelel\u00ec, ant \u00ebl meno prob\u00e0bil \u00ebd tuti ij p\u00f2st.<\/p>\n<p>Qu\u00e0ich meis f\u00e0 i l&#8217;av\u00eca conoss\u00f9 un mons\u00f9 ch&#8217;a l&#8217;av\u00eca contame che tuti j&#8217;agn a va an cola spiagia. I pensava quasi d&#8217;andelo a s\u00ebrch\u00e9 ant \u00ebl camping ch&#8217;a-i \u00e9 l\u00ec p\u00ebr dije bond\u00ec mons\u00f9, ciaciaroma na minuta. Ma peui a l&#8217;\u00e9 smijame na r\u00f2ba tr\u00f2p dr\u00f2la, i l&#8217;hai lass\u00e0 perde e i son tnume mia veuja.<\/p>\n<p>Per\u00f2, an general, a l&#8217;\u00e9 nen na bruta sensassion, cola-l\u00ec, cola &#8216;d vur\u00e8j scot\u00e9 e parl\u00e9 na lenga e pod\u00e8ilo nen f\u00e9? I son butame a parl\u00e9 da sol mach p\u00ebr sente &#8216;l son \u00ebd mia lenga mare.<\/p>\n<p>&#8212;<\/p>\n<p>E miraco un p\u00f2ch p\u00ebr na s\u00f2rta &#8216;d compensassion mnisend via da cola midema spiagia, qu\u00e0tr ore p\u00ec tard, im girava minca tant a vard\u00e9 Porto Pollo, leu che p\u00ebr tanti agn a l&#8217;\u00e9 st\u00e0it p\u00ebr mi <a href=\"https:\/\/giannidavico.it\/brainfood\/2014\/09\/08\/porto-pollo-blues\/\">l&#8217;epitome dla C\u00f2rsica<\/a>. Ma d\u00e0it che prinsipalment p\u00ebr l&#8217;eva fr\u00e8ida a sar\u00e0 dif\u00eccil che i-i torno an vilegiatura, e d\u00e0it che l&#8217;\u00f9ltima vira a l&#8217;\u00e9 st\u00e0ita singh agn f\u00e0, a j&#8217;era temp \u00ebd butesse col p\u00f2st a le spale e pass\u00e9 anans &#8211; visad\u00ec nen sempe vor\u00e8j torn\u00e9 l\u00e0 a voghe l\u00f2n ch&#8217;a-i c\u00e0pita, an s\u00ebl sorch dl&#8217;amoniment d&#8217;Augusto Monti (&#8220;Non tornare a Monesiglio&#8221;).<\/p>\n<p>Gi\u00e0, p\u00ebrch\u00e8 \u00ebl temp ch&#8217;a passa a trasforma an manera natural un p\u00f2st, e ti it torne l\u00e0 e it lo trove p\u00ec nen l&#8217;istess: probabilment anche p\u00ebrch\u00e8 ti it s\u00e8j cambi\u00e0, ma tant &#8211; an cost cas almanch &#8211; p\u00ebrch\u00e8 \u00ebl p\u00f2st a l&#8217;\u00e9 p\u00ec nen col ch&#8217;it l&#8217;has conoss\u00f9 la prima vira (tr\u00f2p ciman an cola natura).<\/p>\n<p>E bin, mnisend via a l&#8217;ha pijame la bela sensassion \u00ebd salut\u00e9 an manera definitiva col p\u00f2st <a href=\"https:\/\/giannidavico.it\/brainfood\/2011\/07\/11\/c%e2%80%99e-terra-all%e2%80%99orizzonte\/\">ch&#8217;a l&#8217;ha dame \u00ebl bin \u00ebvn\u00f9 an C\u00f2rsica tanti agn f\u00e0<\/a>, \u00ebd ringrassielo p\u00ebr tut l\u00f2n ch&#8217;a l&#8217;ha dame &#8211; feje pas, com d\u00ec, e and\u00e9 anans con \u00ebl fluss dla vita.<\/p>\n","protected":false},"excerpt":{"rendered":"<p><a href=\"https:\/\/giannidavico.it\/gopiedmont\/files\/2016\/08\/IMG_3827.jpg\"><img loading=\"lazy\" src=\"https:\/\/giannidavico.it\/gopiedmont\/files\/2016\/08\/IMG_3827-225x300.jpg\" alt=\"IMG_3827\" width=\"225\" height=\"300\" class=\"alignright size-medium wp-image-3526\" srcset=\"https:\/\/giannidavico.it\/gopiedmont\/files\/2016\/08\/IMG_3827-225x300.jpg 225w, https:\/\/giannidavico.it\/gopiedmont\/files\/2016\/08\/IMG_3827.jpg 480w\" sizes=\"(max-width: 225px) 100vw, 225px\" \/><\/a><br \/> L\u00f9n-es matin i son d\u00ebsviame prest, p\u00ebr un-a &#8216;d cole longhe marciade ch&#8217;am pias f\u00e9 ambeless\u00ec an C\u00f2rsica. Anvers neuv ore i j&#8217;era an sla spiagia dla Tenutella, na bela riva pen-a a n\u00f2rd \u00ebd Porto Pollo, e a l&#8217;ha pijame un desideri f\u00f2rt \u00ebd parl\u00e9 con quaidun an piemont\u00e8is. Ambelel\u00ec, ant \u00ebl meno prob\u00e0bil \u00ebd tuti ij p\u00f2st.<\/p>\n<p>Qu\u00e0ich meis f\u00e0 i l&#8217;av\u00eca conoss\u00f9 un mons\u00f9 ch&#8217;a l&#8217;av\u00eca contame che tuti j&#8217;agn a va an cola spiagia. I pensava quasi d&#8217;andelo a s\u00ebrch\u00e9 ant \u00ebl camping ch&#8217;a-i \u00e9 l\u00ec p\u00ebr dije bond\u00ec mons\u00f9, ciaciaroma na minuta. Ma peui a l&#8217;\u00e9 smijame na r\u00f2ba tr\u00f2p dr\u00f2la, i l&#8217;hai lass\u00e0 perde e i son tnume mia veuja.<\/p>\n<p>Per\u00f2, an general, a l&#8217;\u00e9 nen na bruta sensassion, cola-l\u00ec, cola &#8216;d vur\u00e8j scot\u00e9 e parl\u00e9 na lenga e pod\u00e8ilo nen f\u00e9? I son butame a parl\u00e9 da sol mach p\u00ebr sente &#8216;l son \u00ebd mia lenga mare.<\/p>\n<p>&#8212;<\/p>\n<p>E miraco un p\u00f2ch p\u00ebr na s\u00f2rta &#8216;d compensassion mnisend via da cola midema spiagia, qu\u00e0tr ore p\u00ec tard, im girava minca tant a vard\u00e9 [\u2026] <a class=\"moretag\" href=\"https:\/\/giannidavico.it\/gopiedmont\/2016\/08\/24\/sensassion-a-la-tenutella\/\">continua a leggere \u00bb<\/a><\/p>\n","protected":false},"author":4,"featured_media":0,"comment_status":"open","ping_status":"open","sticky":false,"template":"","format":"standard","meta":[],"categories":[130],"tags":[4019,7857,7856],"yoast_head":"<!-- This site is optimized with the Yoast SEO plugin v19.14 - https:\/\/yoast.com\/wordpress\/plugins\/seo\/ -->\n<title>Sensassion a la Tenutella - Go Piedmont<\/title>\n<meta name=\"robots\" content=\"index, follow, max-snippet:-1, max-image-preview:large, max-video-preview:-1\" \/>\n<link rel=\"canonical\" href=\"https:\/\/giannidavico.it\/gopiedmont\/2016\/08\/24\/sensassion-a-la-tenutella\/\" \/>\n<meta property=\"og:locale\" content=\"it_IT\" \/>\n<meta property=\"og:type\" content=\"article\" \/>\n<meta property=\"og:title\" content=\"Sensassion a la Tenutella - Go Piedmont\" \/>\n<meta property=\"og:description\" content=\"L\u00f9n-es matin i son d\u00ebsviame prest, p\u00ebr un-a &#8216;d cole longhe marciade ch&#8217;am pias f\u00e9 ambeless\u00ec an C\u00f2rsica. Anvers neuv ore i j&#8217;era an sla spiagia dla Tenutella, na bela riva pen-a a n\u00f2rd \u00ebd Porto Pollo, e a l&#8217;ha pijame un desideri f\u00f2rt \u00ebd parl\u00e9 con quaidun an piemont\u00e8is. Ambelel\u00ec, ant \u00ebl meno prob\u00e0bil \u00ebd tuti ij p\u00f2st. Qu\u00e0ich meis f\u00e0 i l&#8217;av\u00eca conoss\u00f9 un mons\u00f9 ch&#8217;a l&#8217;av\u00eca contame che tuti j&#8217;agn a va an cola spiagia. I pensava quasi d&#8217;andelo a s\u00ebrch\u00e9 ant \u00ebl camping ch&#8217;a-i \u00e9 l\u00ec p\u00ebr dije bond\u00ec mons\u00f9, ciaciaroma na minuta. Ma peui a l&#8217;\u00e9 smijame na r\u00f2ba tr\u00f2p dr\u00f2la, i l&#8217;hai lass\u00e0 perde e i son tnume mia veuja. Per\u00f2, an general, a l&#8217;\u00e9 nen na bruta sensassion, cola-l\u00ec, cola &#8216;d vur\u00e8j scot\u00e9 e parl\u00e9 na lenga e pod\u00e8ilo nen f\u00e9? I son butame a parl\u00e9 da sol mach p\u00ebr sente &#8216;l son \u00ebd mia lenga mare. &#8212; E miraco un p\u00f2ch p\u00ebr na s\u00f2rta &#8216;d compensassion mnisend via da cola midema spiagia, qu\u00e0tr ore p\u00ec tard, im girava minca tant a vard\u00e9 [\u2026] continua a leggere \u00bb\" \/>\n<meta property=\"og:url\" content=\"https:\/\/giannidavico.it\/gopiedmont\/2016\/08\/24\/sensassion-a-la-tenutella\/\" \/>\n<meta property=\"og:site_name\" content=\"Go Piedmont\" \/>\n<meta property=\"article:published_time\" content=\"2016-08-24T05:00:35+00:00\" \/>\n<meta property=\"article:modified_time\" content=\"2016-08-24T09:46:55+00:00\" \/>\n<meta property=\"og:image\" content=\"https:\/\/giannidavico.it\/gopiedmont\/files\/2016\/08\/IMG_3827-225x300.jpg\" \/>\n<meta name=\"author\" content=\"giannidavico\" \/>\n<meta name=\"twitter:card\" content=\"summary_large_image\" \/>\n<meta name=\"twitter:label1\" content=\"Scritto da\" \/>\n\t<meta name=\"twitter:data1\" content=\"giannidavico\" \/>\n\t<meta name=\"twitter:label2\" content=\"Tempo di lettura stimato\" \/>\n\t<meta name=\"twitter:data2\" content=\"2 minuti\" \/>\n<script type=\"application\/ld+json\" class=\"yoast-schema-graph\">{\"@context\":\"https:\/\/schema.org\",\"@graph\":[{\"@type\":\"WebPage\",\"@id\":\"https:\/\/giannidavico.it\/gopiedmont\/2016\/08\/24\/sensassion-a-la-tenutella\/\",\"url\":\"https:\/\/giannidavico.it\/gopiedmont\/2016\/08\/24\/sensassion-a-la-tenutella\/\",\"name\":\"Sensassion a la Tenutella - Go Piedmont\",\"isPartOf\":{\"@id\":\"https:\/\/giannidavico.it\/gopiedmont\/#website\"},\"datePublished\":\"2016-08-24T05:00:35+00:00\",\"dateModified\":\"2016-08-24T09:46:55+00:00\",\"author\":{\"@id\":\"https:\/\/giannidavico.it\/gopiedmont\/#\/schema\/person\/ea1fd17d8f2dba325f3712219efa8f77\"},\"inLanguage\":\"it-IT\",\"potentialAction\":[{\"@type\":\"ReadAction\",\"target\":[\"https:\/\/giannidavico.it\/gopiedmont\/2016\/08\/24\/sensassion-a-la-tenutella\/\"]}]},{\"@type\":\"WebSite\",\"@id\":\"https:\/\/giannidavico.it\/gopiedmont\/#website\",\"url\":\"https:\/\/giannidavico.it\/gopiedmont\/\",\"name\":\"Go Piedmont\",\"description\":\"pens\u00e9 dzora l\u00ecber, event e p\u00ebrson-e grop\u00e0 al Piemont e a la lenga piemont\u00e8isa\",\"potentialAction\":[{\"@type\":\"SearchAction\",\"target\":{\"@type\":\"EntryPoint\",\"urlTemplate\":\"https:\/\/giannidavico.it\/gopiedmont\/?s={search_term_string}\"},\"query-input\":\"required name=search_term_string\"}],\"inLanguage\":\"it-IT\"},{\"@type\":\"Person\",\"@id\":\"https:\/\/giannidavico.it\/gopiedmont\/#\/schema\/person\/ea1fd17d8f2dba325f3712219efa8f77\",\"name\":\"giannidavico\",\"image\":{\"@type\":\"ImageObject\",\"inLanguage\":\"it-IT\",\"@id\":\"https:\/\/giannidavico.it\/gopiedmont\/#\/schema\/person\/image\/\",\"url\":\"https:\/\/secure.gravatar.com\/avatar\/337748753d882602f3038b55fb369ba1?s=96&d=mm&r=g\",\"contentUrl\":\"https:\/\/secure.gravatar.com\/avatar\/337748753d882602f3038b55fb369ba1?s=96&d=mm&r=g\",\"caption\":\"giannidavico\"},\"url\":\"https:\/\/giannidavico.it\/gopiedmont\/author\/giannidavico\/\"}]}<\/script>\n<!-- \/ Yoast SEO plugin. -->","yoast_head_json":{"title":"Sensassion a la Tenutella - Go Piedmont","robots":{"index":"index","follow":"follow","max-snippet":"max-snippet:-1","max-image-preview":"max-image-preview:large","max-video-preview":"max-video-preview:-1"},"canonical":"https:\/\/giannidavico.it\/gopiedmont\/2016\/08\/24\/sensassion-a-la-tenutella\/","og_locale":"it_IT","og_type":"article","og_title":"Sensassion a la Tenutella - Go Piedmont","og_description":"L\u00f9n-es matin i son d\u00ebsviame prest, p\u00ebr un-a &#8216;d cole longhe marciade ch&#8217;am pias f\u00e9 ambeless\u00ec an C\u00f2rsica. Anvers neuv ore i j&#8217;era an sla spiagia dla Tenutella, na bela riva pen-a a n\u00f2rd \u00ebd Porto Pollo, e a l&#8217;ha pijame un desideri f\u00f2rt \u00ebd parl\u00e9 con quaidun an piemont\u00e8is. Ambelel\u00ec, ant \u00ebl meno prob\u00e0bil \u00ebd tuti ij p\u00f2st. Qu\u00e0ich meis f\u00e0 i l&#8217;av\u00eca conoss\u00f9 un mons\u00f9 ch&#8217;a l&#8217;av\u00eca contame che tuti j&#8217;agn a va an cola spiagia. I pensava quasi d&#8217;andelo a s\u00ebrch\u00e9 ant \u00ebl camping ch&#8217;a-i \u00e9 l\u00ec p\u00ebr dije bond\u00ec mons\u00f9, ciaciaroma na minuta. Ma peui a l&#8217;\u00e9 smijame na r\u00f2ba tr\u00f2p dr\u00f2la, i l&#8217;hai lass\u00e0 perde e i son tnume mia veuja. Per\u00f2, an general, a l&#8217;\u00e9 nen na bruta sensassion, cola-l\u00ec, cola &#8216;d vur\u00e8j scot\u00e9 e parl\u00e9 na lenga e pod\u00e8ilo nen f\u00e9? I son butame a parl\u00e9 da sol mach p\u00ebr sente &#8216;l son \u00ebd mia lenga mare. &#8212; E miraco un p\u00f2ch p\u00ebr na s\u00f2rta &#8216;d compensassion mnisend via da cola midema spiagia, qu\u00e0tr ore p\u00ec tard, im girava minca tant a vard\u00e9 [\u2026] continua a leggere \u00bb","og_url":"https:\/\/giannidavico.it\/gopiedmont\/2016\/08\/24\/sensassion-a-la-tenutella\/","og_site_name":"Go Piedmont","article_published_time":"2016-08-24T05:00:35+00:00","article_modified_time":"2016-08-24T09:46:55+00:00","og_image":[{"url":"https:\/\/giannidavico.it\/gopiedmont\/files\/2016\/08\/IMG_3827-225x300.jpg"}],"author":"giannidavico","twitter_card":"summary_large_image","twitter_misc":{"Scritto da":"giannidavico","Tempo di lettura stimato":"2 minuti"},"schema":{"@context":"https:\/\/schema.org","@graph":[{"@type":"WebPage","@id":"https:\/\/giannidavico.it\/gopiedmont\/2016\/08\/24\/sensassion-a-la-tenutella\/","url":"https:\/\/giannidavico.it\/gopiedmont\/2016\/08\/24\/sensassion-a-la-tenutella\/","name":"Sensassion a la Tenutella - Go Piedmont","isPartOf":{"@id":"https:\/\/giannidavico.it\/gopiedmont\/#website"},"datePublished":"2016-08-24T05:00:35+00:00","dateModified":"2016-08-24T09:46:55+00:00","author":{"@id":"https:\/\/giannidavico.it\/gopiedmont\/#\/schema\/person\/ea1fd17d8f2dba325f3712219efa8f77"},"inLanguage":"it-IT","potentialAction":[{"@type":"ReadAction","target":["https:\/\/giannidavico.it\/gopiedmont\/2016\/08\/24\/sensassion-a-la-tenutella\/"]}]},{"@type":"WebSite","@id":"https:\/\/giannidavico.it\/gopiedmont\/#website","url":"https:\/\/giannidavico.it\/gopiedmont\/","name":"Go Piedmont","description":"pens\u00e9 dzora l\u00ecber, event e p\u00ebrson-e grop\u00e0 al Piemont e a la lenga piemont\u00e8isa","potentialAction":[{"@type":"SearchAction","target":{"@type":"EntryPoint","urlTemplate":"https:\/\/giannidavico.it\/gopiedmont\/?s={search_term_string}"},"query-input":"required name=search_term_string"}],"inLanguage":"it-IT"},{"@type":"Person","@id":"https:\/\/giannidavico.it\/gopiedmont\/#\/schema\/person\/ea1fd17d8f2dba325f3712219efa8f77","name":"giannidavico","image":{"@type":"ImageObject","inLanguage":"it-IT","@id":"https:\/\/giannidavico.it\/gopiedmont\/#\/schema\/person\/image\/","url":"https:\/\/secure.gravatar.com\/avatar\/337748753d882602f3038b55fb369ba1?s=96&d=mm&r=g","contentUrl":"https:\/\/secure.gravatar.com\/avatar\/337748753d882602f3038b55fb369ba1?s=96&d=mm&r=g","caption":"giannidavico"},"url":"https:\/\/giannidavico.it\/gopiedmont\/author\/giannidavico\/"}]}},"_links":{"self":[{"href":"https:\/\/giannidavico.it\/gopiedmont\/wp-json\/wp\/v2\/posts\/3522"}],"collection":[{"href":"https:\/\/giannidavico.it\/gopiedmont\/wp-json\/wp\/v2\/posts"}],"about":[{"href":"https:\/\/giannidavico.it\/gopiedmont\/wp-json\/wp\/v2\/types\/post"}],"author":[{"embeddable":true,"href":"https:\/\/giannidavico.it\/gopiedmont\/wp-json\/wp\/v2\/users\/4"}],"replies":[{"embeddable":true,"href":"https:\/\/giannidavico.it\/gopiedmont\/wp-json\/wp\/v2\/comments?post=3522"}],"version-history":[{"count":10,"href":"https:\/\/giannidavico.it\/gopiedmont\/wp-json\/wp\/v2\/posts\/3522\/revisions"}],"predecessor-version":[{"id":3533,"href":"https:\/\/giannidavico.it\/gopiedmont\/wp-json\/wp\/v2\/posts\/3522\/revisions\/3533"}],"wp:attachment":[{"href":"https:\/\/giannidavico.it\/gopiedmont\/wp-json\/wp\/v2\/media?parent=3522"}],"wp:term":[{"taxonomy":"category","embeddable":true,"href":"https:\/\/giannidavico.it\/gopiedmont\/wp-json\/wp\/v2\/categories?post=3522"},{"taxonomy":"post_tag","embeddable":true,"href":"https:\/\/giannidavico.it\/gopiedmont\/wp-json\/wp\/v2\/tags?post=3522"}],"curies":[{"name":"wp","href":"https:\/\/api.w.org\/{rel}","templated":true}]}}