{"id":3534,"date":"2016-08-31T09:10:59","date_gmt":"2016-08-31T08:10:59","guid":{"rendered":"https:\/\/giannidavico.it\/staging\/gopiedmont\/?p=3534"},"modified":"2016-08-31T09:10:59","modified_gmt":"2016-08-31T08:10:59","slug":"cesare-pavese-agonia","status":"publish","type":"post","link":"https:\/\/giannidavico.it\/gopiedmont\/2016\/08\/31\/cesare-pavese-agonia\/","title":{"rendered":"Cesare Pavese, Agonia"},"content":{"rendered":"<p>I girerai p\u00ebr le stra fin ch&#8217;i sarai straca m\u00f2rta<br \/>\ni savrai vive da sola e vard\u00e9 ant j&#8217;euj<br \/>\nminca facia che a passa e rest\u00e9 la midema.<br \/>\nCost fresch che a monta a s\u00ebrcheme le ven-e<br \/>\na l&#8217;\u00e9 un d\u00ebsvij che mai ant la matin i l&#8217;hai pruv\u00e0<br \/>\nver par\u00e8j: mach, im sent p\u00ec f\u00f2rta<br \/>\nche &#8216;l me c\u00f2rp, e un tramblament p\u00ec fr\u00e8id<br \/>\na compagna la matin.<\/p>\n<p>A son lontan-e le matin ch&#8217;i l&#8217;av\u00eca vint agn.<br \/>\nE doman, vintun: doman i surtirai p\u00ebr le stra,<br \/>\ni na arc\u00f2rd minca pera e le liste &#8216;d cel.<br \/>\nDa doman la gent a arp\u00eca a voghme<br \/>\ne i sarai drita an pe e i pudrai fermeme<br \/>\ne specieme an vetrine. Le matin \u00ebd na vira,<br \/>\ni j&#8217;era giovo e i lo sav\u00eca nen, e gnanca i sav\u00eca<br \/>\nd&#8217;esse mi ch&#8217;i passava \u2013 na fomna, padron-a<br \/>\n\u00ebd chila midema. La maira cita ch&#8217;i son st\u00e0ita<br \/>\na l&#8217;\u00e9 d\u00ebsvijasse da un pior dur\u00e0 p\u00ebr dj&#8217;agn:<br \/>\nadess a l&#8217;\u00e9 come se col pior a fussa mai st\u00e0je.<\/p>\n<p>E i l&#8217;hai mach anv\u00eca dij color. Ij color a pioro nen,<br \/>\na son come un d\u00ebsvij: doman ij color<br \/>\na torneran. Mincadun a surtir\u00e0 p\u00ebr la stra,<br \/>\nminca c\u00f2rp un color \u2013 fin-a ij cit.<br \/>\nCost c\u00f2rp vest\u00ec \u00ebd ross leger<br \/>\nd\u00f2p tanta palid\u00ebssa a l&#8217;avr\u00e0 torna soa vita.<br \/>\nI sentirai antorn a mi gliss\u00e9 j\u00eb sguard<br \/>\ne i savrai d&#8217;esse mi: campand n&#8217;uciada,<br \/>\nim voghrai tra la gent. Minca neuva matin,<br \/>\ni surtirai p\u00ebr le stra s\u00ebrcand ij color.<\/p>\n","protected":false},"excerpt":{"rendered":"<p>I girerai p\u00ebr le stra fin ch&#8217;i sarai straca m\u00f2rta<br \/> i savrai vive da sola e vard\u00e9 ant j&#8217;euj<br \/> minca facia che a passa e rest\u00e9 la midema.<br \/> Cost fresch che a monta a s\u00ebrcheme le ven-e<br \/> a l&#8217;\u00e9 un d\u00ebsvij che mai ant la matin i l&#8217;hai pruv\u00e0<br \/> ver par\u00e8j: mach, im sent p\u00ec f\u00f2rta<br \/> che &#8216;l me c\u00f2rp, e un tramblament p\u00ec fr\u00e8id<br \/> a compagna la matin.<\/p>\n<p>A son lontan-e le matin ch&#8217;i l&#8217;av\u00eca vint agn.<br \/> E doman, vintun: doman i surtirai p\u00ebr le stra,<br \/> i na arc\u00f2rd minca pera e le liste &#8216;d cel.<br \/> Da doman la gent a arp\u00eca a voghme<br \/> e i sarai drita an pe e i pudrai fermeme<br \/> e specieme an vetrine. Le matin \u00ebd na vira,<br \/> i j&#8217;era giovo e i lo sav\u00eca nen, e gnanca i sav\u00eca<br \/> d&#8217;esse mi ch&#8217;i passava \u2013 na fomna, padron-a<br \/> \u00ebd chila midema. La maira cita ch&#8217;i son st\u00e0ita<br \/> a l&#8217;\u00e9 d\u00ebsvijasse da un pior dur\u00e0 p\u00ebr dj&#8217;agn:<br \/> adess a l&#8217;\u00e9 come se col pior a fussa mai st\u00e0je.<\/p>\n<p>E i l&#8217;hai mach anv\u00eca dij color. Ij color a [\u2026] <a class=\"moretag\" href=\"https:\/\/giannidavico.it\/gopiedmont\/2016\/08\/31\/cesare-pavese-agonia\/\">continua a leggere \u00bb<\/a><\/p>\n","protected":false},"author":4,"featured_media":0,"comment_status":"open","ping_status":"open","sticky":false,"template":"","format":"standard","meta":[],"categories":[130],"tags":[7851],"yoast_head":"<!-- This site is optimized with the Yoast SEO plugin v19.14 - https:\/\/yoast.com\/wordpress\/plugins\/seo\/ -->\n<title>Cesare Pavese, Agonia - Go Piedmont<\/title>\n<meta name=\"robots\" content=\"index, follow, max-snippet:-1, max-image-preview:large, max-video-preview:-1\" \/>\n<link rel=\"canonical\" href=\"https:\/\/giannidavico.it\/gopiedmont\/2016\/08\/31\/cesare-pavese-agonia\/\" \/>\n<meta property=\"og:locale\" content=\"it_IT\" \/>\n<meta property=\"og:type\" content=\"article\" \/>\n<meta property=\"og:title\" content=\"Cesare Pavese, Agonia - Go Piedmont\" \/>\n<meta property=\"og:description\" content=\"I girerai p\u00ebr le stra fin ch&#8217;i sarai straca m\u00f2rta i savrai vive da sola e vard\u00e9 ant j&#8217;euj minca facia che a passa e rest\u00e9 la midema. Cost fresch che a monta a s\u00ebrcheme le ven-e a l&#8217;\u00e9 un d\u00ebsvij che mai ant la matin i l&#8217;hai pruv\u00e0 ver par\u00e8j: mach, im sent p\u00ec f\u00f2rta che &#8216;l me c\u00f2rp, e un tramblament p\u00ec fr\u00e8id a compagna la matin. A son lontan-e le matin ch&#8217;i l&#8217;av\u00eca vint agn. E doman, vintun: doman i surtirai p\u00ebr le stra, i na arc\u00f2rd minca pera e le liste &#8216;d cel. Da doman la gent a arp\u00eca a voghme e i sarai drita an pe e i pudrai fermeme e specieme an vetrine. Le matin \u00ebd na vira, i j&#8217;era giovo e i lo sav\u00eca nen, e gnanca i sav\u00eca d&#8217;esse mi ch&#8217;i passava \u2013 na fomna, padron-a \u00ebd chila midema. La maira cita ch&#8217;i son st\u00e0ita a l&#8217;\u00e9 d\u00ebsvijasse da un pior dur\u00e0 p\u00ebr dj&#8217;agn: adess a l&#8217;\u00e9 come se col pior a fussa mai st\u00e0je. E i l&#8217;hai mach anv\u00eca dij color. Ij color a [\u2026] continua a leggere \u00bb\" \/>\n<meta property=\"og:url\" content=\"https:\/\/giannidavico.it\/gopiedmont\/2016\/08\/31\/cesare-pavese-agonia\/\" \/>\n<meta property=\"og:site_name\" content=\"Go Piedmont\" \/>\n<meta property=\"article:published_time\" content=\"2016-08-31T08:10:59+00:00\" \/>\n<meta name=\"author\" content=\"giannidavico\" \/>\n<meta name=\"twitter:card\" content=\"summary_large_image\" \/>\n<meta name=\"twitter:label1\" content=\"Scritto da\" \/>\n\t<meta name=\"twitter:data1\" content=\"giannidavico\" \/>\n\t<meta name=\"twitter:label2\" content=\"Tempo di lettura stimato\" \/>\n\t<meta name=\"twitter:data2\" content=\"1 minuto\" \/>\n<script type=\"application\/ld+json\" class=\"yoast-schema-graph\">{\"@context\":\"https:\/\/schema.org\",\"@graph\":[{\"@type\":\"WebPage\",\"@id\":\"https:\/\/giannidavico.it\/gopiedmont\/2016\/08\/31\/cesare-pavese-agonia\/\",\"url\":\"https:\/\/giannidavico.it\/gopiedmont\/2016\/08\/31\/cesare-pavese-agonia\/\",\"name\":\"Cesare Pavese, Agonia - Go Piedmont\",\"isPartOf\":{\"@id\":\"https:\/\/giannidavico.it\/gopiedmont\/#website\"},\"datePublished\":\"2016-08-31T08:10:59+00:00\",\"dateModified\":\"2016-08-31T08:10:59+00:00\",\"author\":{\"@id\":\"https:\/\/giannidavico.it\/gopiedmont\/#\/schema\/person\/ea1fd17d8f2dba325f3712219efa8f77\"},\"inLanguage\":\"it-IT\",\"potentialAction\":[{\"@type\":\"ReadAction\",\"target\":[\"https:\/\/giannidavico.it\/gopiedmont\/2016\/08\/31\/cesare-pavese-agonia\/\"]}]},{\"@type\":\"WebSite\",\"@id\":\"https:\/\/giannidavico.it\/gopiedmont\/#website\",\"url\":\"https:\/\/giannidavico.it\/gopiedmont\/\",\"name\":\"Go Piedmont\",\"description\":\"pens\u00e9 dzora l\u00ecber, event e p\u00ebrson-e grop\u00e0 al Piemont e a la lenga piemont\u00e8isa\",\"potentialAction\":[{\"@type\":\"SearchAction\",\"target\":{\"@type\":\"EntryPoint\",\"urlTemplate\":\"https:\/\/giannidavico.it\/gopiedmont\/?s={search_term_string}\"},\"query-input\":\"required name=search_term_string\"}],\"inLanguage\":\"it-IT\"},{\"@type\":\"Person\",\"@id\":\"https:\/\/giannidavico.it\/gopiedmont\/#\/schema\/person\/ea1fd17d8f2dba325f3712219efa8f77\",\"name\":\"giannidavico\",\"image\":{\"@type\":\"ImageObject\",\"inLanguage\":\"it-IT\",\"@id\":\"https:\/\/giannidavico.it\/gopiedmont\/#\/schema\/person\/image\/\",\"url\":\"https:\/\/secure.gravatar.com\/avatar\/337748753d882602f3038b55fb369ba1?s=96&d=mm&r=g\",\"contentUrl\":\"https:\/\/secure.gravatar.com\/avatar\/337748753d882602f3038b55fb369ba1?s=96&d=mm&r=g\",\"caption\":\"giannidavico\"},\"url\":\"https:\/\/giannidavico.it\/gopiedmont\/author\/giannidavico\/\"}]}<\/script>\n<!-- \/ Yoast SEO plugin. -->","yoast_head_json":{"title":"Cesare Pavese, Agonia - Go Piedmont","robots":{"index":"index","follow":"follow","max-snippet":"max-snippet:-1","max-image-preview":"max-image-preview:large","max-video-preview":"max-video-preview:-1"},"canonical":"https:\/\/giannidavico.it\/gopiedmont\/2016\/08\/31\/cesare-pavese-agonia\/","og_locale":"it_IT","og_type":"article","og_title":"Cesare Pavese, Agonia - Go Piedmont","og_description":"I girerai p\u00ebr le stra fin ch&#8217;i sarai straca m\u00f2rta i savrai vive da sola e vard\u00e9 ant j&#8217;euj minca facia che a passa e rest\u00e9 la midema. Cost fresch che a monta a s\u00ebrcheme le ven-e a l&#8217;\u00e9 un d\u00ebsvij che mai ant la matin i l&#8217;hai pruv\u00e0 ver par\u00e8j: mach, im sent p\u00ec f\u00f2rta che &#8216;l me c\u00f2rp, e un tramblament p\u00ec fr\u00e8id a compagna la matin. A son lontan-e le matin ch&#8217;i l&#8217;av\u00eca vint agn. E doman, vintun: doman i surtirai p\u00ebr le stra, i na arc\u00f2rd minca pera e le liste &#8216;d cel. Da doman la gent a arp\u00eca a voghme e i sarai drita an pe e i pudrai fermeme e specieme an vetrine. Le matin \u00ebd na vira, i j&#8217;era giovo e i lo sav\u00eca nen, e gnanca i sav\u00eca d&#8217;esse mi ch&#8217;i passava \u2013 na fomna, padron-a \u00ebd chila midema. La maira cita ch&#8217;i son st\u00e0ita a l&#8217;\u00e9 d\u00ebsvijasse da un pior dur\u00e0 p\u00ebr dj&#8217;agn: adess a l&#8217;\u00e9 come se col pior a fussa mai st\u00e0je. E i l&#8217;hai mach anv\u00eca dij color. Ij color a [\u2026] continua a leggere \u00bb","og_url":"https:\/\/giannidavico.it\/gopiedmont\/2016\/08\/31\/cesare-pavese-agonia\/","og_site_name":"Go Piedmont","article_published_time":"2016-08-31T08:10:59+00:00","author":"giannidavico","twitter_card":"summary_large_image","twitter_misc":{"Scritto da":"giannidavico","Tempo di lettura stimato":"1 minuto"},"schema":{"@context":"https:\/\/schema.org","@graph":[{"@type":"WebPage","@id":"https:\/\/giannidavico.it\/gopiedmont\/2016\/08\/31\/cesare-pavese-agonia\/","url":"https:\/\/giannidavico.it\/gopiedmont\/2016\/08\/31\/cesare-pavese-agonia\/","name":"Cesare Pavese, Agonia - Go Piedmont","isPartOf":{"@id":"https:\/\/giannidavico.it\/gopiedmont\/#website"},"datePublished":"2016-08-31T08:10:59+00:00","dateModified":"2016-08-31T08:10:59+00:00","author":{"@id":"https:\/\/giannidavico.it\/gopiedmont\/#\/schema\/person\/ea1fd17d8f2dba325f3712219efa8f77"},"inLanguage":"it-IT","potentialAction":[{"@type":"ReadAction","target":["https:\/\/giannidavico.it\/gopiedmont\/2016\/08\/31\/cesare-pavese-agonia\/"]}]},{"@type":"WebSite","@id":"https:\/\/giannidavico.it\/gopiedmont\/#website","url":"https:\/\/giannidavico.it\/gopiedmont\/","name":"Go Piedmont","description":"pens\u00e9 dzora l\u00ecber, event e p\u00ebrson-e grop\u00e0 al Piemont e a la lenga piemont\u00e8isa","potentialAction":[{"@type":"SearchAction","target":{"@type":"EntryPoint","urlTemplate":"https:\/\/giannidavico.it\/gopiedmont\/?s={search_term_string}"},"query-input":"required name=search_term_string"}],"inLanguage":"it-IT"},{"@type":"Person","@id":"https:\/\/giannidavico.it\/gopiedmont\/#\/schema\/person\/ea1fd17d8f2dba325f3712219efa8f77","name":"giannidavico","image":{"@type":"ImageObject","inLanguage":"it-IT","@id":"https:\/\/giannidavico.it\/gopiedmont\/#\/schema\/person\/image\/","url":"https:\/\/secure.gravatar.com\/avatar\/337748753d882602f3038b55fb369ba1?s=96&d=mm&r=g","contentUrl":"https:\/\/secure.gravatar.com\/avatar\/337748753d882602f3038b55fb369ba1?s=96&d=mm&r=g","caption":"giannidavico"},"url":"https:\/\/giannidavico.it\/gopiedmont\/author\/giannidavico\/"}]}},"_links":{"self":[{"href":"https:\/\/giannidavico.it\/gopiedmont\/wp-json\/wp\/v2\/posts\/3534"}],"collection":[{"href":"https:\/\/giannidavico.it\/gopiedmont\/wp-json\/wp\/v2\/posts"}],"about":[{"href":"https:\/\/giannidavico.it\/gopiedmont\/wp-json\/wp\/v2\/types\/post"}],"author":[{"embeddable":true,"href":"https:\/\/giannidavico.it\/gopiedmont\/wp-json\/wp\/v2\/users\/4"}],"replies":[{"embeddable":true,"href":"https:\/\/giannidavico.it\/gopiedmont\/wp-json\/wp\/v2\/comments?post=3534"}],"version-history":[{"count":4,"href":"https:\/\/giannidavico.it\/gopiedmont\/wp-json\/wp\/v2\/posts\/3534\/revisions"}],"predecessor-version":[{"id":3538,"href":"https:\/\/giannidavico.it\/gopiedmont\/wp-json\/wp\/v2\/posts\/3534\/revisions\/3538"}],"wp:attachment":[{"href":"https:\/\/giannidavico.it\/gopiedmont\/wp-json\/wp\/v2\/media?parent=3534"}],"wp:term":[{"taxonomy":"category","embeddable":true,"href":"https:\/\/giannidavico.it\/gopiedmont\/wp-json\/wp\/v2\/categories?post=3534"},{"taxonomy":"post_tag","embeddable":true,"href":"https:\/\/giannidavico.it\/gopiedmont\/wp-json\/wp\/v2\/tags?post=3534"}],"curies":[{"name":"wp","href":"https:\/\/api.w.org\/{rel}","templated":true}]}}