{"id":3550,"date":"2016-09-14T06:00:27","date_gmt":"2016-09-14T05:00:27","guid":{"rendered":"https:\/\/giannidavico.it\/staging\/gopiedmont\/?p=3550"},"modified":"2016-09-14T07:33:48","modified_gmt":"2016-09-14T06:33:48","slug":"cesare-pavese-antena","status":"publish","type":"post","link":"https:\/\/giannidavico.it\/gopiedmont\/2016\/09\/14\/cesare-pavese-antena\/","title":{"rendered":"Cesare Pavese, Anten\u00e0"},"content":{"rendered":"<p><a href=\"https:\/\/giannidavico.it\/gopiedmont\/files\/2016\/09\/CP-1.jpg\"><img loading=\"lazy\" src=\"https:\/\/giannidavico.it\/gopiedmont\/files\/2016\/09\/CP-1-300x190.jpg\" alt=\"cp\" width=\"300\" height=\"190\" class=\"alignright size-medium wp-image-3554\" srcset=\"https:\/\/giannidavico.it\/gopiedmont\/files\/2016\/09\/CP-1-300x190.jpg 300w, https:\/\/giannidavico.it\/gopiedmont\/files\/2016\/09\/CP-1-768x486.jpg 768w, https:\/\/giannidavico.it\/gopiedmont\/files\/2016\/09\/CP-1-1024x649.jpg 1024w, https:\/\/giannidavico.it\/gopiedmont\/files\/2016\/09\/CP-1.jpg 1159w\" sizes=\"(max-width: 300px) 100vw, 300px\" \/><\/a><br \/>\nAncant\u00e0 dal mond a l&#8217;\u00e9 rivame n&#8217;et\u00e0<br \/>\nche i tirava dij gran pugn ant l&#8217;aria e i piorava da sol.<br \/>\nScot\u00e9 ij d\u00ebscors d&#8217;\u00f2mo e &#8216;d fomne<br \/>\nnen savend r\u00ebsponde a l&#8217;\u00e9 p\u00f2ca alegr\u00eca.<br \/>\nMa &#8216;dc\u00f2 costa a l&#8217;\u00e9 pass\u00e0: i son p\u00ec nen da sol<br \/>\ne, s&#8217;i sai nen r\u00ebsponde, i sai fene a meno.<br \/>\nI l&#8217;hai truv\u00e0 dij compagn trovand mi midem.<\/p>\n<p>I l\u2019hai d\u00ebscurb\u00ec che, prima \u2018d nasse, i son viv\u00f9<br \/>\ns\u00e8mper an \u00f2mo frem, padron \u00ebd soa p\u00ebrson-a,<br \/>\ne gnun a sav\u00eca r\u00ebsponde e tuti a j\u2019ero calm.<br \/>\nDoi cugn\u00e0 a l&#8217;han durb\u00ec un neg\u00f2ssi &#8211; la prima fortun-a<br \/>\ndla n\u00f2stra famija \u2013 e &#8216;l for\u00ebst\u00e9 a j&#8217;era serio,<br \/>\ncalcolador, sensa piet\u00e0, meschin: na fomna.<br \/>\nL&#8217;\u00e0utr, \u00ebl n\u00f2str, an neg\u00f2ssi a les\u00eca ij romanz<br \/>\n\u2013 an pais a j&#8217;era tant \u2013 e ij client ch&#8217;a vintravo<br \/>\nas sent\u00eco r\u00ebsponde con p\u00f2che par\u00f2le<br \/>\nche &#8216;l sucher n\u00f2, che &#8216;l solf\u00e0 gnanca,<br \/>\nch&#8217;a j&#8217;era tut esaur\u00ec. A l&#8217;\u00e9 capitaje p\u00ec tard<br \/>\nche cost \u00f9ltim a l&#8217;ha daje na man al cugn\u00e0 fal\u00ec.<\/p>\n<p>A pens\u00e9 costa gent im sent p\u00ec f\u00f2rt<br \/>\nche a vard\u00e9 l\u00eb specc gonfiand le spale<br \/>\ne ategiand ij laver a un soris grandios.<br \/>\nA l&#8217;\u00e9 viv\u00f9 un me grand, lontan ant ij temp,<br \/>\nch&#8217;a l&#8217;\u00e9 fasse ambroj\u00e9 da un s\u00f2 paisan<br \/>\ne alora a l&#8217;ha sap\u00e0 chiel le vigne \u2013 d&#8217;ist\u00e0 \u2013<br \/>\np\u00ebr v\u00ebdde un travaj bin f\u00e0it. Par\u00e8j<br \/>\ni son s\u00e8mper viv\u00f9 e i l&#8217;hai s\u00e8mper tn\u00f9<br \/>\nna facia sicura e pag\u00e0 \u00ebd man.<\/p>\n<p>E le fomne a conto nen ant la famija.<br \/>\nI veuj d\u00ec, le fomne da noi a stan an ca<br \/>\ne a n\u00eb buto al mond e a dijo gnente<br \/>\ne a conto gnente e j&#8217;arcordoma nen.<br \/>\nMinca fomna a n\u00eb passa ant \u00ebl sangh quaic\u00f2s \u00ebd neuv,<br \/>\nma a s&#8217;anulo tute ant l&#8217;euvra e noi,<br \/>\narnov\u00e0 par\u00e8j, i soma ij soj a dur\u00e9.<br \/>\nI soma pien \u00ebd vissi, \u00ebd tich e d&#8217;oror<br \/>\n\u2013 noi, j&#8217;\u00f2mo, ij pare \u2013 quaidun a l&#8217;\u00e9 massasse,<br \/>\nma na sola v\u00ebrg\u00f2gna a l&#8217;ha mai tocane,<br \/>\ni saroma mai fomne, mai s-ciav a gnun.<\/p>\n<p>I l&#8217;hai truv\u00e0 na t\u00e8ra truvand ij compagn,<br \/>\nna t\u00e8ra cativa, andoa a l&#8217;\u00e9 un privilegi<br \/>\nnen f\u00e9 gnente, pensand a l&#8217;avn\u00ec.<br \/>\nP\u00ebrch\u00e8 \u00ebl travaj da sol a basta nen a mi a ai me,<br \/>\nnoi i soma s-ciop\u00e9, ma &#8216;l seugn p\u00ec gr\u00f2ss<br \/>\ndij me grand a l&#8217;\u00e9 s\u00e8mper st\u00e0it un f\u00e9 gnente da brav.<br \/>\nI soma na p\u00ebr girol\u00e9 p\u00ebr cole colin-e,<br \/>\nsensa fomne, e le man tenje dar\u00e9 dla schin-a.<\/p>\n<p>Cesare Pavese, <em>Antenati<\/em>, vir\u00e0 an lenga mare da Gioanin Davico e gav\u00e0 da <a href=\"https:\/\/www.amazon.it\/poesie-Cesare-Pavese\/dp\/8806220675\/ref=sr_1_1?ie=UTF8&#038;tag=giandavi-21\" target=\"_blank\">cost l\u00ecber<\/a>.<\/p>\n","protected":false},"excerpt":{"rendered":"<p><a href=\"https:\/\/giannidavico.it\/gopiedmont\/files\/2016\/09\/CP-1.jpg\"><img loading=\"lazy\" src=\"https:\/\/giannidavico.it\/gopiedmont\/files\/2016\/09\/CP-1-300x190.jpg\" alt=\"cp\" width=\"300\" height=\"190\" class=\"alignright size-medium wp-image-3554\" srcset=\"https:\/\/giannidavico.it\/gopiedmont\/files\/2016\/09\/CP-1-300x190.jpg 300w, https:\/\/giannidavico.it\/gopiedmont\/files\/2016\/09\/CP-1-768x486.jpg 768w, https:\/\/giannidavico.it\/gopiedmont\/files\/2016\/09\/CP-1-1024x649.jpg 1024w, https:\/\/giannidavico.it\/gopiedmont\/files\/2016\/09\/CP-1.jpg 1159w\" sizes=\"(max-width: 300px) 100vw, 300px\" \/><\/a><br \/> Ancant\u00e0 dal mond a l&#8217;\u00e9 rivame n&#8217;et\u00e0<br \/> che i tirava dij gran pugn ant l&#8217;aria e i piorava da sol.<br \/> Scot\u00e9 ij d\u00ebscors d&#8217;\u00f2mo e &#8216;d fomne<br \/> nen savend r\u00ebsponde a l&#8217;\u00e9 p\u00f2ca alegr\u00eca.<br \/> Ma &#8216;dc\u00f2 costa a l&#8217;\u00e9 pass\u00e0: i son p\u00ec nen da sol<br \/> e, s&#8217;i sai nen r\u00ebsponde, i sai fene a meno.<br \/> I l&#8217;hai truv\u00e0 dij compagn trovand mi midem.<\/p>\n<p>I l\u2019hai d\u00ebscurb\u00ec che, prima \u2018d nasse, i son viv\u00f9<br \/> s\u00e8mper an \u00f2mo frem, padron \u00ebd soa p\u00ebrson-a,<br \/> e gnun a sav\u00eca r\u00ebsponde e tuti a j\u2019ero calm.<br \/> Doi cugn\u00e0 a l&#8217;han durb\u00ec un neg\u00f2ssi &#8211; la prima fortun-a<br \/> dla n\u00f2stra famija \u2013 e &#8216;l for\u00ebst\u00e9 a j&#8217;era serio,<br \/> calcolador, sensa piet\u00e0, meschin: na fomna.<br \/> L&#8217;\u00e0utr, \u00ebl n\u00f2str, an neg\u00f2ssi a les\u00eca ij romanz<br \/> \u2013 an pais a j&#8217;era tant \u2013 e ij client ch&#8217;a vintravo<br \/> as sent\u00eco r\u00ebsponde con p\u00f2che par\u00f2le<br \/> che &#8216;l sucher n\u00f2, che &#8216;l solf\u00e0 gnanca,<br \/> ch&#8217;a j&#8217;era tut esaur\u00ec. A l&#8217;\u00e9 [\u2026] <a class=\"moretag\" href=\"https:\/\/giannidavico.it\/gopiedmont\/2016\/09\/14\/cesare-pavese-antena\/\">continua a leggere \u00bb<\/a><\/p>\n","protected":false},"author":4,"featured_media":0,"comment_status":"open","ping_status":"open","sticky":false,"template":"","format":"standard","meta":[],"categories":[130],"tags":[7851],"yoast_head":"<!-- This site is optimized with the Yoast SEO plugin v19.14 - https:\/\/yoast.com\/wordpress\/plugins\/seo\/ -->\n<title>Cesare Pavese, Anten\u00e0 - Go Piedmont<\/title>\n<meta name=\"robots\" content=\"index, follow, max-snippet:-1, max-image-preview:large, max-video-preview:-1\" \/>\n<link rel=\"canonical\" href=\"https:\/\/giannidavico.it\/gopiedmont\/2016\/09\/14\/cesare-pavese-antena\/\" \/>\n<meta property=\"og:locale\" content=\"it_IT\" \/>\n<meta property=\"og:type\" content=\"article\" \/>\n<meta property=\"og:title\" content=\"Cesare Pavese, Anten\u00e0 - Go Piedmont\" \/>\n<meta property=\"og:description\" content=\"Ancant\u00e0 dal mond a l&#8217;\u00e9 rivame n&#8217;et\u00e0 che i tirava dij gran pugn ant l&#8217;aria e i piorava da sol. Scot\u00e9 ij d\u00ebscors d&#8217;\u00f2mo e &#8216;d fomne nen savend r\u00ebsponde a l&#8217;\u00e9 p\u00f2ca alegr\u00eca. Ma &#8216;dc\u00f2 costa a l&#8217;\u00e9 pass\u00e0: i son p\u00ec nen da sol e, s&#8217;i sai nen r\u00ebsponde, i sai fene a meno. I l&#8217;hai truv\u00e0 dij compagn trovand mi midem. I l\u2019hai d\u00ebscurb\u00ec che, prima \u2018d nasse, i son viv\u00f9 s\u00e8mper an \u00f2mo frem, padron \u00ebd soa p\u00ebrson-a, e gnun a sav\u00eca r\u00ebsponde e tuti a j\u2019ero calm. Doi cugn\u00e0 a l&#8217;han durb\u00ec un neg\u00f2ssi &#8211; la prima fortun-a dla n\u00f2stra famija \u2013 e &#8216;l for\u00ebst\u00e9 a j&#8217;era serio, calcolador, sensa piet\u00e0, meschin: na fomna. L&#8217;\u00e0utr, \u00ebl n\u00f2str, an neg\u00f2ssi a les\u00eca ij romanz \u2013 an pais a j&#8217;era tant \u2013 e ij client ch&#8217;a vintravo as sent\u00eco r\u00ebsponde con p\u00f2che par\u00f2le che &#8216;l sucher n\u00f2, che &#8216;l solf\u00e0 gnanca, ch&#8217;a j&#8217;era tut esaur\u00ec. A l&#8217;\u00e9 [\u2026] continua a leggere \u00bb\" \/>\n<meta property=\"og:url\" content=\"https:\/\/giannidavico.it\/gopiedmont\/2016\/09\/14\/cesare-pavese-antena\/\" \/>\n<meta property=\"og:site_name\" content=\"Go Piedmont\" \/>\n<meta property=\"article:published_time\" content=\"2016-09-14T05:00:27+00:00\" \/>\n<meta property=\"article:modified_time\" content=\"2016-09-14T06:33:48+00:00\" \/>\n<meta property=\"og:image\" content=\"https:\/\/giannidavico.it\/gopiedmont\/files\/2016\/09\/CP-1-300x190.jpg\" \/>\n<meta name=\"author\" content=\"giannidavico\" \/>\n<meta name=\"twitter:card\" content=\"summary_large_image\" \/>\n<meta name=\"twitter:label1\" content=\"Scritto da\" \/>\n\t<meta name=\"twitter:data1\" content=\"giannidavico\" \/>\n\t<meta name=\"twitter:label2\" content=\"Tempo di lettura stimato\" \/>\n\t<meta name=\"twitter:data2\" content=\"2 minuti\" \/>\n<script type=\"application\/ld+json\" class=\"yoast-schema-graph\">{\"@context\":\"https:\/\/schema.org\",\"@graph\":[{\"@type\":\"WebPage\",\"@id\":\"https:\/\/giannidavico.it\/gopiedmont\/2016\/09\/14\/cesare-pavese-antena\/\",\"url\":\"https:\/\/giannidavico.it\/gopiedmont\/2016\/09\/14\/cesare-pavese-antena\/\",\"name\":\"Cesare Pavese, Anten\u00e0 - Go Piedmont\",\"isPartOf\":{\"@id\":\"https:\/\/giannidavico.it\/gopiedmont\/#website\"},\"datePublished\":\"2016-09-14T05:00:27+00:00\",\"dateModified\":\"2016-09-14T06:33:48+00:00\",\"author\":{\"@id\":\"https:\/\/giannidavico.it\/gopiedmont\/#\/schema\/person\/ea1fd17d8f2dba325f3712219efa8f77\"},\"inLanguage\":\"it-IT\",\"potentialAction\":[{\"@type\":\"ReadAction\",\"target\":[\"https:\/\/giannidavico.it\/gopiedmont\/2016\/09\/14\/cesare-pavese-antena\/\"]}]},{\"@type\":\"WebSite\",\"@id\":\"https:\/\/giannidavico.it\/gopiedmont\/#website\",\"url\":\"https:\/\/giannidavico.it\/gopiedmont\/\",\"name\":\"Go Piedmont\",\"description\":\"pens\u00e9 dzora l\u00ecber, event e p\u00ebrson-e grop\u00e0 al Piemont e a la lenga piemont\u00e8isa\",\"potentialAction\":[{\"@type\":\"SearchAction\",\"target\":{\"@type\":\"EntryPoint\",\"urlTemplate\":\"https:\/\/giannidavico.it\/gopiedmont\/?s={search_term_string}\"},\"query-input\":\"required name=search_term_string\"}],\"inLanguage\":\"it-IT\"},{\"@type\":\"Person\",\"@id\":\"https:\/\/giannidavico.it\/gopiedmont\/#\/schema\/person\/ea1fd17d8f2dba325f3712219efa8f77\",\"name\":\"giannidavico\",\"image\":{\"@type\":\"ImageObject\",\"inLanguage\":\"it-IT\",\"@id\":\"https:\/\/giannidavico.it\/gopiedmont\/#\/schema\/person\/image\/\",\"url\":\"https:\/\/secure.gravatar.com\/avatar\/337748753d882602f3038b55fb369ba1?s=96&d=mm&r=g\",\"contentUrl\":\"https:\/\/secure.gravatar.com\/avatar\/337748753d882602f3038b55fb369ba1?s=96&d=mm&r=g\",\"caption\":\"giannidavico\"},\"url\":\"https:\/\/giannidavico.it\/gopiedmont\/author\/giannidavico\/\"}]}<\/script>\n<!-- \/ Yoast SEO plugin. -->","yoast_head_json":{"title":"Cesare Pavese, Anten\u00e0 - Go Piedmont","robots":{"index":"index","follow":"follow","max-snippet":"max-snippet:-1","max-image-preview":"max-image-preview:large","max-video-preview":"max-video-preview:-1"},"canonical":"https:\/\/giannidavico.it\/gopiedmont\/2016\/09\/14\/cesare-pavese-antena\/","og_locale":"it_IT","og_type":"article","og_title":"Cesare Pavese, Anten\u00e0 - Go Piedmont","og_description":"Ancant\u00e0 dal mond a l&#8217;\u00e9 rivame n&#8217;et\u00e0 che i tirava dij gran pugn ant l&#8217;aria e i piorava da sol. Scot\u00e9 ij d\u00ebscors d&#8217;\u00f2mo e &#8216;d fomne nen savend r\u00ebsponde a l&#8217;\u00e9 p\u00f2ca alegr\u00eca. Ma &#8216;dc\u00f2 costa a l&#8217;\u00e9 pass\u00e0: i son p\u00ec nen da sol e, s&#8217;i sai nen r\u00ebsponde, i sai fene a meno. I l&#8217;hai truv\u00e0 dij compagn trovand mi midem. I l\u2019hai d\u00ebscurb\u00ec che, prima \u2018d nasse, i son viv\u00f9 s\u00e8mper an \u00f2mo frem, padron \u00ebd soa p\u00ebrson-a, e gnun a sav\u00eca r\u00ebsponde e tuti a j\u2019ero calm. Doi cugn\u00e0 a l&#8217;han durb\u00ec un neg\u00f2ssi &#8211; la prima fortun-a dla n\u00f2stra famija \u2013 e &#8216;l for\u00ebst\u00e9 a j&#8217;era serio, calcolador, sensa piet\u00e0, meschin: na fomna. L&#8217;\u00e0utr, \u00ebl n\u00f2str, an neg\u00f2ssi a les\u00eca ij romanz \u2013 an pais a j&#8217;era tant \u2013 e ij client ch&#8217;a vintravo as sent\u00eco r\u00ebsponde con p\u00f2che par\u00f2le che &#8216;l sucher n\u00f2, che &#8216;l solf\u00e0 gnanca, ch&#8217;a j&#8217;era tut esaur\u00ec. A l&#8217;\u00e9 [\u2026] continua a leggere \u00bb","og_url":"https:\/\/giannidavico.it\/gopiedmont\/2016\/09\/14\/cesare-pavese-antena\/","og_site_name":"Go Piedmont","article_published_time":"2016-09-14T05:00:27+00:00","article_modified_time":"2016-09-14T06:33:48+00:00","og_image":[{"url":"https:\/\/giannidavico.it\/gopiedmont\/files\/2016\/09\/CP-1-300x190.jpg"}],"author":"giannidavico","twitter_card":"summary_large_image","twitter_misc":{"Scritto da":"giannidavico","Tempo di lettura stimato":"2 minuti"},"schema":{"@context":"https:\/\/schema.org","@graph":[{"@type":"WebPage","@id":"https:\/\/giannidavico.it\/gopiedmont\/2016\/09\/14\/cesare-pavese-antena\/","url":"https:\/\/giannidavico.it\/gopiedmont\/2016\/09\/14\/cesare-pavese-antena\/","name":"Cesare Pavese, Anten\u00e0 - Go Piedmont","isPartOf":{"@id":"https:\/\/giannidavico.it\/gopiedmont\/#website"},"datePublished":"2016-09-14T05:00:27+00:00","dateModified":"2016-09-14T06:33:48+00:00","author":{"@id":"https:\/\/giannidavico.it\/gopiedmont\/#\/schema\/person\/ea1fd17d8f2dba325f3712219efa8f77"},"inLanguage":"it-IT","potentialAction":[{"@type":"ReadAction","target":["https:\/\/giannidavico.it\/gopiedmont\/2016\/09\/14\/cesare-pavese-antena\/"]}]},{"@type":"WebSite","@id":"https:\/\/giannidavico.it\/gopiedmont\/#website","url":"https:\/\/giannidavico.it\/gopiedmont\/","name":"Go Piedmont","description":"pens\u00e9 dzora l\u00ecber, event e p\u00ebrson-e grop\u00e0 al Piemont e a la lenga piemont\u00e8isa","potentialAction":[{"@type":"SearchAction","target":{"@type":"EntryPoint","urlTemplate":"https:\/\/giannidavico.it\/gopiedmont\/?s={search_term_string}"},"query-input":"required name=search_term_string"}],"inLanguage":"it-IT"},{"@type":"Person","@id":"https:\/\/giannidavico.it\/gopiedmont\/#\/schema\/person\/ea1fd17d8f2dba325f3712219efa8f77","name":"giannidavico","image":{"@type":"ImageObject","inLanguage":"it-IT","@id":"https:\/\/giannidavico.it\/gopiedmont\/#\/schema\/person\/image\/","url":"https:\/\/secure.gravatar.com\/avatar\/337748753d882602f3038b55fb369ba1?s=96&d=mm&r=g","contentUrl":"https:\/\/secure.gravatar.com\/avatar\/337748753d882602f3038b55fb369ba1?s=96&d=mm&r=g","caption":"giannidavico"},"url":"https:\/\/giannidavico.it\/gopiedmont\/author\/giannidavico\/"}]}},"_links":{"self":[{"href":"https:\/\/giannidavico.it\/gopiedmont\/wp-json\/wp\/v2\/posts\/3550"}],"collection":[{"href":"https:\/\/giannidavico.it\/gopiedmont\/wp-json\/wp\/v2\/posts"}],"about":[{"href":"https:\/\/giannidavico.it\/gopiedmont\/wp-json\/wp\/v2\/types\/post"}],"author":[{"embeddable":true,"href":"https:\/\/giannidavico.it\/gopiedmont\/wp-json\/wp\/v2\/users\/4"}],"replies":[{"embeddable":true,"href":"https:\/\/giannidavico.it\/gopiedmont\/wp-json\/wp\/v2\/comments?post=3550"}],"version-history":[{"count":7,"href":"https:\/\/giannidavico.it\/gopiedmont\/wp-json\/wp\/v2\/posts\/3550\/revisions"}],"predecessor-version":[{"id":3559,"href":"https:\/\/giannidavico.it\/gopiedmont\/wp-json\/wp\/v2\/posts\/3550\/revisions\/3559"}],"wp:attachment":[{"href":"https:\/\/giannidavico.it\/gopiedmont\/wp-json\/wp\/v2\/media?parent=3550"}],"wp:term":[{"taxonomy":"category","embeddable":true,"href":"https:\/\/giannidavico.it\/gopiedmont\/wp-json\/wp\/v2\/categories?post=3550"},{"taxonomy":"post_tag","embeddable":true,"href":"https:\/\/giannidavico.it\/gopiedmont\/wp-json\/wp\/v2\/tags?post=3550"}],"curies":[{"name":"wp","href":"https:\/\/api.w.org\/{rel}","templated":true}]}}