{"id":3561,"date":"2016-09-21T14:34:23","date_gmt":"2016-09-21T13:34:23","guid":{"rendered":"https:\/\/giannidavico.it\/staging\/gopiedmont\/?p=3561"},"modified":"2016-09-21T14:34:23","modified_gmt":"2016-09-21T13:34:23","slug":"cesare-pavese-mit","status":"publish","type":"post","link":"https:\/\/giannidavico.it\/gopiedmont\/2016\/09\/21\/cesare-pavese-mit\/","title":{"rendered":"Cesare Pavese, Mit"},"content":{"rendered":"<p><a href=\"https:\/\/giannidavico.it\/gopiedmont\/files\/2016\/09\/IMG_4303.jpg\"><img loading=\"lazy\" src=\"https:\/\/giannidavico.it\/gopiedmont\/files\/2016\/09\/IMG_4303-190x300.jpg\" alt=\"img_4303\" width=\"190\" height=\"300\" class=\"alignright size-medium wp-image-3566\" srcset=\"https:\/\/giannidavico.it\/gopiedmont\/files\/2016\/09\/IMG_4303-190x300.jpg 190w, https:\/\/giannidavico.it\/gopiedmont\/files\/2016\/09\/IMG_4303.jpg 647w\" sizes=\"(max-width: 190px) 100vw, 190px\" \/><\/a><br \/>\nA vnir\u00e0 \u00ebl di che &#8216;l d\u00e9 giovo a sar\u00e0 n&#8217;\u00f2m,<br \/>\nsensa pen-a, con \u00ebl m\u00f2rt soris \u00ebd l&#8217;\u00f2m<br \/>\nch&#8217;a l&#8217;ha cap\u00ec. Bele &#8216;l sol a passa lontan<br \/>\nanrossand le rive. A vnir\u00e0 \u00ebl di che &#8216;l d\u00e9<br \/>\na savr\u00e0 p\u00ec nen ant\u00e9 ch&#8217;a j&#8217;ero le rive &#8216;d na vira.<\/p>\n<p>It d\u00ebsvije na matin ch&#8217;a l&#8217;\u00e9 m\u00f2rtie l&#8217;ist\u00e0,<br \/>\ne ant j&#8217;euj a arbeujo ancor splendrior<br \/>\ncome ier, e a l\u2019orija ij fracass d\u00ebl sol<br \/>\nf\u00e0it sangh. A l&#8217;\u00e9 cambi\u00e0 \u00ebl color d\u00ebl mond.<br \/>\nLa montagna a toca p\u00ec nen \u00ebl cel; le n\u00ecvole<br \/>\na s&#8217;ambaron-o p\u00ec nen come fruta; ant l\u2019aqua<br \/>\na tralus p\u00ec nen na pera. \u00cbl c\u00f2rp \u00ebd n&#8217;\u00f2m<br \/>\nfastudi\u00e0 as piega, ant\u00e9 che un d\u00e9 a respirava.<\/p>\n<p>\u00cbl gran sol a l&#8217;\u00e9 fin\u00ec, e l\u2019odor \u00ebd t\u00e8ra,<br \/>\ne la libera stra, color\u00e0 \u00ebd gent<br \/>\nche a conoss\u00eca nen la m\u00f2rt. As meuir nen d&#8217;ist\u00e0.<br \/>\nSe quaidun a spar\u00eca, a j&#8217;era &#8216;l d\u00e9 giovo<br \/>\nch&#8217;a viv\u00eca p\u00ebr tuti e a conoss\u00eca nen la m\u00f2rt.<br \/>\nAnsima &#8216;d chiel la trist\u00ebssa a j&#8217;era n\u2019ombra &#8216;d n\u00ecvola.<br \/>\n\u00cbl s\u00f2 pass a stup\u00eca la t\u00e8ra.<\/p>\n<p>Adess a p\u00e8isa<br \/>\nla strachit\u00e0 ansima a tute le part \u00ebd l&#8217;\u00f2m,<br \/>\nsensa pen-a: la calma strachit\u00e0 dl\u2019alba<br \/>\nch&#8217;a deurb un di \u00ebd pieuva. Le rive scur\u00ece<br \/>\na con\u00f2sso nen \u00ebl giovo, che na vira a bastava<br \/>\na-i vard\u00e8issa. N\u00ec \u00ebl mar dl\u2019aria a arviv<br \/>\nal respir. As piego ij l\u00e0ver \u00ebd l&#8217;\u00f2m<br \/>\nrassegn\u00e0, a soride d\u00ebdnans a la t\u00e8ra.<\/p>\n<p>(Brancaleone, otober 1935)<\/p>\n<p>Cesare Pavese, <em>Mito<\/em>, vir\u00e0 an lenga mare da Gioanin Davico e gav\u00e0 da <a href=\"https:\/\/www.amazon.it\/poesie-Cesare-Pavese\/dp\/8806220675\/ref=sr_1_1?ie=UTF8&#038;tag=giandavi-21\" target=\"_blank\">cost l\u00ecber<\/a>.<\/p>\n","protected":false},"excerpt":{"rendered":"<p><a href=\"https:\/\/giannidavico.it\/gopiedmont\/files\/2016\/09\/IMG_4303.jpg\"><img loading=\"lazy\" src=\"https:\/\/giannidavico.it\/gopiedmont\/files\/2016\/09\/IMG_4303-190x300.jpg\" alt=\"img_4303\" width=\"190\" height=\"300\" class=\"alignright size-medium wp-image-3566\" srcset=\"https:\/\/giannidavico.it\/gopiedmont\/files\/2016\/09\/IMG_4303-190x300.jpg 190w, https:\/\/giannidavico.it\/gopiedmont\/files\/2016\/09\/IMG_4303.jpg 647w\" sizes=\"(max-width: 190px) 100vw, 190px\" \/><\/a><br \/> A vnir\u00e0 \u00ebl di che &#8216;l d\u00e9 giovo a sar\u00e0 n&#8217;\u00f2m,<br \/> sensa pen-a, con \u00ebl m\u00f2rt soris \u00ebd l&#8217;\u00f2m<br \/> ch&#8217;a l&#8217;ha cap\u00ec. Bele &#8216;l sol a passa lontan<br \/> anrossand le rive. A vnir\u00e0 \u00ebl di che &#8216;l d\u00e9<br \/> a savr\u00e0 p\u00ec nen ant\u00e9 ch&#8217;a j&#8217;ero le rive &#8216;d na vira.<\/p>\n<p>It d\u00ebsvije na matin ch&#8217;a l&#8217;\u00e9 m\u00f2rtie l&#8217;ist\u00e0,<br \/> e ant j&#8217;euj a arbeujo ancor splendrior<br \/> come ier, e a l\u2019orija ij fracass d\u00ebl sol<br \/> f\u00e0it sangh. A l&#8217;\u00e9 cambi\u00e0 \u00ebl color d\u00ebl mond.<br \/> La montagna a toca p\u00ec nen \u00ebl cel; le n\u00ecvole<br \/> a s&#8217;ambaron-o p\u00ec nen come fruta; ant l\u2019aqua<br \/> a tralus p\u00ec nen na pera. \u00cbl c\u00f2rp \u00ebd n&#8217;\u00f2m<br \/> fastudi\u00e0 as piega, ant\u00e9 che un d\u00e9 a respirava.<\/p>\n<p>\u00cbl gran sol a l&#8217;\u00e9 fin\u00ec, e l\u2019odor \u00ebd t\u00e8ra,<br \/> e la libera stra, color\u00e0 \u00ebd gent<br \/> che a conoss\u00eca nen la m\u00f2rt. As meuir nen d&#8217;ist\u00e0.<br \/> Se quaidun a spar\u00eca, a j&#8217;era &#8216;l d\u00e9 giovo<br \/> ch&#8217;a viv\u00eca p\u00ebr tuti e a conoss\u00eca nen la [\u2026] <a class=\"moretag\" href=\"https:\/\/giannidavico.it\/gopiedmont\/2016\/09\/21\/cesare-pavese-mit\/\">continua a leggere \u00bb<\/a><\/p>\n","protected":false},"author":4,"featured_media":0,"comment_status":"open","ping_status":"open","sticky":false,"template":"","format":"standard","meta":[],"categories":[130],"tags":[7851],"yoast_head":"<!-- This site is optimized with the Yoast SEO plugin v19.14 - https:\/\/yoast.com\/wordpress\/plugins\/seo\/ -->\n<title>Cesare Pavese, Mit - Go Piedmont<\/title>\n<meta name=\"robots\" content=\"index, follow, max-snippet:-1, max-image-preview:large, max-video-preview:-1\" \/>\n<link rel=\"canonical\" href=\"https:\/\/giannidavico.it\/gopiedmont\/2016\/09\/21\/cesare-pavese-mit\/\" \/>\n<meta property=\"og:locale\" content=\"it_IT\" \/>\n<meta property=\"og:type\" content=\"article\" \/>\n<meta property=\"og:title\" content=\"Cesare Pavese, Mit - Go Piedmont\" \/>\n<meta property=\"og:description\" content=\"A vnir\u00e0 \u00ebl di che &#8216;l d\u00e9 giovo a sar\u00e0 n&#8217;\u00f2m, sensa pen-a, con \u00ebl m\u00f2rt soris \u00ebd l&#8217;\u00f2m ch&#8217;a l&#8217;ha cap\u00ec. Bele &#8216;l sol a passa lontan anrossand le rive. A vnir\u00e0 \u00ebl di che &#8216;l d\u00e9 a savr\u00e0 p\u00ec nen ant\u00e9 ch&#8217;a j&#8217;ero le rive &#8216;d na vira. It d\u00ebsvije na matin ch&#8217;a l&#8217;\u00e9 m\u00f2rtie l&#8217;ist\u00e0, e ant j&#8217;euj a arbeujo ancor splendrior come ier, e a l\u2019orija ij fracass d\u00ebl sol f\u00e0it sangh. A l&#8217;\u00e9 cambi\u00e0 \u00ebl color d\u00ebl mond. La montagna a toca p\u00ec nen \u00ebl cel; le n\u00ecvole a s&#8217;ambaron-o p\u00ec nen come fruta; ant l\u2019aqua a tralus p\u00ec nen na pera. \u00cbl c\u00f2rp \u00ebd n&#8217;\u00f2m fastudi\u00e0 as piega, ant\u00e9 che un d\u00e9 a respirava. \u00cbl gran sol a l&#8217;\u00e9 fin\u00ec, e l\u2019odor \u00ebd t\u00e8ra, e la libera stra, color\u00e0 \u00ebd gent che a conoss\u00eca nen la m\u00f2rt. As meuir nen d&#8217;ist\u00e0. Se quaidun a spar\u00eca, a j&#8217;era &#8216;l d\u00e9 giovo ch&#8217;a viv\u00eca p\u00ebr tuti e a conoss\u00eca nen la [\u2026] continua a leggere \u00bb\" \/>\n<meta property=\"og:url\" content=\"https:\/\/giannidavico.it\/gopiedmont\/2016\/09\/21\/cesare-pavese-mit\/\" \/>\n<meta property=\"og:site_name\" content=\"Go Piedmont\" \/>\n<meta property=\"article:published_time\" content=\"2016-09-21T13:34:23+00:00\" \/>\n<meta property=\"og:image\" content=\"https:\/\/giannidavico.it\/gopiedmont\/files\/2016\/09\/IMG_4303-190x300.jpg\" \/>\n<meta name=\"author\" content=\"giannidavico\" \/>\n<meta name=\"twitter:card\" content=\"summary_large_image\" \/>\n<meta name=\"twitter:label1\" content=\"Scritto da\" \/>\n\t<meta name=\"twitter:data1\" content=\"giannidavico\" \/>\n\t<meta name=\"twitter:label2\" content=\"Tempo di lettura stimato\" \/>\n\t<meta name=\"twitter:data2\" content=\"1 minuto\" \/>\n<script type=\"application\/ld+json\" class=\"yoast-schema-graph\">{\"@context\":\"https:\/\/schema.org\",\"@graph\":[{\"@type\":\"WebPage\",\"@id\":\"https:\/\/giannidavico.it\/gopiedmont\/2016\/09\/21\/cesare-pavese-mit\/\",\"url\":\"https:\/\/giannidavico.it\/gopiedmont\/2016\/09\/21\/cesare-pavese-mit\/\",\"name\":\"Cesare Pavese, Mit - Go Piedmont\",\"isPartOf\":{\"@id\":\"https:\/\/giannidavico.it\/gopiedmont\/#website\"},\"datePublished\":\"2016-09-21T13:34:23+00:00\",\"dateModified\":\"2016-09-21T13:34:23+00:00\",\"author\":{\"@id\":\"https:\/\/giannidavico.it\/gopiedmont\/#\/schema\/person\/ea1fd17d8f2dba325f3712219efa8f77\"},\"inLanguage\":\"it-IT\",\"potentialAction\":[{\"@type\":\"ReadAction\",\"target\":[\"https:\/\/giannidavico.it\/gopiedmont\/2016\/09\/21\/cesare-pavese-mit\/\"]}]},{\"@type\":\"WebSite\",\"@id\":\"https:\/\/giannidavico.it\/gopiedmont\/#website\",\"url\":\"https:\/\/giannidavico.it\/gopiedmont\/\",\"name\":\"Go Piedmont\",\"description\":\"pens\u00e9 dzora l\u00ecber, event e p\u00ebrson-e grop\u00e0 al Piemont e a la lenga piemont\u00e8isa\",\"potentialAction\":[{\"@type\":\"SearchAction\",\"target\":{\"@type\":\"EntryPoint\",\"urlTemplate\":\"https:\/\/giannidavico.it\/gopiedmont\/?s={search_term_string}\"},\"query-input\":\"required name=search_term_string\"}],\"inLanguage\":\"it-IT\"},{\"@type\":\"Person\",\"@id\":\"https:\/\/giannidavico.it\/gopiedmont\/#\/schema\/person\/ea1fd17d8f2dba325f3712219efa8f77\",\"name\":\"giannidavico\",\"image\":{\"@type\":\"ImageObject\",\"inLanguage\":\"it-IT\",\"@id\":\"https:\/\/giannidavico.it\/gopiedmont\/#\/schema\/person\/image\/\",\"url\":\"https:\/\/secure.gravatar.com\/avatar\/337748753d882602f3038b55fb369ba1?s=96&d=mm&r=g\",\"contentUrl\":\"https:\/\/secure.gravatar.com\/avatar\/337748753d882602f3038b55fb369ba1?s=96&d=mm&r=g\",\"caption\":\"giannidavico\"},\"url\":\"https:\/\/giannidavico.it\/gopiedmont\/author\/giannidavico\/\"}]}<\/script>\n<!-- \/ Yoast SEO plugin. -->","yoast_head_json":{"title":"Cesare Pavese, Mit - Go Piedmont","robots":{"index":"index","follow":"follow","max-snippet":"max-snippet:-1","max-image-preview":"max-image-preview:large","max-video-preview":"max-video-preview:-1"},"canonical":"https:\/\/giannidavico.it\/gopiedmont\/2016\/09\/21\/cesare-pavese-mit\/","og_locale":"it_IT","og_type":"article","og_title":"Cesare Pavese, Mit - Go Piedmont","og_description":"A vnir\u00e0 \u00ebl di che &#8216;l d\u00e9 giovo a sar\u00e0 n&#8217;\u00f2m, sensa pen-a, con \u00ebl m\u00f2rt soris \u00ebd l&#8217;\u00f2m ch&#8217;a l&#8217;ha cap\u00ec. Bele &#8216;l sol a passa lontan anrossand le rive. A vnir\u00e0 \u00ebl di che &#8216;l d\u00e9 a savr\u00e0 p\u00ec nen ant\u00e9 ch&#8217;a j&#8217;ero le rive &#8216;d na vira. It d\u00ebsvije na matin ch&#8217;a l&#8217;\u00e9 m\u00f2rtie l&#8217;ist\u00e0, e ant j&#8217;euj a arbeujo ancor splendrior come ier, e a l\u2019orija ij fracass d\u00ebl sol f\u00e0it sangh. A l&#8217;\u00e9 cambi\u00e0 \u00ebl color d\u00ebl mond. La montagna a toca p\u00ec nen \u00ebl cel; le n\u00ecvole a s&#8217;ambaron-o p\u00ec nen come fruta; ant l\u2019aqua a tralus p\u00ec nen na pera. \u00cbl c\u00f2rp \u00ebd n&#8217;\u00f2m fastudi\u00e0 as piega, ant\u00e9 che un d\u00e9 a respirava. \u00cbl gran sol a l&#8217;\u00e9 fin\u00ec, e l\u2019odor \u00ebd t\u00e8ra, e la libera stra, color\u00e0 \u00ebd gent che a conoss\u00eca nen la m\u00f2rt. As meuir nen d&#8217;ist\u00e0. Se quaidun a spar\u00eca, a j&#8217;era &#8216;l d\u00e9 giovo ch&#8217;a viv\u00eca p\u00ebr tuti e a conoss\u00eca nen la [\u2026] continua a leggere \u00bb","og_url":"https:\/\/giannidavico.it\/gopiedmont\/2016\/09\/21\/cesare-pavese-mit\/","og_site_name":"Go Piedmont","article_published_time":"2016-09-21T13:34:23+00:00","og_image":[{"url":"https:\/\/giannidavico.it\/gopiedmont\/files\/2016\/09\/IMG_4303-190x300.jpg"}],"author":"giannidavico","twitter_card":"summary_large_image","twitter_misc":{"Scritto da":"giannidavico","Tempo di lettura stimato":"1 minuto"},"schema":{"@context":"https:\/\/schema.org","@graph":[{"@type":"WebPage","@id":"https:\/\/giannidavico.it\/gopiedmont\/2016\/09\/21\/cesare-pavese-mit\/","url":"https:\/\/giannidavico.it\/gopiedmont\/2016\/09\/21\/cesare-pavese-mit\/","name":"Cesare Pavese, Mit - Go Piedmont","isPartOf":{"@id":"https:\/\/giannidavico.it\/gopiedmont\/#website"},"datePublished":"2016-09-21T13:34:23+00:00","dateModified":"2016-09-21T13:34:23+00:00","author":{"@id":"https:\/\/giannidavico.it\/gopiedmont\/#\/schema\/person\/ea1fd17d8f2dba325f3712219efa8f77"},"inLanguage":"it-IT","potentialAction":[{"@type":"ReadAction","target":["https:\/\/giannidavico.it\/gopiedmont\/2016\/09\/21\/cesare-pavese-mit\/"]}]},{"@type":"WebSite","@id":"https:\/\/giannidavico.it\/gopiedmont\/#website","url":"https:\/\/giannidavico.it\/gopiedmont\/","name":"Go Piedmont","description":"pens\u00e9 dzora l\u00ecber, event e p\u00ebrson-e grop\u00e0 al Piemont e a la lenga piemont\u00e8isa","potentialAction":[{"@type":"SearchAction","target":{"@type":"EntryPoint","urlTemplate":"https:\/\/giannidavico.it\/gopiedmont\/?s={search_term_string}"},"query-input":"required name=search_term_string"}],"inLanguage":"it-IT"},{"@type":"Person","@id":"https:\/\/giannidavico.it\/gopiedmont\/#\/schema\/person\/ea1fd17d8f2dba325f3712219efa8f77","name":"giannidavico","image":{"@type":"ImageObject","inLanguage":"it-IT","@id":"https:\/\/giannidavico.it\/gopiedmont\/#\/schema\/person\/image\/","url":"https:\/\/secure.gravatar.com\/avatar\/337748753d882602f3038b55fb369ba1?s=96&d=mm&r=g","contentUrl":"https:\/\/secure.gravatar.com\/avatar\/337748753d882602f3038b55fb369ba1?s=96&d=mm&r=g","caption":"giannidavico"},"url":"https:\/\/giannidavico.it\/gopiedmont\/author\/giannidavico\/"}]}},"_links":{"self":[{"href":"https:\/\/giannidavico.it\/gopiedmont\/wp-json\/wp\/v2\/posts\/3561"}],"collection":[{"href":"https:\/\/giannidavico.it\/gopiedmont\/wp-json\/wp\/v2\/posts"}],"about":[{"href":"https:\/\/giannidavico.it\/gopiedmont\/wp-json\/wp\/v2\/types\/post"}],"author":[{"embeddable":true,"href":"https:\/\/giannidavico.it\/gopiedmont\/wp-json\/wp\/v2\/users\/4"}],"replies":[{"embeddable":true,"href":"https:\/\/giannidavico.it\/gopiedmont\/wp-json\/wp\/v2\/comments?post=3561"}],"version-history":[{"count":6,"href":"https:\/\/giannidavico.it\/gopiedmont\/wp-json\/wp\/v2\/posts\/3561\/revisions"}],"predecessor-version":[{"id":3568,"href":"https:\/\/giannidavico.it\/gopiedmont\/wp-json\/wp\/v2\/posts\/3561\/revisions\/3568"}],"wp:attachment":[{"href":"https:\/\/giannidavico.it\/gopiedmont\/wp-json\/wp\/v2\/media?parent=3561"}],"wp:term":[{"taxonomy":"category","embeddable":true,"href":"https:\/\/giannidavico.it\/gopiedmont\/wp-json\/wp\/v2\/categories?post=3561"},{"taxonomy":"post_tag","embeddable":true,"href":"https:\/\/giannidavico.it\/gopiedmont\/wp-json\/wp\/v2\/tags?post=3561"}],"curies":[{"name":"wp","href":"https:\/\/api.w.org\/{rel}","templated":true}]}}