{"id":3622,"date":"2016-11-09T06:00:25","date_gmt":"2016-11-09T05:00:25","guid":{"rendered":"https:\/\/giannidavico.it\/staging\/gopiedmont\/?p=3622"},"modified":"2016-11-14T09:46:45","modified_gmt":"2016-11-14T08:46:45","slug":"louane-emera-je-vole","status":"publish","type":"post","link":"https:\/\/giannidavico.it\/gopiedmont\/2016\/11\/09\/louane-emera-je-vole\/","title":{"rendered":"Louane Emera, Je vole"},"content":{"rendered":"<p><a href=\"https:\/\/giannidavico.it\/gopiedmont\/files\/2016\/11\/Louane-Emera.jpg\"><img loading=\"lazy\" class=\"alignright size-medium wp-image-3624\" src=\"https:\/\/giannidavico.it\/gopiedmont\/files\/2016\/11\/Louane-Emera-300x169.jpg\" alt=\"louane-emera\" width=\"300\" height=\"169\" srcset=\"https:\/\/giannidavico.it\/gopiedmont\/files\/2016\/11\/Louane-Emera-300x169.jpg 300w, https:\/\/giannidavico.it\/gopiedmont\/files\/2016\/11\/Louane-Emera-768x432.jpg 768w, https:\/\/giannidavico.it\/gopiedmont\/files\/2016\/11\/Louane-Emera-1024x576.jpg 1024w, https:\/\/giannidavico.it\/gopiedmont\/files\/2016\/11\/Louane-Emera.jpg 1280w\" sizes=\"(max-width: 300px) 100vw, 300px\" \/><\/a><br \/>\nI l&#8217;hai pruv\u00e0 a vir\u00e9 an n\u00f2sta lenga <a href=\"https:\/\/www.youtube.com\/watch?v=0cW2HZbSh2U\" target=\"_blank\">costa canson<\/a>, ch&#8217;i l&#8217;hai d\u00ebscurb\u00ec mers\u00ec a <a href=\"https:\/\/it.wikipedia.org\/wiki\/La_famiglia_B%C3%A9lier\" target=\"_blank\">cost film<\/a>, che a soa v\u00f2lta i l&#8217;hai d\u00ebscurb\u00ec mers\u00ec a un coment casual dla cita granda, a la qual la soa professor\u00ebssa &#8216;d latin e grech a l&#8217;av\u00eca parlajne.<\/p>\n<p>Na caden-a longa (bele che &#8220;tanti anej a ten-o nen&#8221;, <a href=\"https:\/\/giannidavico.it\/gopiedmont\/2012\/02\/01\/eugenio-montale-la-storia-2\/\">p\u00ebr dila con Montale<\/a>), che p\u00ebr mi an cost moment a l&#8217;ha doi signific\u00e0: la cita granda, che con ij s\u00f2 diss\u00e8t agn an rivanda a tuta f\u00f2rsa a veul naturalment (e giustament, e as capiss) pij\u00e9 \u00ebl v\u00f2l; e pap\u00e0, ch&#8217;i l&#8217;hai tir\u00e0 su da &#8216;n t\u00e8ra dum\u00ecnica &#8216;d s\u00e8ira sentend quasi nen \u00ebd p\u00e8is (&#8220;<a href=\"https:\/\/www.youtube.com\/watch?v=0a4lbYRhpQs\" target=\"_blank\">era bello il panorama visto dall&#8217;alto<\/a>&#8220;).<\/p>\n<p>Na caden-a longa (&#8220;<a href=\"https:\/\/giannidavico.it\/gopiedmont\/2008\/12\/02\/un-monument-un-poeta-nomo\/\">Pare e Mare \/ quat grand, \/ eut \u00ebpceron\u2026<\/a>&#8220;), un v\u00f2l sensa fin.<\/p>\n<p>&#8212;<\/p>\n<p>Pap\u00e0 e mama car, mi i part<br \/>\niv veuj bin ma i part<br \/>\ni l&#8217;avreve p\u00ec nen na cita<br \/>\nstass\u00e8ira<\/p>\n<p>Mi i scap nen, i v\u00f2l<br \/>\ncap\u00ec bin: i v\u00f2l<br \/>\nsensa fuma e sensa \u00e0lcol<br \/>\ni v\u00f2l, i v\u00f2l<\/p>\n<p>Chila am vardava ier<br \/>\nanchieta, sagrin\u00e0, me mama<br \/>\ncome se a sent\u00e8issa<br \/>\nan realt\u00e0 a l&#8217;av\u00eca t\u00ebmma<br \/>\na l&#8217;av\u00eca cap\u00ec<\/p>\n<p>I l&#8217;hai dit ch&#8217;i stas\u00eca bin<br \/>\nl&#8217;aria seren-a an pien<br \/>\nchila a l&#8217;ha f\u00e0it finta &#8216;d nen<br \/>\ne me pap\u00e0 impotent<br \/>\na l&#8217;ha sorid\u00f9<\/p>\n<p>Pa torn\u00e9 andr\u00e9<br \/>\nslontanesse un p\u00f2ch \u00ebd p\u00ec<br \/>\na Gard a-i \u00e9 n&#8217;\u00e0utra stassion<br \/>\ne a la fin l&#8217;Atl\u00e0ntich<\/p>\n<p>Pap\u00e0 e mama car, mi i part<br \/>\niv veuj bin ma i part<br \/>\ni l&#8217;avreve p\u00ec nen na cita<br \/>\nstass\u00e8ira<\/p>\n<p>Mi i scap nen, i v\u00f2l<br \/>\ncap\u00ec bin: i v\u00f2l<br \/>\nsensa fuma e sensa \u00e0lcol<br \/>\ni v\u00f2l, i v\u00f2l<\/p>\n<p>An sla me stra im ciam<br \/>\nse pap\u00e0 e mama a sospeto<br \/>\nche le mie larme a son col\u00e0<br \/>\nle mie prom\u00ebsse e l&#8217;anv\u00eca<br \/>\nd\u00eb and\u00e9 anans<\/p>\n<p>Ch\u00ebrde mach an mia vita<br \/>\ntut l\u00f2n ch&#8217;a l&#8217;\u00e9 st\u00e0it prom\u00ebttume<br \/>\np\u00ebrch\u00e8, ant\u00e9 e come<br \/>\nansima a cost treno ch&#8217;a part<br \/>\nminca moment<\/p>\n<p>A l&#8217;\u00e9 dr\u00f2la costa gabia<br \/>\nch&#8217;am bl\u00f2ca &#8216;l sen<br \/>\ni peuss p\u00ec nen respir\u00e9<br \/>\ns\u00f2n am ampediss<br \/>\n\u00ebd cant\u00e9<\/p>\n<p>Pap\u00e0 e mama car, mi i part<br \/>\niv veuj bin ma i part<br \/>\ni l&#8217;avreve p\u00ec nen na cita<br \/>\nstass\u00e8ira<\/p>\n<p>Mi i scap nen, i v\u00f2l<br \/>\ncap\u00ec bin: i v\u00f2l<br \/>\nsensa fuma e sensa \u00e0lcol<br \/>\ni v\u00f2l, i v\u00f2l<\/p>\n<p>Lalalalalala<br \/>\nlalalalalala<br \/>\nlalalalalala<br \/>\ni v\u00f2l, i v\u00f2l<\/p>\n","protected":false},"excerpt":{"rendered":"<p><a href=\"https:\/\/giannidavico.it\/gopiedmont\/files\/2016\/11\/Louane-Emera.jpg\"><img loading=\"lazy\" class=\"alignright size-medium wp-image-3624\" src=\"https:\/\/giannidavico.it\/gopiedmont\/files\/2016\/11\/Louane-Emera-300x169.jpg\" alt=\"louane-emera\" width=\"300\" height=\"169\" srcset=\"https:\/\/giannidavico.it\/gopiedmont\/files\/2016\/11\/Louane-Emera-300x169.jpg 300w, https:\/\/giannidavico.it\/gopiedmont\/files\/2016\/11\/Louane-Emera-768x432.jpg 768w, https:\/\/giannidavico.it\/gopiedmont\/files\/2016\/11\/Louane-Emera-1024x576.jpg 1024w, https:\/\/giannidavico.it\/gopiedmont\/files\/2016\/11\/Louane-Emera.jpg 1280w\" sizes=\"(max-width: 300px) 100vw, 300px\" \/><\/a><br \/> I l&#8217;hai pruv\u00e0 a vir\u00e9 an n\u00f2sta lenga <a href=\"https:\/\/www.youtube.com\/watch?v=0cW2HZbSh2U\" target=\"_blank\">costa canson<\/a>, ch&#8217;i l&#8217;hai d\u00ebscurb\u00ec mers\u00ec a <a href=\"https:\/\/it.wikipedia.org\/wiki\/La_famiglia_B%C3%A9lier\" target=\"_blank\">cost film<\/a>, che a soa v\u00f2lta i l&#8217;hai d\u00ebscurb\u00ec mers\u00ec a un coment casual dla cita granda, a la qual la soa professor\u00ebssa &#8216;d latin e grech a l&#8217;av\u00eca parlajne.<\/p>\n<p>Na caden-a longa (bele che &#8220;tanti anej a ten-o nen&#8221;, <a href=\"https:\/\/giannidavico.it\/gopiedmont\/2012\/02\/01\/eugenio-montale-la-storia-2\/\">p\u00ebr dila con Montale<\/a>), che p\u00ebr mi an cost moment a l&#8217;ha doi signific\u00e0: la cita granda, che con ij s\u00f2 diss\u00e8t agn an rivanda a tuta f\u00f2rsa a veul naturalment (e giustament, e as capiss) pij\u00e9 \u00ebl v\u00f2l; e pap\u00e0, ch&#8217;i l&#8217;hai tir\u00e0 su da &#8216;n t\u00e8ra dum\u00ecnica &#8216;d s\u00e8ira sentend quasi nen \u00ebd p\u00e8is (&#8220;<a href=\"https:\/\/www.youtube.com\/watch?v=0a4lbYRhpQs\" target=\"_blank\">era bello il panorama visto dall&#8217;alto<\/a>&#8220;).<\/p>\n<p>Na caden-a longa (&#8220;<a href=\"https:\/\/giannidavico.it\/gopiedmont\/2008\/12\/02\/un-monument-un-poeta-nomo\/\">Pare e Mare \/ quat grand, \/ eut \u00ebpceron\u2026<\/a>&#8220;), un v\u00f2l sensa fin.<\/p>\n<p>&#8212;<\/p>\n<p>Pap\u00e0 e mama car, mi i part<br \/> iv veuj bin ma i part<br \/> i l&#8217;avreve p\u00ec nen na cita<br \/> stass\u00e8ira<\/p>\n<p>Mi i scap nen, i v\u00f2l<br \/> cap\u00ec bin: i v\u00f2l<br [\u2026] <a class=\"moretag\" href=\"https:\/\/giannidavico.it\/gopiedmont\/2016\/11\/09\/louane-emera-je-vole\/\">continua a leggere \u00bb<\/a><\/p>\n","protected":false},"author":4,"featured_media":0,"comment_status":"open","ping_status":"open","sticky":false,"template":"","format":"standard","meta":[],"categories":[130],"tags":[76,7851],"yoast_head":"<!-- This site is optimized with the Yoast SEO plugin v19.14 - https:\/\/yoast.com\/wordpress\/plugins\/seo\/ -->\n<title>Louane Emera, Je vole - Go Piedmont<\/title>\n<meta name=\"robots\" content=\"index, follow, max-snippet:-1, max-image-preview:large, max-video-preview:-1\" \/>\n<link rel=\"canonical\" href=\"https:\/\/giannidavico.it\/gopiedmont\/2016\/11\/09\/louane-emera-je-vole\/\" \/>\n<meta property=\"og:locale\" content=\"it_IT\" \/>\n<meta property=\"og:type\" content=\"article\" \/>\n<meta property=\"og:title\" content=\"Louane Emera, Je vole - Go Piedmont\" \/>\n<meta property=\"og:description\" content=\"I l&#039;hai pruv\u00e0 a vir\u00e9 an n\u00f2sta lenga costa canson, ch&#039;i l&#039;hai d\u00ebscurb\u00ec mers\u00ec a cost film, che a soa v\u00f2lta i l&#039;hai d\u00ebscurb\u00ec mers\u00ec a un coment casual dla cita granda, a la qual la soa professor\u00ebssa &#039;d latin e grech a l&#039;av\u00eca parlajne.\" \/>\n<meta property=\"og:url\" content=\"https:\/\/giannidavico.it\/gopiedmont\/2016\/11\/09\/louane-emera-je-vole\/\" \/>\n<meta property=\"og:site_name\" content=\"Go Piedmont\" \/>\n<meta property=\"article:published_time\" content=\"2016-11-09T05:00:25+00:00\" \/>\n<meta property=\"article:modified_time\" content=\"2016-11-14T08:46:45+00:00\" \/>\n<meta property=\"og:image\" content=\"https:\/\/giannidavico.it\/gopiedmont\/files\/2016\/11\/Louane-Emera.jpg\" \/>\n\t<meta property=\"og:image:width\" content=\"1280\" \/>\n\t<meta property=\"og:image:height\" content=\"720\" \/>\n\t<meta property=\"og:image:type\" content=\"image\/jpeg\" \/>\n<meta name=\"author\" content=\"giannidavico\" \/>\n<meta name=\"twitter:card\" content=\"summary_large_image\" \/>\n<meta name=\"twitter:label1\" content=\"Scritto da\" \/>\n\t<meta name=\"twitter:data1\" content=\"giannidavico\" \/>\n\t<meta name=\"twitter:label2\" content=\"Tempo di lettura stimato\" \/>\n\t<meta name=\"twitter:data2\" content=\"2 minuti\" \/>\n<script type=\"application\/ld+json\" class=\"yoast-schema-graph\">{\"@context\":\"https:\/\/schema.org\",\"@graph\":[{\"@type\":\"WebPage\",\"@id\":\"https:\/\/giannidavico.it\/gopiedmont\/2016\/11\/09\/louane-emera-je-vole\/\",\"url\":\"https:\/\/giannidavico.it\/gopiedmont\/2016\/11\/09\/louane-emera-je-vole\/\",\"name\":\"Louane Emera, Je vole - Go Piedmont\",\"isPartOf\":{\"@id\":\"https:\/\/giannidavico.it\/gopiedmont\/#website\"},\"datePublished\":\"2016-11-09T05:00:25+00:00\",\"dateModified\":\"2016-11-14T08:46:45+00:00\",\"author\":{\"@id\":\"https:\/\/giannidavico.it\/gopiedmont\/#\/schema\/person\/ea1fd17d8f2dba325f3712219efa8f77\"},\"inLanguage\":\"it-IT\",\"potentialAction\":[{\"@type\":\"ReadAction\",\"target\":[\"https:\/\/giannidavico.it\/gopiedmont\/2016\/11\/09\/louane-emera-je-vole\/\"]}]},{\"@type\":\"WebSite\",\"@id\":\"https:\/\/giannidavico.it\/gopiedmont\/#website\",\"url\":\"https:\/\/giannidavico.it\/gopiedmont\/\",\"name\":\"Go Piedmont\",\"description\":\"pens\u00e9 dzora l\u00ecber, event e p\u00ebrson-e grop\u00e0 al Piemont e a la lenga piemont\u00e8isa\",\"potentialAction\":[{\"@type\":\"SearchAction\",\"target\":{\"@type\":\"EntryPoint\",\"urlTemplate\":\"https:\/\/giannidavico.it\/gopiedmont\/?s={search_term_string}\"},\"query-input\":\"required name=search_term_string\"}],\"inLanguage\":\"it-IT\"},{\"@type\":\"Person\",\"@id\":\"https:\/\/giannidavico.it\/gopiedmont\/#\/schema\/person\/ea1fd17d8f2dba325f3712219efa8f77\",\"name\":\"giannidavico\",\"image\":{\"@type\":\"ImageObject\",\"inLanguage\":\"it-IT\",\"@id\":\"https:\/\/giannidavico.it\/gopiedmont\/#\/schema\/person\/image\/\",\"url\":\"https:\/\/secure.gravatar.com\/avatar\/337748753d882602f3038b55fb369ba1?s=96&d=mm&r=g\",\"contentUrl\":\"https:\/\/secure.gravatar.com\/avatar\/337748753d882602f3038b55fb369ba1?s=96&d=mm&r=g\",\"caption\":\"giannidavico\"},\"url\":\"https:\/\/giannidavico.it\/gopiedmont\/author\/giannidavico\/\"}]}<\/script>\n<!-- \/ Yoast SEO plugin. -->","yoast_head_json":{"title":"Louane Emera, Je vole - Go Piedmont","robots":{"index":"index","follow":"follow","max-snippet":"max-snippet:-1","max-image-preview":"max-image-preview:large","max-video-preview":"max-video-preview:-1"},"canonical":"https:\/\/giannidavico.it\/gopiedmont\/2016\/11\/09\/louane-emera-je-vole\/","og_locale":"it_IT","og_type":"article","og_title":"Louane Emera, Je vole - Go Piedmont","og_description":"I l'hai pruv\u00e0 a vir\u00e9 an n\u00f2sta lenga costa canson, ch'i l'hai d\u00ebscurb\u00ec mers\u00ec a cost film, che a soa v\u00f2lta i l'hai d\u00ebscurb\u00ec mers\u00ec a un coment casual dla cita granda, a la qual la soa professor\u00ebssa 'd latin e grech a l'av\u00eca parlajne.","og_url":"https:\/\/giannidavico.it\/gopiedmont\/2016\/11\/09\/louane-emera-je-vole\/","og_site_name":"Go Piedmont","article_published_time":"2016-11-09T05:00:25+00:00","article_modified_time":"2016-11-14T08:46:45+00:00","og_image":[{"width":1280,"height":720,"url":"https:\/\/giannidavico.it\/gopiedmont\/files\/2016\/11\/Louane-Emera.jpg","type":"image\/jpeg"}],"author":"giannidavico","twitter_card":"summary_large_image","twitter_misc":{"Scritto da":"giannidavico","Tempo di lettura stimato":"2 minuti"},"schema":{"@context":"https:\/\/schema.org","@graph":[{"@type":"WebPage","@id":"https:\/\/giannidavico.it\/gopiedmont\/2016\/11\/09\/louane-emera-je-vole\/","url":"https:\/\/giannidavico.it\/gopiedmont\/2016\/11\/09\/louane-emera-je-vole\/","name":"Louane Emera, Je vole - Go Piedmont","isPartOf":{"@id":"https:\/\/giannidavico.it\/gopiedmont\/#website"},"datePublished":"2016-11-09T05:00:25+00:00","dateModified":"2016-11-14T08:46:45+00:00","author":{"@id":"https:\/\/giannidavico.it\/gopiedmont\/#\/schema\/person\/ea1fd17d8f2dba325f3712219efa8f77"},"inLanguage":"it-IT","potentialAction":[{"@type":"ReadAction","target":["https:\/\/giannidavico.it\/gopiedmont\/2016\/11\/09\/louane-emera-je-vole\/"]}]},{"@type":"WebSite","@id":"https:\/\/giannidavico.it\/gopiedmont\/#website","url":"https:\/\/giannidavico.it\/gopiedmont\/","name":"Go Piedmont","description":"pens\u00e9 dzora l\u00ecber, event e p\u00ebrson-e grop\u00e0 al Piemont e a la lenga piemont\u00e8isa","potentialAction":[{"@type":"SearchAction","target":{"@type":"EntryPoint","urlTemplate":"https:\/\/giannidavico.it\/gopiedmont\/?s={search_term_string}"},"query-input":"required name=search_term_string"}],"inLanguage":"it-IT"},{"@type":"Person","@id":"https:\/\/giannidavico.it\/gopiedmont\/#\/schema\/person\/ea1fd17d8f2dba325f3712219efa8f77","name":"giannidavico","image":{"@type":"ImageObject","inLanguage":"it-IT","@id":"https:\/\/giannidavico.it\/gopiedmont\/#\/schema\/person\/image\/","url":"https:\/\/secure.gravatar.com\/avatar\/337748753d882602f3038b55fb369ba1?s=96&d=mm&r=g","contentUrl":"https:\/\/secure.gravatar.com\/avatar\/337748753d882602f3038b55fb369ba1?s=96&d=mm&r=g","caption":"giannidavico"},"url":"https:\/\/giannidavico.it\/gopiedmont\/author\/giannidavico\/"}]}},"_links":{"self":[{"href":"https:\/\/giannidavico.it\/gopiedmont\/wp-json\/wp\/v2\/posts\/3622"}],"collection":[{"href":"https:\/\/giannidavico.it\/gopiedmont\/wp-json\/wp\/v2\/posts"}],"about":[{"href":"https:\/\/giannidavico.it\/gopiedmont\/wp-json\/wp\/v2\/types\/post"}],"author":[{"embeddable":true,"href":"https:\/\/giannidavico.it\/gopiedmont\/wp-json\/wp\/v2\/users\/4"}],"replies":[{"embeddable":true,"href":"https:\/\/giannidavico.it\/gopiedmont\/wp-json\/wp\/v2\/comments?post=3622"}],"version-history":[{"count":5,"href":"https:\/\/giannidavico.it\/gopiedmont\/wp-json\/wp\/v2\/posts\/3622\/revisions"}],"predecessor-version":[{"id":3631,"href":"https:\/\/giannidavico.it\/gopiedmont\/wp-json\/wp\/v2\/posts\/3622\/revisions\/3631"}],"wp:attachment":[{"href":"https:\/\/giannidavico.it\/gopiedmont\/wp-json\/wp\/v2\/media?parent=3622"}],"wp:term":[{"taxonomy":"category","embeddable":true,"href":"https:\/\/giannidavico.it\/gopiedmont\/wp-json\/wp\/v2\/categories?post=3622"},{"taxonomy":"post_tag","embeddable":true,"href":"https:\/\/giannidavico.it\/gopiedmont\/wp-json\/wp\/v2\/tags?post=3622"}],"curies":[{"name":"wp","href":"https:\/\/api.w.org\/{rel}","templated":true}]}}