{"id":3638,"date":"2016-11-23T06:00:13","date_gmt":"2016-11-23T05:00:13","guid":{"rendered":"https:\/\/giannidavico.it\/staging\/gopiedmont\/?p=3638"},"modified":"2016-11-23T21:08:32","modified_gmt":"2016-11-23T20:08:32","slug":"vilma-seghesio-ven-ti","status":"publish","type":"post","link":"https:\/\/giannidavico.it\/gopiedmont\/2016\/11\/23\/vilma-seghesio-ven-ti\/","title":{"rendered":"Vilma Seghesio, Ven-ti?"},"content":{"rendered":"<p>Vilma, na cara amisa ch&#8217;a masenta &#8216;l <a href=\"https:\/\/www.facebook.com\/rifugiolascola\/\" target=\"_blank\">Rifugio La Scola<\/a>, a l&#8217;ha scriv\u00f9 na conta, na st\u00f2ira &#8216;d vita d\u00ebl Langhe. I la but, scrita an langh\u00e8t, s\u00ec sota.<\/p>\n<p>&#8212;<\/p>\n<p>Darera a la ciovenda, \u00ebdc\u00f2 stamatin le fe a mangio nen mach l&#8217;erba, ma &#8216;dc\u00f2 le fior \u00ebd magiorin-a.<\/p>\n<p>Mafalda a deuv porteje \u00ebn pastura, ma paid squasi tuti ij di Teresa a deurm \u00ebncora.<\/p>\n<p>A l&#8217;\u00e9 la tersa o la quarta v\u00f2lta che Mafalda a braja da &#8216;n fond a l&#8217;era: &#8220;Teresa, ven-ti?&#8221; Na fe, doe, tre e j\u00eb sponta Teresa \u00ebncora \u00ebrd\u00ebrm\u00eca.<\/p>\n<p>Amise se doe, tr\u00f2p amise p\u00ebrch\u00e8 Mafalda a peussa \u00ebnd\u00e9 \u00ebn pastura sensa Teresa; d\u00f2p \u00ebndran a sc\u00f2la \u00ebn ritard.<\/p>\n<p>Ma &#8216;nta sentila a maestra com che a rus; ma vor\u00e0ise bin a veul c\u00f2 d\u00ec divide \u00ebl banch e la minacia \u00ebd qu\u00e0iche bach\u00ebtt\u00e0 \u00ebnsima a le man.<\/p>\n<p>Teresa a l&#8217;\u00e9 precisa, t\u00ebmoresa, a piora p\u00ebr p\u00f2ch se quaidun a aussa la vos; Mafalda a sa come difendila e as para svicia dij braj \u00ebd soa mama.<\/p>\n<p>Decisa, svicia, soa mare a dis che a smija un pic\u00e0t da bross, mai f\u00ebrma; a l&#8217;\u00e9 c\u00f2 la pi cita dla ni\u00f2.<\/p>\n<p>Teresa e Mafalda son ch\u00ebrs\u00f9e stand a n\u00eb s-ci\u00f2p un-a da l&#8217;\u00e0utra, son f\u00f2rse doe bele fije e \u00ebn bel di son truvasse a esse doe cugn\u00e0, un-a \u00ebn Langa \u00ebnsema a n&#8217;\u00f2m che a fava &#8216;l maso\u00e9, l&#8217;\u00e0utra \u00ebn Fransa con n\u00eb spos che a l&#8217;ha portala mach vint&#8217;agn f\u00e0 a f\u00e9 crese fior al p\u00f2st dl&#8217;uva.<\/p>\n<p>Doe cugn\u00e0 d&#8217;a stessa leva, sempre amise, che son vursusse bin tuta la vita, voghindse nen tute le v\u00f2lte che voravo, ma scrivindse e pendsandse da lontan.<\/p>\n<p>Stass\u00e8ira son tute doe s\u00ec, s\u00ec davanti a mi, set\u00f2 a un tavo e\u00eb na cusin-a cita, ma tr\u00f2p gr\u00f2ssa p\u00ebr lor doe adess. A son s\u00ec a contesse c\u00f2se che mach lor a san, beicandse ij cav\u00e0j bianch e le man \u00ebn p\u00f2 st\u00f2rte.<\/p>\n<p>A son bele, grup\u00f2 \u00ebnt&#8217;a soa amicissia, vest\u00ece quasi precise, cite e \u00ebn p\u00f2 curve, mi i-i b\u00e0ico e son orgojosa che sio \u00ebn t\u00f2ch d\u00ebl me mond.<\/p>\n<p>\u00cbs voghivo nen da tr\u00f2p tamp, a l&#8217;han 83 ani adess, son mia m\u00f2ma e mia m\u00f2gna e seu che se mi i saro j&#8217;euj sento lontan Mafalda che a braja a teresa: &#8220;Ven-ti?&#8221;<\/p>\n","protected":false},"excerpt":{"rendered":"<p>Vilma, na cara amisa ch&#8217;a masenta &#8216;l <a href=\"https:\/\/www.facebook.com\/rifugiolascola\/\" target=\"_blank\">Rifugio La Scola<\/a>, a l&#8217;ha scriv\u00f9 na conta, na st\u00f2ira &#8216;d vita d\u00ebl Langhe. I la but, scrita an langh\u00e8t, s\u00ec sota.<\/p>\n<p>&#8212;<\/p>\n<p>Darera a la ciovenda, \u00ebdc\u00f2 stamatin le fe a mangio nen mach l&#8217;erba, ma &#8216;dc\u00f2 le fior \u00ebd magiorin-a.<\/p>\n<p>Mafalda a deuv porteje \u00ebn pastura, ma paid squasi tuti ij di Teresa a deurm \u00ebncora.<\/p>\n<p>A l&#8217;\u00e9 la tersa o la quarta v\u00f2lta che Mafalda a braja da &#8216;n fond a l&#8217;era: &#8220;Teresa, ven-ti?&#8221; Na fe, doe, tre e j\u00eb sponta Teresa \u00ebncora \u00ebrd\u00ebrm\u00eca.<\/p>\n<p>Amise se doe, tr\u00f2p amise p\u00ebrch\u00e8 Mafalda a peussa \u00ebnd\u00e9 \u00ebn pastura sensa Teresa; d\u00f2p \u00ebndran a sc\u00f2la \u00ebn ritard.<\/p>\n<p>Ma &#8216;nta sentila a maestra com che a rus; ma vor\u00e0ise bin a veul c\u00f2 d\u00ec divide \u00ebl banch e la minacia \u00ebd qu\u00e0iche bach\u00ebtt\u00e0 \u00ebnsima a le man.<\/p>\n<p>Teresa a l&#8217;\u00e9 precisa, t\u00ebmoresa, a piora p\u00ebr p\u00f2ch se quaidun a aussa la vos; Mafalda a sa come difendila e as para svicia dij braj \u00ebd soa mama.<\/p>\n<p>Decisa, svicia, soa mare a dis che a smija un pic\u00e0t da bross, mai f\u00ebrma; a l&#8217;\u00e9 c\u00f2 la pi cita dla ni\u00f2.<\/p>\n<p>Teresa e Mafalda [\u2026] <a class=\"moretag\" href=\"https:\/\/giannidavico.it\/gopiedmont\/2016\/11\/23\/vilma-seghesio-ven-ti\/\">continua a leggere \u00bb<\/a><\/p>\n","protected":false},"author":4,"featured_media":0,"comment_status":"open","ping_status":"open","sticky":false,"template":"","format":"standard","meta":[],"categories":[130],"tags":[],"yoast_head":"<!-- This site is optimized with the Yoast SEO plugin v19.14 - https:\/\/yoast.com\/wordpress\/plugins\/seo\/ -->\n<title>Vilma Seghesio, Ven-ti? - Go Piedmont<\/title>\n<meta name=\"robots\" content=\"index, follow, max-snippet:-1, max-image-preview:large, max-video-preview:-1\" \/>\n<link rel=\"canonical\" href=\"https:\/\/giannidavico.it\/gopiedmont\/2016\/11\/23\/vilma-seghesio-ven-ti\/\" \/>\n<meta property=\"og:locale\" content=\"it_IT\" \/>\n<meta property=\"og:type\" content=\"article\" \/>\n<meta property=\"og:title\" content=\"Vilma Seghesio, Ven-ti? - Go Piedmont\" \/>\n<meta property=\"og:description\" content=\"Vilma, na cara amisa ch&#8217;a masenta &#8216;l Rifugio La Scola, a l&#8217;ha scriv\u00f9 na conta, na st\u00f2ira &#8216;d vita d\u00ebl Langhe. I la but, scrita an langh\u00e8t, s\u00ec sota. &#8212; Darera a la ciovenda, \u00ebdc\u00f2 stamatin le fe a mangio nen mach l&#8217;erba, ma &#8216;dc\u00f2 le fior \u00ebd magiorin-a. Mafalda a deuv porteje \u00ebn pastura, ma paid squasi tuti ij di Teresa a deurm \u00ebncora. A l&#8217;\u00e9 la tersa o la quarta v\u00f2lta che Mafalda a braja da &#8216;n fond a l&#8217;era: &#8220;Teresa, ven-ti?&#8221; Na fe, doe, tre e j\u00eb sponta Teresa \u00ebncora \u00ebrd\u00ebrm\u00eca. Amise se doe, tr\u00f2p amise p\u00ebrch\u00e8 Mafalda a peussa \u00ebnd\u00e9 \u00ebn pastura sensa Teresa; d\u00f2p \u00ebndran a sc\u00f2la \u00ebn ritard. Ma &#8216;nta sentila a maestra com che a rus; ma vor\u00e0ise bin a veul c\u00f2 d\u00ec divide \u00ebl banch e la minacia \u00ebd qu\u00e0iche bach\u00ebtt\u00e0 \u00ebnsima a le man. Teresa a l&#8217;\u00e9 precisa, t\u00ebmoresa, a piora p\u00ebr p\u00f2ch se quaidun a aussa la vos; Mafalda a sa come difendila e as para svicia dij braj \u00ebd soa mama. Decisa, svicia, soa mare a dis che a smija un pic\u00e0t da bross, mai f\u00ebrma; a l&#8217;\u00e9 c\u00f2 la pi cita dla ni\u00f2. Teresa e Mafalda [\u2026] continua a leggere \u00bb\" \/>\n<meta property=\"og:url\" content=\"https:\/\/giannidavico.it\/gopiedmont\/2016\/11\/23\/vilma-seghesio-ven-ti\/\" \/>\n<meta property=\"og:site_name\" content=\"Go Piedmont\" \/>\n<meta property=\"article:published_time\" content=\"2016-11-23T05:00:13+00:00\" \/>\n<meta property=\"article:modified_time\" content=\"2016-11-23T20:08:32+00:00\" \/>\n<meta name=\"author\" content=\"giannidavico\" \/>\n<meta name=\"twitter:card\" content=\"summary_large_image\" \/>\n<meta name=\"twitter:label1\" content=\"Scritto da\" \/>\n\t<meta name=\"twitter:data1\" content=\"giannidavico\" \/>\n\t<meta name=\"twitter:label2\" content=\"Tempo di lettura stimato\" \/>\n\t<meta name=\"twitter:data2\" content=\"2 minuti\" \/>\n<script type=\"application\/ld+json\" class=\"yoast-schema-graph\">{\"@context\":\"https:\/\/schema.org\",\"@graph\":[{\"@type\":\"WebPage\",\"@id\":\"https:\/\/giannidavico.it\/gopiedmont\/2016\/11\/23\/vilma-seghesio-ven-ti\/\",\"url\":\"https:\/\/giannidavico.it\/gopiedmont\/2016\/11\/23\/vilma-seghesio-ven-ti\/\",\"name\":\"Vilma Seghesio, Ven-ti? - Go Piedmont\",\"isPartOf\":{\"@id\":\"https:\/\/giannidavico.it\/gopiedmont\/#website\"},\"datePublished\":\"2016-11-23T05:00:13+00:00\",\"dateModified\":\"2016-11-23T20:08:32+00:00\",\"author\":{\"@id\":\"https:\/\/giannidavico.it\/gopiedmont\/#\/schema\/person\/ea1fd17d8f2dba325f3712219efa8f77\"},\"inLanguage\":\"it-IT\",\"potentialAction\":[{\"@type\":\"ReadAction\",\"target\":[\"https:\/\/giannidavico.it\/gopiedmont\/2016\/11\/23\/vilma-seghesio-ven-ti\/\"]}]},{\"@type\":\"WebSite\",\"@id\":\"https:\/\/giannidavico.it\/gopiedmont\/#website\",\"url\":\"https:\/\/giannidavico.it\/gopiedmont\/\",\"name\":\"Go Piedmont\",\"description\":\"pens\u00e9 dzora l\u00ecber, event e p\u00ebrson-e grop\u00e0 al Piemont e a la lenga piemont\u00e8isa\",\"potentialAction\":[{\"@type\":\"SearchAction\",\"target\":{\"@type\":\"EntryPoint\",\"urlTemplate\":\"https:\/\/giannidavico.it\/gopiedmont\/?s={search_term_string}\"},\"query-input\":\"required name=search_term_string\"}],\"inLanguage\":\"it-IT\"},{\"@type\":\"Person\",\"@id\":\"https:\/\/giannidavico.it\/gopiedmont\/#\/schema\/person\/ea1fd17d8f2dba325f3712219efa8f77\",\"name\":\"giannidavico\",\"image\":{\"@type\":\"ImageObject\",\"inLanguage\":\"it-IT\",\"@id\":\"https:\/\/giannidavico.it\/gopiedmont\/#\/schema\/person\/image\/\",\"url\":\"https:\/\/secure.gravatar.com\/avatar\/337748753d882602f3038b55fb369ba1?s=96&d=mm&r=g\",\"contentUrl\":\"https:\/\/secure.gravatar.com\/avatar\/337748753d882602f3038b55fb369ba1?s=96&d=mm&r=g\",\"caption\":\"giannidavico\"},\"url\":\"https:\/\/giannidavico.it\/gopiedmont\/author\/giannidavico\/\"}]}<\/script>\n<!-- \/ Yoast SEO plugin. -->","yoast_head_json":{"title":"Vilma Seghesio, Ven-ti? - Go Piedmont","robots":{"index":"index","follow":"follow","max-snippet":"max-snippet:-1","max-image-preview":"max-image-preview:large","max-video-preview":"max-video-preview:-1"},"canonical":"https:\/\/giannidavico.it\/gopiedmont\/2016\/11\/23\/vilma-seghesio-ven-ti\/","og_locale":"it_IT","og_type":"article","og_title":"Vilma Seghesio, Ven-ti? - Go Piedmont","og_description":"Vilma, na cara amisa ch&#8217;a masenta &#8216;l Rifugio La Scola, a l&#8217;ha scriv\u00f9 na conta, na st\u00f2ira &#8216;d vita d\u00ebl Langhe. I la but, scrita an langh\u00e8t, s\u00ec sota. &#8212; Darera a la ciovenda, \u00ebdc\u00f2 stamatin le fe a mangio nen mach l&#8217;erba, ma &#8216;dc\u00f2 le fior \u00ebd magiorin-a. Mafalda a deuv porteje \u00ebn pastura, ma paid squasi tuti ij di Teresa a deurm \u00ebncora. A l&#8217;\u00e9 la tersa o la quarta v\u00f2lta che Mafalda a braja da &#8216;n fond a l&#8217;era: &#8220;Teresa, ven-ti?&#8221; Na fe, doe, tre e j\u00eb sponta Teresa \u00ebncora \u00ebrd\u00ebrm\u00eca. Amise se doe, tr\u00f2p amise p\u00ebrch\u00e8 Mafalda a peussa \u00ebnd\u00e9 \u00ebn pastura sensa Teresa; d\u00f2p \u00ebndran a sc\u00f2la \u00ebn ritard. Ma &#8216;nta sentila a maestra com che a rus; ma vor\u00e0ise bin a veul c\u00f2 d\u00ec divide \u00ebl banch e la minacia \u00ebd qu\u00e0iche bach\u00ebtt\u00e0 \u00ebnsima a le man. Teresa a l&#8217;\u00e9 precisa, t\u00ebmoresa, a piora p\u00ebr p\u00f2ch se quaidun a aussa la vos; Mafalda a sa come difendila e as para svicia dij braj \u00ebd soa mama. Decisa, svicia, soa mare a dis che a smija un pic\u00e0t da bross, mai f\u00ebrma; a l&#8217;\u00e9 c\u00f2 la pi cita dla ni\u00f2. Teresa e Mafalda [\u2026] continua a leggere \u00bb","og_url":"https:\/\/giannidavico.it\/gopiedmont\/2016\/11\/23\/vilma-seghesio-ven-ti\/","og_site_name":"Go Piedmont","article_published_time":"2016-11-23T05:00:13+00:00","article_modified_time":"2016-11-23T20:08:32+00:00","author":"giannidavico","twitter_card":"summary_large_image","twitter_misc":{"Scritto da":"giannidavico","Tempo di lettura stimato":"2 minuti"},"schema":{"@context":"https:\/\/schema.org","@graph":[{"@type":"WebPage","@id":"https:\/\/giannidavico.it\/gopiedmont\/2016\/11\/23\/vilma-seghesio-ven-ti\/","url":"https:\/\/giannidavico.it\/gopiedmont\/2016\/11\/23\/vilma-seghesio-ven-ti\/","name":"Vilma Seghesio, Ven-ti? - Go Piedmont","isPartOf":{"@id":"https:\/\/giannidavico.it\/gopiedmont\/#website"},"datePublished":"2016-11-23T05:00:13+00:00","dateModified":"2016-11-23T20:08:32+00:00","author":{"@id":"https:\/\/giannidavico.it\/gopiedmont\/#\/schema\/person\/ea1fd17d8f2dba325f3712219efa8f77"},"inLanguage":"it-IT","potentialAction":[{"@type":"ReadAction","target":["https:\/\/giannidavico.it\/gopiedmont\/2016\/11\/23\/vilma-seghesio-ven-ti\/"]}]},{"@type":"WebSite","@id":"https:\/\/giannidavico.it\/gopiedmont\/#website","url":"https:\/\/giannidavico.it\/gopiedmont\/","name":"Go Piedmont","description":"pens\u00e9 dzora l\u00ecber, event e p\u00ebrson-e grop\u00e0 al Piemont e a la lenga piemont\u00e8isa","potentialAction":[{"@type":"SearchAction","target":{"@type":"EntryPoint","urlTemplate":"https:\/\/giannidavico.it\/gopiedmont\/?s={search_term_string}"},"query-input":"required name=search_term_string"}],"inLanguage":"it-IT"},{"@type":"Person","@id":"https:\/\/giannidavico.it\/gopiedmont\/#\/schema\/person\/ea1fd17d8f2dba325f3712219efa8f77","name":"giannidavico","image":{"@type":"ImageObject","inLanguage":"it-IT","@id":"https:\/\/giannidavico.it\/gopiedmont\/#\/schema\/person\/image\/","url":"https:\/\/secure.gravatar.com\/avatar\/337748753d882602f3038b55fb369ba1?s=96&d=mm&r=g","contentUrl":"https:\/\/secure.gravatar.com\/avatar\/337748753d882602f3038b55fb369ba1?s=96&d=mm&r=g","caption":"giannidavico"},"url":"https:\/\/giannidavico.it\/gopiedmont\/author\/giannidavico\/"}]}},"_links":{"self":[{"href":"https:\/\/giannidavico.it\/gopiedmont\/wp-json\/wp\/v2\/posts\/3638"}],"collection":[{"href":"https:\/\/giannidavico.it\/gopiedmont\/wp-json\/wp\/v2\/posts"}],"about":[{"href":"https:\/\/giannidavico.it\/gopiedmont\/wp-json\/wp\/v2\/types\/post"}],"author":[{"embeddable":true,"href":"https:\/\/giannidavico.it\/gopiedmont\/wp-json\/wp\/v2\/users\/4"}],"replies":[{"embeddable":true,"href":"https:\/\/giannidavico.it\/gopiedmont\/wp-json\/wp\/v2\/comments?post=3638"}],"version-history":[{"count":8,"href":"https:\/\/giannidavico.it\/gopiedmont\/wp-json\/wp\/v2\/posts\/3638\/revisions"}],"predecessor-version":[{"id":3647,"href":"https:\/\/giannidavico.it\/gopiedmont\/wp-json\/wp\/v2\/posts\/3638\/revisions\/3647"}],"wp:attachment":[{"href":"https:\/\/giannidavico.it\/gopiedmont\/wp-json\/wp\/v2\/media?parent=3638"}],"wp:term":[{"taxonomy":"category","embeddable":true,"href":"https:\/\/giannidavico.it\/gopiedmont\/wp-json\/wp\/v2\/categories?post=3638"},{"taxonomy":"post_tag","embeddable":true,"href":"https:\/\/giannidavico.it\/gopiedmont\/wp-json\/wp\/v2\/tags?post=3638"}],"curies":[{"name":"wp","href":"https:\/\/api.w.org\/{rel}","templated":true}]}}