{"id":3664,"date":"2016-12-07T21:44:30","date_gmt":"2016-12-07T20:44:30","guid":{"rendered":"https:\/\/giannidavico.it\/staging\/gopiedmont\/?p=3664"},"modified":"2016-12-07T21:44:30","modified_gmt":"2016-12-07T20:44:30","slug":"lerba-en-sel-sante","status":"publish","type":"post","link":"https:\/\/giannidavico.it\/gopiedmont\/2016\/12\/07\/lerba-en-sel-sante\/","title":{"rendered":"L&#8217;erba \u00ebn s\u00ebl sant\u00e9"},"content":{"rendered":"<p>A l&#8217;\u00e9 merco &#8216;d s\u00e8ira, a l&#8217;\u00e9 tard. A la finitiva a-i na far\u00eca gnente se mi i but\u00e8issa nen n&#8217;art\u00eccol ambeless\u00ec, come tuj ij merco. \u00cbl mond a andar\u00eca anans pr\u00f2pi ant l&#8217;istessa manera, a cambier\u00eca gnente.<\/p>\n<p>Gi\u00e0. Giust. Ma a-i ch\u00ebrser\u00eca \u00ebn p\u00f2ch d&#8217;erba \u00ebn s\u00ebl sant\u00e9 \u00ebd cost bl\u00f2gh. Mach p\u00f2ca, motoben p\u00f2ca, quasi da nen anc\u00f2rsisne. Ma se i saut\u00e8issa \u00ebn merco alora n&#8217;\u00e0uta vira i podr\u00eca d\u00ec l&#8217;istess: p\u00ebrch\u00e8 i deuv scrive quat righe ambeless\u00ec, quat righe ch&#8217;a cambio nen \u00ebd na virgola la vita \u00ebd gnun? A sar\u00eca nen mej vard\u00e9 la television, lese \u00ebn l\u00ecber o and\u00e9 a cogiesse? A far\u00eca nen pr\u00f2pi l&#8217;istess?<\/p>\n<p>N\u00f2.<\/p>\n<p>A far\u00eca nen franch l&#8217;istess. P\u00ebrch\u00e8 p\u00ebr \u00ebl mond, as capiss, a cambier\u00eca gnente, ma p\u00ebr mi \u00e9, e come! A son ses agn e \u00ebn t\u00f2ch che tuj ij merco, ch&#8217;a-i c\u00e0pita l\u00f2n ch&#8217;a veul, ambeless\u00ec a-i seurt \u00ebn t\u00f2ch. D\u00ebl vir\u00e9 p\u00ec pens\u00e0, d\u00ebl vire meno; d\u00ebl vire ch&#8217;am pias \u00ebd p\u00ec, d\u00ebl vire &#8216;d meno: ma \u00ebn tute &#8216;l manere a-i \u00e9. Na tradussion, na drolar\u00eca, \u00ebn video, na recension: tuj ij merco i son oblig\u00e0 a ricordeme che &#8216;l piemont\u00e8is p\u00ebr mi a esist, a l&#8217;ha \u00ebn sens precis, a l&#8217;\u00e9 na part dla vita.<\/p>\n<p>Minca tant am ven \u00ebn ment <a href=\"https:\/\/giannidavico.it\/gopiedmont\/2011\/09\/21\/el-piemonteis-lontan-da-ca\/\">cost p\u00f2st<\/a>, scrit quand ch&#8217;i tornava, coa \u00ebn mes al gambe, da <a href=\"https:\/\/giannidavico.it\/campopratica\/2011\/09\/23\/dopo-roma\/\">na smana pass\u00e0 a gieughe a f\u00e9 \u00ebl professionista &#8216;d g\u00f2lf<\/a>. Da n&#8217;Autogrill i l&#8217;av\u00eca scriv\u00f9 doe righe, col merco, mach p\u00ebr d\u00ec che cost bl\u00f2gh a l&#8217;\u00e9 viv qualonque r\u00f2ba a-i c\u00e0pita, mach p\u00ebr d\u00ec &#8211; com ch&#8217;i dij stass\u00e8ira, torn\u00e0 da \u00ebn d\u00ec golf\u00ecstich d\u00ebstravis e piasos (i l&#8217;hai conoss\u00f9 <a href=\"https:\/\/it.wikipedia.org\/wiki\/Baldovino_Dass%C3%B9\" target=\"_blank\">Baldo<\/a>, i l&#8217;hai pass\u00e0 \u00ebl d\u00ec con \u00ebn car amis golfista) &#8211; che l&#8217;erba a ch\u00ebrs nen \u00ebn s\u00ebl sant\u00e9 d\u00ebl me piemont\u00e8is.<\/p>\n","protected":false},"excerpt":{"rendered":"<p>A l&#8217;\u00e9 merco &#8216;d s\u00e8ira, a l&#8217;\u00e9 tard. A la finitiva a-i na far\u00eca gnente se mi i but\u00e8issa nen n&#8217;art\u00eccol ambeless\u00ec, come tuj ij merco. \u00cbl mond a andar\u00eca anans pr\u00f2pi ant l&#8217;istessa manera, a cambier\u00eca gnente.<\/p>\n<p>Gi\u00e0. Giust. Ma a-i ch\u00ebrser\u00eca \u00ebn p\u00f2ch d&#8217;erba \u00ebn s\u00ebl sant\u00e9 \u00ebd cost bl\u00f2gh. Mach p\u00f2ca, motoben p\u00f2ca, quasi da nen anc\u00f2rsisne. Ma se i saut\u00e8issa \u00ebn merco alora n&#8217;\u00e0uta vira i podr\u00eca d\u00ec l&#8217;istess: p\u00ebrch\u00e8 i deuv scrive quat righe ambeless\u00ec, quat righe ch&#8217;a cambio nen \u00ebd na virgola la vita \u00ebd gnun? A sar\u00eca nen mej vard\u00e9 la television, lese \u00ebn l\u00ecber o and\u00e9 a cogiesse? A far\u00eca nen pr\u00f2pi l&#8217;istess?<\/p>\n<p>N\u00f2.<\/p>\n<p>A far\u00eca nen franch l&#8217;istess. P\u00ebrch\u00e8 p\u00ebr \u00ebl mond, as capiss, a cambier\u00eca gnente, ma p\u00ebr mi \u00e9, e come! A son ses agn e \u00ebn t\u00f2ch che tuj ij merco, ch&#8217;a-i c\u00e0pita l\u00f2n ch&#8217;a veul, ambeless\u00ec a-i seurt \u00ebn t\u00f2ch. D\u00ebl vir\u00e9 p\u00ec pens\u00e0, d\u00ebl vire meno; d\u00ebl vire ch&#8217;am pias \u00ebd p\u00ec, d\u00ebl vire &#8216;d meno: ma \u00ebn tute &#8216;l manere a-i \u00e9. Na tradussion, na drolar\u00eca, \u00ebn video, na recension: tuj ij merco i son oblig\u00e0 a ricordeme che &#8216;l piemont\u00e8is p\u00ebr mi a esist, [\u2026] <a class=\"moretag\" href=\"https:\/\/giannidavico.it\/gopiedmont\/2016\/12\/07\/lerba-en-sel-sante\/\">continua a leggere \u00bb<\/a><\/p>\n","protected":false},"author":4,"featured_media":0,"comment_status":"open","ping_status":"open","sticky":false,"template":"","format":"standard","meta":[],"categories":[130],"tags":[124,107],"yoast_head":"<!-- This site is optimized with the Yoast SEO plugin v19.14 - https:\/\/yoast.com\/wordpress\/plugins\/seo\/ -->\n<title>L&#039;erba \u00ebn s\u00ebl sant\u00e9 - Go Piedmont<\/title>\n<meta name=\"robots\" content=\"index, follow, max-snippet:-1, max-image-preview:large, max-video-preview:-1\" \/>\n<link rel=\"canonical\" href=\"https:\/\/giannidavico.it\/gopiedmont\/2016\/12\/07\/lerba-en-sel-sante\/\" \/>\n<meta property=\"og:locale\" content=\"it_IT\" \/>\n<meta property=\"og:type\" content=\"article\" \/>\n<meta property=\"og:title\" content=\"L&#039;erba \u00ebn s\u00ebl sant\u00e9 - Go Piedmont\" \/>\n<meta property=\"og:description\" content=\"A l&#8217;\u00e9 merco &#8216;d s\u00e8ira, a l&#8217;\u00e9 tard. A la finitiva a-i na far\u00eca gnente se mi i but\u00e8issa nen n&#8217;art\u00eccol ambeless\u00ec, come tuj ij merco. \u00cbl mond a andar\u00eca anans pr\u00f2pi ant l&#8217;istessa manera, a cambier\u00eca gnente. Gi\u00e0. Giust. Ma a-i ch\u00ebrser\u00eca \u00ebn p\u00f2ch d&#8217;erba \u00ebn s\u00ebl sant\u00e9 \u00ebd cost bl\u00f2gh. Mach p\u00f2ca, motoben p\u00f2ca, quasi da nen anc\u00f2rsisne. Ma se i saut\u00e8issa \u00ebn merco alora n&#8217;\u00e0uta vira i podr\u00eca d\u00ec l&#8217;istess: p\u00ebrch\u00e8 i deuv scrive quat righe ambeless\u00ec, quat righe ch&#8217;a cambio nen \u00ebd na virgola la vita \u00ebd gnun? A sar\u00eca nen mej vard\u00e9 la television, lese \u00ebn l\u00ecber o and\u00e9 a cogiesse? A far\u00eca nen pr\u00f2pi l&#8217;istess? N\u00f2. A far\u00eca nen franch l&#8217;istess. P\u00ebrch\u00e8 p\u00ebr \u00ebl mond, as capiss, a cambier\u00eca gnente, ma p\u00ebr mi \u00e9, e come! A son ses agn e \u00ebn t\u00f2ch che tuj ij merco, ch&#8217;a-i c\u00e0pita l\u00f2n ch&#8217;a veul, ambeless\u00ec a-i seurt \u00ebn t\u00f2ch. D\u00ebl vir\u00e9 p\u00ec pens\u00e0, d\u00ebl vire meno; d\u00ebl vire ch&#8217;am pias \u00ebd p\u00ec, d\u00ebl vire &#8216;d meno: ma \u00ebn tute &#8216;l manere a-i \u00e9. Na tradussion, na drolar\u00eca, \u00ebn video, na recension: tuj ij merco i son oblig\u00e0 a ricordeme che &#8216;l piemont\u00e8is p\u00ebr mi a esist, [\u2026] continua a leggere \u00bb\" \/>\n<meta property=\"og:url\" content=\"https:\/\/giannidavico.it\/gopiedmont\/2016\/12\/07\/lerba-en-sel-sante\/\" \/>\n<meta property=\"og:site_name\" content=\"Go Piedmont\" \/>\n<meta property=\"article:published_time\" content=\"2016-12-07T20:44:30+00:00\" \/>\n<meta name=\"author\" content=\"giannidavico\" \/>\n<meta name=\"twitter:card\" content=\"summary_large_image\" \/>\n<meta name=\"twitter:label1\" content=\"Scritto da\" \/>\n\t<meta name=\"twitter:data1\" content=\"giannidavico\" \/>\n\t<meta name=\"twitter:label2\" content=\"Tempo di lettura stimato\" \/>\n\t<meta name=\"twitter:data2\" content=\"2 minuti\" \/>\n<script type=\"application\/ld+json\" class=\"yoast-schema-graph\">{\"@context\":\"https:\/\/schema.org\",\"@graph\":[{\"@type\":\"WebPage\",\"@id\":\"https:\/\/giannidavico.it\/gopiedmont\/2016\/12\/07\/lerba-en-sel-sante\/\",\"url\":\"https:\/\/giannidavico.it\/gopiedmont\/2016\/12\/07\/lerba-en-sel-sante\/\",\"name\":\"L'erba \u00ebn s\u00ebl sant\u00e9 - Go Piedmont\",\"isPartOf\":{\"@id\":\"https:\/\/giannidavico.it\/gopiedmont\/#website\"},\"datePublished\":\"2016-12-07T20:44:30+00:00\",\"dateModified\":\"2016-12-07T20:44:30+00:00\",\"author\":{\"@id\":\"https:\/\/giannidavico.it\/gopiedmont\/#\/schema\/person\/ea1fd17d8f2dba325f3712219efa8f77\"},\"inLanguage\":\"it-IT\",\"potentialAction\":[{\"@type\":\"ReadAction\",\"target\":[\"https:\/\/giannidavico.it\/gopiedmont\/2016\/12\/07\/lerba-en-sel-sante\/\"]}]},{\"@type\":\"WebSite\",\"@id\":\"https:\/\/giannidavico.it\/gopiedmont\/#website\",\"url\":\"https:\/\/giannidavico.it\/gopiedmont\/\",\"name\":\"Go Piedmont\",\"description\":\"pens\u00e9 dzora l\u00ecber, event e p\u00ebrson-e grop\u00e0 al Piemont e a la lenga piemont\u00e8isa\",\"potentialAction\":[{\"@type\":\"SearchAction\",\"target\":{\"@type\":\"EntryPoint\",\"urlTemplate\":\"https:\/\/giannidavico.it\/gopiedmont\/?s={search_term_string}\"},\"query-input\":\"required name=search_term_string\"}],\"inLanguage\":\"it-IT\"},{\"@type\":\"Person\",\"@id\":\"https:\/\/giannidavico.it\/gopiedmont\/#\/schema\/person\/ea1fd17d8f2dba325f3712219efa8f77\",\"name\":\"giannidavico\",\"image\":{\"@type\":\"ImageObject\",\"inLanguage\":\"it-IT\",\"@id\":\"https:\/\/giannidavico.it\/gopiedmont\/#\/schema\/person\/image\/\",\"url\":\"https:\/\/secure.gravatar.com\/avatar\/337748753d882602f3038b55fb369ba1?s=96&d=mm&r=g\",\"contentUrl\":\"https:\/\/secure.gravatar.com\/avatar\/337748753d882602f3038b55fb369ba1?s=96&d=mm&r=g\",\"caption\":\"giannidavico\"},\"url\":\"https:\/\/giannidavico.it\/gopiedmont\/author\/giannidavico\/\"}]}<\/script>\n<!-- \/ Yoast SEO plugin. -->","yoast_head_json":{"title":"L'erba \u00ebn s\u00ebl sant\u00e9 - Go Piedmont","robots":{"index":"index","follow":"follow","max-snippet":"max-snippet:-1","max-image-preview":"max-image-preview:large","max-video-preview":"max-video-preview:-1"},"canonical":"https:\/\/giannidavico.it\/gopiedmont\/2016\/12\/07\/lerba-en-sel-sante\/","og_locale":"it_IT","og_type":"article","og_title":"L'erba \u00ebn s\u00ebl sant\u00e9 - Go Piedmont","og_description":"A l&#8217;\u00e9 merco &#8216;d s\u00e8ira, a l&#8217;\u00e9 tard. A la finitiva a-i na far\u00eca gnente se mi i but\u00e8issa nen n&#8217;art\u00eccol ambeless\u00ec, come tuj ij merco. \u00cbl mond a andar\u00eca anans pr\u00f2pi ant l&#8217;istessa manera, a cambier\u00eca gnente. Gi\u00e0. Giust. Ma a-i ch\u00ebrser\u00eca \u00ebn p\u00f2ch d&#8217;erba \u00ebn s\u00ebl sant\u00e9 \u00ebd cost bl\u00f2gh. Mach p\u00f2ca, motoben p\u00f2ca, quasi da nen anc\u00f2rsisne. Ma se i saut\u00e8issa \u00ebn merco alora n&#8217;\u00e0uta vira i podr\u00eca d\u00ec l&#8217;istess: p\u00ebrch\u00e8 i deuv scrive quat righe ambeless\u00ec, quat righe ch&#8217;a cambio nen \u00ebd na virgola la vita \u00ebd gnun? A sar\u00eca nen mej vard\u00e9 la television, lese \u00ebn l\u00ecber o and\u00e9 a cogiesse? A far\u00eca nen pr\u00f2pi l&#8217;istess? N\u00f2. A far\u00eca nen franch l&#8217;istess. P\u00ebrch\u00e8 p\u00ebr \u00ebl mond, as capiss, a cambier\u00eca gnente, ma p\u00ebr mi \u00e9, e come! A son ses agn e \u00ebn t\u00f2ch che tuj ij merco, ch&#8217;a-i c\u00e0pita l\u00f2n ch&#8217;a veul, ambeless\u00ec a-i seurt \u00ebn t\u00f2ch. D\u00ebl vir\u00e9 p\u00ec pens\u00e0, d\u00ebl vire meno; d\u00ebl vire ch&#8217;am pias \u00ebd p\u00ec, d\u00ebl vire &#8216;d meno: ma \u00ebn tute &#8216;l manere a-i \u00e9. Na tradussion, na drolar\u00eca, \u00ebn video, na recension: tuj ij merco i son oblig\u00e0 a ricordeme che &#8216;l piemont\u00e8is p\u00ebr mi a esist, [\u2026] continua a leggere \u00bb","og_url":"https:\/\/giannidavico.it\/gopiedmont\/2016\/12\/07\/lerba-en-sel-sante\/","og_site_name":"Go Piedmont","article_published_time":"2016-12-07T20:44:30+00:00","author":"giannidavico","twitter_card":"summary_large_image","twitter_misc":{"Scritto da":"giannidavico","Tempo di lettura stimato":"2 minuti"},"schema":{"@context":"https:\/\/schema.org","@graph":[{"@type":"WebPage","@id":"https:\/\/giannidavico.it\/gopiedmont\/2016\/12\/07\/lerba-en-sel-sante\/","url":"https:\/\/giannidavico.it\/gopiedmont\/2016\/12\/07\/lerba-en-sel-sante\/","name":"L'erba \u00ebn s\u00ebl sant\u00e9 - Go Piedmont","isPartOf":{"@id":"https:\/\/giannidavico.it\/gopiedmont\/#website"},"datePublished":"2016-12-07T20:44:30+00:00","dateModified":"2016-12-07T20:44:30+00:00","author":{"@id":"https:\/\/giannidavico.it\/gopiedmont\/#\/schema\/person\/ea1fd17d8f2dba325f3712219efa8f77"},"inLanguage":"it-IT","potentialAction":[{"@type":"ReadAction","target":["https:\/\/giannidavico.it\/gopiedmont\/2016\/12\/07\/lerba-en-sel-sante\/"]}]},{"@type":"WebSite","@id":"https:\/\/giannidavico.it\/gopiedmont\/#website","url":"https:\/\/giannidavico.it\/gopiedmont\/","name":"Go Piedmont","description":"pens\u00e9 dzora l\u00ecber, event e p\u00ebrson-e grop\u00e0 al Piemont e a la lenga piemont\u00e8isa","potentialAction":[{"@type":"SearchAction","target":{"@type":"EntryPoint","urlTemplate":"https:\/\/giannidavico.it\/gopiedmont\/?s={search_term_string}"},"query-input":"required name=search_term_string"}],"inLanguage":"it-IT"},{"@type":"Person","@id":"https:\/\/giannidavico.it\/gopiedmont\/#\/schema\/person\/ea1fd17d8f2dba325f3712219efa8f77","name":"giannidavico","image":{"@type":"ImageObject","inLanguage":"it-IT","@id":"https:\/\/giannidavico.it\/gopiedmont\/#\/schema\/person\/image\/","url":"https:\/\/secure.gravatar.com\/avatar\/337748753d882602f3038b55fb369ba1?s=96&d=mm&r=g","contentUrl":"https:\/\/secure.gravatar.com\/avatar\/337748753d882602f3038b55fb369ba1?s=96&d=mm&r=g","caption":"giannidavico"},"url":"https:\/\/giannidavico.it\/gopiedmont\/author\/giannidavico\/"}]}},"_links":{"self":[{"href":"https:\/\/giannidavico.it\/gopiedmont\/wp-json\/wp\/v2\/posts\/3664"}],"collection":[{"href":"https:\/\/giannidavico.it\/gopiedmont\/wp-json\/wp\/v2\/posts"}],"about":[{"href":"https:\/\/giannidavico.it\/gopiedmont\/wp-json\/wp\/v2\/types\/post"}],"author":[{"embeddable":true,"href":"https:\/\/giannidavico.it\/gopiedmont\/wp-json\/wp\/v2\/users\/4"}],"replies":[{"embeddable":true,"href":"https:\/\/giannidavico.it\/gopiedmont\/wp-json\/wp\/v2\/comments?post=3664"}],"version-history":[{"count":5,"href":"https:\/\/giannidavico.it\/gopiedmont\/wp-json\/wp\/v2\/posts\/3664\/revisions"}],"predecessor-version":[{"id":3669,"href":"https:\/\/giannidavico.it\/gopiedmont\/wp-json\/wp\/v2\/posts\/3664\/revisions\/3669"}],"wp:attachment":[{"href":"https:\/\/giannidavico.it\/gopiedmont\/wp-json\/wp\/v2\/media?parent=3664"}],"wp:term":[{"taxonomy":"category","embeddable":true,"href":"https:\/\/giannidavico.it\/gopiedmont\/wp-json\/wp\/v2\/categories?post=3664"},{"taxonomy":"post_tag","embeddable":true,"href":"https:\/\/giannidavico.it\/gopiedmont\/wp-json\/wp\/v2\/tags?post=3664"}],"curies":[{"name":"wp","href":"https:\/\/api.w.org\/{rel}","templated":true}]}}