{"id":39,"date":"2009-02-16T07:51:00","date_gmt":"2009-02-16T07:51:00","guid":{"rendered":"https:\/\/giannidavico.it\/staging\/gopiedmont\/2009\/02\/16\/concors-literari-arzigh\/"},"modified":"2010-05-20T13:47:09","modified_gmt":"2010-05-20T13:47:09","slug":"concors-literari-arzigh","status":"publish","type":"post","link":"https:\/\/giannidavico.it\/gopiedmont\/2009\/02\/16\/concors-literari-arzigh\/","title":{"rendered":"Concors literari Arzigh"},"content":{"rendered":"<p>Corrado Quadro a l\u2019\u00e9 un mons\u00f9 distint e sorident, con na parl\u00e0 bela, sclinta, larga ch\u2019a f\u00e0 pias\u00ec e a slarga \u2018l cheur sente.<\/p>\n<p>Da dj\u2019agn as d\u00e0 da f\u00e9 p\u00ebr organis\u00e9 un bel concors literari, <span style=\"font-style:italic\">Arzigh<\/span> (gi\u00e0 \u2018l n\u00f2m a l\u2019\u00e8 anciarmant), riv\u00e0 a la quarta edission. (A l\u2019\u00e9 v\u00e8j che an s\u00ebl volantin a-i \u00e9 nen \u00ebl s\u00f2 n\u00f2m ma col dla Pro Loco; tutun i pens che se a-i fussa nen chiel&#8230;)<\/p>\n<p>\u00cbl premi a l\u2019\u00e9 p\u00ebr poes\u00ece, pr\u00f2se e canson, con na session \u00ebdc\u00f2 p\u00ebr le sc\u00f2le. A-i \u00e9 temp fin-a a la fin \u00ebd mars p\u00ebr present\u00e9 j&#8217;elabor\u00e0 (fin avril p\u00ebr le sc\u00f2le).<\/p>\n<p>Na r\u00f2ba cita ma bela, scond mi, a l&#8217;\u00e9 che la partecipassion a cost concors a l&#8217;\u00e9 a gratis e che \u00ebl prim premit p\u00ebr minca session a l&#8217;\u00e9 \u00ebd 100 euro.<\/p>\n<p>P\u00ebr anformassion: 0173 978.223 &#8211; premiofaccenda@virgilio.it<\/p>\n","protected":false},"excerpt":{"rendered":"<p>Corrado Quadro a l\u2019\u00e9 un mons\u00f9 distint e sorident, con na parl\u00e0 bela, sclinta, larga ch\u2019a f\u00e0 pias\u00ec e a slarga \u2018l cheur sente.<\/p>\n<p>Da dj\u2019agn as d\u00e0 da f\u00e9 p\u00ebr organis\u00e9 un bel concors literari, Arzigh (gi\u00e0 \u2018l n\u00f2m a l\u2019\u00e8 anciarmant), riv\u00e0 a la quarta edission. (A l\u2019\u00e9 v\u00e8j che an s\u00ebl volantin a-i \u00e9 nen \u00ebl s\u00f2 n\u00f2m ma col dla Pro Loco; tutun i pens che se a-i fussa nen chiel&#8230;)<\/p>\n<p>\u00cbl premi a l\u2019\u00e9 p\u00ebr poes\u00ece, pr\u00f2se e canson, con na session \u00ebdc\u00f2 p\u00ebr le sc\u00f2le. A-i \u00e9 temp fin-a a la fin \u00ebd mars p\u00ebr present\u00e9 j&#8217;elabor\u00e0 (fin avril p\u00ebr le sc\u00f2le).<\/p>\n<p>Na r\u00f2ba cita ma bela, scond mi, a l&#8217;\u00e9 che la partecipassion a cost concors a l&#8217;\u00e9 a gratis e che \u00ebl prim premit p\u00ebr minca session a l&#8217;\u00e9 \u00ebd 100 euro.<\/p>\n<p>P\u00ebr anformassion: 0173 978.223 &#8211; premiofaccenda@virgilio.it<\/p>\n","protected":false},"author":1,"featured_media":0,"comment_status":"open","ping_status":"open","sticky":false,"template":"","format":"standard","meta":[],"categories":[130],"tags":[131],"yoast_head":"<!-- This site is optimized with the Yoast SEO plugin v19.14 - https:\/\/yoast.com\/wordpress\/plugins\/seo\/ -->\n<title>Concors literari Arzigh - Go Piedmont<\/title>\n<meta name=\"robots\" content=\"index, follow, max-snippet:-1, max-image-preview:large, max-video-preview:-1\" \/>\n<link rel=\"canonical\" href=\"https:\/\/giannidavico.it\/gopiedmont\/2009\/02\/16\/concors-literari-arzigh\/\" \/>\n<meta property=\"og:locale\" content=\"it_IT\" \/>\n<meta property=\"og:type\" content=\"article\" \/>\n<meta property=\"og:title\" content=\"Concors literari Arzigh - Go Piedmont\" \/>\n<meta property=\"og:description\" content=\"Corrado Quadro a l\u2019\u00e9 un mons\u00f9 distint e sorident, con na parl\u00e0 bela, sclinta, larga ch\u2019a f\u00e0 pias\u00ec e a slarga \u2018l cheur sente. Da dj\u2019agn as d\u00e0 da f\u00e9 p\u00ebr organis\u00e9 un bel concors literari, Arzigh (gi\u00e0 \u2018l n\u00f2m a l\u2019\u00e8 anciarmant), riv\u00e0 a la quarta edission. (A l\u2019\u00e9 v\u00e8j che an s\u00ebl volantin a-i \u00e9 nen \u00ebl s\u00f2 n\u00f2m ma col dla Pro Loco; tutun i pens che se a-i fussa nen chiel&#8230;) \u00cbl premi a l\u2019\u00e9 p\u00ebr poes\u00ece, pr\u00f2se e canson, con na session \u00ebdc\u00f2 p\u00ebr le sc\u00f2le. A-i \u00e9 temp fin-a a la fin \u00ebd mars p\u00ebr present\u00e9 j&#8217;elabor\u00e0 (fin avril p\u00ebr le sc\u00f2le). Na r\u00f2ba cita ma bela, scond mi, a l&#8217;\u00e9 che la partecipassion a cost concors a l&#8217;\u00e9 a gratis e che \u00ebl prim premit p\u00ebr minca session a l&#8217;\u00e9 \u00ebd 100 euro. P\u00ebr anformassion: 0173 978.223 &#8211; premiofaccenda@virgilio.it\" \/>\n<meta property=\"og:url\" content=\"https:\/\/giannidavico.it\/gopiedmont\/2009\/02\/16\/concors-literari-arzigh\/\" \/>\n<meta property=\"og:site_name\" content=\"Go Piedmont\" \/>\n<meta property=\"article:published_time\" content=\"2009-02-16T07:51:00+00:00\" \/>\n<meta property=\"article:modified_time\" content=\"2010-05-20T13:47:09+00:00\" \/>\n<meta name=\"author\" content=\"admin\" \/>\n<meta name=\"twitter:card\" content=\"summary_large_image\" \/>\n<meta name=\"twitter:label1\" content=\"Scritto da\" \/>\n\t<meta name=\"twitter:data1\" content=\"admin\" \/>\n\t<meta name=\"twitter:label2\" content=\"Tempo di lettura stimato\" \/>\n\t<meta name=\"twitter:data2\" content=\"1 minuto\" \/>\n<script type=\"application\/ld+json\" class=\"yoast-schema-graph\">{\"@context\":\"https:\/\/schema.org\",\"@graph\":[{\"@type\":\"WebPage\",\"@id\":\"https:\/\/giannidavico.it\/gopiedmont\/2009\/02\/16\/concors-literari-arzigh\/\",\"url\":\"https:\/\/giannidavico.it\/gopiedmont\/2009\/02\/16\/concors-literari-arzigh\/\",\"name\":\"Concors literari Arzigh - Go Piedmont\",\"isPartOf\":{\"@id\":\"https:\/\/giannidavico.it\/gopiedmont\/#website\"},\"datePublished\":\"2009-02-16T07:51:00+00:00\",\"dateModified\":\"2010-05-20T13:47:09+00:00\",\"author\":{\"@id\":\"https:\/\/giannidavico.it\/gopiedmont\/#\/schema\/person\/6a96d8672f14b275ece93af45a6da78b\"},\"inLanguage\":\"it-IT\",\"potentialAction\":[{\"@type\":\"ReadAction\",\"target\":[\"https:\/\/giannidavico.it\/gopiedmont\/2009\/02\/16\/concors-literari-arzigh\/\"]}]},{\"@type\":\"WebSite\",\"@id\":\"https:\/\/giannidavico.it\/gopiedmont\/#website\",\"url\":\"https:\/\/giannidavico.it\/gopiedmont\/\",\"name\":\"Go Piedmont\",\"description\":\"pens\u00e9 dzora l\u00ecber, event e p\u00ebrson-e grop\u00e0 al Piemont e a la lenga piemont\u00e8isa\",\"potentialAction\":[{\"@type\":\"SearchAction\",\"target\":{\"@type\":\"EntryPoint\",\"urlTemplate\":\"https:\/\/giannidavico.it\/gopiedmont\/?s={search_term_string}\"},\"query-input\":\"required name=search_term_string\"}],\"inLanguage\":\"it-IT\"},{\"@type\":\"Person\",\"@id\":\"https:\/\/giannidavico.it\/gopiedmont\/#\/schema\/person\/6a96d8672f14b275ece93af45a6da78b\",\"name\":\"admin\",\"image\":{\"@type\":\"ImageObject\",\"inLanguage\":\"it-IT\",\"@id\":\"https:\/\/giannidavico.it\/gopiedmont\/#\/schema\/person\/image\/\",\"url\":\"https:\/\/secure.gravatar.com\/avatar\/337748753d882602f3038b55fb369ba1?s=96&d=mm&r=g\",\"contentUrl\":\"https:\/\/secure.gravatar.com\/avatar\/337748753d882602f3038b55fb369ba1?s=96&d=mm&r=g\",\"caption\":\"admin\"},\"url\":\"https:\/\/giannidavico.it\/gopiedmont\/author\/admin\/\"}]}<\/script>\n<!-- \/ Yoast SEO plugin. -->","yoast_head_json":{"title":"Concors literari Arzigh - Go Piedmont","robots":{"index":"index","follow":"follow","max-snippet":"max-snippet:-1","max-image-preview":"max-image-preview:large","max-video-preview":"max-video-preview:-1"},"canonical":"https:\/\/giannidavico.it\/gopiedmont\/2009\/02\/16\/concors-literari-arzigh\/","og_locale":"it_IT","og_type":"article","og_title":"Concors literari Arzigh - Go Piedmont","og_description":"Corrado Quadro a l\u2019\u00e9 un mons\u00f9 distint e sorident, con na parl\u00e0 bela, sclinta, larga ch\u2019a f\u00e0 pias\u00ec e a slarga \u2018l cheur sente. Da dj\u2019agn as d\u00e0 da f\u00e9 p\u00ebr organis\u00e9 un bel concors literari, Arzigh (gi\u00e0 \u2018l n\u00f2m a l\u2019\u00e8 anciarmant), riv\u00e0 a la quarta edission. (A l\u2019\u00e9 v\u00e8j che an s\u00ebl volantin a-i \u00e9 nen \u00ebl s\u00f2 n\u00f2m ma col dla Pro Loco; tutun i pens che se a-i fussa nen chiel&#8230;) \u00cbl premi a l\u2019\u00e9 p\u00ebr poes\u00ece, pr\u00f2se e canson, con na session \u00ebdc\u00f2 p\u00ebr le sc\u00f2le. A-i \u00e9 temp fin-a a la fin \u00ebd mars p\u00ebr present\u00e9 j&#8217;elabor\u00e0 (fin avril p\u00ebr le sc\u00f2le). Na r\u00f2ba cita ma bela, scond mi, a l&#8217;\u00e9 che la partecipassion a cost concors a l&#8217;\u00e9 a gratis e che \u00ebl prim premit p\u00ebr minca session a l&#8217;\u00e9 \u00ebd 100 euro. P\u00ebr anformassion: 0173 978.223 &#8211; premiofaccenda@virgilio.it","og_url":"https:\/\/giannidavico.it\/gopiedmont\/2009\/02\/16\/concors-literari-arzigh\/","og_site_name":"Go Piedmont","article_published_time":"2009-02-16T07:51:00+00:00","article_modified_time":"2010-05-20T13:47:09+00:00","author":"admin","twitter_card":"summary_large_image","twitter_misc":{"Scritto da":"admin","Tempo di lettura stimato":"1 minuto"},"schema":{"@context":"https:\/\/schema.org","@graph":[{"@type":"WebPage","@id":"https:\/\/giannidavico.it\/gopiedmont\/2009\/02\/16\/concors-literari-arzigh\/","url":"https:\/\/giannidavico.it\/gopiedmont\/2009\/02\/16\/concors-literari-arzigh\/","name":"Concors literari Arzigh - Go Piedmont","isPartOf":{"@id":"https:\/\/giannidavico.it\/gopiedmont\/#website"},"datePublished":"2009-02-16T07:51:00+00:00","dateModified":"2010-05-20T13:47:09+00:00","author":{"@id":"https:\/\/giannidavico.it\/gopiedmont\/#\/schema\/person\/6a96d8672f14b275ece93af45a6da78b"},"inLanguage":"it-IT","potentialAction":[{"@type":"ReadAction","target":["https:\/\/giannidavico.it\/gopiedmont\/2009\/02\/16\/concors-literari-arzigh\/"]}]},{"@type":"WebSite","@id":"https:\/\/giannidavico.it\/gopiedmont\/#website","url":"https:\/\/giannidavico.it\/gopiedmont\/","name":"Go Piedmont","description":"pens\u00e9 dzora l\u00ecber, event e p\u00ebrson-e grop\u00e0 al Piemont e a la lenga piemont\u00e8isa","potentialAction":[{"@type":"SearchAction","target":{"@type":"EntryPoint","urlTemplate":"https:\/\/giannidavico.it\/gopiedmont\/?s={search_term_string}"},"query-input":"required name=search_term_string"}],"inLanguage":"it-IT"},{"@type":"Person","@id":"https:\/\/giannidavico.it\/gopiedmont\/#\/schema\/person\/6a96d8672f14b275ece93af45a6da78b","name":"admin","image":{"@type":"ImageObject","inLanguage":"it-IT","@id":"https:\/\/giannidavico.it\/gopiedmont\/#\/schema\/person\/image\/","url":"https:\/\/secure.gravatar.com\/avatar\/337748753d882602f3038b55fb369ba1?s=96&d=mm&r=g","contentUrl":"https:\/\/secure.gravatar.com\/avatar\/337748753d882602f3038b55fb369ba1?s=96&d=mm&r=g","caption":"admin"},"url":"https:\/\/giannidavico.it\/gopiedmont\/author\/admin\/"}]}},"_links":{"self":[{"href":"https:\/\/giannidavico.it\/gopiedmont\/wp-json\/wp\/v2\/posts\/39"}],"collection":[{"href":"https:\/\/giannidavico.it\/gopiedmont\/wp-json\/wp\/v2\/posts"}],"about":[{"href":"https:\/\/giannidavico.it\/gopiedmont\/wp-json\/wp\/v2\/types\/post"}],"author":[{"embeddable":true,"href":"https:\/\/giannidavico.it\/gopiedmont\/wp-json\/wp\/v2\/users\/1"}],"replies":[{"embeddable":true,"href":"https:\/\/giannidavico.it\/gopiedmont\/wp-json\/wp\/v2\/comments?post=39"}],"version-history":[{"count":1,"href":"https:\/\/giannidavico.it\/gopiedmont\/wp-json\/wp\/v2\/posts\/39\/revisions"}],"predecessor-version":[{"id":338,"href":"https:\/\/giannidavico.it\/gopiedmont\/wp-json\/wp\/v2\/posts\/39\/revisions\/338"}],"wp:attachment":[{"href":"https:\/\/giannidavico.it\/gopiedmont\/wp-json\/wp\/v2\/media?parent=39"}],"wp:term":[{"taxonomy":"category","embeddable":true,"href":"https:\/\/giannidavico.it\/gopiedmont\/wp-json\/wp\/v2\/categories?post=39"},{"taxonomy":"post_tag","embeddable":true,"href":"https:\/\/giannidavico.it\/gopiedmont\/wp-json\/wp\/v2\/tags?post=39"}],"curies":[{"name":"wp","href":"https:\/\/api.w.org\/{rel}","templated":true}]}}