{"id":4,"date":"2008-04-30T11:53:00","date_gmt":"2008-04-30T11:53:00","guid":{"rendered":"https:\/\/giannidavico.it\/staging\/gopiedmont\/2008\/04\/30\/coumboscuro-el-piemonteis-ij-piemonteis-jautri-piemonteis\/"},"modified":"2010-05-20T14:10:30","modified_gmt":"2010-05-20T14:10:30","slug":"coumboscuro-el-piemonteis-ij-piemonteis-jautri-piemonteis","status":"publish","type":"post","link":"https:\/\/giannidavico.it\/gopiedmont\/2008\/04\/30\/coumboscuro-el-piemonteis-ij-piemonteis-jautri-piemonteis\/","title":{"rendered":"Coumboscuro: \u00ebl piemont\u00e8is, ij piemont\u00e8is, j&#8217;\u00e0utri piemont\u00e8is"},"content":{"rendered":"<p><span style=\"font-family: verdana\">Poss\u00e0 da la curiosit\u00e0 (e da l&#8217;ignoransa) p\u00ebr \u00ebl provensal, i son and\u00e0it qu\u00e0ich sman-a f\u00e0 a con\u00f2sse Sergio Arneodo, da la neuit dij temp anima \u00ebd <a href=\"http:\/\/www.coumboscuro.org\/\" target=\"_blank\">Coumboscuro<\/a>.<\/span><\/p>\n<p>I son riv\u00e0 an col pais\u00f2t e <span style=\"font-family: verdana\">da cola ca a l&#8217;\u00e9 surt\u00ece f\u00f2ra col \u00f2mo cit cit, ma con na f\u00f2rsa andrinta ch&#8217;it <\/span><span style=\"font-family: verdana\">imaginr\u00ece mai. I j&#8217;era l\u00ec con mia cita e m\u00e9 novodin, a scot\u00e9 le st\u00f2rie \u00ebd <\/span><span style=\"font-family: verdana\">cost \u00f2mo ch&#8217;a m\u00eb smija un t\u00f2ch sol con la montagna. Con bel deuit ha l&#8217;ha <\/span><span style=\"font-family: verdana\">spiegame un p\u00f2ch l\u00f2n ch&#8217;a fan, e a l&#8217;ha dime tra l&#8217;\u00e0utr che &#8220;con ij <\/span><span style=\"font-family: verdana\">piemont\u00e8is i andoma bastansa d&#8217;ac\u00f2rde&#8221;.<\/span><\/p>\n<p style=\"font-family: verdana\">A l&#8217;ha cantame un t\u00f2ch dij &#8220;Misteri jouio\u00f9s&#8221; e peui a l&#8217;ha spieg\u00e0 ai cit \u00ebl fonsionament d&#8217;un tle d\u00ebl S\u00e8tsent ch&#8217;a l&#8217;han ambelel\u00ec e com ch&#8217;as f\u00e0 \u00ebl formagg.<\/p>\n<p style=\"font-family: verdana\">Riva a ca, i l&#8217;hai pij\u00e0 an man un l\u00ecber an provensal p\u00ebr le sc\u00f2le ch&#8217;i l&#8217;hai cat\u00e0 e prov\u00e0 a lese na conta: a l&#8217;\u00e9 st\u00e0ita na bela sfida, ma giutandme con le lenghe seure i l&#8217;hai fajla. A l&#8217;\u00e9 st\u00e0it amusant.<\/p>\n<p style=\"font-family: verdana\">A la finitiva i pens d&#8217;av\u00e8j cap\u00ec quaic\u00f2s \u00ebd p\u00ec \u00ebd na question che coms\u00ebss\u00eca a l&#8217;\u00e9 bin complic\u00e0.<\/p>\n<p style=\"font-family: verdana\">Adess am resta da con\u00f2sse l&#8217;opinion contraria. I pens ch&#8217;a peussa serve <a href=\"http:\/\/www.espaci-occitan.org\/\" target=\"_blank\">Espaci Occitan<\/a>: la pr\u00f2ssima vira i andrai l\u00e0, p\u00ebrch\u00e8 i veuj cap\u00ec mej. A venta cap\u00ec.<\/p>\n","protected":false},"excerpt":{"rendered":"<p>Poss\u00e0 da la curiosit\u00e0 (e da l&#8217;ignoransa) p\u00ebr \u00ebl provensal, i son and\u00e0it qu\u00e0ich sman-a f\u00e0 a con\u00f2sse Sergio Arneodo, da la neuit dij temp anima \u00ebd <a href=\"http:\/\/www.coumboscuro.org\/\" target=\"_blank\">Coumboscuro<\/a>.<\/p>\n<p>I son riv\u00e0 an col pais\u00f2t e da cola ca a l&#8217;\u00e9 surt\u00ece f\u00f2ra col \u00f2mo cit cit, ma con na f\u00f2rsa andrinta ch&#8217;it imaginr\u00ece mai. I j&#8217;era l\u00ec con mia cita e m\u00e9 novodin, a scot\u00e9 le st\u00f2rie \u00ebd cost \u00f2mo ch&#8217;a m\u00eb smija un t\u00f2ch sol con la montagna. Con bel deuit ha l&#8217;ha spiegame un p\u00f2ch l\u00f2n ch&#8217;a fan, e a l&#8217;ha dime tra l&#8217;\u00e0utr che &#8220;con ij piemont\u00e8is i andoma bastansa d&#8217;ac\u00f2rde&#8221;.<\/p>\n<p style=\"font-family: verdana\">A l&#8217;ha cantame un t\u00f2ch dij &#8220;Misteri jouio\u00f9s&#8221; e peui a l&#8217;ha spieg\u00e0 ai cit \u00ebl fonsionament d&#8217;un tle d\u00ebl S\u00e8tsent ch&#8217;a l&#8217;han ambelel\u00ec e com ch&#8217;as f\u00e0 \u00ebl formagg.<\/p>\n<p style=\"font-family: verdana\">Riva a ca, i l&#8217;hai pij\u00e0 an man un l\u00ecber an provensal p\u00ebr le sc\u00f2le ch&#8217;i l&#8217;hai cat\u00e0 e prov\u00e0 a lese na conta: a l&#8217;\u00e9 st\u00e0ita na bela sfida, ma giutandme con le lenghe seure i l&#8217;hai fajla. A l&#8217;\u00e9 st\u00e0it amusant.<\/p>\n<p style=\"font-family: verdana\">A la finitiva i pens d&#8217;av\u00e8j cap\u00ec quaic\u00f2s \u00ebd p\u00ec \u00ebd na question che coms\u00ebss\u00eca [\u2026] <a class=\"moretag\" href=\"https:\/\/giannidavico.it\/gopiedmont\/2008\/04\/30\/coumboscuro-el-piemonteis-ij-piemonteis-jautri-piemonteis\/\">continua a leggere \u00bb<\/a><\/p>\n","protected":false},"author":1,"featured_media":0,"comment_status":"open","ping_status":"open","sticky":false,"template":"","format":"standard","meta":[],"categories":[130],"tags":[107],"yoast_head":"<!-- This site is optimized with the Yoast SEO plugin v19.14 - https:\/\/yoast.com\/wordpress\/plugins\/seo\/ -->\n<title>Coumboscuro: \u00ebl piemont\u00e8is, ij piemont\u00e8is, j&#039;\u00e0utri piemont\u00e8is - Go Piedmont<\/title>\n<meta name=\"robots\" content=\"index, follow, max-snippet:-1, max-image-preview:large, max-video-preview:-1\" \/>\n<link rel=\"canonical\" href=\"https:\/\/giannidavico.it\/gopiedmont\/2008\/04\/30\/coumboscuro-el-piemonteis-ij-piemonteis-jautri-piemonteis\/\" \/>\n<meta property=\"og:locale\" content=\"it_IT\" \/>\n<meta property=\"og:type\" content=\"article\" \/>\n<meta property=\"og:title\" content=\"Coumboscuro: \u00ebl piemont\u00e8is, ij piemont\u00e8is, j&#039;\u00e0utri piemont\u00e8is - Go Piedmont\" \/>\n<meta property=\"og:description\" content=\"Poss\u00e0 da la curiosit\u00e0 (e da l&#8217;ignoransa) p\u00ebr \u00ebl provensal, i son and\u00e0it qu\u00e0ich sman-a f\u00e0 a con\u00f2sse Sergio Arneodo, da la neuit dij temp anima \u00ebd Coumboscuro. I son riv\u00e0 an col pais\u00f2t e da cola ca a l&#8217;\u00e9 surt\u00ece f\u00f2ra col \u00f2mo cit cit, ma con na f\u00f2rsa andrinta ch&#8217;it imaginr\u00ece mai. I j&#8217;era l\u00ec con mia cita e m\u00e9 novodin, a scot\u00e9 le st\u00f2rie \u00ebd cost \u00f2mo ch&#8217;a m\u00eb smija un t\u00f2ch sol con la montagna. Con bel deuit ha l&#8217;ha spiegame un p\u00f2ch l\u00f2n ch&#8217;a fan, e a l&#8217;ha dime tra l&#8217;\u00e0utr che &#8220;con ij piemont\u00e8is i andoma bastansa d&#8217;ac\u00f2rde&#8221;. A l&#8217;ha cantame un t\u00f2ch dij &#8220;Misteri jouio\u00f9s&#8221; e peui a l&#8217;ha spieg\u00e0 ai cit \u00ebl fonsionament d&#8217;un tle d\u00ebl S\u00e8tsent ch&#8217;a l&#8217;han ambelel\u00ec e com ch&#8217;as f\u00e0 \u00ebl formagg. Riva a ca, i l&#8217;hai pij\u00e0 an man un l\u00ecber an provensal p\u00ebr le sc\u00f2le ch&#8217;i l&#8217;hai cat\u00e0 e prov\u00e0 a lese na conta: a l&#8217;\u00e9 st\u00e0ita na bela sfida, ma giutandme con le lenghe seure i l&#8217;hai fajla. A l&#8217;\u00e9 st\u00e0it amusant. A la finitiva i pens d&#8217;av\u00e8j cap\u00ec quaic\u00f2s \u00ebd p\u00ec \u00ebd na question che coms\u00ebss\u00eca [\u2026] continua a leggere \u00bb\" \/>\n<meta property=\"og:url\" content=\"https:\/\/giannidavico.it\/gopiedmont\/2008\/04\/30\/coumboscuro-el-piemonteis-ij-piemonteis-jautri-piemonteis\/\" \/>\n<meta property=\"og:site_name\" content=\"Go Piedmont\" \/>\n<meta property=\"article:published_time\" content=\"2008-04-30T11:53:00+00:00\" \/>\n<meta property=\"article:modified_time\" content=\"2010-05-20T14:10:30+00:00\" \/>\n<meta name=\"author\" content=\"admin\" \/>\n<meta name=\"twitter:card\" content=\"summary_large_image\" \/>\n<meta name=\"twitter:label1\" content=\"Scritto da\" \/>\n\t<meta name=\"twitter:data1\" content=\"admin\" \/>\n\t<meta name=\"twitter:label2\" content=\"Tempo di lettura stimato\" \/>\n\t<meta name=\"twitter:data2\" content=\"1 minuto\" \/>\n<script type=\"application\/ld+json\" class=\"yoast-schema-graph\">{\"@context\":\"https:\/\/schema.org\",\"@graph\":[{\"@type\":\"WebPage\",\"@id\":\"https:\/\/giannidavico.it\/gopiedmont\/2008\/04\/30\/coumboscuro-el-piemonteis-ij-piemonteis-jautri-piemonteis\/\",\"url\":\"https:\/\/giannidavico.it\/gopiedmont\/2008\/04\/30\/coumboscuro-el-piemonteis-ij-piemonteis-jautri-piemonteis\/\",\"name\":\"Coumboscuro: \u00ebl piemont\u00e8is, ij piemont\u00e8is, j'\u00e0utri piemont\u00e8is - Go Piedmont\",\"isPartOf\":{\"@id\":\"https:\/\/giannidavico.it\/gopiedmont\/#website\"},\"datePublished\":\"2008-04-30T11:53:00+00:00\",\"dateModified\":\"2010-05-20T14:10:30+00:00\",\"author\":{\"@id\":\"https:\/\/giannidavico.it\/gopiedmont\/#\/schema\/person\/6a96d8672f14b275ece93af45a6da78b\"},\"inLanguage\":\"it-IT\",\"potentialAction\":[{\"@type\":\"ReadAction\",\"target\":[\"https:\/\/giannidavico.it\/gopiedmont\/2008\/04\/30\/coumboscuro-el-piemonteis-ij-piemonteis-jautri-piemonteis\/\"]}]},{\"@type\":\"WebSite\",\"@id\":\"https:\/\/giannidavico.it\/gopiedmont\/#website\",\"url\":\"https:\/\/giannidavico.it\/gopiedmont\/\",\"name\":\"Go Piedmont\",\"description\":\"pens\u00e9 dzora l\u00ecber, event e p\u00ebrson-e grop\u00e0 al Piemont e a la lenga piemont\u00e8isa\",\"potentialAction\":[{\"@type\":\"SearchAction\",\"target\":{\"@type\":\"EntryPoint\",\"urlTemplate\":\"https:\/\/giannidavico.it\/gopiedmont\/?s={search_term_string}\"},\"query-input\":\"required name=search_term_string\"}],\"inLanguage\":\"it-IT\"},{\"@type\":\"Person\",\"@id\":\"https:\/\/giannidavico.it\/gopiedmont\/#\/schema\/person\/6a96d8672f14b275ece93af45a6da78b\",\"name\":\"admin\",\"image\":{\"@type\":\"ImageObject\",\"inLanguage\":\"it-IT\",\"@id\":\"https:\/\/giannidavico.it\/gopiedmont\/#\/schema\/person\/image\/\",\"url\":\"https:\/\/secure.gravatar.com\/avatar\/337748753d882602f3038b55fb369ba1?s=96&d=mm&r=g\",\"contentUrl\":\"https:\/\/secure.gravatar.com\/avatar\/337748753d882602f3038b55fb369ba1?s=96&d=mm&r=g\",\"caption\":\"admin\"},\"url\":\"https:\/\/giannidavico.it\/gopiedmont\/author\/admin\/\"}]}<\/script>\n<!-- \/ Yoast SEO plugin. -->","yoast_head_json":{"title":"Coumboscuro: \u00ebl piemont\u00e8is, ij piemont\u00e8is, j'\u00e0utri piemont\u00e8is - Go Piedmont","robots":{"index":"index","follow":"follow","max-snippet":"max-snippet:-1","max-image-preview":"max-image-preview:large","max-video-preview":"max-video-preview:-1"},"canonical":"https:\/\/giannidavico.it\/gopiedmont\/2008\/04\/30\/coumboscuro-el-piemonteis-ij-piemonteis-jautri-piemonteis\/","og_locale":"it_IT","og_type":"article","og_title":"Coumboscuro: \u00ebl piemont\u00e8is, ij piemont\u00e8is, j'\u00e0utri piemont\u00e8is - Go Piedmont","og_description":"Poss\u00e0 da la curiosit\u00e0 (e da l&#8217;ignoransa) p\u00ebr \u00ebl provensal, i son and\u00e0it qu\u00e0ich sman-a f\u00e0 a con\u00f2sse Sergio Arneodo, da la neuit dij temp anima \u00ebd Coumboscuro. I son riv\u00e0 an col pais\u00f2t e da cola ca a l&#8217;\u00e9 surt\u00ece f\u00f2ra col \u00f2mo cit cit, ma con na f\u00f2rsa andrinta ch&#8217;it imaginr\u00ece mai. I j&#8217;era l\u00ec con mia cita e m\u00e9 novodin, a scot\u00e9 le st\u00f2rie \u00ebd cost \u00f2mo ch&#8217;a m\u00eb smija un t\u00f2ch sol con la montagna. Con bel deuit ha l&#8217;ha spiegame un p\u00f2ch l\u00f2n ch&#8217;a fan, e a l&#8217;ha dime tra l&#8217;\u00e0utr che &#8220;con ij piemont\u00e8is i andoma bastansa d&#8217;ac\u00f2rde&#8221;. A l&#8217;ha cantame un t\u00f2ch dij &#8220;Misteri jouio\u00f9s&#8221; e peui a l&#8217;ha spieg\u00e0 ai cit \u00ebl fonsionament d&#8217;un tle d\u00ebl S\u00e8tsent ch&#8217;a l&#8217;han ambelel\u00ec e com ch&#8217;as f\u00e0 \u00ebl formagg. Riva a ca, i l&#8217;hai pij\u00e0 an man un l\u00ecber an provensal p\u00ebr le sc\u00f2le ch&#8217;i l&#8217;hai cat\u00e0 e prov\u00e0 a lese na conta: a l&#8217;\u00e9 st\u00e0ita na bela sfida, ma giutandme con le lenghe seure i l&#8217;hai fajla. A l&#8217;\u00e9 st\u00e0it amusant. A la finitiva i pens d&#8217;av\u00e8j cap\u00ec quaic\u00f2s \u00ebd p\u00ec \u00ebd na question che coms\u00ebss\u00eca [\u2026] continua a leggere \u00bb","og_url":"https:\/\/giannidavico.it\/gopiedmont\/2008\/04\/30\/coumboscuro-el-piemonteis-ij-piemonteis-jautri-piemonteis\/","og_site_name":"Go Piedmont","article_published_time":"2008-04-30T11:53:00+00:00","article_modified_time":"2010-05-20T14:10:30+00:00","author":"admin","twitter_card":"summary_large_image","twitter_misc":{"Scritto da":"admin","Tempo di lettura stimato":"1 minuto"},"schema":{"@context":"https:\/\/schema.org","@graph":[{"@type":"WebPage","@id":"https:\/\/giannidavico.it\/gopiedmont\/2008\/04\/30\/coumboscuro-el-piemonteis-ij-piemonteis-jautri-piemonteis\/","url":"https:\/\/giannidavico.it\/gopiedmont\/2008\/04\/30\/coumboscuro-el-piemonteis-ij-piemonteis-jautri-piemonteis\/","name":"Coumboscuro: \u00ebl piemont\u00e8is, ij piemont\u00e8is, j'\u00e0utri piemont\u00e8is - Go Piedmont","isPartOf":{"@id":"https:\/\/giannidavico.it\/gopiedmont\/#website"},"datePublished":"2008-04-30T11:53:00+00:00","dateModified":"2010-05-20T14:10:30+00:00","author":{"@id":"https:\/\/giannidavico.it\/gopiedmont\/#\/schema\/person\/6a96d8672f14b275ece93af45a6da78b"},"inLanguage":"it-IT","potentialAction":[{"@type":"ReadAction","target":["https:\/\/giannidavico.it\/gopiedmont\/2008\/04\/30\/coumboscuro-el-piemonteis-ij-piemonteis-jautri-piemonteis\/"]}]},{"@type":"WebSite","@id":"https:\/\/giannidavico.it\/gopiedmont\/#website","url":"https:\/\/giannidavico.it\/gopiedmont\/","name":"Go Piedmont","description":"pens\u00e9 dzora l\u00ecber, event e p\u00ebrson-e grop\u00e0 al Piemont e a la lenga piemont\u00e8isa","potentialAction":[{"@type":"SearchAction","target":{"@type":"EntryPoint","urlTemplate":"https:\/\/giannidavico.it\/gopiedmont\/?s={search_term_string}"},"query-input":"required name=search_term_string"}],"inLanguage":"it-IT"},{"@type":"Person","@id":"https:\/\/giannidavico.it\/gopiedmont\/#\/schema\/person\/6a96d8672f14b275ece93af45a6da78b","name":"admin","image":{"@type":"ImageObject","inLanguage":"it-IT","@id":"https:\/\/giannidavico.it\/gopiedmont\/#\/schema\/person\/image\/","url":"https:\/\/secure.gravatar.com\/avatar\/337748753d882602f3038b55fb369ba1?s=96&d=mm&r=g","contentUrl":"https:\/\/secure.gravatar.com\/avatar\/337748753d882602f3038b55fb369ba1?s=96&d=mm&r=g","caption":"admin"},"url":"https:\/\/giannidavico.it\/gopiedmont\/author\/admin\/"}]}},"_links":{"self":[{"href":"https:\/\/giannidavico.it\/gopiedmont\/wp-json\/wp\/v2\/posts\/4"}],"collection":[{"href":"https:\/\/giannidavico.it\/gopiedmont\/wp-json\/wp\/v2\/posts"}],"about":[{"href":"https:\/\/giannidavico.it\/gopiedmont\/wp-json\/wp\/v2\/types\/post"}],"author":[{"embeddable":true,"href":"https:\/\/giannidavico.it\/gopiedmont\/wp-json\/wp\/v2\/users\/1"}],"replies":[{"embeddable":true,"href":"https:\/\/giannidavico.it\/gopiedmont\/wp-json\/wp\/v2\/comments?post=4"}],"version-history":[{"count":1,"href":"https:\/\/giannidavico.it\/gopiedmont\/wp-json\/wp\/v2\/posts\/4\/revisions"}],"predecessor-version":[{"id":378,"href":"https:\/\/giannidavico.it\/gopiedmont\/wp-json\/wp\/v2\/posts\/4\/revisions\/378"}],"wp:attachment":[{"href":"https:\/\/giannidavico.it\/gopiedmont\/wp-json\/wp\/v2\/media?parent=4"}],"wp:term":[{"taxonomy":"category","embeddable":true,"href":"https:\/\/giannidavico.it\/gopiedmont\/wp-json\/wp\/v2\/categories?post=4"},{"taxonomy":"post_tag","embeddable":true,"href":"https:\/\/giannidavico.it\/gopiedmont\/wp-json\/wp\/v2\/tags?post=4"}],"curies":[{"name":"wp","href":"https:\/\/api.w.org\/{rel}","templated":true}]}}