{"id":47,"date":"2009-04-21T07:06:00","date_gmt":"2009-04-21T07:06:00","guid":{"rendered":"https:\/\/giannidavico.it\/staging\/gopiedmont\/2009\/04\/21\/sentse-piemonteis-per-podej-esse-italian-e-europengh\/"},"modified":"2010-05-20T13:43:28","modified_gmt":"2010-05-20T13:43:28","slug":"sentse-piemonteis-per-podej-esse-italian-e-europengh","status":"publish","type":"post","link":"https:\/\/giannidavico.it\/gopiedmont\/2009\/04\/21\/sentse-piemonteis-per-podej-esse-italian-e-europengh\/","title":{"rendered":"Sentse piemont\u00e8is p\u00ebr pod\u00e8j esse italian e europengh"},"content":{"rendered":"<p>Duminica 10 magg, da 9 e mesa a 11 e mesa, Sergi Girardin &#8211; n\u00f2st vate, ant na par\u00f2la &#8211; a tnir\u00e0 na conferensa dzora le lenghe d\u00ebl pod\u00e8j e le lenghe d\u00ebl cheur a Palass Gr\u00f2ss a Riva &#8216;d Cher.<\/p>\n<p>A seguir\u00e0 na t\u00e0ula rotonda ant\u00e9 che a saran present \u00ebdc\u00f2 Sergio Arneodo (president dl&#8217;associassion Coumboscuro), Giuliano Gasca Queirazza (professor emerit dl&#8217;universit\u00e0 \u00ebd Turin), Gianfranco Gribaudo (president dl&#8217;Union \u00ebd j&#8217;associassion piemont\u00e8ise ant \u00ebl mond), Albina Malerba (diretor dla Ca d\u00eb Studi Piemont\u00e8is), Michele Novero (dl&#8217;associassion Gioventura piemont\u00e8isa) e un rapresentant dla comunit\u00e0 Walser Rima Valsesia.<\/p>\n<p>A 11 e mesa a l&#8217;\u00e9 an programa na visita guid\u00e0 al Mus\u00e9 d\u00ebl paesagi sonor, soagn\u00e0 da Domenico Torta, Dino Tron e Guido Raschieri.<\/p>\n","protected":false},"excerpt":{"rendered":"<p>Duminica 10 magg, da 9 e mesa a 11 e mesa, Sergi Girardin &#8211; n\u00f2st vate, ant na par\u00f2la &#8211; a tnir\u00e0 na conferensa dzora le lenghe d\u00ebl pod\u00e8j e le lenghe d\u00ebl cheur a Palass Gr\u00f2ss a Riva &#8216;d Cher.<\/p>\n<p>A seguir\u00e0 na t\u00e0ula rotonda ant\u00e9 che a saran present \u00ebdc\u00f2 Sergio Arneodo (president dl&#8217;associassion Coumboscuro), Giuliano Gasca Queirazza (professor emerit dl&#8217;universit\u00e0 \u00ebd Turin), Gianfranco Gribaudo (president dl&#8217;Union \u00ebd j&#8217;associassion piemont\u00e8ise ant \u00ebl mond), Albina Malerba (diretor dla Ca d\u00eb Studi Piemont\u00e8is), Michele Novero (dl&#8217;associassion Gioventura piemont\u00e8isa) e un rapresentant dla comunit\u00e0 Walser Rima Valsesia.<\/p>\n<p>A 11 e mesa a l&#8217;\u00e9 an programa na visita guid\u00e0 al Mus\u00e9 d\u00ebl paesagi sonor, soagn\u00e0 da Domenico Torta, Dino Tron e Guido Raschieri.<\/p>\n","protected":false},"author":1,"featured_media":0,"comment_status":"open","ping_status":"open","sticky":false,"template":"","format":"standard","meta":[],"categories":[130],"tags":[131],"yoast_head":"<!-- This site is optimized with the Yoast SEO plugin v19.14 - https:\/\/yoast.com\/wordpress\/plugins\/seo\/ -->\n<title>Sentse piemont\u00e8is p\u00ebr pod\u00e8j esse italian e europengh - Go Piedmont<\/title>\n<meta name=\"robots\" content=\"index, follow, max-snippet:-1, max-image-preview:large, max-video-preview:-1\" \/>\n<link rel=\"canonical\" href=\"https:\/\/giannidavico.it\/gopiedmont\/2009\/04\/21\/sentse-piemonteis-per-podej-esse-italian-e-europengh\/\" \/>\n<meta property=\"og:locale\" content=\"it_IT\" \/>\n<meta property=\"og:type\" content=\"article\" \/>\n<meta property=\"og:title\" content=\"Sentse piemont\u00e8is p\u00ebr pod\u00e8j esse italian e europengh - Go Piedmont\" \/>\n<meta property=\"og:description\" content=\"Duminica 10 magg, da 9 e mesa a 11 e mesa, Sergi Girardin &#8211; n\u00f2st vate, ant na par\u00f2la &#8211; a tnir\u00e0 na conferensa dzora le lenghe d\u00ebl pod\u00e8j e le lenghe d\u00ebl cheur a Palass Gr\u00f2ss a Riva &#8216;d Cher. A seguir\u00e0 na t\u00e0ula rotonda ant\u00e9 che a saran present \u00ebdc\u00f2 Sergio Arneodo (president dl&#8217;associassion Coumboscuro), Giuliano Gasca Queirazza (professor emerit dl&#8217;universit\u00e0 \u00ebd Turin), Gianfranco Gribaudo (president dl&#8217;Union \u00ebd j&#8217;associassion piemont\u00e8ise ant \u00ebl mond), Albina Malerba (diretor dla Ca d\u00eb Studi Piemont\u00e8is), Michele Novero (dl&#8217;associassion Gioventura piemont\u00e8isa) e un rapresentant dla comunit\u00e0 Walser Rima Valsesia. A 11 e mesa a l&#8217;\u00e9 an programa na visita guid\u00e0 al Mus\u00e9 d\u00ebl paesagi sonor, soagn\u00e0 da Domenico Torta, Dino Tron e Guido Raschieri.\" \/>\n<meta property=\"og:url\" content=\"https:\/\/giannidavico.it\/gopiedmont\/2009\/04\/21\/sentse-piemonteis-per-podej-esse-italian-e-europengh\/\" \/>\n<meta property=\"og:site_name\" content=\"Go Piedmont\" \/>\n<meta property=\"article:published_time\" content=\"2009-04-21T07:06:00+00:00\" \/>\n<meta property=\"article:modified_time\" content=\"2010-05-20T13:43:28+00:00\" \/>\n<meta name=\"author\" content=\"admin\" \/>\n<meta name=\"twitter:card\" content=\"summary_large_image\" \/>\n<meta name=\"twitter:label1\" content=\"Scritto da\" \/>\n\t<meta name=\"twitter:data1\" content=\"admin\" \/>\n\t<meta name=\"twitter:label2\" content=\"Tempo di lettura stimato\" \/>\n\t<meta name=\"twitter:data2\" content=\"1 minuto\" \/>\n<script type=\"application\/ld+json\" class=\"yoast-schema-graph\">{\"@context\":\"https:\/\/schema.org\",\"@graph\":[{\"@type\":\"WebPage\",\"@id\":\"https:\/\/giannidavico.it\/gopiedmont\/2009\/04\/21\/sentse-piemonteis-per-podej-esse-italian-e-europengh\/\",\"url\":\"https:\/\/giannidavico.it\/gopiedmont\/2009\/04\/21\/sentse-piemonteis-per-podej-esse-italian-e-europengh\/\",\"name\":\"Sentse piemont\u00e8is p\u00ebr pod\u00e8j esse italian e europengh - Go Piedmont\",\"isPartOf\":{\"@id\":\"https:\/\/giannidavico.it\/gopiedmont\/#website\"},\"datePublished\":\"2009-04-21T07:06:00+00:00\",\"dateModified\":\"2010-05-20T13:43:28+00:00\",\"author\":{\"@id\":\"https:\/\/giannidavico.it\/gopiedmont\/#\/schema\/person\/6a96d8672f14b275ece93af45a6da78b\"},\"inLanguage\":\"it-IT\",\"potentialAction\":[{\"@type\":\"ReadAction\",\"target\":[\"https:\/\/giannidavico.it\/gopiedmont\/2009\/04\/21\/sentse-piemonteis-per-podej-esse-italian-e-europengh\/\"]}]},{\"@type\":\"WebSite\",\"@id\":\"https:\/\/giannidavico.it\/gopiedmont\/#website\",\"url\":\"https:\/\/giannidavico.it\/gopiedmont\/\",\"name\":\"Go Piedmont\",\"description\":\"pens\u00e9 dzora l\u00ecber, event e p\u00ebrson-e grop\u00e0 al Piemont e a la lenga piemont\u00e8isa\",\"potentialAction\":[{\"@type\":\"SearchAction\",\"target\":{\"@type\":\"EntryPoint\",\"urlTemplate\":\"https:\/\/giannidavico.it\/gopiedmont\/?s={search_term_string}\"},\"query-input\":\"required name=search_term_string\"}],\"inLanguage\":\"it-IT\"},{\"@type\":\"Person\",\"@id\":\"https:\/\/giannidavico.it\/gopiedmont\/#\/schema\/person\/6a96d8672f14b275ece93af45a6da78b\",\"name\":\"admin\",\"image\":{\"@type\":\"ImageObject\",\"inLanguage\":\"it-IT\",\"@id\":\"https:\/\/giannidavico.it\/gopiedmont\/#\/schema\/person\/image\/\",\"url\":\"https:\/\/secure.gravatar.com\/avatar\/337748753d882602f3038b55fb369ba1?s=96&d=mm&r=g\",\"contentUrl\":\"https:\/\/secure.gravatar.com\/avatar\/337748753d882602f3038b55fb369ba1?s=96&d=mm&r=g\",\"caption\":\"admin\"},\"url\":\"https:\/\/giannidavico.it\/gopiedmont\/author\/admin\/\"}]}<\/script>\n<!-- \/ Yoast SEO plugin. -->","yoast_head_json":{"title":"Sentse piemont\u00e8is p\u00ebr pod\u00e8j esse italian e europengh - Go Piedmont","robots":{"index":"index","follow":"follow","max-snippet":"max-snippet:-1","max-image-preview":"max-image-preview:large","max-video-preview":"max-video-preview:-1"},"canonical":"https:\/\/giannidavico.it\/gopiedmont\/2009\/04\/21\/sentse-piemonteis-per-podej-esse-italian-e-europengh\/","og_locale":"it_IT","og_type":"article","og_title":"Sentse piemont\u00e8is p\u00ebr pod\u00e8j esse italian e europengh - Go Piedmont","og_description":"Duminica 10 magg, da 9 e mesa a 11 e mesa, Sergi Girardin &#8211; n\u00f2st vate, ant na par\u00f2la &#8211; a tnir\u00e0 na conferensa dzora le lenghe d\u00ebl pod\u00e8j e le lenghe d\u00ebl cheur a Palass Gr\u00f2ss a Riva &#8216;d Cher. A seguir\u00e0 na t\u00e0ula rotonda ant\u00e9 che a saran present \u00ebdc\u00f2 Sergio Arneodo (president dl&#8217;associassion Coumboscuro), Giuliano Gasca Queirazza (professor emerit dl&#8217;universit\u00e0 \u00ebd Turin), Gianfranco Gribaudo (president dl&#8217;Union \u00ebd j&#8217;associassion piemont\u00e8ise ant \u00ebl mond), Albina Malerba (diretor dla Ca d\u00eb Studi Piemont\u00e8is), Michele Novero (dl&#8217;associassion Gioventura piemont\u00e8isa) e un rapresentant dla comunit\u00e0 Walser Rima Valsesia. A 11 e mesa a l&#8217;\u00e9 an programa na visita guid\u00e0 al Mus\u00e9 d\u00ebl paesagi sonor, soagn\u00e0 da Domenico Torta, Dino Tron e Guido Raschieri.","og_url":"https:\/\/giannidavico.it\/gopiedmont\/2009\/04\/21\/sentse-piemonteis-per-podej-esse-italian-e-europengh\/","og_site_name":"Go Piedmont","article_published_time":"2009-04-21T07:06:00+00:00","article_modified_time":"2010-05-20T13:43:28+00:00","author":"admin","twitter_card":"summary_large_image","twitter_misc":{"Scritto da":"admin","Tempo di lettura stimato":"1 minuto"},"schema":{"@context":"https:\/\/schema.org","@graph":[{"@type":"WebPage","@id":"https:\/\/giannidavico.it\/gopiedmont\/2009\/04\/21\/sentse-piemonteis-per-podej-esse-italian-e-europengh\/","url":"https:\/\/giannidavico.it\/gopiedmont\/2009\/04\/21\/sentse-piemonteis-per-podej-esse-italian-e-europengh\/","name":"Sentse piemont\u00e8is p\u00ebr pod\u00e8j esse italian e europengh - Go Piedmont","isPartOf":{"@id":"https:\/\/giannidavico.it\/gopiedmont\/#website"},"datePublished":"2009-04-21T07:06:00+00:00","dateModified":"2010-05-20T13:43:28+00:00","author":{"@id":"https:\/\/giannidavico.it\/gopiedmont\/#\/schema\/person\/6a96d8672f14b275ece93af45a6da78b"},"inLanguage":"it-IT","potentialAction":[{"@type":"ReadAction","target":["https:\/\/giannidavico.it\/gopiedmont\/2009\/04\/21\/sentse-piemonteis-per-podej-esse-italian-e-europengh\/"]}]},{"@type":"WebSite","@id":"https:\/\/giannidavico.it\/gopiedmont\/#website","url":"https:\/\/giannidavico.it\/gopiedmont\/","name":"Go Piedmont","description":"pens\u00e9 dzora l\u00ecber, event e p\u00ebrson-e grop\u00e0 al Piemont e a la lenga piemont\u00e8isa","potentialAction":[{"@type":"SearchAction","target":{"@type":"EntryPoint","urlTemplate":"https:\/\/giannidavico.it\/gopiedmont\/?s={search_term_string}"},"query-input":"required name=search_term_string"}],"inLanguage":"it-IT"},{"@type":"Person","@id":"https:\/\/giannidavico.it\/gopiedmont\/#\/schema\/person\/6a96d8672f14b275ece93af45a6da78b","name":"admin","image":{"@type":"ImageObject","inLanguage":"it-IT","@id":"https:\/\/giannidavico.it\/gopiedmont\/#\/schema\/person\/image\/","url":"https:\/\/secure.gravatar.com\/avatar\/337748753d882602f3038b55fb369ba1?s=96&d=mm&r=g","contentUrl":"https:\/\/secure.gravatar.com\/avatar\/337748753d882602f3038b55fb369ba1?s=96&d=mm&r=g","caption":"admin"},"url":"https:\/\/giannidavico.it\/gopiedmont\/author\/admin\/"}]}},"_links":{"self":[{"href":"https:\/\/giannidavico.it\/gopiedmont\/wp-json\/wp\/v2\/posts\/47"}],"collection":[{"href":"https:\/\/giannidavico.it\/gopiedmont\/wp-json\/wp\/v2\/posts"}],"about":[{"href":"https:\/\/giannidavico.it\/gopiedmont\/wp-json\/wp\/v2\/types\/post"}],"author":[{"embeddable":true,"href":"https:\/\/giannidavico.it\/gopiedmont\/wp-json\/wp\/v2\/users\/1"}],"replies":[{"embeddable":true,"href":"https:\/\/giannidavico.it\/gopiedmont\/wp-json\/wp\/v2\/comments?post=47"}],"version-history":[{"count":1,"href":"https:\/\/giannidavico.it\/gopiedmont\/wp-json\/wp\/v2\/posts\/47\/revisions"}],"predecessor-version":[{"id":330,"href":"https:\/\/giannidavico.it\/gopiedmont\/wp-json\/wp\/v2\/posts\/47\/revisions\/330"}],"wp:attachment":[{"href":"https:\/\/giannidavico.it\/gopiedmont\/wp-json\/wp\/v2\/media?parent=47"}],"wp:term":[{"taxonomy":"category","embeddable":true,"href":"https:\/\/giannidavico.it\/gopiedmont\/wp-json\/wp\/v2\/categories?post=47"},{"taxonomy":"post_tag","embeddable":true,"href":"https:\/\/giannidavico.it\/gopiedmont\/wp-json\/wp\/v2\/tags?post=47"}],"curies":[{"name":"wp","href":"https:\/\/api.w.org\/{rel}","templated":true}]}}