{"id":483,"date":"2010-09-08T10:15:54","date_gmt":"2010-09-08T10:15:54","guid":{"rendered":"https:\/\/giannidavico.it\/staging\/gopiedmont\/?p=483"},"modified":"2010-09-08T10:18:00","modified_gmt":"2010-09-08T10:18:00","slug":"porca-miseria","status":"publish","type":"post","link":"https:\/\/giannidavico.it\/gopiedmont\/2010\/09\/08\/porca-miseria\/","title":{"rendered":"P\u00f2rca miseria!"},"content":{"rendered":"<p>I con\u00f2ss Domenico Torta da qu\u00e0ich agn, <a href=\"https:\/\/giannidavico.it\/gopiedmont\/2008\/06\/08\/domenico-torta-e-ij-musicant-ed-riva-d-cher\/\">i podr\u00eca and\u00e9 a s\u00f2 ca a p\u00e9<\/a> ma \u2013 i sai nen p\u00ebrch\u00e8 \u2013 i l\u2019hai mai vistlo a f\u00e9 l\u00f2n ch\u2019a sa f\u00e9 magistralment: \u00ebl f\u00f2l (ch\u2019a sia dit con tuta \u2013 e a l\u2019\u00e9 tanta \u2013 la bin ch\u2019i-i veuj), \u00ebl conta-st\u00f2rie, comeuve, cont\u00e9, cant\u00e9, son\u00e9 e via f\u00f2rt.<\/p>\n<p>Bin: saba 11 d\u00eb st\u00e8mber a Cher, te\u00e0ter d\u00ebl D\u00f2m a neuv e mesa, ij <a href=\"http:\/\/www.musicantirivachieri.it\/home.asp\" target=\"_blank\">Musicant \u00ebd Riva<\/a> a daran spet\u00e0col (a gratis).<\/p>\n<p>Alora dle doe c\u00f2se un-a sola: o i-j ciam \u00ebd port\u00e9 l\u2019esibission a le Rosin-e (mmmmm&#8230; dif\u00eccil), o i vad mi. Miraco a l&#8217;\u00e9 mej ch&#8217;i vada mi&#8230; I vad mi \u2013 e i p\u00f2rt la famija&#8230; mers\u00ec!<\/p>\n<p>Spiegh\u00e9 l\u00eb spet\u00e0col a sar\u00eca dif\u00eccil p\u00ebr tuti, tant \u00ebd p\u00ec p\u00ebr mi ch\u2019i l\u2019hai mai vistlo&#8230; ma da saba i podrai p\u00ec nen d\u00ec par\u00e8j. Ant \u00ebl mentr\u00e9 as peul vardesse un t\u00f2ch <a href=\"http:\/\/www.youtube.com\/watch?gl=IT&#038;hl=it&#038;v=KPx23MC31FU\" target=\"_blank\">ambeless\u00ec<\/a>.<\/p>\n<p>Tuti, naturalment, a son anvit\u00e0 a la festa.<\/p>\n","protected":false},"excerpt":{"rendered":"<p>I con\u00f2ss Domenico Torta da qu\u00e0ich agn, <a href=\"https:\/\/giannidavico.it\/gopiedmont\/2008\/06\/08\/domenico-torta-e-ij-musicant-ed-riva-d-cher\/\">i podr\u00eca and\u00e9 a s\u00f2 ca a p\u00e9<\/a> ma \u2013 i sai nen p\u00ebrch\u00e8 \u2013 i l\u2019hai mai vistlo a f\u00e9 l\u00f2n ch\u2019a sa f\u00e9 magistralment: \u00ebl f\u00f2l (ch\u2019a sia dit con tuta \u2013 e a l\u2019\u00e9 tanta \u2013 la bin ch\u2019i-i veuj), \u00ebl conta-st\u00f2rie, comeuve, cont\u00e9, cant\u00e9, son\u00e9 e via f\u00f2rt.<\/p>\n<p>Bin: saba 11 d\u00eb st\u00e8mber a Cher, te\u00e0ter d\u00ebl D\u00f2m a neuv e mesa, ij <a href=\"http:\/\/www.musicantirivachieri.it\/home.asp\" target=\"_blank\">Musicant \u00ebd Riva<\/a> a daran spet\u00e0col (a gratis).<\/p>\n<p>Alora dle doe c\u00f2se un-a sola: o i-j ciam \u00ebd port\u00e9 l\u2019esibission a le Rosin-e (mmmmm&#8230; dif\u00eccil), o i vad mi. Miraco a l&#8217;\u00e9 mej ch&#8217;i vada mi&#8230; I vad mi \u2013 e i p\u00f2rt la famija&#8230; mers\u00ec!<\/p>\n<p>Spiegh\u00e9 l\u00eb spet\u00e0col a sar\u00eca dif\u00eccil p\u00ebr tuti, tant \u00ebd p\u00ec p\u00ebr mi ch\u2019i l\u2019hai mai vistlo&#8230; ma da saba i podrai p\u00ec nen d\u00ec par\u00e8j. Ant \u00ebl mentr\u00e9 as peul vardesse un t\u00f2ch <a href=\"http:\/\/www.youtube.com\/watch?gl=IT&#038;hl=it&#038;v=KPx23MC31FU\" target=\"_blank\">ambeless\u00ec<\/a>.<\/p>\n<p>Tuti, naturalment, a son anvit\u00e0 a la festa.<\/p>\n","protected":false},"author":4,"featured_media":0,"comment_status":"open","ping_status":"open","sticky":false,"template":"","format":"standard","meta":[],"categories":[130],"tags":[131,45],"yoast_head":"<!-- This site is optimized with the Yoast SEO plugin v19.14 - https:\/\/yoast.com\/wordpress\/plugins\/seo\/ -->\n<title>P\u00f2rca miseria! - Go Piedmont<\/title>\n<meta name=\"robots\" content=\"index, follow, max-snippet:-1, max-image-preview:large, max-video-preview:-1\" \/>\n<link rel=\"canonical\" href=\"https:\/\/giannidavico.it\/gopiedmont\/2010\/09\/08\/porca-miseria\/\" \/>\n<meta property=\"og:locale\" content=\"it_IT\" \/>\n<meta property=\"og:type\" content=\"article\" \/>\n<meta property=\"og:title\" content=\"P\u00f2rca miseria! - Go Piedmont\" \/>\n<meta property=\"og:description\" content=\"I con\u00f2ss Domenico Torta da qu\u00e0ich agn, i podr\u00eca and\u00e9 a s\u00f2 ca a p\u00e9 ma \u2013 i sai nen p\u00ebrch\u00e8 \u2013 i l\u2019hai mai vistlo a f\u00e9 l\u00f2n ch\u2019a sa f\u00e9 magistralment: \u00ebl f\u00f2l (ch\u2019a sia dit con tuta \u2013 e a l\u2019\u00e9 tanta \u2013 la bin ch\u2019i-i veuj), \u00ebl conta-st\u00f2rie, comeuve, cont\u00e9, cant\u00e9, son\u00e9 e via f\u00f2rt. Bin: saba 11 d\u00eb st\u00e8mber a Cher, te\u00e0ter d\u00ebl D\u00f2m a neuv e mesa, ij Musicant \u00ebd Riva a daran spet\u00e0col (a gratis). Alora dle doe c\u00f2se un-a sola: o i-j ciam \u00ebd port\u00e9 l\u2019esibission a le Rosin-e (mmmmm&#8230; dif\u00eccil), o i vad mi. Miraco a l&#8217;\u00e9 mej ch&#8217;i vada mi&#8230; I vad mi \u2013 e i p\u00f2rt la famija&#8230; mers\u00ec! Spiegh\u00e9 l\u00eb spet\u00e0col a sar\u00eca dif\u00eccil p\u00ebr tuti, tant \u00ebd p\u00ec p\u00ebr mi ch\u2019i l\u2019hai mai vistlo&#8230; ma da saba i podrai p\u00ec nen d\u00ec par\u00e8j. Ant \u00ebl mentr\u00e9 as peul vardesse un t\u00f2ch ambeless\u00ec. Tuti, naturalment, a son anvit\u00e0 a la festa.\" \/>\n<meta property=\"og:url\" content=\"https:\/\/giannidavico.it\/gopiedmont\/2010\/09\/08\/porca-miseria\/\" \/>\n<meta property=\"og:site_name\" content=\"Go Piedmont\" \/>\n<meta property=\"article:published_time\" content=\"2010-09-08T10:15:54+00:00\" \/>\n<meta property=\"article:modified_time\" content=\"2010-09-08T10:18:00+00:00\" \/>\n<meta name=\"author\" content=\"giannidavico\" \/>\n<meta name=\"twitter:card\" content=\"summary_large_image\" \/>\n<meta name=\"twitter:label1\" content=\"Scritto da\" \/>\n\t<meta name=\"twitter:data1\" content=\"giannidavico\" \/>\n\t<meta name=\"twitter:label2\" content=\"Tempo di lettura stimato\" \/>\n\t<meta name=\"twitter:data2\" content=\"1 minuto\" \/>\n<script type=\"application\/ld+json\" class=\"yoast-schema-graph\">{\"@context\":\"https:\/\/schema.org\",\"@graph\":[{\"@type\":\"WebPage\",\"@id\":\"https:\/\/giannidavico.it\/gopiedmont\/2010\/09\/08\/porca-miseria\/\",\"url\":\"https:\/\/giannidavico.it\/gopiedmont\/2010\/09\/08\/porca-miseria\/\",\"name\":\"P\u00f2rca miseria! - Go Piedmont\",\"isPartOf\":{\"@id\":\"https:\/\/giannidavico.it\/gopiedmont\/#website\"},\"datePublished\":\"2010-09-08T10:15:54+00:00\",\"dateModified\":\"2010-09-08T10:18:00+00:00\",\"author\":{\"@id\":\"https:\/\/giannidavico.it\/gopiedmont\/#\/schema\/person\/ea1fd17d8f2dba325f3712219efa8f77\"},\"inLanguage\":\"it-IT\",\"potentialAction\":[{\"@type\":\"ReadAction\",\"target\":[\"https:\/\/giannidavico.it\/gopiedmont\/2010\/09\/08\/porca-miseria\/\"]}]},{\"@type\":\"WebSite\",\"@id\":\"https:\/\/giannidavico.it\/gopiedmont\/#website\",\"url\":\"https:\/\/giannidavico.it\/gopiedmont\/\",\"name\":\"Go Piedmont\",\"description\":\"pens\u00e9 dzora l\u00ecber, event e p\u00ebrson-e grop\u00e0 al Piemont e a la lenga piemont\u00e8isa\",\"potentialAction\":[{\"@type\":\"SearchAction\",\"target\":{\"@type\":\"EntryPoint\",\"urlTemplate\":\"https:\/\/giannidavico.it\/gopiedmont\/?s={search_term_string}\"},\"query-input\":\"required name=search_term_string\"}],\"inLanguage\":\"it-IT\"},{\"@type\":\"Person\",\"@id\":\"https:\/\/giannidavico.it\/gopiedmont\/#\/schema\/person\/ea1fd17d8f2dba325f3712219efa8f77\",\"name\":\"giannidavico\",\"image\":{\"@type\":\"ImageObject\",\"inLanguage\":\"it-IT\",\"@id\":\"https:\/\/giannidavico.it\/gopiedmont\/#\/schema\/person\/image\/\",\"url\":\"https:\/\/secure.gravatar.com\/avatar\/337748753d882602f3038b55fb369ba1?s=96&d=mm&r=g\",\"contentUrl\":\"https:\/\/secure.gravatar.com\/avatar\/337748753d882602f3038b55fb369ba1?s=96&d=mm&r=g\",\"caption\":\"giannidavico\"},\"url\":\"https:\/\/giannidavico.it\/gopiedmont\/author\/giannidavico\/\"}]}<\/script>\n<!-- \/ Yoast SEO plugin. -->","yoast_head_json":{"title":"P\u00f2rca miseria! - Go Piedmont","robots":{"index":"index","follow":"follow","max-snippet":"max-snippet:-1","max-image-preview":"max-image-preview:large","max-video-preview":"max-video-preview:-1"},"canonical":"https:\/\/giannidavico.it\/gopiedmont\/2010\/09\/08\/porca-miseria\/","og_locale":"it_IT","og_type":"article","og_title":"P\u00f2rca miseria! - Go Piedmont","og_description":"I con\u00f2ss Domenico Torta da qu\u00e0ich agn, i podr\u00eca and\u00e9 a s\u00f2 ca a p\u00e9 ma \u2013 i sai nen p\u00ebrch\u00e8 \u2013 i l\u2019hai mai vistlo a f\u00e9 l\u00f2n ch\u2019a sa f\u00e9 magistralment: \u00ebl f\u00f2l (ch\u2019a sia dit con tuta \u2013 e a l\u2019\u00e9 tanta \u2013 la bin ch\u2019i-i veuj), \u00ebl conta-st\u00f2rie, comeuve, cont\u00e9, cant\u00e9, son\u00e9 e via f\u00f2rt. Bin: saba 11 d\u00eb st\u00e8mber a Cher, te\u00e0ter d\u00ebl D\u00f2m a neuv e mesa, ij Musicant \u00ebd Riva a daran spet\u00e0col (a gratis). Alora dle doe c\u00f2se un-a sola: o i-j ciam \u00ebd port\u00e9 l\u2019esibission a le Rosin-e (mmmmm&#8230; dif\u00eccil), o i vad mi. Miraco a l&#8217;\u00e9 mej ch&#8217;i vada mi&#8230; I vad mi \u2013 e i p\u00f2rt la famija&#8230; mers\u00ec! Spiegh\u00e9 l\u00eb spet\u00e0col a sar\u00eca dif\u00eccil p\u00ebr tuti, tant \u00ebd p\u00ec p\u00ebr mi ch\u2019i l\u2019hai mai vistlo&#8230; ma da saba i podrai p\u00ec nen d\u00ec par\u00e8j. Ant \u00ebl mentr\u00e9 as peul vardesse un t\u00f2ch ambeless\u00ec. Tuti, naturalment, a son anvit\u00e0 a la festa.","og_url":"https:\/\/giannidavico.it\/gopiedmont\/2010\/09\/08\/porca-miseria\/","og_site_name":"Go Piedmont","article_published_time":"2010-09-08T10:15:54+00:00","article_modified_time":"2010-09-08T10:18:00+00:00","author":"giannidavico","twitter_card":"summary_large_image","twitter_misc":{"Scritto da":"giannidavico","Tempo di lettura stimato":"1 minuto"},"schema":{"@context":"https:\/\/schema.org","@graph":[{"@type":"WebPage","@id":"https:\/\/giannidavico.it\/gopiedmont\/2010\/09\/08\/porca-miseria\/","url":"https:\/\/giannidavico.it\/gopiedmont\/2010\/09\/08\/porca-miseria\/","name":"P\u00f2rca miseria! - Go Piedmont","isPartOf":{"@id":"https:\/\/giannidavico.it\/gopiedmont\/#website"},"datePublished":"2010-09-08T10:15:54+00:00","dateModified":"2010-09-08T10:18:00+00:00","author":{"@id":"https:\/\/giannidavico.it\/gopiedmont\/#\/schema\/person\/ea1fd17d8f2dba325f3712219efa8f77"},"inLanguage":"it-IT","potentialAction":[{"@type":"ReadAction","target":["https:\/\/giannidavico.it\/gopiedmont\/2010\/09\/08\/porca-miseria\/"]}]},{"@type":"WebSite","@id":"https:\/\/giannidavico.it\/gopiedmont\/#website","url":"https:\/\/giannidavico.it\/gopiedmont\/","name":"Go Piedmont","description":"pens\u00e9 dzora l\u00ecber, event e p\u00ebrson-e grop\u00e0 al Piemont e a la lenga piemont\u00e8isa","potentialAction":[{"@type":"SearchAction","target":{"@type":"EntryPoint","urlTemplate":"https:\/\/giannidavico.it\/gopiedmont\/?s={search_term_string}"},"query-input":"required name=search_term_string"}],"inLanguage":"it-IT"},{"@type":"Person","@id":"https:\/\/giannidavico.it\/gopiedmont\/#\/schema\/person\/ea1fd17d8f2dba325f3712219efa8f77","name":"giannidavico","image":{"@type":"ImageObject","inLanguage":"it-IT","@id":"https:\/\/giannidavico.it\/gopiedmont\/#\/schema\/person\/image\/","url":"https:\/\/secure.gravatar.com\/avatar\/337748753d882602f3038b55fb369ba1?s=96&d=mm&r=g","contentUrl":"https:\/\/secure.gravatar.com\/avatar\/337748753d882602f3038b55fb369ba1?s=96&d=mm&r=g","caption":"giannidavico"},"url":"https:\/\/giannidavico.it\/gopiedmont\/author\/giannidavico\/"}]}},"_links":{"self":[{"href":"https:\/\/giannidavico.it\/gopiedmont\/wp-json\/wp\/v2\/posts\/483"}],"collection":[{"href":"https:\/\/giannidavico.it\/gopiedmont\/wp-json\/wp\/v2\/posts"}],"about":[{"href":"https:\/\/giannidavico.it\/gopiedmont\/wp-json\/wp\/v2\/types\/post"}],"author":[{"embeddable":true,"href":"https:\/\/giannidavico.it\/gopiedmont\/wp-json\/wp\/v2\/users\/4"}],"replies":[{"embeddable":true,"href":"https:\/\/giannidavico.it\/gopiedmont\/wp-json\/wp\/v2\/comments?post=483"}],"version-history":[{"count":5,"href":"https:\/\/giannidavico.it\/gopiedmont\/wp-json\/wp\/v2\/posts\/483\/revisions"}],"predecessor-version":[{"id":488,"href":"https:\/\/giannidavico.it\/gopiedmont\/wp-json\/wp\/v2\/posts\/483\/revisions\/488"}],"wp:attachment":[{"href":"https:\/\/giannidavico.it\/gopiedmont\/wp-json\/wp\/v2\/media?parent=483"}],"wp:term":[{"taxonomy":"category","embeddable":true,"href":"https:\/\/giannidavico.it\/gopiedmont\/wp-json\/wp\/v2\/categories?post=483"},{"taxonomy":"post_tag","embeddable":true,"href":"https:\/\/giannidavico.it\/gopiedmont\/wp-json\/wp\/v2\/tags?post=483"}],"curies":[{"name":"wp","href":"https:\/\/api.w.org\/{rel}","templated":true}]}}