{"id":53,"date":"2009-06-10T09:11:00","date_gmt":"2009-06-10T09:11:00","guid":{"rendered":"https:\/\/giannidavico.it\/staging\/gopiedmont\/2009\/06\/10\/antena\/"},"modified":"2009-06-10T09:11:00","modified_gmt":"2009-06-10T09:11:00","slug":"antena","status":"publish","type":"post","link":"https:\/\/giannidavico.it\/gopiedmont\/2009\/06\/10\/antena\/","title":{"rendered":"Anten\u00e0"},"content":{"rendered":"<p><a href=\"http:\/\/1.bp.blogspot.com\/_i9Yc-S9BNWI\/Si94ynYd2XI\/AAAAAAAAADY\/45eZ7-GQK-w\/s1600-h\/davico.jpg\"><img style=\"margin:0px auto 10px;text-align:center;cursor:pointer;cursor:hand;width: 242px;height: 320px\" src=\"http:\/\/1.bp.blogspot.com\/_i9Yc-S9BNWI\/Si94ynYd2XI\/AAAAAAAAADY\/45eZ7-GQK-w\/s320\/davico.jpg\" border=\"0\" \/><\/a><br \/>I l\u2019hai d\u00ebscurb\u00ec che, prima \u2018d nasse, i l\u2019hai viv\u00f9<br \/>sempe an \u00f2mo sald, sgnor \u00ebd lor,<br \/>e gnun a sav\u00eca r\u00ebsponde e tuj a j\u2019ero calm.<br \/>(Cesare Pavese, <span style=\"font-style:italic\">Antenati<\/span>)<\/p>\n<p>Cost a l\u2019\u00e9 l\u2019efet ch\u2019am fan le riunion \u00ebd famija con Maurenzo, me cusin american, na vita an Cile, 82 agn bin port\u00e0.<\/p>\n<p>E an particolar quand che con me pap\u00e0 as buto a cont\u00e9 dla famija. St\u00f2rie austere, piemont\u00e8ise, nen \u00ebd povert\u00e0 ma \u2018d rigor, travaj, ordin. St\u00f2rie d\u2019industria, \u00ebd s\u00ecndich, \u00ebd l\u00f2te ovriere, st\u00f2rie ant\u00e9 che \u2018l giust e \u00ebl nen giust a l\u2019han s\u00f2 p\u00f2st precis.<\/p>\n<p>I l\u2019heu nen da trambl\u00e9, tut col ram dij Davico a l\u2019\u00e9 andrinta \u2018d mi.<\/p>\n","protected":false},"excerpt":{"rendered":"<p><a href=\"http:\/\/1.bp.blogspot.com\/_i9Yc-S9BNWI\/Si94ynYd2XI\/AAAAAAAAADY\/45eZ7-GQK-w\/s1600-h\/davico.jpg\"><img style=\"margin:0px auto 10px;text-align:center;cursor:pointer;cursor:hand;width: 242px;height: 320px\" src=\"http:\/\/1.bp.blogspot.com\/_i9Yc-S9BNWI\/Si94ynYd2XI\/AAAAAAAAADY\/45eZ7-GQK-w\/s320\/davico.jpg\" border=\"0\" \/><\/a><br \/>I l\u2019hai d\u00ebscurb\u00ec che, prima \u2018d nasse, i l\u2019hai viv\u00f9<br \/>sempe an \u00f2mo sald, sgnor \u00ebd lor,<br \/>e gnun a sav\u00eca r\u00ebsponde e tuj a j\u2019ero calm.<br \/>(Cesare Pavese, Antenati)<\/p>\n<p>Cost a l\u2019\u00e9 l\u2019efet ch\u2019am fan le riunion \u00ebd famija con Maurenzo, me cusin american, na vita an Cile, 82 agn bin port\u00e0.<\/p>\n<p>E an particolar quand che con me pap\u00e0 as buto a cont\u00e9 dla famija. St\u00f2rie austere, piemont\u00e8ise, nen \u00ebd povert\u00e0 ma \u2018d rigor, travaj, ordin. St\u00f2rie d\u2019industria, \u00ebd s\u00ecndich, \u00ebd l\u00f2te ovriere, st\u00f2rie ant\u00e9 che \u2018l giust e \u00ebl nen giust a l\u2019han s\u00f2 p\u00f2st precis.<\/p>\n<p>I l\u2019heu nen da trambl\u00e9, tut col ram dij Davico a l\u2019\u00e9 andrinta \u2018d mi.<\/p>\n","protected":false},"author":1,"featured_media":0,"comment_status":"open","ping_status":"open","sticky":false,"template":"","format":"standard","meta":[],"categories":[],"tags":[76],"yoast_head":"<!-- This site is optimized with the Yoast SEO plugin v19.14 - https:\/\/yoast.com\/wordpress\/plugins\/seo\/ -->\n<title>Anten\u00e0 - Go Piedmont<\/title>\n<meta name=\"robots\" content=\"index, follow, max-snippet:-1, max-image-preview:large, max-video-preview:-1\" \/>\n<link rel=\"canonical\" href=\"https:\/\/giannidavico.it\/gopiedmont\/2009\/06\/10\/antena\/\" \/>\n<meta property=\"og:locale\" content=\"it_IT\" \/>\n<meta property=\"og:type\" content=\"article\" \/>\n<meta property=\"og:title\" content=\"Anten\u00e0 - Go Piedmont\" \/>\n<meta property=\"og:description\" content=\"I l\u2019hai d\u00ebscurb\u00ec che, prima \u2018d nasse, i l\u2019hai viv\u00f9sempe an \u00f2mo sald, sgnor \u00ebd lor,e gnun a sav\u00eca r\u00ebsponde e tuj a j\u2019ero calm.(Cesare Pavese, Antenati) Cost a l\u2019\u00e9 l\u2019efet ch\u2019am fan le riunion \u00ebd famija con Maurenzo, me cusin american, na vita an Cile, 82 agn bin port\u00e0. E an particolar quand che con me pap\u00e0 as buto a cont\u00e9 dla famija. St\u00f2rie austere, piemont\u00e8ise, nen \u00ebd povert\u00e0 ma \u2018d rigor, travaj, ordin. St\u00f2rie d\u2019industria, \u00ebd s\u00ecndich, \u00ebd l\u00f2te ovriere, st\u00f2rie ant\u00e9 che \u2018l giust e \u00ebl nen giust a l\u2019han s\u00f2 p\u00f2st precis. I l\u2019heu nen da trambl\u00e9, tut col ram dij Davico a l\u2019\u00e9 andrinta \u2018d mi.\" \/>\n<meta property=\"og:url\" content=\"https:\/\/giannidavico.it\/gopiedmont\/2009\/06\/10\/antena\/\" \/>\n<meta property=\"og:site_name\" content=\"Go Piedmont\" \/>\n<meta property=\"article:published_time\" content=\"2009-06-10T09:11:00+00:00\" \/>\n<meta property=\"og:image\" content=\"http:\/\/1.bp.blogspot.com\/_i9Yc-S9BNWI\/Si94ynYd2XI\/AAAAAAAAADY\/45eZ7-GQK-w\/s320\/davico.jpg\" \/>\n<meta name=\"author\" content=\"admin\" \/>\n<meta name=\"twitter:card\" content=\"summary_large_image\" \/>\n<meta name=\"twitter:label1\" content=\"Scritto da\" \/>\n\t<meta name=\"twitter:data1\" content=\"admin\" \/>\n\t<meta name=\"twitter:label2\" content=\"Tempo di lettura stimato\" \/>\n\t<meta name=\"twitter:data2\" content=\"1 minuto\" \/>\n<script type=\"application\/ld+json\" class=\"yoast-schema-graph\">{\"@context\":\"https:\/\/schema.org\",\"@graph\":[{\"@type\":\"WebPage\",\"@id\":\"https:\/\/giannidavico.it\/gopiedmont\/2009\/06\/10\/antena\/\",\"url\":\"https:\/\/giannidavico.it\/gopiedmont\/2009\/06\/10\/antena\/\",\"name\":\"Anten\u00e0 - Go Piedmont\",\"isPartOf\":{\"@id\":\"https:\/\/giannidavico.it\/gopiedmont\/#website\"},\"datePublished\":\"2009-06-10T09:11:00+00:00\",\"dateModified\":\"2009-06-10T09:11:00+00:00\",\"author\":{\"@id\":\"https:\/\/giannidavico.it\/gopiedmont\/#\/schema\/person\/6a96d8672f14b275ece93af45a6da78b\"},\"inLanguage\":\"it-IT\",\"potentialAction\":[{\"@type\":\"ReadAction\",\"target\":[\"https:\/\/giannidavico.it\/gopiedmont\/2009\/06\/10\/antena\/\"]}]},{\"@type\":\"WebSite\",\"@id\":\"https:\/\/giannidavico.it\/gopiedmont\/#website\",\"url\":\"https:\/\/giannidavico.it\/gopiedmont\/\",\"name\":\"Go Piedmont\",\"description\":\"pens\u00e9 dzora l\u00ecber, event e p\u00ebrson-e grop\u00e0 al Piemont e a la lenga piemont\u00e8isa\",\"potentialAction\":[{\"@type\":\"SearchAction\",\"target\":{\"@type\":\"EntryPoint\",\"urlTemplate\":\"https:\/\/giannidavico.it\/gopiedmont\/?s={search_term_string}\"},\"query-input\":\"required name=search_term_string\"}],\"inLanguage\":\"it-IT\"},{\"@type\":\"Person\",\"@id\":\"https:\/\/giannidavico.it\/gopiedmont\/#\/schema\/person\/6a96d8672f14b275ece93af45a6da78b\",\"name\":\"admin\",\"image\":{\"@type\":\"ImageObject\",\"inLanguage\":\"it-IT\",\"@id\":\"https:\/\/giannidavico.it\/gopiedmont\/#\/schema\/person\/image\/\",\"url\":\"https:\/\/secure.gravatar.com\/avatar\/337748753d882602f3038b55fb369ba1?s=96&d=mm&r=g\",\"contentUrl\":\"https:\/\/secure.gravatar.com\/avatar\/337748753d882602f3038b55fb369ba1?s=96&d=mm&r=g\",\"caption\":\"admin\"},\"url\":\"https:\/\/giannidavico.it\/gopiedmont\/author\/admin\/\"}]}<\/script>\n<!-- \/ Yoast SEO plugin. -->","yoast_head_json":{"title":"Anten\u00e0 - Go Piedmont","robots":{"index":"index","follow":"follow","max-snippet":"max-snippet:-1","max-image-preview":"max-image-preview:large","max-video-preview":"max-video-preview:-1"},"canonical":"https:\/\/giannidavico.it\/gopiedmont\/2009\/06\/10\/antena\/","og_locale":"it_IT","og_type":"article","og_title":"Anten\u00e0 - Go Piedmont","og_description":"I l\u2019hai d\u00ebscurb\u00ec che, prima \u2018d nasse, i l\u2019hai viv\u00f9sempe an \u00f2mo sald, sgnor \u00ebd lor,e gnun a sav\u00eca r\u00ebsponde e tuj a j\u2019ero calm.(Cesare Pavese, Antenati) Cost a l\u2019\u00e9 l\u2019efet ch\u2019am fan le riunion \u00ebd famija con Maurenzo, me cusin american, na vita an Cile, 82 agn bin port\u00e0. E an particolar quand che con me pap\u00e0 as buto a cont\u00e9 dla famija. St\u00f2rie austere, piemont\u00e8ise, nen \u00ebd povert\u00e0 ma \u2018d rigor, travaj, ordin. St\u00f2rie d\u2019industria, \u00ebd s\u00ecndich, \u00ebd l\u00f2te ovriere, st\u00f2rie ant\u00e9 che \u2018l giust e \u00ebl nen giust a l\u2019han s\u00f2 p\u00f2st precis. I l\u2019heu nen da trambl\u00e9, tut col ram dij Davico a l\u2019\u00e9 andrinta \u2018d mi.","og_url":"https:\/\/giannidavico.it\/gopiedmont\/2009\/06\/10\/antena\/","og_site_name":"Go Piedmont","article_published_time":"2009-06-10T09:11:00+00:00","og_image":[{"url":"http:\/\/1.bp.blogspot.com\/_i9Yc-S9BNWI\/Si94ynYd2XI\/AAAAAAAAADY\/45eZ7-GQK-w\/s320\/davico.jpg"}],"author":"admin","twitter_card":"summary_large_image","twitter_misc":{"Scritto da":"admin","Tempo di lettura stimato":"1 minuto"},"schema":{"@context":"https:\/\/schema.org","@graph":[{"@type":"WebPage","@id":"https:\/\/giannidavico.it\/gopiedmont\/2009\/06\/10\/antena\/","url":"https:\/\/giannidavico.it\/gopiedmont\/2009\/06\/10\/antena\/","name":"Anten\u00e0 - Go Piedmont","isPartOf":{"@id":"https:\/\/giannidavico.it\/gopiedmont\/#website"},"datePublished":"2009-06-10T09:11:00+00:00","dateModified":"2009-06-10T09:11:00+00:00","author":{"@id":"https:\/\/giannidavico.it\/gopiedmont\/#\/schema\/person\/6a96d8672f14b275ece93af45a6da78b"},"inLanguage":"it-IT","potentialAction":[{"@type":"ReadAction","target":["https:\/\/giannidavico.it\/gopiedmont\/2009\/06\/10\/antena\/"]}]},{"@type":"WebSite","@id":"https:\/\/giannidavico.it\/gopiedmont\/#website","url":"https:\/\/giannidavico.it\/gopiedmont\/","name":"Go Piedmont","description":"pens\u00e9 dzora l\u00ecber, event e p\u00ebrson-e grop\u00e0 al Piemont e a la lenga piemont\u00e8isa","potentialAction":[{"@type":"SearchAction","target":{"@type":"EntryPoint","urlTemplate":"https:\/\/giannidavico.it\/gopiedmont\/?s={search_term_string}"},"query-input":"required name=search_term_string"}],"inLanguage":"it-IT"},{"@type":"Person","@id":"https:\/\/giannidavico.it\/gopiedmont\/#\/schema\/person\/6a96d8672f14b275ece93af45a6da78b","name":"admin","image":{"@type":"ImageObject","inLanguage":"it-IT","@id":"https:\/\/giannidavico.it\/gopiedmont\/#\/schema\/person\/image\/","url":"https:\/\/secure.gravatar.com\/avatar\/337748753d882602f3038b55fb369ba1?s=96&d=mm&r=g","contentUrl":"https:\/\/secure.gravatar.com\/avatar\/337748753d882602f3038b55fb369ba1?s=96&d=mm&r=g","caption":"admin"},"url":"https:\/\/giannidavico.it\/gopiedmont\/author\/admin\/"}]}},"_links":{"self":[{"href":"https:\/\/giannidavico.it\/gopiedmont\/wp-json\/wp\/v2\/posts\/53"}],"collection":[{"href":"https:\/\/giannidavico.it\/gopiedmont\/wp-json\/wp\/v2\/posts"}],"about":[{"href":"https:\/\/giannidavico.it\/gopiedmont\/wp-json\/wp\/v2\/types\/post"}],"author":[{"embeddable":true,"href":"https:\/\/giannidavico.it\/gopiedmont\/wp-json\/wp\/v2\/users\/1"}],"replies":[{"embeddable":true,"href":"https:\/\/giannidavico.it\/gopiedmont\/wp-json\/wp\/v2\/comments?post=53"}],"version-history":[{"count":0,"href":"https:\/\/giannidavico.it\/gopiedmont\/wp-json\/wp\/v2\/posts\/53\/revisions"}],"wp:attachment":[{"href":"https:\/\/giannidavico.it\/gopiedmont\/wp-json\/wp\/v2\/media?parent=53"}],"wp:term":[{"taxonomy":"category","embeddable":true,"href":"https:\/\/giannidavico.it\/gopiedmont\/wp-json\/wp\/v2\/categories?post=53"},{"taxonomy":"post_tag","embeddable":true,"href":"https:\/\/giannidavico.it\/gopiedmont\/wp-json\/wp\/v2\/tags?post=53"}],"curies":[{"name":"wp","href":"https:\/\/api.w.org\/{rel}","templated":true}]}}