{"id":552,"date":"2010-11-17T08:12:47","date_gmt":"2010-11-17T08:12:47","guid":{"rendered":"https:\/\/giannidavico.it\/staging\/gopiedmont\/?p=552"},"modified":"2010-11-17T08:12:47","modified_gmt":"2010-11-17T08:12:47","slug":"i-muvrini-a-mio-lingua","status":"publish","type":"post","link":"https:\/\/giannidavico.it\/gopiedmont\/2010\/11\/17\/i-muvrini-a-mio-lingua\/","title":{"rendered":"I Muvrini, A mio lingua"},"content":{"rendered":"<p><a href=\"https:\/\/giannidavico.it\/gopiedmont\/files\/2010\/11\/Quorum.jpg\"><img loading=\"lazy\" src=\"https:\/\/giannidavico.it\/gopiedmont\/files\/2010\/11\/Quorum.jpg\" alt=\"\" title=\"Quorum\" width=\"280\" height=\"280\" class=\"alignright size-full wp-image-554\" srcset=\"https:\/\/giannidavico.it\/gopiedmont\/files\/2010\/11\/Quorum.jpg 280w, https:\/\/giannidavico.it\/gopiedmont\/files\/2010\/11\/Quorum-150x150.jpg 150w\" sizes=\"(max-width: 280px) 100vw, 280px\" \/><\/a><br \/>\n<a href=\"http:\/\/muvrini.com\/\" target=\"_blank\">I Muvrini<\/a>, <a href=\"http:\/\/www.youtube.com\/watch?v=-8Nj3yOemtI\" target=\"_blank\">A mio lingua<\/a>, canson gav\u00e0 da l\u2019album <em>Quorum<\/em> d\u00ebl 1989; e, a segue, na mia tradussion an piemont\u00e8is.<\/p>\n<p>A mio lingua h\u00e8 cantu<br \/>\nCh\u00ec colma u core<br \/>\nD\u2019amore tamantu<br \/>\n\u00c8 fiurisce l\u2019ore<\/p>\n<p>A mio lingua h\u00e8 pientu<br \/>\nCh\u00ec strappa u core<br \/>\nVoceru o lamentu<br \/>\nQuandu un omu more<\/p>\n<p>A mio lingua h\u00e8 mughju<br \/>\nDi stizza \u00e8 rivolta<br \/>\nCh\u00ec colla in carrughju<br \/>\nI ghjorni di lotta<\/p>\n<p>A mio lingua h\u00e8 fola<br \/>\n\u00c8 veghja incantata<br \/>\nH\u00e8 sonniu ch\u00ec vola<br \/>\nTutta la nuttata<\/p>\n<p>A mio lingua h\u00e8 gioia<br \/>\n\u00c8 musica \u00e8 ballu<br \/>\nA mio lingua h\u00e8 toia<br \/>\nCh\u00ec a ti ricalu<\/p>\n<p>***<\/p>\n<p>M\u00e9 lenga a l\u2019\u00e9 cant<br \/>\nch\u2019a \u2018mpiniss \u00ebl cheur<br \/>\nd\u2019amor sensa mzura<br \/>\ne a f\u00e0 fior\u00ec j\u2019ore<\/p>\n<p>M\u00e9 lenga a l\u2019\u00e9 pior<br \/>\nch\u2019a s-cianca \u2018l cheur<br \/>\nrosari o lamentassion<br \/>\nquand che n\u2019\u00f2mo a meuir<\/p>\n<p>M\u00e9 lenga a l\u2019\u00e9 breugg<br \/>\n\u00ebd rabia e arvira<br \/>\nch\u2019a ch\u00ebrs p\u00ebr la stra<br \/>\nai di dla l\u00f2ta<\/p>\n<p>M\u00e9 lenga a l\u2019\u00e9 f\u00e0ula<br \/>\na l\u2019\u00e9 vij\u00e0 incant\u00e0<br \/>\na l\u2019\u00e9 seugn ch\u2019a v\u00f2la<br \/>\ntuta la neuit<\/p>\n<p>M\u00e9 lenga a l\u2019\u00e9 g\u00f2j<br \/>\ne m\u00f9sica e bal<br \/>\nm\u00e9 lenga a l\u2019\u00e9 toa<br \/>\ne mi it la argal<\/p>\n","protected":false},"excerpt":{"rendered":"<p><a href=\"https:\/\/giannidavico.it\/gopiedmont\/files\/2010\/11\/Quorum.jpg\"><img loading=\"lazy\" src=\"https:\/\/giannidavico.it\/gopiedmont\/files\/2010\/11\/Quorum.jpg\" alt=\"\" title=\"Quorum\" width=\"280\" height=\"280\" class=\"alignright size-full wp-image-554\" srcset=\"https:\/\/giannidavico.it\/gopiedmont\/files\/2010\/11\/Quorum.jpg 280w, https:\/\/giannidavico.it\/gopiedmont\/files\/2010\/11\/Quorum-150x150.jpg 150w\" sizes=\"(max-width: 280px) 100vw, 280px\" \/><\/a><br \/> <a href=\"http:\/\/muvrini.com\/\" target=\"_blank\">I Muvrini<\/a>, <a href=\"http:\/\/www.youtube.com\/watch?v=-8Nj3yOemtI\" target=\"_blank\">A mio lingua<\/a>, canson gav\u00e0 da l\u2019album <em>Quorum<\/em> d\u00ebl 1989; e, a segue, na mia tradussion an piemont\u00e8is.<\/p>\n<p>A mio lingua h\u00e8 cantu<br \/> Ch\u00ec colma u core<br \/> D\u2019amore tamantu<br \/> \u00c8 fiurisce l\u2019ore<\/p>\n<p>A mio lingua h\u00e8 pientu<br \/> Ch\u00ec strappa u core<br \/> Voceru o lamentu<br \/> Quandu un omu more<\/p>\n<p>A mio lingua h\u00e8 mughju<br \/> Di stizza \u00e8 rivolta<br \/> Ch\u00ec colla in carrughju<br \/> I ghjorni di lotta<\/p>\n<p>A mio lingua h\u00e8 fola<br \/> \u00c8 veghja incantata<br \/> H\u00e8 sonniu ch\u00ec vola<br \/> Tutta la nuttata<\/p>\n<p>A mio lingua h\u00e8 gioia<br \/> \u00c8 musica \u00e8 ballu<br \/> A mio lingua h\u00e8 toia<br \/> Ch\u00ec a ti ricalu<\/p>\n<p>***<\/p>\n<p>M\u00e9 lenga a l\u2019\u00e9 cant<br \/> ch\u2019a \u2018mpiniss \u00ebl cheur<br \/> d\u2019amor sensa mzura<br \/> e a f\u00e0 fior\u00ec j\u2019ore<\/p>\n<p>M\u00e9 lenga a l\u2019\u00e9 pior<br \/> ch\u2019a s-cianca \u2018l cheur<br \/> rosari o lamentassion<br \/> quand che n\u2019\u00f2mo a meuir<\/p>\n<p>M\u00e9 lenga a l\u2019\u00e9 breugg<br \/> \u00ebd rabia e arvira<br \/> ch\u2019a ch\u00ebrs p\u00ebr la stra<br \/> ai di [\u2026] <a class=\"moretag\" href=\"https:\/\/giannidavico.it\/gopiedmont\/2010\/11\/17\/i-muvrini-a-mio-lingua\/\">continua a leggere \u00bb<\/a><\/p>\n","protected":false},"author":4,"featured_media":0,"comment_status":"open","ping_status":"open","sticky":false,"template":"","format":"standard","meta":[],"categories":[130],"tags":[45],"yoast_head":"<!-- This site is optimized with the Yoast SEO plugin v19.14 - https:\/\/yoast.com\/wordpress\/plugins\/seo\/ -->\n<title>I Muvrini, A mio lingua - Go Piedmont<\/title>\n<meta name=\"robots\" content=\"index, follow, max-snippet:-1, max-image-preview:large, max-video-preview:-1\" \/>\n<link rel=\"canonical\" href=\"https:\/\/giannidavico.it\/gopiedmont\/2010\/11\/17\/i-muvrini-a-mio-lingua\/\" \/>\n<meta property=\"og:locale\" content=\"it_IT\" \/>\n<meta property=\"og:type\" content=\"article\" \/>\n<meta property=\"og:title\" content=\"I Muvrini, A mio lingua - Go Piedmont\" \/>\n<meta property=\"og:description\" content=\"I Muvrini, A mio lingua, canson gav\u00e0 da l\u2019album Quorum d\u00ebl 1989; e, a segue, na mia tradussion an piemont\u00e8is. A mio lingua h\u00e8 cantu Ch\u00ec colma u core D\u2019amore tamantu \u00c8 fiurisce l\u2019ore A mio lingua h\u00e8 pientu Ch\u00ec strappa u core Voceru o lamentu Quandu un omu more A mio lingua h\u00e8 mughju Di stizza \u00e8 rivolta Ch\u00ec colla in carrughju I ghjorni di lotta A mio lingua h\u00e8 fola \u00c8 veghja incantata H\u00e8 sonniu ch\u00ec vola Tutta la nuttata A mio lingua h\u00e8 gioia \u00c8 musica \u00e8 ballu A mio lingua h\u00e8 toia Ch\u00ec a ti ricalu *** M\u00e9 lenga a l\u2019\u00e9 cant ch\u2019a \u2018mpiniss \u00ebl cheur d\u2019amor sensa mzura e a f\u00e0 fior\u00ec j\u2019ore M\u00e9 lenga a l\u2019\u00e9 pior ch\u2019a s-cianca \u2018l cheur rosari o lamentassion quand che n\u2019\u00f2mo a meuir M\u00e9 lenga a l\u2019\u00e9 breugg \u00ebd rabia e arvira ch\u2019a ch\u00ebrs p\u00ebr la stra ai di [\u2026] continua a leggere \u00bb\" \/>\n<meta property=\"og:url\" content=\"https:\/\/giannidavico.it\/gopiedmont\/2010\/11\/17\/i-muvrini-a-mio-lingua\/\" \/>\n<meta property=\"og:site_name\" content=\"Go Piedmont\" \/>\n<meta property=\"article:published_time\" content=\"2010-11-17T08:12:47+00:00\" \/>\n<meta property=\"og:image\" content=\"https:\/\/giannidavico.it\/gopiedmont\/files\/2010\/11\/Quorum.jpg\" \/>\n<meta name=\"author\" content=\"giannidavico\" \/>\n<meta name=\"twitter:card\" content=\"summary_large_image\" \/>\n<meta name=\"twitter:label1\" content=\"Scritto da\" \/>\n\t<meta name=\"twitter:data1\" content=\"giannidavico\" \/>\n\t<meta name=\"twitter:label2\" content=\"Tempo di lettura stimato\" \/>\n\t<meta name=\"twitter:data2\" content=\"1 minuto\" \/>\n<script type=\"application\/ld+json\" class=\"yoast-schema-graph\">{\"@context\":\"https:\/\/schema.org\",\"@graph\":[{\"@type\":\"WebPage\",\"@id\":\"https:\/\/giannidavico.it\/gopiedmont\/2010\/11\/17\/i-muvrini-a-mio-lingua\/\",\"url\":\"https:\/\/giannidavico.it\/gopiedmont\/2010\/11\/17\/i-muvrini-a-mio-lingua\/\",\"name\":\"I Muvrini, A mio lingua - Go Piedmont\",\"isPartOf\":{\"@id\":\"https:\/\/giannidavico.it\/gopiedmont\/#website\"},\"datePublished\":\"2010-11-17T08:12:47+00:00\",\"dateModified\":\"2010-11-17T08:12:47+00:00\",\"author\":{\"@id\":\"https:\/\/giannidavico.it\/gopiedmont\/#\/schema\/person\/ea1fd17d8f2dba325f3712219efa8f77\"},\"inLanguage\":\"it-IT\",\"potentialAction\":[{\"@type\":\"ReadAction\",\"target\":[\"https:\/\/giannidavico.it\/gopiedmont\/2010\/11\/17\/i-muvrini-a-mio-lingua\/\"]}]},{\"@type\":\"WebSite\",\"@id\":\"https:\/\/giannidavico.it\/gopiedmont\/#website\",\"url\":\"https:\/\/giannidavico.it\/gopiedmont\/\",\"name\":\"Go Piedmont\",\"description\":\"pens\u00e9 dzora l\u00ecber, event e p\u00ebrson-e grop\u00e0 al Piemont e a la lenga piemont\u00e8isa\",\"potentialAction\":[{\"@type\":\"SearchAction\",\"target\":{\"@type\":\"EntryPoint\",\"urlTemplate\":\"https:\/\/giannidavico.it\/gopiedmont\/?s={search_term_string}\"},\"query-input\":\"required name=search_term_string\"}],\"inLanguage\":\"it-IT\"},{\"@type\":\"Person\",\"@id\":\"https:\/\/giannidavico.it\/gopiedmont\/#\/schema\/person\/ea1fd17d8f2dba325f3712219efa8f77\",\"name\":\"giannidavico\",\"image\":{\"@type\":\"ImageObject\",\"inLanguage\":\"it-IT\",\"@id\":\"https:\/\/giannidavico.it\/gopiedmont\/#\/schema\/person\/image\/\",\"url\":\"https:\/\/secure.gravatar.com\/avatar\/337748753d882602f3038b55fb369ba1?s=96&d=mm&r=g\",\"contentUrl\":\"https:\/\/secure.gravatar.com\/avatar\/337748753d882602f3038b55fb369ba1?s=96&d=mm&r=g\",\"caption\":\"giannidavico\"},\"url\":\"https:\/\/giannidavico.it\/gopiedmont\/author\/giannidavico\/\"}]}<\/script>\n<!-- \/ Yoast SEO plugin. -->","yoast_head_json":{"title":"I Muvrini, A mio lingua - Go Piedmont","robots":{"index":"index","follow":"follow","max-snippet":"max-snippet:-1","max-image-preview":"max-image-preview:large","max-video-preview":"max-video-preview:-1"},"canonical":"https:\/\/giannidavico.it\/gopiedmont\/2010\/11\/17\/i-muvrini-a-mio-lingua\/","og_locale":"it_IT","og_type":"article","og_title":"I Muvrini, A mio lingua - Go Piedmont","og_description":"I Muvrini, A mio lingua, canson gav\u00e0 da l\u2019album Quorum d\u00ebl 1989; e, a segue, na mia tradussion an piemont\u00e8is. A mio lingua h\u00e8 cantu Ch\u00ec colma u core D\u2019amore tamantu \u00c8 fiurisce l\u2019ore A mio lingua h\u00e8 pientu Ch\u00ec strappa u core Voceru o lamentu Quandu un omu more A mio lingua h\u00e8 mughju Di stizza \u00e8 rivolta Ch\u00ec colla in carrughju I ghjorni di lotta A mio lingua h\u00e8 fola \u00c8 veghja incantata H\u00e8 sonniu ch\u00ec vola Tutta la nuttata A mio lingua h\u00e8 gioia \u00c8 musica \u00e8 ballu A mio lingua h\u00e8 toia Ch\u00ec a ti ricalu *** M\u00e9 lenga a l\u2019\u00e9 cant ch\u2019a \u2018mpiniss \u00ebl cheur d\u2019amor sensa mzura e a f\u00e0 fior\u00ec j\u2019ore M\u00e9 lenga a l\u2019\u00e9 pior ch\u2019a s-cianca \u2018l cheur rosari o lamentassion quand che n\u2019\u00f2mo a meuir M\u00e9 lenga a l\u2019\u00e9 breugg \u00ebd rabia e arvira ch\u2019a ch\u00ebrs p\u00ebr la stra ai di [\u2026] continua a leggere \u00bb","og_url":"https:\/\/giannidavico.it\/gopiedmont\/2010\/11\/17\/i-muvrini-a-mio-lingua\/","og_site_name":"Go Piedmont","article_published_time":"2010-11-17T08:12:47+00:00","og_image":[{"url":"https:\/\/giannidavico.it\/gopiedmont\/files\/2010\/11\/Quorum.jpg"}],"author":"giannidavico","twitter_card":"summary_large_image","twitter_misc":{"Scritto da":"giannidavico","Tempo di lettura stimato":"1 minuto"},"schema":{"@context":"https:\/\/schema.org","@graph":[{"@type":"WebPage","@id":"https:\/\/giannidavico.it\/gopiedmont\/2010\/11\/17\/i-muvrini-a-mio-lingua\/","url":"https:\/\/giannidavico.it\/gopiedmont\/2010\/11\/17\/i-muvrini-a-mio-lingua\/","name":"I Muvrini, A mio lingua - Go Piedmont","isPartOf":{"@id":"https:\/\/giannidavico.it\/gopiedmont\/#website"},"datePublished":"2010-11-17T08:12:47+00:00","dateModified":"2010-11-17T08:12:47+00:00","author":{"@id":"https:\/\/giannidavico.it\/gopiedmont\/#\/schema\/person\/ea1fd17d8f2dba325f3712219efa8f77"},"inLanguage":"it-IT","potentialAction":[{"@type":"ReadAction","target":["https:\/\/giannidavico.it\/gopiedmont\/2010\/11\/17\/i-muvrini-a-mio-lingua\/"]}]},{"@type":"WebSite","@id":"https:\/\/giannidavico.it\/gopiedmont\/#website","url":"https:\/\/giannidavico.it\/gopiedmont\/","name":"Go Piedmont","description":"pens\u00e9 dzora l\u00ecber, event e p\u00ebrson-e grop\u00e0 al Piemont e a la lenga piemont\u00e8isa","potentialAction":[{"@type":"SearchAction","target":{"@type":"EntryPoint","urlTemplate":"https:\/\/giannidavico.it\/gopiedmont\/?s={search_term_string}"},"query-input":"required name=search_term_string"}],"inLanguage":"it-IT"},{"@type":"Person","@id":"https:\/\/giannidavico.it\/gopiedmont\/#\/schema\/person\/ea1fd17d8f2dba325f3712219efa8f77","name":"giannidavico","image":{"@type":"ImageObject","inLanguage":"it-IT","@id":"https:\/\/giannidavico.it\/gopiedmont\/#\/schema\/person\/image\/","url":"https:\/\/secure.gravatar.com\/avatar\/337748753d882602f3038b55fb369ba1?s=96&d=mm&r=g","contentUrl":"https:\/\/secure.gravatar.com\/avatar\/337748753d882602f3038b55fb369ba1?s=96&d=mm&r=g","caption":"giannidavico"},"url":"https:\/\/giannidavico.it\/gopiedmont\/author\/giannidavico\/"}]}},"_links":{"self":[{"href":"https:\/\/giannidavico.it\/gopiedmont\/wp-json\/wp\/v2\/posts\/552"}],"collection":[{"href":"https:\/\/giannidavico.it\/gopiedmont\/wp-json\/wp\/v2\/posts"}],"about":[{"href":"https:\/\/giannidavico.it\/gopiedmont\/wp-json\/wp\/v2\/types\/post"}],"author":[{"embeddable":true,"href":"https:\/\/giannidavico.it\/gopiedmont\/wp-json\/wp\/v2\/users\/4"}],"replies":[{"embeddable":true,"href":"https:\/\/giannidavico.it\/gopiedmont\/wp-json\/wp\/v2\/comments?post=552"}],"version-history":[{"count":6,"href":"https:\/\/giannidavico.it\/gopiedmont\/wp-json\/wp\/v2\/posts\/552\/revisions"}],"predecessor-version":[{"id":560,"href":"https:\/\/giannidavico.it\/gopiedmont\/wp-json\/wp\/v2\/posts\/552\/revisions\/560"}],"wp:attachment":[{"href":"https:\/\/giannidavico.it\/gopiedmont\/wp-json\/wp\/v2\/media?parent=552"}],"wp:term":[{"taxonomy":"category","embeddable":true,"href":"https:\/\/giannidavico.it\/gopiedmont\/wp-json\/wp\/v2\/categories?post=552"},{"taxonomy":"post_tag","embeddable":true,"href":"https:\/\/giannidavico.it\/gopiedmont\/wp-json\/wp\/v2\/tags?post=552"}],"curies":[{"name":"wp","href":"https:\/\/api.w.org\/{rel}","templated":true}]}}