{"id":577,"date":"2010-12-08T07:46:56","date_gmt":"2010-12-08T07:46:56","guid":{"rendered":"https:\/\/giannidavico.it\/staging\/gopiedmont\/?p=577"},"modified":"2010-12-08T07:46:56","modified_gmt":"2010-12-08T07:46:56","slug":"la-cosa-piu-bella-di-cui-saro-capace","status":"publish","type":"post","link":"https:\/\/giannidavico.it\/gopiedmont\/2010\/12\/08\/la-cosa-piu-bella-di-cui-saro-capace\/","title":{"rendered":"La cosa pi\u00f9 bella di cui sar\u00f2 capace"},"content":{"rendered":"<blockquote><p>Io qui far\u00f2 tant\u2019altro. Studier\u00f2 e lavorer\u00f2 per fare della mia vita la cosa migliore e pi\u00f9 bella di cui sar\u00f2 capace. Per ora vedo quest\u2019avvenire un po\u2019 confusamente, ma non mi spaventa. Ho passato dei momenti atroci nella mia vita e sono ancora qui.<br \/>\n(Cesare Pavese, litra a E., 14 otober 1932)<\/p><\/blockquote>\n<p>Minca tant am c\u00e0pita \u2018d parl\u00e9 d\u00ebl piemont\u00e8is con p\u00ebrson-e pen-a conoss\u00f9e. L\u00f2n ch\u2019i n\u00f2t sovens a l\u2019\u00e9 che \u2018l discors a va drit a cola par\u00f2la che m\u00e9 n\u00f2na a dis\u00eca ma che adess im arc\u00f2rd p\u00ec nen, a la fi\u00f2ca \u2018d na v\u00f2ta, al piemont\u00e8is d\u2019antan&#8230;<\/p>\n<p>Bin, tut sons\u00ec a l\u2019\u00e9 p\u00ebr mi na part bon ben cita d\u00ebl piemont\u00e8is. \u00cbl piemont\u00e8is d\u2019ancheuj, p\u00ebr mi, a l\u2019\u00e9 prima \u2018d tut na lenga viva: p\u00ebr mi, a l\u2019\u00e9 dovr\u00e9 costa lenga p\u00ebr parl\u00e9 con mie cite e con tute cole p\u00ebrson-e ch\u2019a l\u2019han \u00ebl gran boneur \u00ebd sav\u00e8jla.<\/p>\n<p>Gi\u00e0, i lo capiss &#8211; e i lo capiss con dolor &#8211; che \u2018l mond tut piemont\u00e8is ch\u2019a m\u00eb stas\u00eca dacant quand ch\u2019i j\u2019era masn\u00e0 a-i \u00e9 p\u00ec nen. Ma Pavese dla <em>Luna<\/em> a dir\u00eca:<\/p>\n<blockquote><p>A quei tempi [&#8230;] non sapevo che crescere vuol dire andarsene, invecchiare, vedere morire, ritrovare la Mora com\u2019era adesso.<\/p><\/blockquote>\n<p>E la M\u00f2ra d\u2019adess a l\u2019\u00e9 nen la M\u00f2ra d\u2019antlora. Ma a-i na f\u00e0 nen: \u00ebl piemont\u00e8is a l\u2019\u00e9 vn\u00f9 f\u00f2ra dai l\u00ecber e a l\u2019\u00e9 lenga viva, lenga d\u00ebl cheur. <a href=\"https:\/\/giannidavico.it\/gopiedmont\/2010\/01\/08\/ritrovare-la-mora-comera-adesso\/\">Ritrovare la Mora com\u2019era adesso<\/a>: s\u00f2n a conta. A-i \u00e9 p\u00ec nen m\u00e9 n\u00f2na, tante p\u00ebrson-e che p\u00ebr mi <em>a j\u2019ero<\/em> \u2018l piemont\u00e8is a-i son p\u00ec nen; ma i l\u2019hai tanti amis ch\u2019i conoss\u00eca nen, un p\u00ebrfond \u00ebd p\u00ebrson-e che a fan, che a son \u00ebl piemont\u00e8is d\u2019ancheuj. S\u00f2n a conta, s\u00f2n a l\u2019\u00e9 l\u00f2n ch\u2019i l\u2019hai, cost a l\u2019\u00e9 m\u00e9 piemont\u00e8is d\u2019ancheuj e con s\u00f2n i farai \u2018l mej ch\u2019i podrai.<\/p>\n","protected":false},"excerpt":{"rendered":"<p>Io qui far\u00f2 tant\u2019altro. Studier\u00f2 e lavorer\u00f2 per fare della mia vita la cosa migliore e pi\u00f9 bella di cui sar\u00f2 capace. Per ora vedo quest\u2019avvenire un po\u2019 confusamente, ma non mi spaventa. Ho passato dei momenti atroci nella mia vita e sono ancora qui.<br \/> (Cesare Pavese, litra a E., 14 otober 1932)<\/p>\n<p>Minca tant am c\u00e0pita \u2018d parl\u00e9 d\u00ebl piemont\u00e8is con p\u00ebrson-e pen-a conoss\u00f9e. L\u00f2n ch\u2019i n\u00f2t sovens a l\u2019\u00e9 che \u2018l discors a va drit a cola par\u00f2la che m\u00e9 n\u00f2na a dis\u00eca ma che adess im arc\u00f2rd p\u00ec nen, a la fi\u00f2ca \u2018d na v\u00f2ta, al piemont\u00e8is d\u2019antan&#8230;<\/p>\n<p>Bin, tut sons\u00ec a l\u2019\u00e9 p\u00ebr mi na part bon ben cita d\u00ebl piemont\u00e8is. \u00cbl piemont\u00e8is d\u2019ancheuj, p\u00ebr mi, a l\u2019\u00e9 prima \u2018d tut na lenga viva: p\u00ebr mi, a l\u2019\u00e9 dovr\u00e9 costa lenga p\u00ebr parl\u00e9 con mie cite e con tute cole p\u00ebrson-e ch\u2019a l\u2019han \u00ebl gran boneur \u00ebd sav\u00e8jla.<\/p>\n<p>Gi\u00e0, i lo capiss &#8211; e i lo capiss con dolor &#8211; che \u2018l mond tut piemont\u00e8is ch\u2019a m\u00eb stas\u00eca dacant quand ch\u2019i j\u2019era masn\u00e0 a-i \u00e9 p\u00ec nen. Ma Pavese dla <em>Luna<\/em> a dir\u00eca:<\/p>\n<p>A quei tempi [&#8230;] non sapevo che crescere vuol dire andarsene, invecchiare, [\u2026] <a class=\"moretag\" href=\"https:\/\/giannidavico.it\/gopiedmont\/2010\/12\/08\/la-cosa-piu-bella-di-cui-saro-capace\/\">continua a leggere \u00bb<\/a><\/p>\n","protected":false},"author":4,"featured_media":0,"comment_status":"open","ping_status":"open","sticky":false,"template":"","format":"standard","meta":[],"categories":[130],"tags":[107],"yoast_head":"<!-- This site is optimized with the Yoast SEO plugin v19.14 - https:\/\/yoast.com\/wordpress\/plugins\/seo\/ -->\n<title>La cosa pi\u00f9 bella di cui sar\u00f2 capace - Go Piedmont<\/title>\n<meta name=\"robots\" content=\"index, follow, max-snippet:-1, max-image-preview:large, max-video-preview:-1\" \/>\n<link rel=\"canonical\" href=\"https:\/\/giannidavico.it\/gopiedmont\/2010\/12\/08\/la-cosa-piu-bella-di-cui-saro-capace\/\" \/>\n<meta property=\"og:locale\" content=\"it_IT\" \/>\n<meta property=\"og:type\" content=\"article\" \/>\n<meta property=\"og:title\" content=\"La cosa pi\u00f9 bella di cui sar\u00f2 capace - Go Piedmont\" \/>\n<meta property=\"og:description\" content=\"Io qui far\u00f2 tant\u2019altro. Studier\u00f2 e lavorer\u00f2 per fare della mia vita la cosa migliore e pi\u00f9 bella di cui sar\u00f2 capace. Per ora vedo quest\u2019avvenire un po\u2019 confusamente, ma non mi spaventa. Ho passato dei momenti atroci nella mia vita e sono ancora qui. (Cesare Pavese, litra a E., 14 otober 1932) Minca tant am c\u00e0pita \u2018d parl\u00e9 d\u00ebl piemont\u00e8is con p\u00ebrson-e pen-a conoss\u00f9e. L\u00f2n ch\u2019i n\u00f2t sovens a l\u2019\u00e9 che \u2018l discors a va drit a cola par\u00f2la che m\u00e9 n\u00f2na a dis\u00eca ma che adess im arc\u00f2rd p\u00ec nen, a la fi\u00f2ca \u2018d na v\u00f2ta, al piemont\u00e8is d\u2019antan&#8230; Bin, tut sons\u00ec a l\u2019\u00e9 p\u00ebr mi na part bon ben cita d\u00ebl piemont\u00e8is. \u00cbl piemont\u00e8is d\u2019ancheuj, p\u00ebr mi, a l\u2019\u00e9 prima \u2018d tut na lenga viva: p\u00ebr mi, a l\u2019\u00e9 dovr\u00e9 costa lenga p\u00ebr parl\u00e9 con mie cite e con tute cole p\u00ebrson-e ch\u2019a l\u2019han \u00ebl gran boneur \u00ebd sav\u00e8jla. Gi\u00e0, i lo capiss &#8211; e i lo capiss con dolor &#8211; che \u2018l mond tut piemont\u00e8is ch\u2019a m\u00eb stas\u00eca dacant quand ch\u2019i j\u2019era masn\u00e0 a-i \u00e9 p\u00ec nen. Ma Pavese dla Luna a dir\u00eca: A quei tempi [&#8230;] non sapevo che crescere vuol dire andarsene, invecchiare, [\u2026] continua a leggere \u00bb\" \/>\n<meta property=\"og:url\" content=\"https:\/\/giannidavico.it\/gopiedmont\/2010\/12\/08\/la-cosa-piu-bella-di-cui-saro-capace\/\" \/>\n<meta property=\"og:site_name\" content=\"Go Piedmont\" \/>\n<meta property=\"article:published_time\" content=\"2010-12-08T07:46:56+00:00\" \/>\n<meta name=\"author\" content=\"giannidavico\" \/>\n<meta name=\"twitter:card\" content=\"summary_large_image\" \/>\n<meta name=\"twitter:label1\" content=\"Scritto da\" \/>\n\t<meta name=\"twitter:data1\" content=\"giannidavico\" \/>\n\t<meta name=\"twitter:label2\" content=\"Tempo di lettura stimato\" \/>\n\t<meta name=\"twitter:data2\" content=\"2 minuti\" \/>\n<script type=\"application\/ld+json\" class=\"yoast-schema-graph\">{\"@context\":\"https:\/\/schema.org\",\"@graph\":[{\"@type\":\"WebPage\",\"@id\":\"https:\/\/giannidavico.it\/gopiedmont\/2010\/12\/08\/la-cosa-piu-bella-di-cui-saro-capace\/\",\"url\":\"https:\/\/giannidavico.it\/gopiedmont\/2010\/12\/08\/la-cosa-piu-bella-di-cui-saro-capace\/\",\"name\":\"La cosa pi\u00f9 bella di cui sar\u00f2 capace - Go Piedmont\",\"isPartOf\":{\"@id\":\"https:\/\/giannidavico.it\/gopiedmont\/#website\"},\"datePublished\":\"2010-12-08T07:46:56+00:00\",\"dateModified\":\"2010-12-08T07:46:56+00:00\",\"author\":{\"@id\":\"https:\/\/giannidavico.it\/gopiedmont\/#\/schema\/person\/ea1fd17d8f2dba325f3712219efa8f77\"},\"inLanguage\":\"it-IT\",\"potentialAction\":[{\"@type\":\"ReadAction\",\"target\":[\"https:\/\/giannidavico.it\/gopiedmont\/2010\/12\/08\/la-cosa-piu-bella-di-cui-saro-capace\/\"]}]},{\"@type\":\"WebSite\",\"@id\":\"https:\/\/giannidavico.it\/gopiedmont\/#website\",\"url\":\"https:\/\/giannidavico.it\/gopiedmont\/\",\"name\":\"Go Piedmont\",\"description\":\"pens\u00e9 dzora l\u00ecber, event e p\u00ebrson-e grop\u00e0 al Piemont e a la lenga piemont\u00e8isa\",\"potentialAction\":[{\"@type\":\"SearchAction\",\"target\":{\"@type\":\"EntryPoint\",\"urlTemplate\":\"https:\/\/giannidavico.it\/gopiedmont\/?s={search_term_string}\"},\"query-input\":\"required name=search_term_string\"}],\"inLanguage\":\"it-IT\"},{\"@type\":\"Person\",\"@id\":\"https:\/\/giannidavico.it\/gopiedmont\/#\/schema\/person\/ea1fd17d8f2dba325f3712219efa8f77\",\"name\":\"giannidavico\",\"image\":{\"@type\":\"ImageObject\",\"inLanguage\":\"it-IT\",\"@id\":\"https:\/\/giannidavico.it\/gopiedmont\/#\/schema\/person\/image\/\",\"url\":\"https:\/\/secure.gravatar.com\/avatar\/337748753d882602f3038b55fb369ba1?s=96&d=mm&r=g\",\"contentUrl\":\"https:\/\/secure.gravatar.com\/avatar\/337748753d882602f3038b55fb369ba1?s=96&d=mm&r=g\",\"caption\":\"giannidavico\"},\"url\":\"https:\/\/giannidavico.it\/gopiedmont\/author\/giannidavico\/\"}]}<\/script>\n<!-- \/ Yoast SEO plugin. -->","yoast_head_json":{"title":"La cosa pi\u00f9 bella di cui sar\u00f2 capace - Go Piedmont","robots":{"index":"index","follow":"follow","max-snippet":"max-snippet:-1","max-image-preview":"max-image-preview:large","max-video-preview":"max-video-preview:-1"},"canonical":"https:\/\/giannidavico.it\/gopiedmont\/2010\/12\/08\/la-cosa-piu-bella-di-cui-saro-capace\/","og_locale":"it_IT","og_type":"article","og_title":"La cosa pi\u00f9 bella di cui sar\u00f2 capace - Go Piedmont","og_description":"Io qui far\u00f2 tant\u2019altro. Studier\u00f2 e lavorer\u00f2 per fare della mia vita la cosa migliore e pi\u00f9 bella di cui sar\u00f2 capace. Per ora vedo quest\u2019avvenire un po\u2019 confusamente, ma non mi spaventa. Ho passato dei momenti atroci nella mia vita e sono ancora qui. (Cesare Pavese, litra a E., 14 otober 1932) Minca tant am c\u00e0pita \u2018d parl\u00e9 d\u00ebl piemont\u00e8is con p\u00ebrson-e pen-a conoss\u00f9e. L\u00f2n ch\u2019i n\u00f2t sovens a l\u2019\u00e9 che \u2018l discors a va drit a cola par\u00f2la che m\u00e9 n\u00f2na a dis\u00eca ma che adess im arc\u00f2rd p\u00ec nen, a la fi\u00f2ca \u2018d na v\u00f2ta, al piemont\u00e8is d\u2019antan&#8230; Bin, tut sons\u00ec a l\u2019\u00e9 p\u00ebr mi na part bon ben cita d\u00ebl piemont\u00e8is. \u00cbl piemont\u00e8is d\u2019ancheuj, p\u00ebr mi, a l\u2019\u00e9 prima \u2018d tut na lenga viva: p\u00ebr mi, a l\u2019\u00e9 dovr\u00e9 costa lenga p\u00ebr parl\u00e9 con mie cite e con tute cole p\u00ebrson-e ch\u2019a l\u2019han \u00ebl gran boneur \u00ebd sav\u00e8jla. Gi\u00e0, i lo capiss &#8211; e i lo capiss con dolor &#8211; che \u2018l mond tut piemont\u00e8is ch\u2019a m\u00eb stas\u00eca dacant quand ch\u2019i j\u2019era masn\u00e0 a-i \u00e9 p\u00ec nen. Ma Pavese dla Luna a dir\u00eca: A quei tempi [&#8230;] non sapevo che crescere vuol dire andarsene, invecchiare, [\u2026] continua a leggere \u00bb","og_url":"https:\/\/giannidavico.it\/gopiedmont\/2010\/12\/08\/la-cosa-piu-bella-di-cui-saro-capace\/","og_site_name":"Go Piedmont","article_published_time":"2010-12-08T07:46:56+00:00","author":"giannidavico","twitter_card":"summary_large_image","twitter_misc":{"Scritto da":"giannidavico","Tempo di lettura stimato":"2 minuti"},"schema":{"@context":"https:\/\/schema.org","@graph":[{"@type":"WebPage","@id":"https:\/\/giannidavico.it\/gopiedmont\/2010\/12\/08\/la-cosa-piu-bella-di-cui-saro-capace\/","url":"https:\/\/giannidavico.it\/gopiedmont\/2010\/12\/08\/la-cosa-piu-bella-di-cui-saro-capace\/","name":"La cosa pi\u00f9 bella di cui sar\u00f2 capace - Go Piedmont","isPartOf":{"@id":"https:\/\/giannidavico.it\/gopiedmont\/#website"},"datePublished":"2010-12-08T07:46:56+00:00","dateModified":"2010-12-08T07:46:56+00:00","author":{"@id":"https:\/\/giannidavico.it\/gopiedmont\/#\/schema\/person\/ea1fd17d8f2dba325f3712219efa8f77"},"inLanguage":"it-IT","potentialAction":[{"@type":"ReadAction","target":["https:\/\/giannidavico.it\/gopiedmont\/2010\/12\/08\/la-cosa-piu-bella-di-cui-saro-capace\/"]}]},{"@type":"WebSite","@id":"https:\/\/giannidavico.it\/gopiedmont\/#website","url":"https:\/\/giannidavico.it\/gopiedmont\/","name":"Go Piedmont","description":"pens\u00e9 dzora l\u00ecber, event e p\u00ebrson-e grop\u00e0 al Piemont e a la lenga piemont\u00e8isa","potentialAction":[{"@type":"SearchAction","target":{"@type":"EntryPoint","urlTemplate":"https:\/\/giannidavico.it\/gopiedmont\/?s={search_term_string}"},"query-input":"required name=search_term_string"}],"inLanguage":"it-IT"},{"@type":"Person","@id":"https:\/\/giannidavico.it\/gopiedmont\/#\/schema\/person\/ea1fd17d8f2dba325f3712219efa8f77","name":"giannidavico","image":{"@type":"ImageObject","inLanguage":"it-IT","@id":"https:\/\/giannidavico.it\/gopiedmont\/#\/schema\/person\/image\/","url":"https:\/\/secure.gravatar.com\/avatar\/337748753d882602f3038b55fb369ba1?s=96&d=mm&r=g","contentUrl":"https:\/\/secure.gravatar.com\/avatar\/337748753d882602f3038b55fb369ba1?s=96&d=mm&r=g","caption":"giannidavico"},"url":"https:\/\/giannidavico.it\/gopiedmont\/author\/giannidavico\/"}]}},"_links":{"self":[{"href":"https:\/\/giannidavico.it\/gopiedmont\/wp-json\/wp\/v2\/posts\/577"}],"collection":[{"href":"https:\/\/giannidavico.it\/gopiedmont\/wp-json\/wp\/v2\/posts"}],"about":[{"href":"https:\/\/giannidavico.it\/gopiedmont\/wp-json\/wp\/v2\/types\/post"}],"author":[{"embeddable":true,"href":"https:\/\/giannidavico.it\/gopiedmont\/wp-json\/wp\/v2\/users\/4"}],"replies":[{"embeddable":true,"href":"https:\/\/giannidavico.it\/gopiedmont\/wp-json\/wp\/v2\/comments?post=577"}],"version-history":[{"count":5,"href":"https:\/\/giannidavico.it\/gopiedmont\/wp-json\/wp\/v2\/posts\/577\/revisions"}],"predecessor-version":[{"id":582,"href":"https:\/\/giannidavico.it\/gopiedmont\/wp-json\/wp\/v2\/posts\/577\/revisions\/582"}],"wp:attachment":[{"href":"https:\/\/giannidavico.it\/gopiedmont\/wp-json\/wp\/v2\/media?parent=577"}],"wp:term":[{"taxonomy":"category","embeddable":true,"href":"https:\/\/giannidavico.it\/gopiedmont\/wp-json\/wp\/v2\/categories?post=577"},{"taxonomy":"post_tag","embeddable":true,"href":"https:\/\/giannidavico.it\/gopiedmont\/wp-json\/wp\/v2\/tags?post=577"}],"curies":[{"name":"wp","href":"https:\/\/api.w.org\/{rel}","templated":true}]}}