{"id":587,"date":"2010-12-22T08:07:43","date_gmt":"2010-12-22T08:07:43","guid":{"rendered":"https:\/\/giannidavico.it\/staging\/gopiedmont\/?p=587"},"modified":"2010-12-22T08:07:43","modified_gmt":"2010-12-22T08:07:43","slug":"michel-dij-bonave-e-carlin-porta-doi-poeta-d-natal","status":"publish","type":"post","link":"https:\/\/giannidavico.it\/gopiedmont\/2010\/12\/22\/michel-dij-bonave-e-carlin-porta-doi-poeta-d-natal\/","title":{"rendered":"Michel dij Bonav\u00e9 e Carlin P\u00f2rta, doi poeta &#8216;d Natal"},"content":{"rendered":"<p>(Con un gr\u00f2ss, gr\u00f2ss mers\u00ec a costi doi amis sincer d\u00ebl Piemont p\u00ebr av\u00e8jme lass\u00e0 but\u00e9 ambeless\u00ec ij s\u00f2 t\u00f2ch \u00ebd Natal. A son j&#8217;auguri &#8211; a la bon-a ma &#8216;d cheur &#8211; p\u00ebr tuti coj ch&#8217;a-i veulo bin al piemont\u00e8is.)<\/p>\n<p><strong>Michel dij Bonav\u00e9<\/strong> (dij barbisin \u00ebd Gambab\u00f2sch)<br \/>\n<em>Vardand \u00ebl cel<\/em><\/p>\n<p>Na t\u00e8ila n\u00e8ira forat\u00e0: la neuit \u00ebd Natal,<br \/>\nam sotra con pens\u00e9 creus d\u2019inmensit\u00e0<br \/>\nch\u2019a m\u2019ampinisso d\u00eb sparm geil\u00e0.<br \/>\nAnciarm e afr ch\u2019a van sotbrass\u00ebtta,<br \/>\nb\u00ebsson \u00ebd la vita tuta<br \/>\nmai separ\u00e0,<br \/>\nam v\u00f2lo dantorn con bindej dj\u2019arc\u00f2rd<br \/>\nch\u2019i l\u2019hai g\u00f2j d\u2019ant\u00ebrs\u00e9 a f\u00e9 cocarda<br \/>\np\u00ebr na festa \u2019d gala sla vn\u00f9a d\u00ebl Bambin.<br \/>\nSguard ch\u2019a susta st\u00e8ila pnass\u00f9a<br \/>\nvardand lass\u00f9 \u2019ndoa l\u00eb sclint, p\u00ebr boneur,<br \/>\nl\u2019\u00e9 nen antamn\u00e0 da n\u00f2stri pec\u00e0 bondos.<br \/>\nVeuj ciadl\u00e9 m\u00e8 cheur al moment soas\u00ec<br \/>\n\u00ebd ci\u00f2ca ch\u2019a son-a baud\u00ebtta \u2019d nassensa;<br \/>\nveuj o vorer\u00eca?<br \/>\nEtern bauti\u00e9 d\u2019onda \u2019nchieta o risp\u00f2sta<br \/>\nch\u2019i vad sercand pistand la fi\u00f2ca pura,<br \/>\nmia seur fidela \u2019nt sa neuit \u00ebscura.<br \/>\nSlargo la man ant la mesaneuit Santa<br \/>\np\u00ebr strenz-ne tante sla carz\u00e0 dla bin<br \/>\ne col soris che da la cun-a a spantia<br \/>\ns\u00ebl mond na neuva speransa \u2019d pas,<br \/>\nsleiva d\u2019un b\u00f2t tuta la gramissia van-a<br \/>\ncon ij giasson \u00ebd l\u2019indiferensa uman-a.<\/p>\n<p>&#8212;<\/p>\n<p><strong>Carlin P\u00f2rta<\/strong><br \/>\n<em>Veuja \u2019d bin<\/em><\/p>\n<p>Cand l\u2019\u00f2m a f\u00e0 na corsa lesta e f\u00f2la<br \/>\nsu p\u00ebr j\u2019arb\u00e8st d\u00ebsbiron\u00e0 dla vita<br \/>\ne s\u00f2 p\u00e9 a p\u00f2sa nen sempre franch<br \/>\nsu le l\u00f2se post\u00e0 p\u00ebr la carz\u00e0,<\/p>\n<p>a l\u2019ha maitas g\u00f2j \u00ebd trov\u00e9 na r\u00f2ca<br \/>\nbin fong\u00e0 \u2019nt la t\u00e8ra e nen postissa,<br \/>\np\u00ebr mol\u00e9 \u2019l sacapan \u00ebd le miserie<br \/>\ne tir\u00e9 \u2019n sospir a la neuva vita.<\/p>\n<p>Par\u00e8j a l\u2019\u00e9 la veuja \u2019d bin ch\u2019a nass<br \/>\ncand che \u2019nt l\u2019aria a-i \u00e9 \u2019l sentor d\u00ebl Natal<br \/>\na press n\u2019anada \u2019d matan-e dr\u00f2le.<\/p>\n<p>A l\u2019empiura d\u00eb sparm, sagrin, magon,<br \/>\n\u00ebl c\u00f2rp a ciama l\u2019arlass ant s\u00f2 cheur<br \/>\ne sa st\u00e8ila ch\u2019a nass a-j d\u00e0 \u2019l boneur. <\/p>\n","protected":false},"excerpt":{"rendered":"<p>(Con un gr\u00f2ss, gr\u00f2ss mers\u00ec a costi doi amis sincer d\u00ebl Piemont p\u00ebr av\u00e8jme lass\u00e0 but\u00e9 ambeless\u00ec ij s\u00f2 t\u00f2ch \u00ebd Natal. A son j&#8217;auguri &#8211; a la bon-a ma &#8216;d cheur &#8211; p\u00ebr tuti coj ch&#8217;a-i veulo bin al piemont\u00e8is.)<\/p>\n<p><strong>Michel dij Bonav\u00e9<\/strong> (dij barbisin \u00ebd Gambab\u00f2sch)<br \/> <em>Vardand \u00ebl cel<\/em><\/p>\n<p>Na t\u00e8ila n\u00e8ira forat\u00e0: la neuit \u00ebd Natal,<br \/> am sotra con pens\u00e9 creus d\u2019inmensit\u00e0<br \/> ch\u2019a m\u2019ampinisso d\u00eb sparm geil\u00e0.<br \/> Anciarm e afr ch\u2019a van sotbrass\u00ebtta,<br \/> b\u00ebsson \u00ebd la vita tuta<br \/> mai separ\u00e0,<br \/> am v\u00f2lo dantorn con bindej dj\u2019arc\u00f2rd<br \/> ch\u2019i l\u2019hai g\u00f2j d\u2019ant\u00ebrs\u00e9 a f\u00e9 cocarda<br \/> p\u00ebr na festa \u2019d gala sla vn\u00f9a d\u00ebl Bambin.<br \/> Sguard ch\u2019a susta st\u00e8ila pnass\u00f9a<br \/> vardand lass\u00f9 \u2019ndoa l\u00eb sclint, p\u00ebr boneur,<br \/> l\u2019\u00e9 nen antamn\u00e0 da n\u00f2stri pec\u00e0 bondos.<br \/> Veuj ciadl\u00e9 m\u00e8 cheur al moment soas\u00ec<br \/> \u00ebd ci\u00f2ca ch\u2019a son-a baud\u00ebtta \u2019d nassensa;<br \/> veuj o vorer\u00eca?<br \/> Etern bauti\u00e9 d\u2019onda \u2019nchieta o risp\u00f2sta<br \/> ch\u2019i vad sercand pistand la fi\u00f2ca pura,<br \/> mia seur fidela \u2019nt sa neuit \u00ebscura.<br \/> Slargo la man ant la mesaneuit Santa<br \/> p\u00ebr strenz-ne tante sla carz\u00e0 dla bin<br \/> e col soris che [\u2026] <a class=\"moretag\" href=\"https:\/\/giannidavico.it\/gopiedmont\/2010\/12\/22\/michel-dij-bonave-e-carlin-porta-doi-poeta-d-natal\/\">continua a leggere \u00bb<\/a><\/p>\n","protected":false},"author":4,"featured_media":0,"comment_status":"open","ping_status":"open","sticky":false,"template":"","format":"standard","meta":[],"categories":[130],"tags":[104],"yoast_head":"<!-- This site is optimized with the Yoast SEO plugin v19.14 - https:\/\/yoast.com\/wordpress\/plugins\/seo\/ -->\n<title>Michel dij Bonav\u00e9 e Carlin P\u00f2rta, doi poeta &#039;d Natal - Go Piedmont<\/title>\n<meta name=\"robots\" content=\"index, follow, max-snippet:-1, max-image-preview:large, max-video-preview:-1\" \/>\n<link rel=\"canonical\" href=\"https:\/\/giannidavico.it\/gopiedmont\/2010\/12\/22\/michel-dij-bonave-e-carlin-porta-doi-poeta-d-natal\/\" \/>\n<meta property=\"og:locale\" content=\"it_IT\" \/>\n<meta property=\"og:type\" content=\"article\" \/>\n<meta property=\"og:title\" content=\"Michel dij Bonav\u00e9 e Carlin P\u00f2rta, doi poeta &#039;d Natal - Go Piedmont\" \/>\n<meta property=\"og:description\" content=\"(Con un gr\u00f2ss, gr\u00f2ss mers\u00ec a costi doi amis sincer d\u00ebl Piemont p\u00ebr av\u00e8jme lass\u00e0 but\u00e9 ambeless\u00ec ij s\u00f2 t\u00f2ch \u00ebd Natal. A son j&#8217;auguri &#8211; a la bon-a ma &#8216;d cheur &#8211; p\u00ebr tuti coj ch&#8217;a-i veulo bin al piemont\u00e8is.) Michel dij Bonav\u00e9 (dij barbisin \u00ebd Gambab\u00f2sch) Vardand \u00ebl cel Na t\u00e8ila n\u00e8ira forat\u00e0: la neuit \u00ebd Natal, am sotra con pens\u00e9 creus d\u2019inmensit\u00e0 ch\u2019a m\u2019ampinisso d\u00eb sparm geil\u00e0. Anciarm e afr ch\u2019a van sotbrass\u00ebtta, b\u00ebsson \u00ebd la vita tuta mai separ\u00e0, am v\u00f2lo dantorn con bindej dj\u2019arc\u00f2rd ch\u2019i l\u2019hai g\u00f2j d\u2019ant\u00ebrs\u00e9 a f\u00e9 cocarda p\u00ebr na festa \u2019d gala sla vn\u00f9a d\u00ebl Bambin. Sguard ch\u2019a susta st\u00e8ila pnass\u00f9a vardand lass\u00f9 \u2019ndoa l\u00eb sclint, p\u00ebr boneur, l\u2019\u00e9 nen antamn\u00e0 da n\u00f2stri pec\u00e0 bondos. Veuj ciadl\u00e9 m\u00e8 cheur al moment soas\u00ec \u00ebd ci\u00f2ca ch\u2019a son-a baud\u00ebtta \u2019d nassensa; veuj o vorer\u00eca? Etern bauti\u00e9 d\u2019onda \u2019nchieta o risp\u00f2sta ch\u2019i vad sercand pistand la fi\u00f2ca pura, mia seur fidela \u2019nt sa neuit \u00ebscura. Slargo la man ant la mesaneuit Santa p\u00ebr strenz-ne tante sla carz\u00e0 dla bin e col soris che [\u2026] continua a leggere \u00bb\" \/>\n<meta property=\"og:url\" content=\"https:\/\/giannidavico.it\/gopiedmont\/2010\/12\/22\/michel-dij-bonave-e-carlin-porta-doi-poeta-d-natal\/\" \/>\n<meta property=\"og:site_name\" content=\"Go Piedmont\" \/>\n<meta property=\"article:published_time\" content=\"2010-12-22T08:07:43+00:00\" \/>\n<meta name=\"author\" content=\"giannidavico\" \/>\n<meta name=\"twitter:card\" content=\"summary_large_image\" \/>\n<meta name=\"twitter:label1\" content=\"Scritto da\" \/>\n\t<meta name=\"twitter:data1\" content=\"giannidavico\" \/>\n\t<meta name=\"twitter:label2\" content=\"Tempo di lettura stimato\" \/>\n\t<meta name=\"twitter:data2\" content=\"2 minuti\" \/>\n<script type=\"application\/ld+json\" class=\"yoast-schema-graph\">{\"@context\":\"https:\/\/schema.org\",\"@graph\":[{\"@type\":\"WebPage\",\"@id\":\"https:\/\/giannidavico.it\/gopiedmont\/2010\/12\/22\/michel-dij-bonave-e-carlin-porta-doi-poeta-d-natal\/\",\"url\":\"https:\/\/giannidavico.it\/gopiedmont\/2010\/12\/22\/michel-dij-bonave-e-carlin-porta-doi-poeta-d-natal\/\",\"name\":\"Michel dij Bonav\u00e9 e Carlin P\u00f2rta, doi poeta 'd Natal - Go Piedmont\",\"isPartOf\":{\"@id\":\"https:\/\/giannidavico.it\/gopiedmont\/#website\"},\"datePublished\":\"2010-12-22T08:07:43+00:00\",\"dateModified\":\"2010-12-22T08:07:43+00:00\",\"author\":{\"@id\":\"https:\/\/giannidavico.it\/gopiedmont\/#\/schema\/person\/ea1fd17d8f2dba325f3712219efa8f77\"},\"inLanguage\":\"it-IT\",\"potentialAction\":[{\"@type\":\"ReadAction\",\"target\":[\"https:\/\/giannidavico.it\/gopiedmont\/2010\/12\/22\/michel-dij-bonave-e-carlin-porta-doi-poeta-d-natal\/\"]}]},{\"@type\":\"WebSite\",\"@id\":\"https:\/\/giannidavico.it\/gopiedmont\/#website\",\"url\":\"https:\/\/giannidavico.it\/gopiedmont\/\",\"name\":\"Go Piedmont\",\"description\":\"pens\u00e9 dzora l\u00ecber, event e p\u00ebrson-e grop\u00e0 al Piemont e a la lenga piemont\u00e8isa\",\"potentialAction\":[{\"@type\":\"SearchAction\",\"target\":{\"@type\":\"EntryPoint\",\"urlTemplate\":\"https:\/\/giannidavico.it\/gopiedmont\/?s={search_term_string}\"},\"query-input\":\"required name=search_term_string\"}],\"inLanguage\":\"it-IT\"},{\"@type\":\"Person\",\"@id\":\"https:\/\/giannidavico.it\/gopiedmont\/#\/schema\/person\/ea1fd17d8f2dba325f3712219efa8f77\",\"name\":\"giannidavico\",\"image\":{\"@type\":\"ImageObject\",\"inLanguage\":\"it-IT\",\"@id\":\"https:\/\/giannidavico.it\/gopiedmont\/#\/schema\/person\/image\/\",\"url\":\"https:\/\/secure.gravatar.com\/avatar\/337748753d882602f3038b55fb369ba1?s=96&d=mm&r=g\",\"contentUrl\":\"https:\/\/secure.gravatar.com\/avatar\/337748753d882602f3038b55fb369ba1?s=96&d=mm&r=g\",\"caption\":\"giannidavico\"},\"url\":\"https:\/\/giannidavico.it\/gopiedmont\/author\/giannidavico\/\"}]}<\/script>\n<!-- \/ Yoast SEO plugin. -->","yoast_head_json":{"title":"Michel dij Bonav\u00e9 e Carlin P\u00f2rta, doi poeta 'd Natal - Go Piedmont","robots":{"index":"index","follow":"follow","max-snippet":"max-snippet:-1","max-image-preview":"max-image-preview:large","max-video-preview":"max-video-preview:-1"},"canonical":"https:\/\/giannidavico.it\/gopiedmont\/2010\/12\/22\/michel-dij-bonave-e-carlin-porta-doi-poeta-d-natal\/","og_locale":"it_IT","og_type":"article","og_title":"Michel dij Bonav\u00e9 e Carlin P\u00f2rta, doi poeta 'd Natal - Go Piedmont","og_description":"(Con un gr\u00f2ss, gr\u00f2ss mers\u00ec a costi doi amis sincer d\u00ebl Piemont p\u00ebr av\u00e8jme lass\u00e0 but\u00e9 ambeless\u00ec ij s\u00f2 t\u00f2ch \u00ebd Natal. A son j&#8217;auguri &#8211; a la bon-a ma &#8216;d cheur &#8211; p\u00ebr tuti coj ch&#8217;a-i veulo bin al piemont\u00e8is.) Michel dij Bonav\u00e9 (dij barbisin \u00ebd Gambab\u00f2sch) Vardand \u00ebl cel Na t\u00e8ila n\u00e8ira forat\u00e0: la neuit \u00ebd Natal, am sotra con pens\u00e9 creus d\u2019inmensit\u00e0 ch\u2019a m\u2019ampinisso d\u00eb sparm geil\u00e0. Anciarm e afr ch\u2019a van sotbrass\u00ebtta, b\u00ebsson \u00ebd la vita tuta mai separ\u00e0, am v\u00f2lo dantorn con bindej dj\u2019arc\u00f2rd ch\u2019i l\u2019hai g\u00f2j d\u2019ant\u00ebrs\u00e9 a f\u00e9 cocarda p\u00ebr na festa \u2019d gala sla vn\u00f9a d\u00ebl Bambin. Sguard ch\u2019a susta st\u00e8ila pnass\u00f9a vardand lass\u00f9 \u2019ndoa l\u00eb sclint, p\u00ebr boneur, l\u2019\u00e9 nen antamn\u00e0 da n\u00f2stri pec\u00e0 bondos. Veuj ciadl\u00e9 m\u00e8 cheur al moment soas\u00ec \u00ebd ci\u00f2ca ch\u2019a son-a baud\u00ebtta \u2019d nassensa; veuj o vorer\u00eca? Etern bauti\u00e9 d\u2019onda \u2019nchieta o risp\u00f2sta ch\u2019i vad sercand pistand la fi\u00f2ca pura, mia seur fidela \u2019nt sa neuit \u00ebscura. Slargo la man ant la mesaneuit Santa p\u00ebr strenz-ne tante sla carz\u00e0 dla bin e col soris che [\u2026] continua a leggere \u00bb","og_url":"https:\/\/giannidavico.it\/gopiedmont\/2010\/12\/22\/michel-dij-bonave-e-carlin-porta-doi-poeta-d-natal\/","og_site_name":"Go Piedmont","article_published_time":"2010-12-22T08:07:43+00:00","author":"giannidavico","twitter_card":"summary_large_image","twitter_misc":{"Scritto da":"giannidavico","Tempo di lettura stimato":"2 minuti"},"schema":{"@context":"https:\/\/schema.org","@graph":[{"@type":"WebPage","@id":"https:\/\/giannidavico.it\/gopiedmont\/2010\/12\/22\/michel-dij-bonave-e-carlin-porta-doi-poeta-d-natal\/","url":"https:\/\/giannidavico.it\/gopiedmont\/2010\/12\/22\/michel-dij-bonave-e-carlin-porta-doi-poeta-d-natal\/","name":"Michel dij Bonav\u00e9 e Carlin P\u00f2rta, doi poeta 'd Natal - Go Piedmont","isPartOf":{"@id":"https:\/\/giannidavico.it\/gopiedmont\/#website"},"datePublished":"2010-12-22T08:07:43+00:00","dateModified":"2010-12-22T08:07:43+00:00","author":{"@id":"https:\/\/giannidavico.it\/gopiedmont\/#\/schema\/person\/ea1fd17d8f2dba325f3712219efa8f77"},"inLanguage":"it-IT","potentialAction":[{"@type":"ReadAction","target":["https:\/\/giannidavico.it\/gopiedmont\/2010\/12\/22\/michel-dij-bonave-e-carlin-porta-doi-poeta-d-natal\/"]}]},{"@type":"WebSite","@id":"https:\/\/giannidavico.it\/gopiedmont\/#website","url":"https:\/\/giannidavico.it\/gopiedmont\/","name":"Go Piedmont","description":"pens\u00e9 dzora l\u00ecber, event e p\u00ebrson-e grop\u00e0 al Piemont e a la lenga piemont\u00e8isa","potentialAction":[{"@type":"SearchAction","target":{"@type":"EntryPoint","urlTemplate":"https:\/\/giannidavico.it\/gopiedmont\/?s={search_term_string}"},"query-input":"required name=search_term_string"}],"inLanguage":"it-IT"},{"@type":"Person","@id":"https:\/\/giannidavico.it\/gopiedmont\/#\/schema\/person\/ea1fd17d8f2dba325f3712219efa8f77","name":"giannidavico","image":{"@type":"ImageObject","inLanguage":"it-IT","@id":"https:\/\/giannidavico.it\/gopiedmont\/#\/schema\/person\/image\/","url":"https:\/\/secure.gravatar.com\/avatar\/337748753d882602f3038b55fb369ba1?s=96&d=mm&r=g","contentUrl":"https:\/\/secure.gravatar.com\/avatar\/337748753d882602f3038b55fb369ba1?s=96&d=mm&r=g","caption":"giannidavico"},"url":"https:\/\/giannidavico.it\/gopiedmont\/author\/giannidavico\/"}]}},"_links":{"self":[{"href":"https:\/\/giannidavico.it\/gopiedmont\/wp-json\/wp\/v2\/posts\/587"}],"collection":[{"href":"https:\/\/giannidavico.it\/gopiedmont\/wp-json\/wp\/v2\/posts"}],"about":[{"href":"https:\/\/giannidavico.it\/gopiedmont\/wp-json\/wp\/v2\/types\/post"}],"author":[{"embeddable":true,"href":"https:\/\/giannidavico.it\/gopiedmont\/wp-json\/wp\/v2\/users\/4"}],"replies":[{"embeddable":true,"href":"https:\/\/giannidavico.it\/gopiedmont\/wp-json\/wp\/v2\/comments?post=587"}],"version-history":[{"count":11,"href":"https:\/\/giannidavico.it\/gopiedmont\/wp-json\/wp\/v2\/posts\/587\/revisions"}],"predecessor-version":[{"id":598,"href":"https:\/\/giannidavico.it\/gopiedmont\/wp-json\/wp\/v2\/posts\/587\/revisions\/598"}],"wp:attachment":[{"href":"https:\/\/giannidavico.it\/gopiedmont\/wp-json\/wp\/v2\/media?parent=587"}],"wp:term":[{"taxonomy":"category","embeddable":true,"href":"https:\/\/giannidavico.it\/gopiedmont\/wp-json\/wp\/v2\/categories?post=587"},{"taxonomy":"post_tag","embeddable":true,"href":"https:\/\/giannidavico.it\/gopiedmont\/wp-json\/wp\/v2\/tags?post=587"}],"curies":[{"name":"wp","href":"https:\/\/api.w.org\/{rel}","templated":true}]}}