{"id":599,"date":"2010-12-29T08:56:27","date_gmt":"2010-12-29T08:56:27","guid":{"rendered":"https:\/\/giannidavico.it\/staging\/gopiedmont\/?p=599"},"modified":"2010-12-29T08:56:27","modified_gmt":"2010-12-29T08:56:27","slug":"michel-dij-bonave-l-p-m","status":"publish","type":"post","link":"https:\/\/giannidavico.it\/gopiedmont\/2010\/12\/29\/michel-dij-bonave-l-p-m\/","title":{"rendered":"Michel dij Bonav\u00e9, L.P.M."},"content":{"rendered":"<p>Ambeless\u00ec &#8216;l prim <em>guest blogger<\/em> \u00ebd GoPiedmont, Michel dij Bonav\u00e9, ch&#8217;a dis la soa ans la question dla graf\u00eca. Da lese (e magara da coment\u00e9, p\u00ebrch\u00e8 n\u00f2?), e p\u00ebr ij contn\u00f9, e p\u00ebr \u00ebl bel deuit, e p\u00ebr le par\u00f2le precise e antiche ch&#8217;a d\u00f2vra.<\/p>\n<p>&#8212;<\/p>\n<p>A sar\u00e0 p\u00ebrch\u00e8 a l\u2019\u00e9 Natal o p\u00ebrch\u00e8 \u2019l cel a l\u2019\u00e9 gris con d\u2019anonsi \u2019d fi\u00f2ca, ma i l\u2019hai g\u00f2j \u00ebd but\u00e9 gi\u00f9 doe righe su n\u2019argoment d\u00ebl qual a sar\u00eca mej tase sperand che \u2019l temp a f\u00e8issa chiel da meisin-a e a vari\u00e8issa le bl\u00ebssure. Miraco a l\u2019\u00e9 \u2019n rasonament ch\u2019i vorer\u00eca scrive sla litra adress\u00e0 al Bambin Sant, cola che da tanti ani, tr\u00f2pi, i scrivo p\u00ec nen.<\/p>\n<p>\u00cbl n\u00f2str mond, i lo soma, a va a bsach e p\u00ebr colpa dj\u2019\u00f2mini p\u00ec che dla natura. J\u2019\u00f2mini a son na rassa \u2019nvadenta, coma \u2019l gramon e le ronze, e fra ij tant difet ch\u2019a l\u2019han a-i \u00e9 \u2019dc\u00f2 col d\u2019esse presuntuos. La presunsion d\u2019esse superior a tut e a tuti con la pret\u00e8isa d\u2019av\u00e8j an esclusiva l\u2019anteligensa. D\u00ebscute \u2019d cost argoment am porter\u00eca l\u00f2gn e donca i lo chito s\u00f9bit. Tutun a l\u2019\u00e9 pr\u00f2pi n\u2019at \u00ebd presunsion sensa fin col \u00ebd vor\u00e8j fich\u00e9 \u2019l povron (\u00ebl nas, \u00ebl bech e via f\u00f2rt) an tute le c\u00f2se e serch\u00e9 \u2019d rangeje an manera ch\u2019a vado p\u00ec bin p\u00ebr n\u00f2stra comodit\u00e0 o vantagi. I l\u2019oma gi\u00e0 vist coma che ij tentativ \u00ebd buteje le r\u00ebdne e la musar\u00f2la a la natura a sio arvelasse, bin soens, n\u2019arma a dobi tajent e l\u00f2n ch\u2019a sbaruva \u2019d p\u00ec a l\u2019\u00e9 quand che costi \u2019nt\u00ebrvent a ven-o f\u00e0it na frisa \u00abda b\u00f2rgno\u00bb, sensa pod\u00e8j ant\u00ebrvedde col ch\u2019a sar\u00e0 l\u2019artorn negativ an sle n\u00f2stre bi\u00f2che camol\u00e0.<\/p>\n<p>Iv faso n\u2019esempi tant p\u00ebr capisse e p\u00ebrch\u00e8 a peul na frisa spiegh\u00e9 \u2019l p\u00ebrch\u00e8 ch\u2019i l\u2019hai but\u00e0 \u2019n t\u00ectol dr\u00f2lo e f\u00e0it an acr\u00f2nim (gifra). Ant j\u2019\u00f9ltim ani a l\u2019\u00e9 spantiasse la m\u00f2da d\u2019and\u00e9, nen mach a bustich\u00e9 l\u00eb spassi ch\u2019a sirconda la T\u00e8ra o gieugh\u00e9 con arzigh ansema a j\u2019\u00e0tom, ma \u2019dc\u00f2 \u2019d vor\u00e8j intr\u00e9 \u2019nt la disposission \u00ebd coj mon ch\u2019a ten-o su la vita dla natura, visad\u00ec modifich\u00e9 la gen\u00e9tica dj\u2019esse ch\u2019a vivo. I l\u2019oma par\u00e8j vist nasse n\u2019\u00e0utra gifra ch\u2019a d\u00e0 sparm: O.G.M., ch\u2019a vorer\u00eca d\u00ec Organism Geneticament Modific\u00e0. I restoma ancora a l\u2019av\u00e0it p\u00ebr d\u00ebscheurve l\u00f2n ch\u2019an porter\u00e0 coma conseguensa mal\u00ebgna cost vor\u00e8j bustich\u00e9 la vita \u2019nt s\u00f2 creus, \u00ebd sigur a-i sar\u00e0 \u2019dc\u00f2 s\u00ec l\u2019\u00e0utra facia dla midaja.<\/p>\n<p>E bin, adess i direve: \u00abAndoa ch\u2019a veul riv\u00e9 sto fabi\u00f2ch ch\u2019an conta dij coss\u00f2t con \u00ebl color \u00ebd le tom\u00e0tiche e dij vail\u00e8t con ij c\u00f2rn da cravon?\u00bb. Alora a l\u2019\u00e9 \u2019l moment ch\u2019iv ciairissa m\u00e8 pens\u00e9.<\/p>\n<p>Cos\u00ec coma la natura con tute soe s\u00f2rt bariol\u00e0 d\u2019esse giborant o furmiolant a d\u00e0 dapress a n\u2019ordin e a \u2019d r\u00e9gole nen da l\u2019\u00f2m stabil\u00ece, par\u00e8j a c\u00e0pita \u2019dc\u00f2 p\u00ebr l\u2019\u00f2m midem e p\u00ebr s\u00f2 comportament e evolussion an tute le nuanse. Fra le nuanse i veuj buteje \u2019dc\u00f2 le lenghe, le parlade (ij dial\u00e8t vernacolar coma quaidun a b\u00ebst\u00ebmmia), an p\u00f2che par\u00f2le ij son ch\u2019a ven-o dovr\u00e0 p\u00ebr capisse fra \u2019d noi. Costa atit\u00f9din a l\u2019\u00e9 d\u00ebsvlupasse sotbrass\u00ebtta con la ch\u00ebrs\u00f9a \u2019d cola ch\u2019a ven ciam\u00e0 (i savr\u00eca nen d\u00ec fin-a a che mira con sust) CIVILT\u00c0. Soa evolussion a l\u2019\u00e9 nen fin\u00eca, ma a seguita con \u00ebd r\u00e9gole nen \u00ebscrite e, coma aspet ch\u2019a venta nen d\u00ebsmenti\u00e9, a-i \u00e9 col che soens l\u2019evolussion a p\u00f2rta \u2019dc\u00f2 a la m\u00f2rt. An efet a l\u2019\u00e9 n\u2019esperiensa \u2019d tuti ij di cola che a-i son \u00ebd lenghe, \u00ebd parlade ch\u2019a van a fin\u00ec, a meuire, o p\u00ebrch\u00e8 a sparisso coj p\u00f2poj ch\u2019a-j d\u00f2vro opura p\u00ebrch\u00e8 d\u2019\u00e0utri a-j mepriso a la mira \u2019d feje scompar\u00ec (e cost a l\u2019\u00e9 l\u2019aspet p\u00ec grev e magonant, ma belavans la st\u00f2ria dl\u2019umanit\u00e0 a l\u2019\u00e9 pien-a \u2019d costi aveniment andoa che C\u00e0in a massa s\u00f2 frel Abel).<\/p>\n<p>La prepotensa e la presunsion uman-a a l\u2019\u00e9 riv\u00e0 \u2019dc\u00f2 ambeless\u00ec, ant \u00ebl camp \u00ebd le lenghe, sercand d\u2019ampon-e \u2019l vor\u00e8j o \u2019l balin d\u2019un (o \u2019d p\u00f2chi) ant ij confront \u00ebd j\u2019\u00e0utri. Scond mi a l\u2019ha nen amportansa coj ch\u2019a son ij n\u00f9mer an bal p\u00ebrch\u00e8 minca un a l\u2019ha \u2019l drit \u00ebd dovr\u00e9 la forma d\u2019espression soa p\u00ec g\u00ebnita, peui, fra tuti, a venter\u00e0 trov\u00e9 la manera \u2019d capisse con n\u00eb sf\u00f2rs \u00ebd volont\u00e0 ch\u2019a monta dzora dij prinsipi p\u00ebrsonaj. A l\u2019ha nen sens vor\u00e8j serch\u00e9 \u2019d trov\u00e9 na forma d\u2019espression ch\u2019a sia global andasend a d\u00ebsc\u00e0pit \u00ebd cole locaj fasendje spar\u00ec o ambaronandje \u2019nt un canton \u00ebscur. \u00cbl concet, spieg\u00e0 dai savant \u00ebd costa materia motobin mej che da mi (e i-i preuvo gnanca), \u00ebd lenghe veicolar, ch\u2019a servo p\u00ebr capisse fra tanti, e lenghe anc\u00ebstraj, ch\u2019a son l\u2019espression p\u00ec creusa d\u2019un p\u00f2pol, a l\u2019\u00e9 na c\u00f2sa spieg\u00e0bil da la siensa.<\/p>\n<p>Pr\u00f2pi p\u00ebrch\u00e8 le forme d\u2019espression, le lenghe, a son grop\u00e0 a j\u2019esse uman e a j\u00eb stan ansema arlongh a soa evolussion (da l\u2019et\u00e0 dla pera e dle barme scure fin-a ai ras-cia-cel e a l\u2019esplorassion \u00ebd l\u00eb spassi sideral) a l\u2019\u00e9 normal e giust e l\u00f2gich ch\u2019a l\u2019abio la libert\u00e0 \u2019d trasformesse sensa \u2019d forsadure. Ant ij temp pass\u00e0 a l\u2019era gi\u00e0 provasse a \u2019nvent\u00e9 na lenga ch\u2019a dov\u00eca esse parl\u00e0 da tuti, l\u2019Esperant, ma l\u2019arzult\u00e0 a l\u2019\u00e9 nen pr\u00f2pi st\u00e0it col ch\u2019as propon\u00eca l\u2019inventor.<\/p>\n<p>Avsinandse a n\u00f2str mond p\u00ec pcit d\u00ebl Piemont i s\u2019arcorzoma che a-i son \u00ebd p\u00ebrson-e ch\u2019a l\u2019han av\u00f9 la bela id\u00e8ja \u2019d propon-e, an camp lengh\u00ecstich, la midema c\u00f2sa che d\u2019\u00e0utri \u00f2m d\u00eb siensa a veulo f\u00e9 (ambelel\u00ec a-i \u00e9 dar\u00e9 l\u2019angagg mascheugn e sagnos \u00ebd coj ch\u2019a veulo vagn\u00e9 semper \u00ebd p\u00ec e a tuti ij cost) con j\u2019esse vivent. Se ambelel\u00e0 a l\u2019\u00e9 dovrasse la forma gifr\u00e0 dont i l\u2019hai parl\u00e0 anans, O.G.M., con la lenga n\u00f2stra i proponr\u00eca (vist ch\u2019a l\u2019\u00e9 na r\u00f2ba a la m\u00f2da e a f\u00e0 spatuss) cola \u2019d L.P.M. che mi i spiegher\u00eca par\u00e8j: Lenghe Proditoriament Modific\u00e0. P\u00ebr chi a veul ciairisse \u2019l signific\u00e0 d\u00ebl termo Prodit\u00f2ri i-j diso d\u2019and\u00e9 a lese l\u00f2n ch\u2019a na diso ij vocabolari dla parlada toscan-a.<\/p>\n<p>An efet a l\u2019\u00e9 tratasse pr\u00f2pi \u2019d s\u00f2n: saut\u00e9 feura, d\u00f2p d\u2019av\u00e8j travaj\u00e0 ant l\u00eb scur \u00ebd le cr\u00f2te dij cospirator, con na proposission \u00ebd na graf\u00eca neuva p\u00ebr la lenga piemont\u00e8isa. Lenga che, con tute soe nuanse soas\u00ece, a l\u2019ha pr\u00f2pi nen dabz\u00f2gn, an cost moment \u00ebst\u00f2rich ant \u00ebl qual a venta lot\u00e9 p\u00ebr n\u2019arconossiment legislativ e f\u00e9 ij s\u00e0ut mortaj p\u00ebr nen lass\u00e9 d\u00ebstiss\u00e9 la fiama dij n\u00f2stri parl\u00e9 genit, d\u2019un cambiament radical. La c\u00f2sa ch\u2019a peul f\u00e9 p\u00ec mal, ant un moment mal f\u00e9 coma cost \u00ebdc\u00f2 p\u00ebr na crisi econ\u00f2mica ch\u2019as d\u00ebscaria an manera greva sla coltura, a l\u2019\u00e9 pr\u00f2pi cola \u2019d propon-e \u2019d division creuse an sen a chi a dovr\u00eca nop\u00e0 dimostr\u00e9 la p\u00ec granda union \u00ebd but e \u2019d fiuse. La scusa, p\u00ec o meno f\u00e0ussa, \u00ebd na semplificassion a va a meuire d\u00eb \u2019dnans a l\u00eb bz\u00f2gn \u00ebd nen anventesse \u2019d r\u00e9gole neuve ch\u2019a pijo \u2019l p\u00f2st \u00ebd cole veje. R\u00e9gole a j\u2019ero e r\u00e9gole a-i saran. Sensa r\u00e9gole as peul nen trovesse na convension gr\u00e0fica d\u00eb scritura ch\u2019a l\u2019abia la speransa \u2019d survive e d\u2019esse dovr\u00e0. Minca graf\u00eca \u2019d quals\u00ebss\u00eca lengagi a l\u2019ha \u2019d r\u00e9gole acet\u00e0 da chi a veul dovrela.<\/p>\n<p>Se pr\u00f2pi a pod\u00eca esje l\u2019esigensa \u2019d n\u2019intervent p\u00ebr rende p\u00ec sempia e bel f\u00e9 la scritura, costa a dov\u00eca s-ci\u00f2de dal travaj concord\u00e0 dij savant ant la materia e nen seurte da l\u2019esigensa d\u2019un-a p\u00ebrson-a (o p\u00f2chi s\u00f2 cambrada) p\u00ebr vagn\u00e9 na notoriet\u00e0 sgrafign\u00e0 con j\u2019onge o p\u00ebr seurte da j\u2019angavign \u00ebd na mediocrit\u00e0 evidenta.<\/p>\n<p>Belavans tute le lus neuve, bel cole p\u00ec mascheugne, a san ambaluch\u00e9 d\u00eb sp\u00ecrit e \u2019d ment pronte a deje dapress, a l\u2019\u00e9 semper st\u00e0it par\u00e8j ant la st\u00f2ria dl\u2019umanit\u00e0. Peui a s\u2019ancrosio le par\u00f2le come na vira a s\u2019ancrosiavo ij saber ant ij duel, le posission as cristaliso su r\u00f2che an oposission e \u2019l mal ch\u2019a na sar\u00e0 la conseguensa as v\u00ebdr\u00e0 con \u00ebl temp. Pr\u00f2pi coma p\u00ebr j\u2019O.G.M. \u00ebdc\u00f2 con le L.P.M. i androma ancontra a sai nen qual conseguense, ma \u2019d sigur nen a boneur \u00ebd cola ch\u2019a podr\u00eca esse na c\u00e0usa comun-a.<\/p>\n<p>\u00cbl temp a smasir\u00e0, a graver\u00e0, a sotrer\u00e0, a spantier\u00e0, a fortir\u00e0 i con\u00f2sso nen qual solussion e mi, miraco i l\u2019avrai nen \u00ebl pias\u00ec o \u2019l magon \u00ebd v\u00ebdla.<\/p>\n<p>Tornand a l\u2019inissi, a la veuja d\u00eb scrive na litra al Bambin, i savr\u00eca gnanca con precision l\u00f2n che ciameje. I l\u2019hai nen la presunsion d\u2019esse da la part giusta, ma l\u00f2n ch\u2019i sento a l\u2019\u00e9 che minca \u2019nt\u00ebrvent \u00ebd costa s\u00f2rt a peul nen port\u00e9 a gnente \u2019d bon. Le c\u00f2se a devo and\u00e9 anans scond le r\u00e9gole naturaj e nen con d\u00eb stravirament grop\u00e0 a j\u2019uman-e ambission \u00ebd grand\u00ebssa. Donca, m\u00e8 car Bambin Ges\u00f9, i vorer\u00eca che ti it port\u00e8isse, nen mach a mi, ma a tuti un bel f\u00e0it \u00ebd bon sust da gi\u00e0 ch\u2019a l\u2019\u00e9 l\u00f2n che \u2019d p\u00ec a manca s\u00ec sla T\u00e8ra e, \u00ebd conseguensa, \u00ebdc\u00f2 an cost cit cantonin d\u00ebl Piemont. F\u00e0 an manera ch\u2019as pianta l\u00ec \u2019d dovr\u00e9 la gu\u00e8ra p\u00ebr oten-e la pas, ant tuti ij camp e argoment, \u00ebdc\u00f2 p\u00ebr le lenghe naturaj che mi it ciamo \u2019d vor\u00e8j guern\u00e9 coma sava dle r\u00e8is p\u00ec creuse e nen coma d\u00ebsmora \u2019nt le man \u00ebd chi a veul fene usagi a s\u00f2 caprissi.<\/p>\n<p>Scot-me \u00f2h Bambin Sant e dane na man an manera ch\u2019i peusso ancora p\u00ebr ampess dovr\u00e9 la lenga d\u00ebl cheur p\u00ebr scrive e recit\u00e9 j\u2019orassion a ti e p\u00ebr capisse fra \u2019d noi piemont\u00e8is.<\/p>\n<p>T\u00f2 Michel dij Bonav\u00e9<\/p>\n","protected":false},"excerpt":{"rendered":"<p>Ambeless\u00ec &#8216;l prim <em>guest blogger<\/em> \u00ebd GoPiedmont, Michel dij Bonav\u00e9, ch&#8217;a dis la soa ans la question dla graf\u00eca. Da lese (e magara da coment\u00e9, p\u00ebrch\u00e8 n\u00f2?), e p\u00ebr ij contn\u00f9, e p\u00ebr \u00ebl bel deuit, e p\u00ebr le par\u00f2le precise e antiche ch&#8217;a d\u00f2vra.<\/p>\n<p>&#8212;<\/p>\n<p>A sar\u00e0 p\u00ebrch\u00e8 a l\u2019\u00e9 Natal o p\u00ebrch\u00e8 \u2019l cel a l\u2019\u00e9 gris con d\u2019anonsi \u2019d fi\u00f2ca, ma i l\u2019hai g\u00f2j \u00ebd but\u00e9 gi\u00f9 doe righe su n\u2019argoment d\u00ebl qual a sar\u00eca mej tase sperand che \u2019l temp a f\u00e8issa chiel da meisin-a e a vari\u00e8issa le bl\u00ebssure. Miraco a l\u2019\u00e9 \u2019n rasonament ch\u2019i vorer\u00eca scrive sla litra adress\u00e0 al Bambin Sant, cola che da tanti ani, tr\u00f2pi, i scrivo p\u00ec nen.<\/p>\n<p>\u00cbl n\u00f2str mond, i lo soma, a va a bsach e p\u00ebr colpa dj\u2019\u00f2mini p\u00ec che dla natura. J\u2019\u00f2mini a son na rassa \u2019nvadenta, coma \u2019l gramon e le ronze, e fra ij tant difet ch\u2019a l\u2019han a-i \u00e9 \u2019dc\u00f2 col d\u2019esse presuntuos. La presunsion d\u2019esse superior a tut e a tuti con la pret\u00e8isa d\u2019av\u00e8j an esclusiva l\u2019anteligensa. D\u00ebscute \u2019d cost argoment am porter\u00eca l\u00f2gn e donca i lo chito s\u00f9bit. Tutun a l\u2019\u00e9 pr\u00f2pi n\u2019at \u00ebd presunsion sensa fin col [\u2026] <a class=\"moretag\" href=\"https:\/\/giannidavico.it\/gopiedmont\/2010\/12\/29\/michel-dij-bonave-l-p-m\/\">continua a leggere \u00bb<\/a><\/p>\n","protected":false},"author":4,"featured_media":0,"comment_status":"open","ping_status":"open","sticky":false,"template":"","format":"standard","meta":[],"categories":[130],"tags":[124,107],"yoast_head":"<!-- This site is optimized with the Yoast SEO plugin v19.14 - https:\/\/yoast.com\/wordpress\/plugins\/seo\/ -->\n<title>Michel dij Bonav\u00e9, L.P.M. - Go Piedmont<\/title>\n<meta name=\"robots\" content=\"index, follow, max-snippet:-1, max-image-preview:large, max-video-preview:-1\" \/>\n<link rel=\"canonical\" href=\"https:\/\/giannidavico.it\/gopiedmont\/2010\/12\/29\/michel-dij-bonave-l-p-m\/\" \/>\n<meta property=\"og:locale\" content=\"it_IT\" \/>\n<meta property=\"og:type\" content=\"article\" \/>\n<meta property=\"og:title\" content=\"Michel dij Bonav\u00e9, L.P.M. - Go Piedmont\" \/>\n<meta property=\"og:description\" content=\"Ambeless\u00ec &#8216;l prim guest blogger \u00ebd GoPiedmont, Michel dij Bonav\u00e9, ch&#8217;a dis la soa ans la question dla graf\u00eca. Da lese (e magara da coment\u00e9, p\u00ebrch\u00e8 n\u00f2?), e p\u00ebr ij contn\u00f9, e p\u00ebr \u00ebl bel deuit, e p\u00ebr le par\u00f2le precise e antiche ch&#8217;a d\u00f2vra. &#8212; A sar\u00e0 p\u00ebrch\u00e8 a l\u2019\u00e9 Natal o p\u00ebrch\u00e8 \u2019l cel a l\u2019\u00e9 gris con d\u2019anonsi \u2019d fi\u00f2ca, ma i l\u2019hai g\u00f2j \u00ebd but\u00e9 gi\u00f9 doe righe su n\u2019argoment d\u00ebl qual a sar\u00eca mej tase sperand che \u2019l temp a f\u00e8issa chiel da meisin-a e a vari\u00e8issa le bl\u00ebssure. Miraco a l\u2019\u00e9 \u2019n rasonament ch\u2019i vorer\u00eca scrive sla litra adress\u00e0 al Bambin Sant, cola che da tanti ani, tr\u00f2pi, i scrivo p\u00ec nen. \u00cbl n\u00f2str mond, i lo soma, a va a bsach e p\u00ebr colpa dj\u2019\u00f2mini p\u00ec che dla natura. J\u2019\u00f2mini a son na rassa \u2019nvadenta, coma \u2019l gramon e le ronze, e fra ij tant difet ch\u2019a l\u2019han a-i \u00e9 \u2019dc\u00f2 col d\u2019esse presuntuos. La presunsion d\u2019esse superior a tut e a tuti con la pret\u00e8isa d\u2019av\u00e8j an esclusiva l\u2019anteligensa. D\u00ebscute \u2019d cost argoment am porter\u00eca l\u00f2gn e donca i lo chito s\u00f9bit. Tutun a l\u2019\u00e9 pr\u00f2pi n\u2019at \u00ebd presunsion sensa fin col [\u2026] continua a leggere \u00bb\" \/>\n<meta property=\"og:url\" content=\"https:\/\/giannidavico.it\/gopiedmont\/2010\/12\/29\/michel-dij-bonave-l-p-m\/\" \/>\n<meta property=\"og:site_name\" content=\"Go Piedmont\" \/>\n<meta property=\"article:published_time\" content=\"2010-12-29T08:56:27+00:00\" \/>\n<meta name=\"author\" content=\"giannidavico\" \/>\n<meta name=\"twitter:card\" content=\"summary_large_image\" \/>\n<meta name=\"twitter:label1\" content=\"Scritto da\" \/>\n\t<meta name=\"twitter:data1\" content=\"giannidavico\" \/>\n\t<meta name=\"twitter:label2\" content=\"Tempo di lettura stimato\" \/>\n\t<meta name=\"twitter:data2\" content=\"10 minuti\" \/>\n<script type=\"application\/ld+json\" class=\"yoast-schema-graph\">{\"@context\":\"https:\/\/schema.org\",\"@graph\":[{\"@type\":\"WebPage\",\"@id\":\"https:\/\/giannidavico.it\/gopiedmont\/2010\/12\/29\/michel-dij-bonave-l-p-m\/\",\"url\":\"https:\/\/giannidavico.it\/gopiedmont\/2010\/12\/29\/michel-dij-bonave-l-p-m\/\",\"name\":\"Michel dij Bonav\u00e9, L.P.M. - Go Piedmont\",\"isPartOf\":{\"@id\":\"https:\/\/giannidavico.it\/gopiedmont\/#website\"},\"datePublished\":\"2010-12-29T08:56:27+00:00\",\"dateModified\":\"2010-12-29T08:56:27+00:00\",\"author\":{\"@id\":\"https:\/\/giannidavico.it\/gopiedmont\/#\/schema\/person\/ea1fd17d8f2dba325f3712219efa8f77\"},\"inLanguage\":\"it-IT\",\"potentialAction\":[{\"@type\":\"ReadAction\",\"target\":[\"https:\/\/giannidavico.it\/gopiedmont\/2010\/12\/29\/michel-dij-bonave-l-p-m\/\"]}]},{\"@type\":\"WebSite\",\"@id\":\"https:\/\/giannidavico.it\/gopiedmont\/#website\",\"url\":\"https:\/\/giannidavico.it\/gopiedmont\/\",\"name\":\"Go Piedmont\",\"description\":\"pens\u00e9 dzora l\u00ecber, event e p\u00ebrson-e grop\u00e0 al Piemont e a la lenga piemont\u00e8isa\",\"potentialAction\":[{\"@type\":\"SearchAction\",\"target\":{\"@type\":\"EntryPoint\",\"urlTemplate\":\"https:\/\/giannidavico.it\/gopiedmont\/?s={search_term_string}\"},\"query-input\":\"required name=search_term_string\"}],\"inLanguage\":\"it-IT\"},{\"@type\":\"Person\",\"@id\":\"https:\/\/giannidavico.it\/gopiedmont\/#\/schema\/person\/ea1fd17d8f2dba325f3712219efa8f77\",\"name\":\"giannidavico\",\"image\":{\"@type\":\"ImageObject\",\"inLanguage\":\"it-IT\",\"@id\":\"https:\/\/giannidavico.it\/gopiedmont\/#\/schema\/person\/image\/\",\"url\":\"https:\/\/secure.gravatar.com\/avatar\/337748753d882602f3038b55fb369ba1?s=96&d=mm&r=g\",\"contentUrl\":\"https:\/\/secure.gravatar.com\/avatar\/337748753d882602f3038b55fb369ba1?s=96&d=mm&r=g\",\"caption\":\"giannidavico\"},\"url\":\"https:\/\/giannidavico.it\/gopiedmont\/author\/giannidavico\/\"}]}<\/script>\n<!-- \/ Yoast SEO plugin. -->","yoast_head_json":{"title":"Michel dij Bonav\u00e9, L.P.M. - Go Piedmont","robots":{"index":"index","follow":"follow","max-snippet":"max-snippet:-1","max-image-preview":"max-image-preview:large","max-video-preview":"max-video-preview:-1"},"canonical":"https:\/\/giannidavico.it\/gopiedmont\/2010\/12\/29\/michel-dij-bonave-l-p-m\/","og_locale":"it_IT","og_type":"article","og_title":"Michel dij Bonav\u00e9, L.P.M. - Go Piedmont","og_description":"Ambeless\u00ec &#8216;l prim guest blogger \u00ebd GoPiedmont, Michel dij Bonav\u00e9, ch&#8217;a dis la soa ans la question dla graf\u00eca. Da lese (e magara da coment\u00e9, p\u00ebrch\u00e8 n\u00f2?), e p\u00ebr ij contn\u00f9, e p\u00ebr \u00ebl bel deuit, e p\u00ebr le par\u00f2le precise e antiche ch&#8217;a d\u00f2vra. &#8212; A sar\u00e0 p\u00ebrch\u00e8 a l\u2019\u00e9 Natal o p\u00ebrch\u00e8 \u2019l cel a l\u2019\u00e9 gris con d\u2019anonsi \u2019d fi\u00f2ca, ma i l\u2019hai g\u00f2j \u00ebd but\u00e9 gi\u00f9 doe righe su n\u2019argoment d\u00ebl qual a sar\u00eca mej tase sperand che \u2019l temp a f\u00e8issa chiel da meisin-a e a vari\u00e8issa le bl\u00ebssure. Miraco a l\u2019\u00e9 \u2019n rasonament ch\u2019i vorer\u00eca scrive sla litra adress\u00e0 al Bambin Sant, cola che da tanti ani, tr\u00f2pi, i scrivo p\u00ec nen. \u00cbl n\u00f2str mond, i lo soma, a va a bsach e p\u00ebr colpa dj\u2019\u00f2mini p\u00ec che dla natura. J\u2019\u00f2mini a son na rassa \u2019nvadenta, coma \u2019l gramon e le ronze, e fra ij tant difet ch\u2019a l\u2019han a-i \u00e9 \u2019dc\u00f2 col d\u2019esse presuntuos. La presunsion d\u2019esse superior a tut e a tuti con la pret\u00e8isa d\u2019av\u00e8j an esclusiva l\u2019anteligensa. D\u00ebscute \u2019d cost argoment am porter\u00eca l\u00f2gn e donca i lo chito s\u00f9bit. Tutun a l\u2019\u00e9 pr\u00f2pi n\u2019at \u00ebd presunsion sensa fin col [\u2026] continua a leggere \u00bb","og_url":"https:\/\/giannidavico.it\/gopiedmont\/2010\/12\/29\/michel-dij-bonave-l-p-m\/","og_site_name":"Go Piedmont","article_published_time":"2010-12-29T08:56:27+00:00","author":"giannidavico","twitter_card":"summary_large_image","twitter_misc":{"Scritto da":"giannidavico","Tempo di lettura stimato":"10 minuti"},"schema":{"@context":"https:\/\/schema.org","@graph":[{"@type":"WebPage","@id":"https:\/\/giannidavico.it\/gopiedmont\/2010\/12\/29\/michel-dij-bonave-l-p-m\/","url":"https:\/\/giannidavico.it\/gopiedmont\/2010\/12\/29\/michel-dij-bonave-l-p-m\/","name":"Michel dij Bonav\u00e9, L.P.M. - Go Piedmont","isPartOf":{"@id":"https:\/\/giannidavico.it\/gopiedmont\/#website"},"datePublished":"2010-12-29T08:56:27+00:00","dateModified":"2010-12-29T08:56:27+00:00","author":{"@id":"https:\/\/giannidavico.it\/gopiedmont\/#\/schema\/person\/ea1fd17d8f2dba325f3712219efa8f77"},"inLanguage":"it-IT","potentialAction":[{"@type":"ReadAction","target":["https:\/\/giannidavico.it\/gopiedmont\/2010\/12\/29\/michel-dij-bonave-l-p-m\/"]}]},{"@type":"WebSite","@id":"https:\/\/giannidavico.it\/gopiedmont\/#website","url":"https:\/\/giannidavico.it\/gopiedmont\/","name":"Go Piedmont","description":"pens\u00e9 dzora l\u00ecber, event e p\u00ebrson-e grop\u00e0 al Piemont e a la lenga piemont\u00e8isa","potentialAction":[{"@type":"SearchAction","target":{"@type":"EntryPoint","urlTemplate":"https:\/\/giannidavico.it\/gopiedmont\/?s={search_term_string}"},"query-input":"required name=search_term_string"}],"inLanguage":"it-IT"},{"@type":"Person","@id":"https:\/\/giannidavico.it\/gopiedmont\/#\/schema\/person\/ea1fd17d8f2dba325f3712219efa8f77","name":"giannidavico","image":{"@type":"ImageObject","inLanguage":"it-IT","@id":"https:\/\/giannidavico.it\/gopiedmont\/#\/schema\/person\/image\/","url":"https:\/\/secure.gravatar.com\/avatar\/337748753d882602f3038b55fb369ba1?s=96&d=mm&r=g","contentUrl":"https:\/\/secure.gravatar.com\/avatar\/337748753d882602f3038b55fb369ba1?s=96&d=mm&r=g","caption":"giannidavico"},"url":"https:\/\/giannidavico.it\/gopiedmont\/author\/giannidavico\/"}]}},"_links":{"self":[{"href":"https:\/\/giannidavico.it\/gopiedmont\/wp-json\/wp\/v2\/posts\/599"}],"collection":[{"href":"https:\/\/giannidavico.it\/gopiedmont\/wp-json\/wp\/v2\/posts"}],"about":[{"href":"https:\/\/giannidavico.it\/gopiedmont\/wp-json\/wp\/v2\/types\/post"}],"author":[{"embeddable":true,"href":"https:\/\/giannidavico.it\/gopiedmont\/wp-json\/wp\/v2\/users\/4"}],"replies":[{"embeddable":true,"href":"https:\/\/giannidavico.it\/gopiedmont\/wp-json\/wp\/v2\/comments?post=599"}],"version-history":[{"count":10,"href":"https:\/\/giannidavico.it\/gopiedmont\/wp-json\/wp\/v2\/posts\/599\/revisions"}],"predecessor-version":[{"id":609,"href":"https:\/\/giannidavico.it\/gopiedmont\/wp-json\/wp\/v2\/posts\/599\/revisions\/609"}],"wp:attachment":[{"href":"https:\/\/giannidavico.it\/gopiedmont\/wp-json\/wp\/v2\/media?parent=599"}],"wp:term":[{"taxonomy":"category","embeddable":true,"href":"https:\/\/giannidavico.it\/gopiedmont\/wp-json\/wp\/v2\/categories?post=599"},{"taxonomy":"post_tag","embeddable":true,"href":"https:\/\/giannidavico.it\/gopiedmont\/wp-json\/wp\/v2\/tags?post=599"}],"curies":[{"name":"wp","href":"https:\/\/api.w.org\/{rel}","templated":true}]}}