{"id":627,"date":"2011-01-26T07:28:00","date_gmt":"2011-01-26T07:28:00","guid":{"rendered":"https:\/\/giannidavico.it\/staging\/gopiedmont\/?p=627"},"modified":"2011-01-26T07:28:00","modified_gmt":"2011-01-26T07:28:00","slug":"rescontr-anternassional-an-sla-grafia-dla-lenga-piemonteisa-ant-ij-secoj","status":"publish","type":"post","link":"https:\/\/giannidavico.it\/gopiedmont\/2011\/01\/26\/rescontr-anternassional-an-sla-grafia-dla-lenga-piemonteisa-ant-ij-secoj\/","title":{"rendered":"R\u00ebscontr ant\u00ebrnassional an sla graf\u00eca dla lenga piemont\u00e8isa ant ij s\u00e9coj"},"content":{"rendered":"<p>Sancto Luc\u00eco de Coumboscuro (Coni), dum\u00ecnica, \u00ebl 22 \u00ebd gen\u00e9 d\u00ebl 2011.<\/p>\n<p>M\u00e8 cara gent piemont\u00e8isa,<br \/>\nM\u00e8 car amis e amise dla lenga e dla coltura piemont\u00e8isa,<\/p>\n<p>\u00cbl r\u00ebscontr ant\u00ebrnassional an s\u2019 \u00abLa graf\u00eca dla lenga piemont\u00e8isa ant ij s\u00e9coj\u00bb a l\u2019\u00e9 st\u00e0it aprov\u00e0 da l\u2019assossiassion culturala \u00abVercelliViva\u00bb e as far\u00e0 ant la sala granda d\u00ebl seminari d\u00ebl Juvarra a V\u00ebrs\u00e8j, \u00ebl saba e la dum\u00ecnica, 15 e 16 d\u2019ot\u00f3ber d\u00ebl 2011.<\/p>\n<p>I seve tuti e tute tant grassiosament anvit\u00e0 a pijeje part e a d\u00ec la v\u00f2ssa.<\/p>\n<p>Con \u00ebsta litra-s\u00ec i vorar\u00eca c\u00f2 ciameve \u2019d dene na man a spatar\u00e9 la neuva al n\u00f9mer p\u00ec gr\u00f2ss poss\u00ecbil \u00ebd p\u00ebrson-e che Voi i seves ch\u2019a son ant\u00ebress\u00e0 a la lenga e a la cultura piemont\u00e8isa.<\/p>\n<p>Pr\u2019ars\u00e8ive \u2013 tant p\u00ebr corel che, p\u00ec anans, p\u00ebr pap\u00e9 \u2013 \u00ebl manifestin con ij detaj d\u00ebl programa, i v\u2019ancoragioma a fene arcesta a la diression \u00ebd \u00abVercelliViva\u00bb, ch\u2019a masenta l\u2019organisassion d\u2019\u00ebs r\u00ebscontr. Se pr\u2019asar i f\u00f9isse a conossensa d\u2019\u00e0ute adresse p\u00ebr mandeje \u2019l programa, eh bin, feje sav\u00e8j a costa midema organisassion (tant p\u00ebr j\u2019adresse \u2019d corel che p\u00ebr cole postaj).<\/p>\n<p>\u00cbs r\u00ebscontr a car\u00e0ter sient\u00ecfich a l\u2019\u00e9 dedic\u00e0 mach al meud cm\u00e8 ch\u2019a s\u00eb scriviva n\u00f2ssa lenga piemont\u00e8isa ant ij s\u00e9coj. Minca presentassion a dev esse binel\u00e0 con \u00ebd projession \u00ebd document originaj ch\u2019a devo sostn\u00ec e fort\u00ec l\u2019argumentassion.<\/p>\n<p>Coj an tra \u2019d Voi ch\u2019a l\u2019av\u00e8isso \u2019d manuscrit da most\u00e9 pr\u2019\u00ebd presentassion curte a son preg\u00e0 \u2019d fej-lo sav\u00e8j a \u00abVercelliViva\u00bb p\u00ebr ch\u2019i-j ass\u00ebgno \u2019l temp ch\u2019i-j fa p\u00ebr l\u2019antervension.<\/p>\n<p>Se tutun i l\u2019eve \u2019d cos-cion pr\u00f2pe mach sient\u00ecfiche i peude adresseve al coordinator sient\u00ecfich d\u00ebl r\u00ebscontr, dont i l\u2019eve l\u2019adressa s\u00ec-sota aranda a cola d\u00ebl coordinator log\u00ecstich.<\/p>\n<p>Dagi\u00e0 ch\u2019as r\u00ebscontr a pijo part c\u00f2 \u2019d savan d\u00ebl provensal dij troubadours, le lenghe admett\u00f9e a son \u00ebl piemont\u00e8is, \u00ebl provensal, \u00ebl frans\u00e8is e l\u2019italian. Minca conferensi\u00e9 e minca partissipant a peudr\u00e0 sensa gen-a adressesse a tuti j\u2019\u00e0uti ant un-a \u2019d coste lenghe.<\/p>\n<p>Noj\u00e0uti, ij coordinator, i contoma pr\u00f2pe tant an su V\u00f2ssa presensa e iv ciamoma grassiosament \u00ebd giutene a spanti\u00e9 la neuva d\u2019\u00ebs r\u00ebscontr al n\u00f9mer p\u00ec gr\u00f2ss \u00ebd gent ant\u00ebress\u00e0.<\/p>\n<p>Con grignor i cheujo l\u2019ocasion p\u00ebr saluteve tute e tuti \u2019d cheur.<\/p>\n<p>V\u00f2ss,<\/p>\n<p>Sergi Girardin<\/p>\n<p>Coordinator log\u00ecstich:<br \/>\n<a href=\"mailto:studiolegaleruffino@libero.it\">Avv. Toni Ruffino<\/a>, Direttore, \u00abVercelliViva\u00bb<br \/>\nAdressa s\u00ecvica: Convegno internazionale grafia lingua piemontese, Studio Legale T. Ruffino, Corso Libert\u00e0, 127, Vercelli 13100 (VC)<\/p>\n<p>Coordinator sient\u00ecfich:<br \/>\n<a href=\"mailto:sgilardino@libero.it\">Sergio Gilardino<\/a><br \/>\nIndirizzo civico: Sancto Luc\u00eco de Coumboscuro, 2, Monterosso Grana (Cuneo) 12020<\/p>\n","protected":false},"excerpt":{"rendered":"<p>Sancto Luc\u00eco de Coumboscuro (Coni), dum\u00ecnica, \u00ebl 22 \u00ebd gen\u00e9 d\u00ebl 2011.<\/p>\n<p>M\u00e8 cara gent piemont\u00e8isa,<br \/> M\u00e8 car amis e amise dla lenga e dla coltura piemont\u00e8isa,<\/p>\n<p>\u00cbl r\u00ebscontr ant\u00ebrnassional an s\u2019 \u00abLa graf\u00eca dla lenga piemont\u00e8isa ant ij s\u00e9coj\u00bb a l\u2019\u00e9 st\u00e0it aprov\u00e0 da l\u2019assossiassion culturala \u00abVercelliViva\u00bb e as far\u00e0 ant la sala granda d\u00ebl seminari d\u00ebl Juvarra a V\u00ebrs\u00e8j, \u00ebl saba e la dum\u00ecnica, 15 e 16 d\u2019ot\u00f3ber d\u00ebl 2011.<\/p>\n<p>I seve tuti e tute tant grassiosament anvit\u00e0 a pijeje part e a d\u00ec la v\u00f2ssa.<\/p>\n<p>Con \u00ebsta litra-s\u00ec i vorar\u00eca c\u00f2 ciameve \u2019d dene na man a spatar\u00e9 la neuva al n\u00f9mer p\u00ec gr\u00f2ss poss\u00ecbil \u00ebd p\u00ebrson-e che Voi i seves ch\u2019a son ant\u00ebress\u00e0 a la lenga e a la cultura piemont\u00e8isa.<\/p>\n<p>Pr\u2019ars\u00e8ive \u2013 tant p\u00ebr corel che, p\u00ec anans, p\u00ebr pap\u00e9 \u2013 \u00ebl manifestin con ij detaj d\u00ebl programa, i v\u2019ancoragioma a fene arcesta a la diression \u00ebd \u00abVercelliViva\u00bb, ch\u2019a masenta l\u2019organisassion d\u2019\u00ebs r\u00ebscontr. Se pr\u2019asar i f\u00f9isse a conossensa d\u2019\u00e0ute adresse p\u00ebr mandeje \u2019l programa, eh bin, feje sav\u00e8j a costa midema organisassion (tant p\u00ebr j\u2019adresse \u2019d corel che p\u00ebr cole postaj).<\/p>\n<p>\u00cbs r\u00ebscontr a car\u00e0ter sient\u00ecfich a l\u2019\u00e9 dedic\u00e0 mach al meud cm\u00e8 [\u2026] <a class=\"moretag\" href=\"https:\/\/giannidavico.it\/gopiedmont\/2011\/01\/26\/rescontr-anternassional-an-sla-grafia-dla-lenga-piemonteisa-ant-ij-secoj\/\">continua a leggere \u00bb<\/a><\/p>\n","protected":false},"author":4,"featured_media":0,"comment_status":"open","ping_status":"open","sticky":false,"template":"","format":"standard","meta":[],"categories":[130],"tags":[132,107],"yoast_head":"<!-- This site is optimized with the Yoast SEO plugin v19.14 - https:\/\/yoast.com\/wordpress\/plugins\/seo\/ -->\n<title>R\u00ebscontr ant\u00ebrnassional an sla graf\u00eca dla lenga piemont\u00e8isa ant ij s\u00e9coj - Go Piedmont<\/title>\n<meta name=\"robots\" content=\"index, follow, max-snippet:-1, max-image-preview:large, max-video-preview:-1\" \/>\n<link rel=\"canonical\" href=\"https:\/\/giannidavico.it\/gopiedmont\/2011\/01\/26\/rescontr-anternassional-an-sla-grafia-dla-lenga-piemonteisa-ant-ij-secoj\/\" \/>\n<meta property=\"og:locale\" content=\"it_IT\" \/>\n<meta property=\"og:type\" content=\"article\" \/>\n<meta property=\"og:title\" content=\"R\u00ebscontr ant\u00ebrnassional an sla graf\u00eca dla lenga piemont\u00e8isa ant ij s\u00e9coj - Go Piedmont\" \/>\n<meta property=\"og:description\" content=\"Sancto Luc\u00eco de Coumboscuro (Coni), dum\u00ecnica, \u00ebl 22 \u00ebd gen\u00e9 d\u00ebl 2011. M\u00e8 cara gent piemont\u00e8isa, M\u00e8 car amis e amise dla lenga e dla coltura piemont\u00e8isa, \u00cbl r\u00ebscontr ant\u00ebrnassional an s\u2019 \u00abLa graf\u00eca dla lenga piemont\u00e8isa ant ij s\u00e9coj\u00bb a l\u2019\u00e9 st\u00e0it aprov\u00e0 da l\u2019assossiassion culturala \u00abVercelliViva\u00bb e as far\u00e0 ant la sala granda d\u00ebl seminari d\u00ebl Juvarra a V\u00ebrs\u00e8j, \u00ebl saba e la dum\u00ecnica, 15 e 16 d\u2019ot\u00f3ber d\u00ebl 2011. I seve tuti e tute tant grassiosament anvit\u00e0 a pijeje part e a d\u00ec la v\u00f2ssa. Con \u00ebsta litra-s\u00ec i vorar\u00eca c\u00f2 ciameve \u2019d dene na man a spatar\u00e9 la neuva al n\u00f9mer p\u00ec gr\u00f2ss poss\u00ecbil \u00ebd p\u00ebrson-e che Voi i seves ch\u2019a son ant\u00ebress\u00e0 a la lenga e a la cultura piemont\u00e8isa. Pr\u2019ars\u00e8ive \u2013 tant p\u00ebr corel che, p\u00ec anans, p\u00ebr pap\u00e9 \u2013 \u00ebl manifestin con ij detaj d\u00ebl programa, i v\u2019ancoragioma a fene arcesta a la diression \u00ebd \u00abVercelliViva\u00bb, ch\u2019a masenta l\u2019organisassion d\u2019\u00ebs r\u00ebscontr. Se pr\u2019asar i f\u00f9isse a conossensa d\u2019\u00e0ute adresse p\u00ebr mandeje \u2019l programa, eh bin, feje sav\u00e8j a costa midema organisassion (tant p\u00ebr j\u2019adresse \u2019d corel che p\u00ebr cole postaj). \u00cbs r\u00ebscontr a car\u00e0ter sient\u00ecfich a l\u2019\u00e9 dedic\u00e0 mach al meud cm\u00e8 [\u2026] continua a leggere \u00bb\" \/>\n<meta property=\"og:url\" content=\"https:\/\/giannidavico.it\/gopiedmont\/2011\/01\/26\/rescontr-anternassional-an-sla-grafia-dla-lenga-piemonteisa-ant-ij-secoj\/\" \/>\n<meta property=\"og:site_name\" content=\"Go Piedmont\" \/>\n<meta property=\"article:published_time\" content=\"2011-01-26T07:28:00+00:00\" \/>\n<meta name=\"author\" content=\"giannidavico\" \/>\n<meta name=\"twitter:card\" content=\"summary_large_image\" \/>\n<meta name=\"twitter:label1\" content=\"Scritto da\" \/>\n\t<meta name=\"twitter:data1\" content=\"giannidavico\" \/>\n\t<meta name=\"twitter:label2\" content=\"Tempo di lettura stimato\" \/>\n\t<meta name=\"twitter:data2\" content=\"3 minuti\" \/>\n<script type=\"application\/ld+json\" class=\"yoast-schema-graph\">{\"@context\":\"https:\/\/schema.org\",\"@graph\":[{\"@type\":\"WebPage\",\"@id\":\"https:\/\/giannidavico.it\/gopiedmont\/2011\/01\/26\/rescontr-anternassional-an-sla-grafia-dla-lenga-piemonteisa-ant-ij-secoj\/\",\"url\":\"https:\/\/giannidavico.it\/gopiedmont\/2011\/01\/26\/rescontr-anternassional-an-sla-grafia-dla-lenga-piemonteisa-ant-ij-secoj\/\",\"name\":\"R\u00ebscontr ant\u00ebrnassional an sla graf\u00eca dla lenga piemont\u00e8isa ant ij s\u00e9coj - Go Piedmont\",\"isPartOf\":{\"@id\":\"https:\/\/giannidavico.it\/gopiedmont\/#website\"},\"datePublished\":\"2011-01-26T07:28:00+00:00\",\"dateModified\":\"2011-01-26T07:28:00+00:00\",\"author\":{\"@id\":\"https:\/\/giannidavico.it\/gopiedmont\/#\/schema\/person\/ea1fd17d8f2dba325f3712219efa8f77\"},\"inLanguage\":\"it-IT\",\"potentialAction\":[{\"@type\":\"ReadAction\",\"target\":[\"https:\/\/giannidavico.it\/gopiedmont\/2011\/01\/26\/rescontr-anternassional-an-sla-grafia-dla-lenga-piemonteisa-ant-ij-secoj\/\"]}]},{\"@type\":\"WebSite\",\"@id\":\"https:\/\/giannidavico.it\/gopiedmont\/#website\",\"url\":\"https:\/\/giannidavico.it\/gopiedmont\/\",\"name\":\"Go Piedmont\",\"description\":\"pens\u00e9 dzora l\u00ecber, event e p\u00ebrson-e grop\u00e0 al Piemont e a la lenga piemont\u00e8isa\",\"potentialAction\":[{\"@type\":\"SearchAction\",\"target\":{\"@type\":\"EntryPoint\",\"urlTemplate\":\"https:\/\/giannidavico.it\/gopiedmont\/?s={search_term_string}\"},\"query-input\":\"required name=search_term_string\"}],\"inLanguage\":\"it-IT\"},{\"@type\":\"Person\",\"@id\":\"https:\/\/giannidavico.it\/gopiedmont\/#\/schema\/person\/ea1fd17d8f2dba325f3712219efa8f77\",\"name\":\"giannidavico\",\"image\":{\"@type\":\"ImageObject\",\"inLanguage\":\"it-IT\",\"@id\":\"https:\/\/giannidavico.it\/gopiedmont\/#\/schema\/person\/image\/\",\"url\":\"https:\/\/secure.gravatar.com\/avatar\/337748753d882602f3038b55fb369ba1?s=96&d=mm&r=g\",\"contentUrl\":\"https:\/\/secure.gravatar.com\/avatar\/337748753d882602f3038b55fb369ba1?s=96&d=mm&r=g\",\"caption\":\"giannidavico\"},\"url\":\"https:\/\/giannidavico.it\/gopiedmont\/author\/giannidavico\/\"}]}<\/script>\n<!-- \/ Yoast SEO plugin. -->","yoast_head_json":{"title":"R\u00ebscontr ant\u00ebrnassional an sla graf\u00eca dla lenga piemont\u00e8isa ant ij s\u00e9coj - Go Piedmont","robots":{"index":"index","follow":"follow","max-snippet":"max-snippet:-1","max-image-preview":"max-image-preview:large","max-video-preview":"max-video-preview:-1"},"canonical":"https:\/\/giannidavico.it\/gopiedmont\/2011\/01\/26\/rescontr-anternassional-an-sla-grafia-dla-lenga-piemonteisa-ant-ij-secoj\/","og_locale":"it_IT","og_type":"article","og_title":"R\u00ebscontr ant\u00ebrnassional an sla graf\u00eca dla lenga piemont\u00e8isa ant ij s\u00e9coj - Go Piedmont","og_description":"Sancto Luc\u00eco de Coumboscuro (Coni), dum\u00ecnica, \u00ebl 22 \u00ebd gen\u00e9 d\u00ebl 2011. M\u00e8 cara gent piemont\u00e8isa, M\u00e8 car amis e amise dla lenga e dla coltura piemont\u00e8isa, \u00cbl r\u00ebscontr ant\u00ebrnassional an s\u2019 \u00abLa graf\u00eca dla lenga piemont\u00e8isa ant ij s\u00e9coj\u00bb a l\u2019\u00e9 st\u00e0it aprov\u00e0 da l\u2019assossiassion culturala \u00abVercelliViva\u00bb e as far\u00e0 ant la sala granda d\u00ebl seminari d\u00ebl Juvarra a V\u00ebrs\u00e8j, \u00ebl saba e la dum\u00ecnica, 15 e 16 d\u2019ot\u00f3ber d\u00ebl 2011. I seve tuti e tute tant grassiosament anvit\u00e0 a pijeje part e a d\u00ec la v\u00f2ssa. Con \u00ebsta litra-s\u00ec i vorar\u00eca c\u00f2 ciameve \u2019d dene na man a spatar\u00e9 la neuva al n\u00f9mer p\u00ec gr\u00f2ss poss\u00ecbil \u00ebd p\u00ebrson-e che Voi i seves ch\u2019a son ant\u00ebress\u00e0 a la lenga e a la cultura piemont\u00e8isa. Pr\u2019ars\u00e8ive \u2013 tant p\u00ebr corel che, p\u00ec anans, p\u00ebr pap\u00e9 \u2013 \u00ebl manifestin con ij detaj d\u00ebl programa, i v\u2019ancoragioma a fene arcesta a la diression \u00ebd \u00abVercelliViva\u00bb, ch\u2019a masenta l\u2019organisassion d\u2019\u00ebs r\u00ebscontr. Se pr\u2019asar i f\u00f9isse a conossensa d\u2019\u00e0ute adresse p\u00ebr mandeje \u2019l programa, eh bin, feje sav\u00e8j a costa midema organisassion (tant p\u00ebr j\u2019adresse \u2019d corel che p\u00ebr cole postaj). \u00cbs r\u00ebscontr a car\u00e0ter sient\u00ecfich a l\u2019\u00e9 dedic\u00e0 mach al meud cm\u00e8 [\u2026] continua a leggere \u00bb","og_url":"https:\/\/giannidavico.it\/gopiedmont\/2011\/01\/26\/rescontr-anternassional-an-sla-grafia-dla-lenga-piemonteisa-ant-ij-secoj\/","og_site_name":"Go Piedmont","article_published_time":"2011-01-26T07:28:00+00:00","author":"giannidavico","twitter_card":"summary_large_image","twitter_misc":{"Scritto da":"giannidavico","Tempo di lettura stimato":"3 minuti"},"schema":{"@context":"https:\/\/schema.org","@graph":[{"@type":"WebPage","@id":"https:\/\/giannidavico.it\/gopiedmont\/2011\/01\/26\/rescontr-anternassional-an-sla-grafia-dla-lenga-piemonteisa-ant-ij-secoj\/","url":"https:\/\/giannidavico.it\/gopiedmont\/2011\/01\/26\/rescontr-anternassional-an-sla-grafia-dla-lenga-piemonteisa-ant-ij-secoj\/","name":"R\u00ebscontr ant\u00ebrnassional an sla graf\u00eca dla lenga piemont\u00e8isa ant ij s\u00e9coj - Go Piedmont","isPartOf":{"@id":"https:\/\/giannidavico.it\/gopiedmont\/#website"},"datePublished":"2011-01-26T07:28:00+00:00","dateModified":"2011-01-26T07:28:00+00:00","author":{"@id":"https:\/\/giannidavico.it\/gopiedmont\/#\/schema\/person\/ea1fd17d8f2dba325f3712219efa8f77"},"inLanguage":"it-IT","potentialAction":[{"@type":"ReadAction","target":["https:\/\/giannidavico.it\/gopiedmont\/2011\/01\/26\/rescontr-anternassional-an-sla-grafia-dla-lenga-piemonteisa-ant-ij-secoj\/"]}]},{"@type":"WebSite","@id":"https:\/\/giannidavico.it\/gopiedmont\/#website","url":"https:\/\/giannidavico.it\/gopiedmont\/","name":"Go Piedmont","description":"pens\u00e9 dzora l\u00ecber, event e p\u00ebrson-e grop\u00e0 al Piemont e a la lenga piemont\u00e8isa","potentialAction":[{"@type":"SearchAction","target":{"@type":"EntryPoint","urlTemplate":"https:\/\/giannidavico.it\/gopiedmont\/?s={search_term_string}"},"query-input":"required name=search_term_string"}],"inLanguage":"it-IT"},{"@type":"Person","@id":"https:\/\/giannidavico.it\/gopiedmont\/#\/schema\/person\/ea1fd17d8f2dba325f3712219efa8f77","name":"giannidavico","image":{"@type":"ImageObject","inLanguage":"it-IT","@id":"https:\/\/giannidavico.it\/gopiedmont\/#\/schema\/person\/image\/","url":"https:\/\/secure.gravatar.com\/avatar\/337748753d882602f3038b55fb369ba1?s=96&d=mm&r=g","contentUrl":"https:\/\/secure.gravatar.com\/avatar\/337748753d882602f3038b55fb369ba1?s=96&d=mm&r=g","caption":"giannidavico"},"url":"https:\/\/giannidavico.it\/gopiedmont\/author\/giannidavico\/"}]}},"_links":{"self":[{"href":"https:\/\/giannidavico.it\/gopiedmont\/wp-json\/wp\/v2\/posts\/627"}],"collection":[{"href":"https:\/\/giannidavico.it\/gopiedmont\/wp-json\/wp\/v2\/posts"}],"about":[{"href":"https:\/\/giannidavico.it\/gopiedmont\/wp-json\/wp\/v2\/types\/post"}],"author":[{"embeddable":true,"href":"https:\/\/giannidavico.it\/gopiedmont\/wp-json\/wp\/v2\/users\/4"}],"replies":[{"embeddable":true,"href":"https:\/\/giannidavico.it\/gopiedmont\/wp-json\/wp\/v2\/comments?post=627"}],"version-history":[{"count":9,"href":"https:\/\/giannidavico.it\/gopiedmont\/wp-json\/wp\/v2\/posts\/627\/revisions"}],"predecessor-version":[{"id":636,"href":"https:\/\/giannidavico.it\/gopiedmont\/wp-json\/wp\/v2\/posts\/627\/revisions\/636"}],"wp:attachment":[{"href":"https:\/\/giannidavico.it\/gopiedmont\/wp-json\/wp\/v2\/media?parent=627"}],"wp:term":[{"taxonomy":"category","embeddable":true,"href":"https:\/\/giannidavico.it\/gopiedmont\/wp-json\/wp\/v2\/categories?post=627"},{"taxonomy":"post_tag","embeddable":true,"href":"https:\/\/giannidavico.it\/gopiedmont\/wp-json\/wp\/v2\/tags?post=627"}],"curies":[{"name":"wp","href":"https:\/\/api.w.org\/{rel}","templated":true}]}}