{"id":673,"date":"2011-03-02T08:36:48","date_gmt":"2011-03-02T08:36:48","guid":{"rendered":"https:\/\/giannidavico.it\/staging\/gopiedmont\/?p=673"},"modified":"2015-09-23T12:14:46","modified_gmt":"2015-09-23T11:14:46","slug":"la-blogosfera-piemonteisa","status":"publish","type":"post","link":"https:\/\/giannidavico.it\/gopiedmont\/2011\/03\/02\/la-blogosfera-piemonteisa\/","title":{"rendered":"La blogosfera piemont\u00e8isa"},"content":{"rendered":"<p><a href=\"https:\/\/giannidavico.it\/gopiedmont\/files\/2013\/04\/A.jpg\"><img loading=\"lazy\" src=\"https:\/\/giannidavico.it\/gopiedmont\/files\/2013\/04\/A-300x135.jpg\" alt=\"A\" width=\"300\" height=\"135\" class=\"alignright size-medium wp-image-2741\" srcset=\"https:\/\/giannidavico.it\/gopiedmont\/files\/2013\/04\/A-300x135.jpg 300w, https:\/\/giannidavico.it\/gopiedmont\/files\/2013\/04\/A-1024x460.jpg 1024w, https:\/\/giannidavico.it\/gopiedmont\/files\/2013\/04\/A.jpg 1132w\" sizes=\"(max-width: 300px) 100vw, 300px\" \/><\/a><\/p>\n<p style=\"text-align: left;padding-left: 180px\">e sotto, sotto, sotto, sotto, sotto, sotto<br \/>\nc&#8217;\u00e8 quel movimento clandestino<br \/>\ndi cantine blues<br \/>\n(Ligabue, <em>Anime in plexiglass<\/em>)<\/p>\n<p>Ancheuj i parloma dij leu come cost, visad\u00ec dij bl\u00f2gh ant\u00e9 ch\u2019as parla piemont\u00e8is.<\/p>\n<p>Con l\u2019avertensa ch\u2019a l\u2019\u00e9 \u2013 naturalment \u2013 na lista parsial: i ciam p\u00ebrdon p\u00ebr le r\u00f2be ch\u2019a ventr\u00eca sit\u00e9 ch\u2019i con\u00f2ss nen o dle quai im sovenrai nen. P\u00ebr dila <a href=\"https:\/\/giannidavico.it\/brainfood\/2008\/12\/23\/il-cigno-nero-2\/\"><em>\u00e0 la Taleb<\/em><\/a>,<\/p>\n<blockquote><p>la logica del Cigno nero rende ci\u00f2 che non si sa molto pi\u00f9 importante di ci\u00f2 che si sa.<\/p><\/blockquote>\n<p>I podr\u00eca donca av\u00e8jne lass\u00e0 da part tanti e tant significativ. (A l\u2019\u00e8 nen na d\u00ebscaria \u2018d responsabilit\u00e0, mach la cossiensa dij beucc gigant an l\u00f2n ch\u2019i sai, e ant l\u2019istess temp n\u2019invit: chi ch\u2019a sa l\u00f2n che mi i sai nen ch\u2019a lo condivida!)<\/p>\n<p><a href=\"http:\/\/pms.i-iter.org\/\" target=\"_blank\">La c\u00f2ca dij bogianen ch&#8217;a bogio<\/a> a l\u2019\u00e8 f\u00e0ita prinsipalment con \u00ebl travaj \u2013 inform\u00e0tich e nen mach \u2013 \u00ebd B\u00e8rto \u2018d S\u00e8ra.<\/p>\n<p><a href=\"http:\/\/scaparone.blogspot.com\/\" target=\"_blank\">Batista<\/a> a dis minca tant la soa, an piemont\u00e8is e an \u00e0utre lenghe.<\/p>\n<p>A buta cont mension\u00e9 <a href=\"http:\/\/linguapiemontese.altervista.org\/\" target=\"_blank\">linguapiemontese<\/a>, un bl\u00f2gh recent, <strike><a href=\"http:\/\/atto2006.blog.lastampa.it\/dialetpiemonteis\/\" target=\"_blank\">dialetpiemonteis<\/a><\/strike> (mers\u00ec, Dragon\u00f2t!) e <a href=\"http:\/\/casalecortecerro.ilcannocchiale.it\/\" target=\"_blank\">CasaleCorteCerro<\/a> \u00ebd <a href=\"http:\/\/massimombonini.studiombm.it\/\" target=\"_blank\">Massimo Bonini<\/a>.<\/p>\n<p>Da segnal\u00e9 \u2018dc\u00f2 \u00ebl <a href=\"http:\/\/piemonteis.xoom.it\/blog\/guest.php\" target=\"_blank\">bl\u00f2gh<\/a> \u00ebd \u00abPiemont\u00e8is Ancheuj\u00bb, ch\u2019a l\u2019ha ancamin\u00e0 da p\u00f2ch ma a peul esse n\u00eb strument ant\u00e9 che mincadun a peul d\u00ec la soa.<\/p>\n<p>A-i son peui tanti grup ansima a Facebook, come pr\u2019esempi <a href=\"http:\/\/www.facebook.com\/bogianen\" target=\"_blank\">Bogianen<\/a>, <strike><a href=\"http:\/\/www.facebook.com\/group.php?gid=110365730317\" target=\"_blank\">lenga piemont\u00e8isa &#8211; lingua piemontese<\/a><\/strike> e <a href=\"http:\/\/www.facebook.com\/pages\/Scrive-an-Piemont%C3%A8is\/121274837914605\" target=\"_blank\">Scrive an Piemont\u00e8is<\/a>.<\/p>\n<p>Na considerassion: <a href=\"https:\/\/giannidavico.it\/gopiedmont\/files\/2015\/09\/IRES-Le-lingue-del-Piemonte.pdf\">ij parlant piemont\u00e8is a son p\u00ec che doi milion<\/a>, ma j\u00eb scrivent piemont\u00e8is a son (stima mia) nen p\u00ec che sinquantamila. Donca s\u2019it ses un \u00ebd coj <em>felici pochi<\/em>, p\u00ebr dila con Elsa Morante, ancamina a ten-e t\u00f2 bl\u00f2gh. Barba T\u00f2ni an dir\u00eca:<\/p>\n<blockquote><p>Ti canta e mi i subij,<br \/>\nd\u2019\u00e0utri an compagneran, ciulucr\u00ece e ciusij.<\/p><\/blockquote>\n<p>E Gipo a podr\u00eca d\u00ec:<\/p>\n<blockquote><p>F\u00f2rsa fieuj,<br \/>\ntacoma gi\u00e0 da ancheuj!<\/p><\/blockquote>\n<p>A-i \u00e9 damanca \u2018dc\u00f2 \u2018d ti. Scriv. Scriv con t\u00f2 n\u00f2m e t\u00f2 cogn\u00f2m. E arc\u00f2rdte ch\u2019a l\u2019\u00e9 nen un dial\u00e8t, n\u00ec un balin. \u00cbl piemont\u00e8is it ses ti midem\/midema. <em>As simple as that.<\/em><\/p>\n","protected":false},"excerpt":{"rendered":"<p><a href=\"https:\/\/giannidavico.it\/gopiedmont\/files\/2013\/04\/A.jpg\"><img loading=\"lazy\" src=\"https:\/\/giannidavico.it\/gopiedmont\/files\/2013\/04\/A-300x135.jpg\" alt=\"A\" width=\"300\" height=\"135\" class=\"alignright size-medium wp-image-2741\" srcset=\"https:\/\/giannidavico.it\/gopiedmont\/files\/2013\/04\/A-300x135.jpg 300w, https:\/\/giannidavico.it\/gopiedmont\/files\/2013\/04\/A-1024x460.jpg 1024w, https:\/\/giannidavico.it\/gopiedmont\/files\/2013\/04\/A.jpg 1132w\" sizes=\"(max-width: 300px) 100vw, 300px\" \/><\/a><\/p>\n<p style=\"text-align: left;padding-left: 180px\">e sotto, sotto, sotto, sotto, sotto, sotto<br \/> c&#8217;\u00e8 quel movimento clandestino<br \/> di cantine blues<br \/> (Ligabue, <em>Anime in plexiglass<\/em>)<\/p>\n<p>Ancheuj i parloma dij leu come cost, visad\u00ec dij bl\u00f2gh ant\u00e9 ch\u2019as parla piemont\u00e8is.<\/p>\n<p>Con l\u2019avertensa ch\u2019a l\u2019\u00e9 \u2013 naturalment \u2013 na lista parsial: i ciam p\u00ebrdon p\u00ebr le r\u00f2be ch\u2019a ventr\u00eca sit\u00e9 ch\u2019i con\u00f2ss nen o dle quai im sovenrai nen. P\u00ebr dila <a href=\"https:\/\/giannidavico.it\/brainfood\/2008\/12\/23\/il-cigno-nero-2\/\"><em>\u00e0 la Taleb<\/em><\/a>,<\/p>\n<p>la logica del Cigno nero rende ci\u00f2 che non si sa molto pi\u00f9 importante di ci\u00f2 che si sa.<\/p>\n<p>I podr\u00eca donca av\u00e8jne lass\u00e0 da part tanti e tant significativ. (A l\u2019\u00e8 nen na d\u00ebscaria \u2018d responsabilit\u00e0, mach la cossiensa dij beucc gigant an l\u00f2n ch\u2019i sai, e ant l\u2019istess temp n\u2019invit: chi ch\u2019a sa l\u00f2n che mi i sai nen ch\u2019a lo condivida!)<\/p>\n<p><a href=\"http:\/\/pms.i-iter.org\/\" target=\"_blank\">La c\u00f2ca dij bogianen ch&#8217;a bogio<\/a> a l\u2019\u00e8 f\u00e0ita prinsipalment con \u00ebl travaj \u2013 inform\u00e0tich e nen mach \u2013 \u00ebd B\u00e8rto \u2018d S\u00e8ra.<\/p>\n<p><a href=\"http:\/\/scaparone.blogspot.com\/\" target=\"_blank\">Batista<\/a> a dis minca tant la soa, an piemont\u00e8is e an \u00e0utre lenghe.<\/p>\n<p>A buta cont [\u2026] <a class=\"moretag\" href=\"https:\/\/giannidavico.it\/gopiedmont\/2011\/03\/02\/la-blogosfera-piemonteisa\/\">continua a leggere \u00bb<\/a><\/p>\n","protected":false},"author":4,"featured_media":0,"comment_status":"open","ping_status":"open","sticky":false,"template":"","format":"standard","meta":[],"categories":[130],"tags":[107,125],"yoast_head":"<!-- This site is optimized with the Yoast SEO plugin v19.14 - https:\/\/yoast.com\/wordpress\/plugins\/seo\/ -->\n<title>La blogosfera piemont\u00e8isa - Go Piedmont<\/title>\n<meta name=\"robots\" content=\"index, follow, max-snippet:-1, max-image-preview:large, max-video-preview:-1\" \/>\n<link rel=\"canonical\" href=\"https:\/\/giannidavico.it\/gopiedmont\/2011\/03\/02\/la-blogosfera-piemonteisa\/\" \/>\n<meta property=\"og:locale\" content=\"it_IT\" \/>\n<meta property=\"og:type\" content=\"article\" \/>\n<meta property=\"og:title\" content=\"La blogosfera piemont\u00e8isa - Go Piedmont\" \/>\n<meta property=\"og:description\" content=\"e sotto, sotto, sotto, sotto, sotto, sotto c&#8217;\u00e8 quel movimento clandestino di cantine blues (Ligabue, Anime in plexiglass) Ancheuj i parloma dij leu come cost, visad\u00ec dij bl\u00f2gh ant\u00e9 ch\u2019as parla piemont\u00e8is. Con l\u2019avertensa ch\u2019a l\u2019\u00e9 \u2013 naturalment \u2013 na lista parsial: i ciam p\u00ebrdon p\u00ebr le r\u00f2be ch\u2019a ventr\u00eca sit\u00e9 ch\u2019i con\u00f2ss nen o dle quai im sovenrai nen. P\u00ebr dila \u00e0 la Taleb, la logica del Cigno nero rende ci\u00f2 che non si sa molto pi\u00f9 importante di ci\u00f2 che si sa. I podr\u00eca donca av\u00e8jne lass\u00e0 da part tanti e tant significativ. (A l\u2019\u00e8 nen na d\u00ebscaria \u2018d responsabilit\u00e0, mach la cossiensa dij beucc gigant an l\u00f2n ch\u2019i sai, e ant l\u2019istess temp n\u2019invit: chi ch\u2019a sa l\u00f2n che mi i sai nen ch\u2019a lo condivida!) La c\u00f2ca dij bogianen ch&#8217;a bogio a l\u2019\u00e8 f\u00e0ita prinsipalment con \u00ebl travaj \u2013 inform\u00e0tich e nen mach \u2013 \u00ebd B\u00e8rto \u2018d S\u00e8ra. Batista a dis minca tant la soa, an piemont\u00e8is e an \u00e0utre lenghe. A buta cont [\u2026] continua a leggere \u00bb\" \/>\n<meta property=\"og:url\" content=\"https:\/\/giannidavico.it\/gopiedmont\/2011\/03\/02\/la-blogosfera-piemonteisa\/\" \/>\n<meta property=\"og:site_name\" content=\"Go Piedmont\" \/>\n<meta property=\"article:published_time\" content=\"2011-03-02T08:36:48+00:00\" \/>\n<meta property=\"article:modified_time\" content=\"2015-09-23T11:14:46+00:00\" \/>\n<meta property=\"og:image\" content=\"https:\/\/giannidavico.it\/gopiedmont\/files\/2013\/04\/A-300x135.jpg\" \/>\n<meta name=\"author\" content=\"giannidavico\" \/>\n<meta name=\"twitter:card\" content=\"summary_large_image\" \/>\n<meta name=\"twitter:label1\" content=\"Scritto da\" \/>\n\t<meta name=\"twitter:data1\" content=\"giannidavico\" \/>\n\t<meta name=\"twitter:label2\" content=\"Tempo di lettura stimato\" \/>\n\t<meta name=\"twitter:data2\" content=\"2 minuti\" \/>\n<script type=\"application\/ld+json\" class=\"yoast-schema-graph\">{\"@context\":\"https:\/\/schema.org\",\"@graph\":[{\"@type\":\"WebPage\",\"@id\":\"https:\/\/giannidavico.it\/gopiedmont\/2011\/03\/02\/la-blogosfera-piemonteisa\/\",\"url\":\"https:\/\/giannidavico.it\/gopiedmont\/2011\/03\/02\/la-blogosfera-piemonteisa\/\",\"name\":\"La blogosfera piemont\u00e8isa - Go Piedmont\",\"isPartOf\":{\"@id\":\"https:\/\/giannidavico.it\/gopiedmont\/#website\"},\"datePublished\":\"2011-03-02T08:36:48+00:00\",\"dateModified\":\"2015-09-23T11:14:46+00:00\",\"author\":{\"@id\":\"https:\/\/giannidavico.it\/gopiedmont\/#\/schema\/person\/ea1fd17d8f2dba325f3712219efa8f77\"},\"inLanguage\":\"it-IT\",\"potentialAction\":[{\"@type\":\"ReadAction\",\"target\":[\"https:\/\/giannidavico.it\/gopiedmont\/2011\/03\/02\/la-blogosfera-piemonteisa\/\"]}]},{\"@type\":\"WebSite\",\"@id\":\"https:\/\/giannidavico.it\/gopiedmont\/#website\",\"url\":\"https:\/\/giannidavico.it\/gopiedmont\/\",\"name\":\"Go Piedmont\",\"description\":\"pens\u00e9 dzora l\u00ecber, event e p\u00ebrson-e grop\u00e0 al Piemont e a la lenga piemont\u00e8isa\",\"potentialAction\":[{\"@type\":\"SearchAction\",\"target\":{\"@type\":\"EntryPoint\",\"urlTemplate\":\"https:\/\/giannidavico.it\/gopiedmont\/?s={search_term_string}\"},\"query-input\":\"required name=search_term_string\"}],\"inLanguage\":\"it-IT\"},{\"@type\":\"Person\",\"@id\":\"https:\/\/giannidavico.it\/gopiedmont\/#\/schema\/person\/ea1fd17d8f2dba325f3712219efa8f77\",\"name\":\"giannidavico\",\"image\":{\"@type\":\"ImageObject\",\"inLanguage\":\"it-IT\",\"@id\":\"https:\/\/giannidavico.it\/gopiedmont\/#\/schema\/person\/image\/\",\"url\":\"https:\/\/secure.gravatar.com\/avatar\/337748753d882602f3038b55fb369ba1?s=96&d=mm&r=g\",\"contentUrl\":\"https:\/\/secure.gravatar.com\/avatar\/337748753d882602f3038b55fb369ba1?s=96&d=mm&r=g\",\"caption\":\"giannidavico\"},\"url\":\"https:\/\/giannidavico.it\/gopiedmont\/author\/giannidavico\/\"}]}<\/script>\n<!-- \/ Yoast SEO plugin. -->","yoast_head_json":{"title":"La blogosfera piemont\u00e8isa - Go Piedmont","robots":{"index":"index","follow":"follow","max-snippet":"max-snippet:-1","max-image-preview":"max-image-preview:large","max-video-preview":"max-video-preview:-1"},"canonical":"https:\/\/giannidavico.it\/gopiedmont\/2011\/03\/02\/la-blogosfera-piemonteisa\/","og_locale":"it_IT","og_type":"article","og_title":"La blogosfera piemont\u00e8isa - Go Piedmont","og_description":"e sotto, sotto, sotto, sotto, sotto, sotto c&#8217;\u00e8 quel movimento clandestino di cantine blues (Ligabue, Anime in plexiglass) Ancheuj i parloma dij leu come cost, visad\u00ec dij bl\u00f2gh ant\u00e9 ch\u2019as parla piemont\u00e8is. Con l\u2019avertensa ch\u2019a l\u2019\u00e9 \u2013 naturalment \u2013 na lista parsial: i ciam p\u00ebrdon p\u00ebr le r\u00f2be ch\u2019a ventr\u00eca sit\u00e9 ch\u2019i con\u00f2ss nen o dle quai im sovenrai nen. P\u00ebr dila \u00e0 la Taleb, la logica del Cigno nero rende ci\u00f2 che non si sa molto pi\u00f9 importante di ci\u00f2 che si sa. I podr\u00eca donca av\u00e8jne lass\u00e0 da part tanti e tant significativ. (A l\u2019\u00e8 nen na d\u00ebscaria \u2018d responsabilit\u00e0, mach la cossiensa dij beucc gigant an l\u00f2n ch\u2019i sai, e ant l\u2019istess temp n\u2019invit: chi ch\u2019a sa l\u00f2n che mi i sai nen ch\u2019a lo condivida!) La c\u00f2ca dij bogianen ch&#8217;a bogio a l\u2019\u00e8 f\u00e0ita prinsipalment con \u00ebl travaj \u2013 inform\u00e0tich e nen mach \u2013 \u00ebd B\u00e8rto \u2018d S\u00e8ra. Batista a dis minca tant la soa, an piemont\u00e8is e an \u00e0utre lenghe. A buta cont [\u2026] continua a leggere \u00bb","og_url":"https:\/\/giannidavico.it\/gopiedmont\/2011\/03\/02\/la-blogosfera-piemonteisa\/","og_site_name":"Go Piedmont","article_published_time":"2011-03-02T08:36:48+00:00","article_modified_time":"2015-09-23T11:14:46+00:00","og_image":[{"url":"https:\/\/giannidavico.it\/gopiedmont\/files\/2013\/04\/A-300x135.jpg"}],"author":"giannidavico","twitter_card":"summary_large_image","twitter_misc":{"Scritto da":"giannidavico","Tempo di lettura stimato":"2 minuti"},"schema":{"@context":"https:\/\/schema.org","@graph":[{"@type":"WebPage","@id":"https:\/\/giannidavico.it\/gopiedmont\/2011\/03\/02\/la-blogosfera-piemonteisa\/","url":"https:\/\/giannidavico.it\/gopiedmont\/2011\/03\/02\/la-blogosfera-piemonteisa\/","name":"La blogosfera piemont\u00e8isa - Go Piedmont","isPartOf":{"@id":"https:\/\/giannidavico.it\/gopiedmont\/#website"},"datePublished":"2011-03-02T08:36:48+00:00","dateModified":"2015-09-23T11:14:46+00:00","author":{"@id":"https:\/\/giannidavico.it\/gopiedmont\/#\/schema\/person\/ea1fd17d8f2dba325f3712219efa8f77"},"inLanguage":"it-IT","potentialAction":[{"@type":"ReadAction","target":["https:\/\/giannidavico.it\/gopiedmont\/2011\/03\/02\/la-blogosfera-piemonteisa\/"]}]},{"@type":"WebSite","@id":"https:\/\/giannidavico.it\/gopiedmont\/#website","url":"https:\/\/giannidavico.it\/gopiedmont\/","name":"Go Piedmont","description":"pens\u00e9 dzora l\u00ecber, event e p\u00ebrson-e grop\u00e0 al Piemont e a la lenga piemont\u00e8isa","potentialAction":[{"@type":"SearchAction","target":{"@type":"EntryPoint","urlTemplate":"https:\/\/giannidavico.it\/gopiedmont\/?s={search_term_string}"},"query-input":"required name=search_term_string"}],"inLanguage":"it-IT"},{"@type":"Person","@id":"https:\/\/giannidavico.it\/gopiedmont\/#\/schema\/person\/ea1fd17d8f2dba325f3712219efa8f77","name":"giannidavico","image":{"@type":"ImageObject","inLanguage":"it-IT","@id":"https:\/\/giannidavico.it\/gopiedmont\/#\/schema\/person\/image\/","url":"https:\/\/secure.gravatar.com\/avatar\/337748753d882602f3038b55fb369ba1?s=96&d=mm&r=g","contentUrl":"https:\/\/secure.gravatar.com\/avatar\/337748753d882602f3038b55fb369ba1?s=96&d=mm&r=g","caption":"giannidavico"},"url":"https:\/\/giannidavico.it\/gopiedmont\/author\/giannidavico\/"}]}},"_links":{"self":[{"href":"https:\/\/giannidavico.it\/gopiedmont\/wp-json\/wp\/v2\/posts\/673"}],"collection":[{"href":"https:\/\/giannidavico.it\/gopiedmont\/wp-json\/wp\/v2\/posts"}],"about":[{"href":"https:\/\/giannidavico.it\/gopiedmont\/wp-json\/wp\/v2\/types\/post"}],"author":[{"embeddable":true,"href":"https:\/\/giannidavico.it\/gopiedmont\/wp-json\/wp\/v2\/users\/4"}],"replies":[{"embeddable":true,"href":"https:\/\/giannidavico.it\/gopiedmont\/wp-json\/wp\/v2\/comments?post=673"}],"version-history":[{"count":19,"href":"https:\/\/giannidavico.it\/gopiedmont\/wp-json\/wp\/v2\/posts\/673\/revisions"}],"predecessor-version":[{"id":3079,"href":"https:\/\/giannidavico.it\/gopiedmont\/wp-json\/wp\/v2\/posts\/673\/revisions\/3079"}],"wp:attachment":[{"href":"https:\/\/giannidavico.it\/gopiedmont\/wp-json\/wp\/v2\/media?parent=673"}],"wp:term":[{"taxonomy":"category","embeddable":true,"href":"https:\/\/giannidavico.it\/gopiedmont\/wp-json\/wp\/v2\/categories?post=673"},{"taxonomy":"post_tag","embeddable":true,"href":"https:\/\/giannidavico.it\/gopiedmont\/wp-json\/wp\/v2\/tags?post=673"}],"curies":[{"name":"wp","href":"https:\/\/api.w.org\/{rel}","templated":true}]}}