{"id":7,"date":"2008-05-22T07:35:00","date_gmt":"2008-05-22T07:35:00","guid":{"rendered":"https:\/\/giannidavico.it\/staging\/gopiedmont\/2008\/05\/22\/festa-del-piemont-a-le-ancamina\/"},"modified":"2010-05-20T14:08:46","modified_gmt":"2010-05-20T14:08:46","slug":"festa-del-piemont-a-le-ancamina","status":"publish","type":"post","link":"https:\/\/giannidavico.it\/gopiedmont\/2008\/05\/22\/festa-del-piemont-a-le-ancamina\/","title":{"rendered":"Festa d\u00ebl Piemont &#8211; a l&#8217;\u00e9 ancamin\u00e0"},"content":{"rendered":"<p>A la fin i l&#8217;oma ancamin\u00e0. Tre r\u00f2be dzora &#8216;d tut a l&#8217;han colpime j\u00e9r s\u00e8ira.<\/p>\n<p>1. Batista a l&#8217;\u00e9 na f\u00f2rsa dla natura (i lo sav\u00eca gi\u00e0, a l&#8217;\u00e9 st\u00e0ita l&#8217;en\u00e9sima conferma). A riess a trasform\u00e9 n&#8217;ev\u00e8nt ch&#8217;a peul esse medi an ecessional, a riess a elev\u00e9 \u00ebl sentiment complessiv dle p\u00ebrson-e ch&#8217;as treuvo ansema.<\/p>\n<p>2. \u00cbl president dla comunit\u00e0 montan-a Langa delle Valli, Enrico Pregliasco, a l&#8217;ha an manera inteligenta e ch&#8217;a-i f\u00e0 onor am\u00ebtt\u00f9 na soa mancansa, un s\u00f2 deficit. A dis\u00eca, an sostansa: \u00abNoi come comunit\u00e0 montan-a i foma dj&#8217;intervent an s\u00ebl terit\u00f2ri, pr&#8217;esempi i l&#8217;oma restaur\u00e0 la cassin-a ant\u00e9 ch&#8217;is trovoma adess, \u00ebl Pavajon, un p\u00f2st dla Malora \u00ebd Fenoglio, per\u00f2 mi i savia nen che i podoma interven-e ant l&#8217;istessa manera dzora la lenga, pr&#8217;esempi butand la version piemont\u00e8isa &#8211; oltre che l&#8217;angl\u00e8isa, la frans\u00e8isa, l&#8217;alman-a e via f\u00f2rt &#8211; ant ij volantin e ij manifest\u00bb. E donca, a livel p\u00ec general, la considerassion s\u00ec a l&#8217;\u00e9 che l&#8217;aministrassion tante volte a san nen che la lenga a va conserv\u00e0 ant l&#8217;istessa manera ch&#8217;as conserva na cesa ch&#8217;a robata a t\u00f2ch. Noi ch&#8217;i l&#8217;oma j\u00eb strument per d\u00ebsvlup\u00e9 cost concet i l&#8217;oma \u00ebl dover vers \u00ebl Piemont e ij piemont\u00e8is \u00ebd f\u00e9 pass\u00e9 \u00ebl  messagi che la lenga a va salv\u00e0 d\u00ebsn\u00f2 as perd.<\/p>\n<p>3. N&#8217;epis\u00f2di ch&#8217;a l&#8217;\u00e9 capit\u00e0 a la fin dla s\u00e8ira. I son avsiname a Primo Culasso, un dij doi autor \u00ebd &#8220;Rastl\u00e8ire&#8221;, \u00ebl vocabolari \u00ebd langa e Ro\u00e9, e i l&#8217;hai tac\u00e0 a parleje, naturalment an piemont\u00e8is. Chiel a l&#8217;ha r\u00ebspondume an italian, e peui a l&#8217;ha butaje un bel p\u00f2ch a pass\u00e9 al piemont\u00e8is. Davsin a noi, combinassion, a-i era na madama ch&#8217;i l&#8217;hai nen cap\u00ec da ant\u00e9 ch&#8217;a vnis\u00eca, ma p\u00ec o men-o a j&#8217;era sicilian-a o calabr\u00e8isa, e a l&#8217;ha dije quaic\u00f2s che chiel probabilment a l&#8217;ha nen cap\u00ec ma an manera autom\u00e0tica a l&#8217;ha r\u00ebsponduje an piemont\u00e8is. Alora andrinta \u00ebd mi i l&#8217;hai f\u00e0it costa considerassion: mi i l&#8217;hai 40 agn, e bele ch&#8217;i l&#8217;abia qu\u00e0ich cav\u00e8j gris i son e i son percep\u00ec giovo rispet a cola p\u00ebrson-a ch&#8217;a n&#8217;ha stanta o gi\u00f9 da l\u00ec. Alora p\u00ebr tante p\u00ebrson-e parl\u00e9 an piemont\u00e8is con ij vej a l&#8217;\u00e8 autom\u00e0tich, con ij giovo n\u00f2 (parloma peui nen dij cit). Per\u00f2 \u00ebl f\u00e0it che noi i riessoma nen a d\u00e9 l&#8217;esempi, d\u00f2p ch&#8217;a j&#8217;era staje na bela presentassion d\u00ebl vocabolari, d\u00f2p che per na s\u00e8ira antera i l&#8217;oma parl\u00e0 dla lenga viva e ant na festa ant\u00e9 ch&#8217;as parla mach \u00ebd piemont\u00e8is come lenga viva, am lassa un p\u00f2ch ant\u00ebrdo\u00e0.<\/p>\n<p>A l&#8217;\u00e9 staje un concet esprim\u00f9 da Bruna Sibille &#8211; compliment p\u00ebr s\u00f2 piemont\u00e8is &#8211; e arpi\u00e0 da Batista che a m\u00eb smija central: l&#8217;onta d&#8217;esse piemont\u00e8is e \u00ebd parl\u00e9 piemont\u00e8is ch&#8217;a l&#8217;han butane an testa da cit. E ambeless\u00ec i stoma parland \u00ebl coltura, nen \u00ebd politica: coltura a veul d\u00ec tut l\u00f2n ch&#8217;i soma noi a riguard d\u00ebl Piemont. I dovoma, dovoma dovoma riesse a super\u00e9 cola bariera ch&#8217;a l&#8217;\u00e9 aponto l&#8217;onta d&#8217;esse piemont\u00e8is. P\u00ebrch\u00e8 peui ant la s\u00e8ira, parland, a vnis\u00eco f\u00f2ra par\u00f2le strasordinarie, par\u00f2le che mi i l&#8217;av\u00eca mai sent\u00f9 o ch&#8217;i l&#8217;av\u00eca d\u00ebsmenti\u00e0 (a m\u00eb vnis\u00eca an ment Pavese: \u00abFa un sole su questi bricchi, un riverbero di grillaia e di tufi che mi ero dimenticato. Qui il caldo pi\u00f9 che scendere dal cielo esce da sotto &#8211; dalla terra, dal fondo tra le viti che sembra si sia mangiato ogni verde per andare tutto in tralcio. \u00c8 un caldo che mi piace, sa un odore: ci sono dentro anch&#8217;io a quest&#8217;odore, ci sono dentro tante vendemmie e fienagioni e sfogliature, tanti sapori e tante voglie che non sapevo pi\u00f9 d&#8217;avere addosso\u00bb). E alora i pens a la rich\u00ebssa ch&#8217;a l&#8217;ha na lenga, e noi i lassoma che tut a vada an malora p\u00ebrch\u00e8 a l&#8217;han butane l&#8217;onta da cit. La magistra: \u00abSe parli piemontese non potrai imparare bene l&#8217;italiano!\u00bb Da l\u00ec i dovoma parte, a l&#8217;\u00e9 cost \u00ebl pont central. Super\u00e9 l&#8217;onta &#8211; sensa vor\u00e8j dimostr\u00e9 gnente a gnun se nen a noi midem.<\/p>\n","protected":false},"excerpt":{"rendered":"<p>A la fin i l&#8217;oma ancamin\u00e0. Tre r\u00f2be dzora &#8216;d tut a l&#8217;han colpime j\u00e9r s\u00e8ira.<\/p>\n<p>1. Batista a l&#8217;\u00e9 na f\u00f2rsa dla natura (i lo sav\u00eca gi\u00e0, a l&#8217;\u00e9 st\u00e0ita l&#8217;en\u00e9sima conferma). A riess a trasform\u00e9 n&#8217;ev\u00e8nt ch&#8217;a peul esse medi an ecessional, a riess a elev\u00e9 \u00ebl sentiment complessiv dle p\u00ebrson-e ch&#8217;as treuvo ansema.<\/p>\n<p>2. \u00cbl president dla comunit\u00e0 montan-a Langa delle Valli, Enrico Pregliasco, a l&#8217;ha an manera inteligenta e ch&#8217;a-i f\u00e0 onor am\u00ebtt\u00f9 na soa mancansa, un s\u00f2 deficit. A dis\u00eca, an sostansa: \u00abNoi come comunit\u00e0 montan-a i foma dj&#8217;intervent an s\u00ebl terit\u00f2ri, pr&#8217;esempi i l&#8217;oma restaur\u00e0 la cassin-a ant\u00e9 ch&#8217;is trovoma adess, \u00ebl Pavajon, un p\u00f2st dla Malora \u00ebd Fenoglio, per\u00f2 mi i savia nen che i podoma interven-e ant l&#8217;istessa manera dzora la lenga, pr&#8217;esempi butand la version piemont\u00e8isa &#8211; oltre che l&#8217;angl\u00e8isa, la frans\u00e8isa, l&#8217;alman-a e via f\u00f2rt &#8211; ant ij volantin e ij manifest\u00bb. E donca, a livel p\u00ec general, la considerassion s\u00ec a l&#8217;\u00e9 che l&#8217;aministrassion tante volte a san nen che la lenga a va conserv\u00e0 ant l&#8217;istessa manera ch&#8217;as conserva na cesa ch&#8217;a robata a t\u00f2ch. Noi ch&#8217;i l&#8217;oma j\u00eb strument per d\u00ebsvlup\u00e9 cost concet i l&#8217;oma \u00ebl dover [\u2026] <a class=\"moretag\" href=\"https:\/\/giannidavico.it\/gopiedmont\/2008\/05\/22\/festa-del-piemont-a-le-ancamina\/\">continua a leggere \u00bb<\/a><\/p>\n","protected":false},"author":1,"featured_media":0,"comment_status":"open","ping_status":"open","sticky":false,"template":"","format":"standard","meta":[],"categories":[130],"tags":[107],"yoast_head":"<!-- This site is optimized with the Yoast SEO plugin v19.14 - https:\/\/yoast.com\/wordpress\/plugins\/seo\/ -->\n<title>Festa d\u00ebl Piemont - a l&#039;\u00e9 ancamin\u00e0 - Go Piedmont<\/title>\n<meta name=\"robots\" content=\"index, follow, max-snippet:-1, max-image-preview:large, max-video-preview:-1\" \/>\n<link rel=\"canonical\" href=\"https:\/\/giannidavico.it\/gopiedmont\/2008\/05\/22\/festa-del-piemont-a-le-ancamina\/\" \/>\n<meta property=\"og:locale\" content=\"it_IT\" \/>\n<meta property=\"og:type\" content=\"article\" \/>\n<meta property=\"og:title\" content=\"Festa d\u00ebl Piemont - a l&#039;\u00e9 ancamin\u00e0 - Go Piedmont\" \/>\n<meta property=\"og:description\" content=\"A la fin i l&#8217;oma ancamin\u00e0. Tre r\u00f2be dzora &#8216;d tut a l&#8217;han colpime j\u00e9r s\u00e8ira. 1. Batista a l&#8217;\u00e9 na f\u00f2rsa dla natura (i lo sav\u00eca gi\u00e0, a l&#8217;\u00e9 st\u00e0ita l&#8217;en\u00e9sima conferma). A riess a trasform\u00e9 n&#8217;ev\u00e8nt ch&#8217;a peul esse medi an ecessional, a riess a elev\u00e9 \u00ebl sentiment complessiv dle p\u00ebrson-e ch&#8217;as treuvo ansema. 2. \u00cbl president dla comunit\u00e0 montan-a Langa delle Valli, Enrico Pregliasco, a l&#8217;ha an manera inteligenta e ch&#8217;a-i f\u00e0 onor am\u00ebtt\u00f9 na soa mancansa, un s\u00f2 deficit. A dis\u00eca, an sostansa: \u00abNoi come comunit\u00e0 montan-a i foma dj&#8217;intervent an s\u00ebl terit\u00f2ri, pr&#8217;esempi i l&#8217;oma restaur\u00e0 la cassin-a ant\u00e9 ch&#8217;is trovoma adess, \u00ebl Pavajon, un p\u00f2st dla Malora \u00ebd Fenoglio, per\u00f2 mi i savia nen che i podoma interven-e ant l&#8217;istessa manera dzora la lenga, pr&#8217;esempi butand la version piemont\u00e8isa &#8211; oltre che l&#8217;angl\u00e8isa, la frans\u00e8isa, l&#8217;alman-a e via f\u00f2rt &#8211; ant ij volantin e ij manifest\u00bb. E donca, a livel p\u00ec general, la considerassion s\u00ec a l&#8217;\u00e9 che l&#8217;aministrassion tante volte a san nen che la lenga a va conserv\u00e0 ant l&#8217;istessa manera ch&#8217;as conserva na cesa ch&#8217;a robata a t\u00f2ch. Noi ch&#8217;i l&#8217;oma j\u00eb strument per d\u00ebsvlup\u00e9 cost concet i l&#8217;oma \u00ebl dover [\u2026] continua a leggere \u00bb\" \/>\n<meta property=\"og:url\" content=\"https:\/\/giannidavico.it\/gopiedmont\/2008\/05\/22\/festa-del-piemont-a-le-ancamina\/\" \/>\n<meta property=\"og:site_name\" content=\"Go Piedmont\" \/>\n<meta property=\"article:published_time\" content=\"2008-05-22T07:35:00+00:00\" \/>\n<meta property=\"article:modified_time\" content=\"2010-05-20T14:08:46+00:00\" \/>\n<meta name=\"author\" content=\"admin\" \/>\n<meta name=\"twitter:card\" content=\"summary_large_image\" \/>\n<meta name=\"twitter:label1\" content=\"Scritto da\" \/>\n\t<meta name=\"twitter:data1\" content=\"admin\" \/>\n\t<meta name=\"twitter:label2\" content=\"Tempo di lettura stimato\" \/>\n\t<meta name=\"twitter:data2\" content=\"4 minuti\" \/>\n<script type=\"application\/ld+json\" class=\"yoast-schema-graph\">{\"@context\":\"https:\/\/schema.org\",\"@graph\":[{\"@type\":\"WebPage\",\"@id\":\"https:\/\/giannidavico.it\/gopiedmont\/2008\/05\/22\/festa-del-piemont-a-le-ancamina\/\",\"url\":\"https:\/\/giannidavico.it\/gopiedmont\/2008\/05\/22\/festa-del-piemont-a-le-ancamina\/\",\"name\":\"Festa d\u00ebl Piemont - a l'\u00e9 ancamin\u00e0 - Go Piedmont\",\"isPartOf\":{\"@id\":\"https:\/\/giannidavico.it\/gopiedmont\/#website\"},\"datePublished\":\"2008-05-22T07:35:00+00:00\",\"dateModified\":\"2010-05-20T14:08:46+00:00\",\"author\":{\"@id\":\"https:\/\/giannidavico.it\/gopiedmont\/#\/schema\/person\/6a96d8672f14b275ece93af45a6da78b\"},\"inLanguage\":\"it-IT\",\"potentialAction\":[{\"@type\":\"ReadAction\",\"target\":[\"https:\/\/giannidavico.it\/gopiedmont\/2008\/05\/22\/festa-del-piemont-a-le-ancamina\/\"]}]},{\"@type\":\"WebSite\",\"@id\":\"https:\/\/giannidavico.it\/gopiedmont\/#website\",\"url\":\"https:\/\/giannidavico.it\/gopiedmont\/\",\"name\":\"Go Piedmont\",\"description\":\"pens\u00e9 dzora l\u00ecber, event e p\u00ebrson-e grop\u00e0 al Piemont e a la lenga piemont\u00e8isa\",\"potentialAction\":[{\"@type\":\"SearchAction\",\"target\":{\"@type\":\"EntryPoint\",\"urlTemplate\":\"https:\/\/giannidavico.it\/gopiedmont\/?s={search_term_string}\"},\"query-input\":\"required name=search_term_string\"}],\"inLanguage\":\"it-IT\"},{\"@type\":\"Person\",\"@id\":\"https:\/\/giannidavico.it\/gopiedmont\/#\/schema\/person\/6a96d8672f14b275ece93af45a6da78b\",\"name\":\"admin\",\"image\":{\"@type\":\"ImageObject\",\"inLanguage\":\"it-IT\",\"@id\":\"https:\/\/giannidavico.it\/gopiedmont\/#\/schema\/person\/image\/\",\"url\":\"https:\/\/secure.gravatar.com\/avatar\/337748753d882602f3038b55fb369ba1?s=96&d=mm&r=g\",\"contentUrl\":\"https:\/\/secure.gravatar.com\/avatar\/337748753d882602f3038b55fb369ba1?s=96&d=mm&r=g\",\"caption\":\"admin\"},\"url\":\"https:\/\/giannidavico.it\/gopiedmont\/author\/admin\/\"}]}<\/script>\n<!-- \/ Yoast SEO plugin. -->","yoast_head_json":{"title":"Festa d\u00ebl Piemont - a l'\u00e9 ancamin\u00e0 - Go Piedmont","robots":{"index":"index","follow":"follow","max-snippet":"max-snippet:-1","max-image-preview":"max-image-preview:large","max-video-preview":"max-video-preview:-1"},"canonical":"https:\/\/giannidavico.it\/gopiedmont\/2008\/05\/22\/festa-del-piemont-a-le-ancamina\/","og_locale":"it_IT","og_type":"article","og_title":"Festa d\u00ebl Piemont - a l'\u00e9 ancamin\u00e0 - Go Piedmont","og_description":"A la fin i l&#8217;oma ancamin\u00e0. Tre r\u00f2be dzora &#8216;d tut a l&#8217;han colpime j\u00e9r s\u00e8ira. 1. Batista a l&#8217;\u00e9 na f\u00f2rsa dla natura (i lo sav\u00eca gi\u00e0, a l&#8217;\u00e9 st\u00e0ita l&#8217;en\u00e9sima conferma). A riess a trasform\u00e9 n&#8217;ev\u00e8nt ch&#8217;a peul esse medi an ecessional, a riess a elev\u00e9 \u00ebl sentiment complessiv dle p\u00ebrson-e ch&#8217;as treuvo ansema. 2. \u00cbl president dla comunit\u00e0 montan-a Langa delle Valli, Enrico Pregliasco, a l&#8217;ha an manera inteligenta e ch&#8217;a-i f\u00e0 onor am\u00ebtt\u00f9 na soa mancansa, un s\u00f2 deficit. A dis\u00eca, an sostansa: \u00abNoi come comunit\u00e0 montan-a i foma dj&#8217;intervent an s\u00ebl terit\u00f2ri, pr&#8217;esempi i l&#8217;oma restaur\u00e0 la cassin-a ant\u00e9 ch&#8217;is trovoma adess, \u00ebl Pavajon, un p\u00f2st dla Malora \u00ebd Fenoglio, per\u00f2 mi i savia nen che i podoma interven-e ant l&#8217;istessa manera dzora la lenga, pr&#8217;esempi butand la version piemont\u00e8isa &#8211; oltre che l&#8217;angl\u00e8isa, la frans\u00e8isa, l&#8217;alman-a e via f\u00f2rt &#8211; ant ij volantin e ij manifest\u00bb. E donca, a livel p\u00ec general, la considerassion s\u00ec a l&#8217;\u00e9 che l&#8217;aministrassion tante volte a san nen che la lenga a va conserv\u00e0 ant l&#8217;istessa manera ch&#8217;as conserva na cesa ch&#8217;a robata a t\u00f2ch. Noi ch&#8217;i l&#8217;oma j\u00eb strument per d\u00ebsvlup\u00e9 cost concet i l&#8217;oma \u00ebl dover [\u2026] continua a leggere \u00bb","og_url":"https:\/\/giannidavico.it\/gopiedmont\/2008\/05\/22\/festa-del-piemont-a-le-ancamina\/","og_site_name":"Go Piedmont","article_published_time":"2008-05-22T07:35:00+00:00","article_modified_time":"2010-05-20T14:08:46+00:00","author":"admin","twitter_card":"summary_large_image","twitter_misc":{"Scritto da":"admin","Tempo di lettura stimato":"4 minuti"},"schema":{"@context":"https:\/\/schema.org","@graph":[{"@type":"WebPage","@id":"https:\/\/giannidavico.it\/gopiedmont\/2008\/05\/22\/festa-del-piemont-a-le-ancamina\/","url":"https:\/\/giannidavico.it\/gopiedmont\/2008\/05\/22\/festa-del-piemont-a-le-ancamina\/","name":"Festa d\u00ebl Piemont - a l'\u00e9 ancamin\u00e0 - Go Piedmont","isPartOf":{"@id":"https:\/\/giannidavico.it\/gopiedmont\/#website"},"datePublished":"2008-05-22T07:35:00+00:00","dateModified":"2010-05-20T14:08:46+00:00","author":{"@id":"https:\/\/giannidavico.it\/gopiedmont\/#\/schema\/person\/6a96d8672f14b275ece93af45a6da78b"},"inLanguage":"it-IT","potentialAction":[{"@type":"ReadAction","target":["https:\/\/giannidavico.it\/gopiedmont\/2008\/05\/22\/festa-del-piemont-a-le-ancamina\/"]}]},{"@type":"WebSite","@id":"https:\/\/giannidavico.it\/gopiedmont\/#website","url":"https:\/\/giannidavico.it\/gopiedmont\/","name":"Go Piedmont","description":"pens\u00e9 dzora l\u00ecber, event e p\u00ebrson-e grop\u00e0 al Piemont e a la lenga piemont\u00e8isa","potentialAction":[{"@type":"SearchAction","target":{"@type":"EntryPoint","urlTemplate":"https:\/\/giannidavico.it\/gopiedmont\/?s={search_term_string}"},"query-input":"required name=search_term_string"}],"inLanguage":"it-IT"},{"@type":"Person","@id":"https:\/\/giannidavico.it\/gopiedmont\/#\/schema\/person\/6a96d8672f14b275ece93af45a6da78b","name":"admin","image":{"@type":"ImageObject","inLanguage":"it-IT","@id":"https:\/\/giannidavico.it\/gopiedmont\/#\/schema\/person\/image\/","url":"https:\/\/secure.gravatar.com\/avatar\/337748753d882602f3038b55fb369ba1?s=96&d=mm&r=g","contentUrl":"https:\/\/secure.gravatar.com\/avatar\/337748753d882602f3038b55fb369ba1?s=96&d=mm&r=g","caption":"admin"},"url":"https:\/\/giannidavico.it\/gopiedmont\/author\/admin\/"}]}},"_links":{"self":[{"href":"https:\/\/giannidavico.it\/gopiedmont\/wp-json\/wp\/v2\/posts\/7"}],"collection":[{"href":"https:\/\/giannidavico.it\/gopiedmont\/wp-json\/wp\/v2\/posts"}],"about":[{"href":"https:\/\/giannidavico.it\/gopiedmont\/wp-json\/wp\/v2\/types\/post"}],"author":[{"embeddable":true,"href":"https:\/\/giannidavico.it\/gopiedmont\/wp-json\/wp\/v2\/users\/1"}],"replies":[{"embeddable":true,"href":"https:\/\/giannidavico.it\/gopiedmont\/wp-json\/wp\/v2\/comments?post=7"}],"version-history":[{"count":1,"href":"https:\/\/giannidavico.it\/gopiedmont\/wp-json\/wp\/v2\/posts\/7\/revisions"}],"predecessor-version":[{"id":375,"href":"https:\/\/giannidavico.it\/gopiedmont\/wp-json\/wp\/v2\/posts\/7\/revisions\/375"}],"wp:attachment":[{"href":"https:\/\/giannidavico.it\/gopiedmont\/wp-json\/wp\/v2\/media?parent=7"}],"wp:term":[{"taxonomy":"category","embeddable":true,"href":"https:\/\/giannidavico.it\/gopiedmont\/wp-json\/wp\/v2\/categories?post=7"},{"taxonomy":"post_tag","embeddable":true,"href":"https:\/\/giannidavico.it\/gopiedmont\/wp-json\/wp\/v2\/tags?post=7"}],"curies":[{"name":"wp","href":"https:\/\/api.w.org\/{rel}","templated":true}]}}