{"id":70,"date":"2009-10-21T06:55:00","date_gmt":"2009-10-21T06:55:00","guid":{"rendered":"https:\/\/giannidavico.it\/staging\/gopiedmont\/2009\/10\/21\/stamatin-an-portand-le-cite-a-scola\/"},"modified":"2010-05-20T13:29:33","modified_gmt":"2010-05-20T13:29:33","slug":"stamatin-an-portand-le-cite-a-scola","status":"publish","type":"post","link":"https:\/\/giannidavico.it\/gopiedmont\/2009\/10\/21\/stamatin-an-portand-le-cite-a-scola\/","title":{"rendered":"Stamatin, an portand le cite a sc\u00f2la&#8230;"},"content":{"rendered":"<p>&#8230; i l&#8217;hai vist na scrita ansima a na muraja davzin a m\u00e9 ca: RUMENI LADRI.<\/p>\n<p>&#8216;Dc\u00f2 pensand ai tanti amis rumen ch&#8217;i l&#8217;hai, i son vergogname p\u00ebr chi ch&#8217;a l&#8217;av\u00eca scritla.<\/p>\n","protected":false},"excerpt":{"rendered":"<p>&#8230; i l&#8217;hai vist na scrita ansima a na muraja davzin a m\u00e9 ca: RUMENI LADRI.<\/p>\n<p>&#8216;Dc\u00f2 pensand ai tanti amis rumen ch&#8217;i l&#8217;hai, i son vergogname p\u00ebr chi ch&#8217;a l&#8217;av\u00eca scritla.<\/p>\n","protected":false},"author":1,"featured_media":0,"comment_status":"open","ping_status":"open","sticky":false,"template":"","format":"standard","meta":[],"categories":[130],"tags":[124],"yoast_head":"<!-- This site is optimized with the Yoast SEO plugin v19.14 - https:\/\/yoast.com\/wordpress\/plugins\/seo\/ -->\n<title>Stamatin, an portand le cite a sc\u00f2la... - Go Piedmont<\/title>\n<meta name=\"robots\" content=\"index, follow, max-snippet:-1, max-image-preview:large, max-video-preview:-1\" \/>\n<link rel=\"canonical\" href=\"https:\/\/giannidavico.it\/gopiedmont\/2009\/10\/21\/stamatin-an-portand-le-cite-a-scola\/\" \/>\n<meta property=\"og:locale\" content=\"it_IT\" \/>\n<meta property=\"og:type\" content=\"article\" \/>\n<meta property=\"og:title\" content=\"Stamatin, an portand le cite a sc\u00f2la... - Go Piedmont\" \/>\n<meta property=\"og:description\" content=\"&#8230; i l&#8217;hai vist na scrita ansima a na muraja davzin a m\u00e9 ca: RUMENI LADRI. &#8216;Dc\u00f2 pensand ai tanti amis rumen ch&#8217;i l&#8217;hai, i son vergogname p\u00ebr chi ch&#8217;a l&#8217;av\u00eca scritla.\" \/>\n<meta property=\"og:url\" content=\"https:\/\/giannidavico.it\/gopiedmont\/2009\/10\/21\/stamatin-an-portand-le-cite-a-scola\/\" \/>\n<meta property=\"og:site_name\" content=\"Go Piedmont\" \/>\n<meta property=\"article:published_time\" content=\"2009-10-21T06:55:00+00:00\" \/>\n<meta property=\"article:modified_time\" content=\"2010-05-20T13:29:33+00:00\" \/>\n<meta name=\"author\" content=\"admin\" \/>\n<meta name=\"twitter:card\" content=\"summary_large_image\" \/>\n<meta name=\"twitter:label1\" content=\"Scritto da\" \/>\n\t<meta name=\"twitter:data1\" content=\"admin\" \/>\n<script type=\"application\/ld+json\" class=\"yoast-schema-graph\">{\"@context\":\"https:\/\/schema.org\",\"@graph\":[{\"@type\":\"WebPage\",\"@id\":\"https:\/\/giannidavico.it\/gopiedmont\/2009\/10\/21\/stamatin-an-portand-le-cite-a-scola\/\",\"url\":\"https:\/\/giannidavico.it\/gopiedmont\/2009\/10\/21\/stamatin-an-portand-le-cite-a-scola\/\",\"name\":\"Stamatin, an portand le cite a sc\u00f2la... - Go Piedmont\",\"isPartOf\":{\"@id\":\"https:\/\/giannidavico.it\/gopiedmont\/#website\"},\"datePublished\":\"2009-10-21T06:55:00+00:00\",\"dateModified\":\"2010-05-20T13:29:33+00:00\",\"author\":{\"@id\":\"https:\/\/giannidavico.it\/gopiedmont\/#\/schema\/person\/6a96d8672f14b275ece93af45a6da78b\"},\"inLanguage\":\"it-IT\",\"potentialAction\":[{\"@type\":\"ReadAction\",\"target\":[\"https:\/\/giannidavico.it\/gopiedmont\/2009\/10\/21\/stamatin-an-portand-le-cite-a-scola\/\"]}]},{\"@type\":\"WebSite\",\"@id\":\"https:\/\/giannidavico.it\/gopiedmont\/#website\",\"url\":\"https:\/\/giannidavico.it\/gopiedmont\/\",\"name\":\"Go Piedmont\",\"description\":\"pens\u00e9 dzora l\u00ecber, event e p\u00ebrson-e grop\u00e0 al Piemont e a la lenga piemont\u00e8isa\",\"potentialAction\":[{\"@type\":\"SearchAction\",\"target\":{\"@type\":\"EntryPoint\",\"urlTemplate\":\"https:\/\/giannidavico.it\/gopiedmont\/?s={search_term_string}\"},\"query-input\":\"required name=search_term_string\"}],\"inLanguage\":\"it-IT\"},{\"@type\":\"Person\",\"@id\":\"https:\/\/giannidavico.it\/gopiedmont\/#\/schema\/person\/6a96d8672f14b275ece93af45a6da78b\",\"name\":\"admin\",\"image\":{\"@type\":\"ImageObject\",\"inLanguage\":\"it-IT\",\"@id\":\"https:\/\/giannidavico.it\/gopiedmont\/#\/schema\/person\/image\/\",\"url\":\"https:\/\/secure.gravatar.com\/avatar\/337748753d882602f3038b55fb369ba1?s=96&d=mm&r=g\",\"contentUrl\":\"https:\/\/secure.gravatar.com\/avatar\/337748753d882602f3038b55fb369ba1?s=96&d=mm&r=g\",\"caption\":\"admin\"},\"url\":\"https:\/\/giannidavico.it\/gopiedmont\/author\/admin\/\"}]}<\/script>\n<!-- \/ Yoast SEO plugin. -->","yoast_head_json":{"title":"Stamatin, an portand le cite a sc\u00f2la... - Go Piedmont","robots":{"index":"index","follow":"follow","max-snippet":"max-snippet:-1","max-image-preview":"max-image-preview:large","max-video-preview":"max-video-preview:-1"},"canonical":"https:\/\/giannidavico.it\/gopiedmont\/2009\/10\/21\/stamatin-an-portand-le-cite-a-scola\/","og_locale":"it_IT","og_type":"article","og_title":"Stamatin, an portand le cite a sc\u00f2la... - Go Piedmont","og_description":"&#8230; i l&#8217;hai vist na scrita ansima a na muraja davzin a m\u00e9 ca: RUMENI LADRI. &#8216;Dc\u00f2 pensand ai tanti amis rumen ch&#8217;i l&#8217;hai, i son vergogname p\u00ebr chi ch&#8217;a l&#8217;av\u00eca scritla.","og_url":"https:\/\/giannidavico.it\/gopiedmont\/2009\/10\/21\/stamatin-an-portand-le-cite-a-scola\/","og_site_name":"Go Piedmont","article_published_time":"2009-10-21T06:55:00+00:00","article_modified_time":"2010-05-20T13:29:33+00:00","author":"admin","twitter_card":"summary_large_image","twitter_misc":{"Scritto da":"admin"},"schema":{"@context":"https:\/\/schema.org","@graph":[{"@type":"WebPage","@id":"https:\/\/giannidavico.it\/gopiedmont\/2009\/10\/21\/stamatin-an-portand-le-cite-a-scola\/","url":"https:\/\/giannidavico.it\/gopiedmont\/2009\/10\/21\/stamatin-an-portand-le-cite-a-scola\/","name":"Stamatin, an portand le cite a sc\u00f2la... - Go Piedmont","isPartOf":{"@id":"https:\/\/giannidavico.it\/gopiedmont\/#website"},"datePublished":"2009-10-21T06:55:00+00:00","dateModified":"2010-05-20T13:29:33+00:00","author":{"@id":"https:\/\/giannidavico.it\/gopiedmont\/#\/schema\/person\/6a96d8672f14b275ece93af45a6da78b"},"inLanguage":"it-IT","potentialAction":[{"@type":"ReadAction","target":["https:\/\/giannidavico.it\/gopiedmont\/2009\/10\/21\/stamatin-an-portand-le-cite-a-scola\/"]}]},{"@type":"WebSite","@id":"https:\/\/giannidavico.it\/gopiedmont\/#website","url":"https:\/\/giannidavico.it\/gopiedmont\/","name":"Go Piedmont","description":"pens\u00e9 dzora l\u00ecber, event e p\u00ebrson-e grop\u00e0 al Piemont e a la lenga piemont\u00e8isa","potentialAction":[{"@type":"SearchAction","target":{"@type":"EntryPoint","urlTemplate":"https:\/\/giannidavico.it\/gopiedmont\/?s={search_term_string}"},"query-input":"required name=search_term_string"}],"inLanguage":"it-IT"},{"@type":"Person","@id":"https:\/\/giannidavico.it\/gopiedmont\/#\/schema\/person\/6a96d8672f14b275ece93af45a6da78b","name":"admin","image":{"@type":"ImageObject","inLanguage":"it-IT","@id":"https:\/\/giannidavico.it\/gopiedmont\/#\/schema\/person\/image\/","url":"https:\/\/secure.gravatar.com\/avatar\/337748753d882602f3038b55fb369ba1?s=96&d=mm&r=g","contentUrl":"https:\/\/secure.gravatar.com\/avatar\/337748753d882602f3038b55fb369ba1?s=96&d=mm&r=g","caption":"admin"},"url":"https:\/\/giannidavico.it\/gopiedmont\/author\/admin\/"}]}},"_links":{"self":[{"href":"https:\/\/giannidavico.it\/gopiedmont\/wp-json\/wp\/v2\/posts\/70"}],"collection":[{"href":"https:\/\/giannidavico.it\/gopiedmont\/wp-json\/wp\/v2\/posts"}],"about":[{"href":"https:\/\/giannidavico.it\/gopiedmont\/wp-json\/wp\/v2\/types\/post"}],"author":[{"embeddable":true,"href":"https:\/\/giannidavico.it\/gopiedmont\/wp-json\/wp\/v2\/users\/1"}],"replies":[{"embeddable":true,"href":"https:\/\/giannidavico.it\/gopiedmont\/wp-json\/wp\/v2\/comments?post=70"}],"version-history":[{"count":1,"href":"https:\/\/giannidavico.it\/gopiedmont\/wp-json\/wp\/v2\/posts\/70\/revisions"}],"predecessor-version":[{"id":308,"href":"https:\/\/giannidavico.it\/gopiedmont\/wp-json\/wp\/v2\/posts\/70\/revisions\/308"}],"wp:attachment":[{"href":"https:\/\/giannidavico.it\/gopiedmont\/wp-json\/wp\/v2\/media?parent=70"}],"wp:term":[{"taxonomy":"category","embeddable":true,"href":"https:\/\/giannidavico.it\/gopiedmont\/wp-json\/wp\/v2\/categories?post=70"},{"taxonomy":"post_tag","embeddable":true,"href":"https:\/\/giannidavico.it\/gopiedmont\/wp-json\/wp\/v2\/tags?post=70"}],"curies":[{"name":"wp","href":"https:\/\/api.w.org\/{rel}","templated":true}]}}