{"id":716,"date":"2011-03-23T07:50:27","date_gmt":"2011-03-23T07:50:27","guid":{"rendered":"https:\/\/giannidavico.it\/staging\/gopiedmont\/?p=716"},"modified":"2015-09-22T14:34:39","modified_gmt":"2015-09-22T13:34:39","slug":"piemonteis-analogich-e-piemonteis-digital","status":"publish","type":"post","link":"https:\/\/giannidavico.it\/gopiedmont\/2011\/03\/23\/piemonteis-analogich-e-piemonteis-digital\/","title":{"rendered":"Piemont\u00e8is anal\u00f2gich e piemont\u00e8is digital"},"content":{"rendered":"<p>I l\u2019av\u00eca fin\u00ec <a href=\"https:\/\/giannidavico.it\/gopiedmont\/2011\/03\/16\/ij-dissionari-an-piemonteis\/\">la ciaciarada dl\u2019\u00e0utra smana ansima ai dissionari an piemont\u00e8is<\/a>,<br \/>\nche a j\u2019era la tersa e \u00f9ltima part \u00ebd na serie \u2018d p\u00f2st ansima a j\u2019arzorse an piemont\u00e8is dzora \u2018l Web (<a href=\"https:\/\/giannidavico.it\/gopiedmont\/2011\/03\/02\/la-blogosfera-piemonteisa\/\">ambeless\u00ec<\/a> e <a href=\"https:\/\/giannidavico.it\/gopiedmont\/2011\/03\/09\/ij-sit-an-piemonteis\/\">ambeless\u00ec<\/a> le prime doe pont\u00e0) an acenand a la diferensa ant l\u2019aprende an manera anal\u00f2gica pit\u00f2st che digital.<\/p>\n<p>L\u2019id\u00e8ja a part\u00eca da un bel l\u00ecber \u2018d Nicholas Carr, <a href=\"http:\/\/www.amazon.it\/Internet-stupidi-cambiando-nostro-cervello\/dp\/886030377X\/ref=sr_1_1?ie=UTF8&#038;qid=1442928845&#038;sr=8-1&#038;keywords=Internet+ci+rende+stupidi%3F+Come+la+rete+sta+cambiando+il+nostro+cervello.&#038;tag=giandavi-21\" target=_blank\"><em>Internet ci rende stupidi? Come la rete sta cambiando il nostro cervello<\/em><\/a>. An doe par\u00f2le, adess ch\u2019i l\u2019oma \u2018d biblioteche antreghe a n\u00f2sta disposission <em>just a click away<\/em>, adess ch\u2019i podoma control\u00e9 na sitassion ant un second an leu d\u2019and\u00e9 an biblioteca, ciam\u00e9 un l\u00ecber (con l\u2019arzigh \u00ebd nen trovelo) e via f\u00f2rt, \u00ebl travaj d\u00eb scritura a l\u2019\u00e9 bon ben semplific\u00e0. Ma col \u00ebd riflession? L\u00f2n ch\u2019a-i c\u00e0pita andrinta a n\u00f2st s\u00ebrvel, adess ch\u2019i l\u2019oma nen da f\u00e9 tanti travaj ripetitiv e i podoma concentresse an sla part creativa?<\/p>\n<p>Tut l\u2019anal\u00f2gich a diventa digital, antorn a noi. E costa r\u00f2ba, dasp\u00ebchila consider\u00e0, a m\u00eb smija ass\u00e9 positiva. Quand ch\u2019i son mariame i l\u2019av\u00eca vors\u00f9 un salon constru\u00ec d\u2019antorn a na <a href=\"https:\/\/giannidavico.it\/brainfood\/files\/2011\/03\/DSCN6880.jpg\">librer\u00eca<\/a>. A l\u2019\u00e9 ancora un m\u00e9 orgheuj, ma l\u00f2n ch\u2019a na sar\u00e0 quand ch\u2019i l\u2019avrai un letor d\u2019ebook, t\u00ebrzent grama ch\u2019a contenran tuti coj quintaj \u00ebd pens\u00e9 e d\u2019\u00e0utr ancora?<\/p>\n<p>Am pias tant la tecnolog\u00eca, pr\u00f2pi tant. Ma a m\u00eb sbaruva un p\u00f2ch l\u2019id\u00e8ja \u2018d p\u00ec nen st\u00e9 na mesa giorn\u00e0 antrega, un l\u00ecber da studi\u00e9 o lese e mi, gnente d\u2019\u00e0utr; e anvece ch\u2019a sia natural l\u2019<em>always on<\/em>, ch\u2019a sia normal esse anteromp\u00f9 \u2013 <em>volej<\/em> esse anteromp\u00f9 \u2013 minca des minute da na mail, da un message ansima a Facebook, da na ciaciarada ansima a Skype.<\/p>\n<p>O, dita an n\u2019\u00e0utra manera: l\u00f2n ch\u2019i podr\u00eco pens\u00e9, ancheuj, \u00ebd l\u00f2n ch\u2019a scriv\u00eca d\u00ebl 1981 Roberto Vacca \u2013 un pensador brilant e p\u00ebrfond \u2013 an <a href=\"http:\/\/it.wikipedia.org\/wiki\/Come_imparare_pi%C3%B9_cose_e_vivere_meglio\" target=\"_blank\"><em>Come imparare pi\u00f9 cose e vivere meglio<\/em><\/a>:<\/p>\n<blockquote><p>I tedeschi dicono che \u00e8 importante \u201clernen mit Sitzfleisch\u201d \u2013 cio\u00e8: imparare con la carne con cui ci si siede. Questo vuol dire che c\u2019\u00e8 molta roba che non puoi imparare, se non ti metti seduto e se non ci rimani fin quando hai letto un sacco di pagine e hai lavorato davvero sodo.<\/p><\/blockquote>\n<p>?<\/p>\n","protected":false},"excerpt":{"rendered":"<p>I l\u2019av\u00eca fin\u00ec <a href=\"https:\/\/giannidavico.it\/gopiedmont\/2011\/03\/16\/ij-dissionari-an-piemonteis\/\">la ciaciarada dl\u2019\u00e0utra smana ansima ai dissionari an piemont\u00e8is<\/a>,<br \/> che a j\u2019era la tersa e \u00f9ltima part \u00ebd na serie \u2018d p\u00f2st ansima a j\u2019arzorse an piemont\u00e8is dzora \u2018l Web (<a href=\"https:\/\/giannidavico.it\/gopiedmont\/2011\/03\/02\/la-blogosfera-piemonteisa\/\">ambeless\u00ec<\/a> e <a href=\"https:\/\/giannidavico.it\/gopiedmont\/2011\/03\/09\/ij-sit-an-piemonteis\/\">ambeless\u00ec<\/a> le prime doe pont\u00e0) an acenand a la diferensa ant l\u2019aprende an manera anal\u00f2gica pit\u00f2st che digital.<\/p>\n<p>L\u2019id\u00e8ja a part\u00eca da un bel l\u00ecber \u2018d Nicholas Carr,<\/p>\n","protected":false},"author":4,"featured_media":0,"comment_status":"open","ping_status":"open","sticky":false,"template":"","format":"standard","meta":[],"categories":[130],"tags":[124],"yoast_head":"<!-- This site is optimized with the Yoast SEO plugin v19.14 - https:\/\/yoast.com\/wordpress\/plugins\/seo\/ -->\n<title>Piemont\u00e8is anal\u00f2gich e piemont\u00e8is digital - Go Piedmont<\/title>\n<meta name=\"robots\" content=\"index, follow, max-snippet:-1, max-image-preview:large, max-video-preview:-1\" \/>\n<link rel=\"canonical\" href=\"https:\/\/giannidavico.it\/gopiedmont\/2011\/03\/23\/piemonteis-analogich-e-piemonteis-digital\/\" \/>\n<meta property=\"og:locale\" content=\"it_IT\" \/>\n<meta property=\"og:type\" content=\"article\" \/>\n<meta property=\"og:title\" content=\"Piemont\u00e8is anal\u00f2gich e piemont\u00e8is digital - Go Piedmont\" \/>\n<meta property=\"og:description\" content=\"I l\u2019av\u00eca fin\u00ec la ciaciarada dl\u2019\u00e0utra smana ansima ai dissionari an piemont\u00e8is, che a j\u2019era la tersa e \u00f9ltima part \u00ebd na serie \u2018d p\u00f2st ansima a j\u2019arzorse an piemont\u00e8is dzora \u2018l Web (ambeless\u00ec e ambeless\u00ec le prime doe pont\u00e0) an acenand a la diferensa ant l\u2019aprende an manera anal\u00f2gica pit\u00f2st che digital. L\u2019id\u00e8ja a part\u00eca da un bel l\u00ecber \u2018d Nicholas Carr,\" \/>\n<meta property=\"og:url\" content=\"https:\/\/giannidavico.it\/gopiedmont\/2011\/03\/23\/piemonteis-analogich-e-piemonteis-digital\/\" \/>\n<meta property=\"og:site_name\" content=\"Go Piedmont\" \/>\n<meta property=\"article:published_time\" content=\"2011-03-23T07:50:27+00:00\" \/>\n<meta property=\"article:modified_time\" content=\"2015-09-22T13:34:39+00:00\" \/>\n<meta name=\"author\" content=\"giannidavico\" \/>\n<meta name=\"twitter:card\" content=\"summary_large_image\" \/>\n<meta name=\"twitter:label1\" content=\"Scritto da\" \/>\n\t<meta name=\"twitter:data1\" content=\"giannidavico\" \/>\n<script type=\"application\/ld+json\" class=\"yoast-schema-graph\">{\"@context\":\"https:\/\/schema.org\",\"@graph\":[{\"@type\":\"WebPage\",\"@id\":\"https:\/\/giannidavico.it\/gopiedmont\/2011\/03\/23\/piemonteis-analogich-e-piemonteis-digital\/\",\"url\":\"https:\/\/giannidavico.it\/gopiedmont\/2011\/03\/23\/piemonteis-analogich-e-piemonteis-digital\/\",\"name\":\"Piemont\u00e8is anal\u00f2gich e piemont\u00e8is digital - Go Piedmont\",\"isPartOf\":{\"@id\":\"https:\/\/giannidavico.it\/gopiedmont\/#website\"},\"datePublished\":\"2011-03-23T07:50:27+00:00\",\"dateModified\":\"2015-09-22T13:34:39+00:00\",\"author\":{\"@id\":\"https:\/\/giannidavico.it\/gopiedmont\/#\/schema\/person\/ea1fd17d8f2dba325f3712219efa8f77\"},\"inLanguage\":\"it-IT\",\"potentialAction\":[{\"@type\":\"ReadAction\",\"target\":[\"https:\/\/giannidavico.it\/gopiedmont\/2011\/03\/23\/piemonteis-analogich-e-piemonteis-digital\/\"]}]},{\"@type\":\"WebSite\",\"@id\":\"https:\/\/giannidavico.it\/gopiedmont\/#website\",\"url\":\"https:\/\/giannidavico.it\/gopiedmont\/\",\"name\":\"Go Piedmont\",\"description\":\"pens\u00e9 dzora l\u00ecber, event e p\u00ebrson-e grop\u00e0 al Piemont e a la lenga piemont\u00e8isa\",\"potentialAction\":[{\"@type\":\"SearchAction\",\"target\":{\"@type\":\"EntryPoint\",\"urlTemplate\":\"https:\/\/giannidavico.it\/gopiedmont\/?s={search_term_string}\"},\"query-input\":\"required name=search_term_string\"}],\"inLanguage\":\"it-IT\"},{\"@type\":\"Person\",\"@id\":\"https:\/\/giannidavico.it\/gopiedmont\/#\/schema\/person\/ea1fd17d8f2dba325f3712219efa8f77\",\"name\":\"giannidavico\",\"image\":{\"@type\":\"ImageObject\",\"inLanguage\":\"it-IT\",\"@id\":\"https:\/\/giannidavico.it\/gopiedmont\/#\/schema\/person\/image\/\",\"url\":\"https:\/\/secure.gravatar.com\/avatar\/337748753d882602f3038b55fb369ba1?s=96&d=mm&r=g\",\"contentUrl\":\"https:\/\/secure.gravatar.com\/avatar\/337748753d882602f3038b55fb369ba1?s=96&d=mm&r=g\",\"caption\":\"giannidavico\"},\"url\":\"https:\/\/giannidavico.it\/gopiedmont\/author\/giannidavico\/\"}]}<\/script>\n<!-- \/ Yoast SEO plugin. -->","yoast_head_json":{"title":"Piemont\u00e8is anal\u00f2gich e piemont\u00e8is digital - Go Piedmont","robots":{"index":"index","follow":"follow","max-snippet":"max-snippet:-1","max-image-preview":"max-image-preview:large","max-video-preview":"max-video-preview:-1"},"canonical":"https:\/\/giannidavico.it\/gopiedmont\/2011\/03\/23\/piemonteis-analogich-e-piemonteis-digital\/","og_locale":"it_IT","og_type":"article","og_title":"Piemont\u00e8is anal\u00f2gich e piemont\u00e8is digital - Go Piedmont","og_description":"I l\u2019av\u00eca fin\u00ec la ciaciarada dl\u2019\u00e0utra smana ansima ai dissionari an piemont\u00e8is, che a j\u2019era la tersa e \u00f9ltima part \u00ebd na serie \u2018d p\u00f2st ansima a j\u2019arzorse an piemont\u00e8is dzora \u2018l Web (ambeless\u00ec e ambeless\u00ec le prime doe pont\u00e0) an acenand a la diferensa ant l\u2019aprende an manera anal\u00f2gica pit\u00f2st che digital. L\u2019id\u00e8ja a part\u00eca da un bel l\u00ecber \u2018d Nicholas Carr,","og_url":"https:\/\/giannidavico.it\/gopiedmont\/2011\/03\/23\/piemonteis-analogich-e-piemonteis-digital\/","og_site_name":"Go Piedmont","article_published_time":"2011-03-23T07:50:27+00:00","article_modified_time":"2015-09-22T13:34:39+00:00","author":"giannidavico","twitter_card":"summary_large_image","twitter_misc":{"Scritto da":"giannidavico"},"schema":{"@context":"https:\/\/schema.org","@graph":[{"@type":"WebPage","@id":"https:\/\/giannidavico.it\/gopiedmont\/2011\/03\/23\/piemonteis-analogich-e-piemonteis-digital\/","url":"https:\/\/giannidavico.it\/gopiedmont\/2011\/03\/23\/piemonteis-analogich-e-piemonteis-digital\/","name":"Piemont\u00e8is anal\u00f2gich e piemont\u00e8is digital - Go Piedmont","isPartOf":{"@id":"https:\/\/giannidavico.it\/gopiedmont\/#website"},"datePublished":"2011-03-23T07:50:27+00:00","dateModified":"2015-09-22T13:34:39+00:00","author":{"@id":"https:\/\/giannidavico.it\/gopiedmont\/#\/schema\/person\/ea1fd17d8f2dba325f3712219efa8f77"},"inLanguage":"it-IT","potentialAction":[{"@type":"ReadAction","target":["https:\/\/giannidavico.it\/gopiedmont\/2011\/03\/23\/piemonteis-analogich-e-piemonteis-digital\/"]}]},{"@type":"WebSite","@id":"https:\/\/giannidavico.it\/gopiedmont\/#website","url":"https:\/\/giannidavico.it\/gopiedmont\/","name":"Go Piedmont","description":"pens\u00e9 dzora l\u00ecber, event e p\u00ebrson-e grop\u00e0 al Piemont e a la lenga piemont\u00e8isa","potentialAction":[{"@type":"SearchAction","target":{"@type":"EntryPoint","urlTemplate":"https:\/\/giannidavico.it\/gopiedmont\/?s={search_term_string}"},"query-input":"required name=search_term_string"}],"inLanguage":"it-IT"},{"@type":"Person","@id":"https:\/\/giannidavico.it\/gopiedmont\/#\/schema\/person\/ea1fd17d8f2dba325f3712219efa8f77","name":"giannidavico","image":{"@type":"ImageObject","inLanguage":"it-IT","@id":"https:\/\/giannidavico.it\/gopiedmont\/#\/schema\/person\/image\/","url":"https:\/\/secure.gravatar.com\/avatar\/337748753d882602f3038b55fb369ba1?s=96&d=mm&r=g","contentUrl":"https:\/\/secure.gravatar.com\/avatar\/337748753d882602f3038b55fb369ba1?s=96&d=mm&r=g","caption":"giannidavico"},"url":"https:\/\/giannidavico.it\/gopiedmont\/author\/giannidavico\/"}]}},"_links":{"self":[{"href":"https:\/\/giannidavico.it\/gopiedmont\/wp-json\/wp\/v2\/posts\/716"}],"collection":[{"href":"https:\/\/giannidavico.it\/gopiedmont\/wp-json\/wp\/v2\/posts"}],"about":[{"href":"https:\/\/giannidavico.it\/gopiedmont\/wp-json\/wp\/v2\/types\/post"}],"author":[{"embeddable":true,"href":"https:\/\/giannidavico.it\/gopiedmont\/wp-json\/wp\/v2\/users\/4"}],"replies":[{"embeddable":true,"href":"https:\/\/giannidavico.it\/gopiedmont\/wp-json\/wp\/v2\/comments?post=716"}],"version-history":[{"count":7,"href":"https:\/\/giannidavico.it\/gopiedmont\/wp-json\/wp\/v2\/posts\/716\/revisions"}],"predecessor-version":[{"id":2996,"href":"https:\/\/giannidavico.it\/gopiedmont\/wp-json\/wp\/v2\/posts\/716\/revisions\/2996"}],"wp:attachment":[{"href":"https:\/\/giannidavico.it\/gopiedmont\/wp-json\/wp\/v2\/media?parent=716"}],"wp:term":[{"taxonomy":"category","embeddable":true,"href":"https:\/\/giannidavico.it\/gopiedmont\/wp-json\/wp\/v2\/categories?post=716"},{"taxonomy":"post_tag","embeddable":true,"href":"https:\/\/giannidavico.it\/gopiedmont\/wp-json\/wp\/v2\/tags?post=716"}],"curies":[{"name":"wp","href":"https:\/\/api.w.org\/{rel}","templated":true}]}}