{"id":75,"date":"2009-11-08T16:28:00","date_gmt":"2009-11-08T16:28:00","guid":{"rendered":"https:\/\/giannidavico.it\/staging\/gopiedmont\/2009\/11\/08\/barba-toni-n%e2%80%99arcord-personal\/"},"modified":"2010-05-20T13:26:21","modified_gmt":"2010-05-20T13:26:21","slug":"barba-toni-n%e2%80%99arcord-personal","status":"publish","type":"post","link":"https:\/\/giannidavico.it\/gopiedmont\/2009\/11\/08\/barba-toni-n%e2%80%99arcord-personal\/","title":{"rendered":"Barba T\u00f2ni, n\u2019arc\u00f2rd p\u00ebrsonal"},"content":{"rendered":"<p>A p\u00f2chi di dai des agn da la m\u00f2rt d\u00ebl p\u00ec grand poeta piemont\u00e8is (Coni, 15 nov\u00e8mber 1999), l\u2019arc\u00f2rd p\u00ebrsonal ch\u2019i l\u2019hai \u00ebd chiel \u2013 d\u00eb dl\u00e0 da l\u2019euvra literaria, e segnatament da <i>\u00cbl P\u00ec-a-mont-t\u00e8is<\/i>, la p\u00ec bela poes\u00eca ch\u2019a sia mai st\u00e0ita scrita an n\u00f2sta lenga \u2013 a l\u2019ha tre face.<\/p>\n<p>La prima, n\u2019ancontr al Mel, d\u2019ist\u00e0, tanti agn andarera, con ij m\u00e9, probabilment m\u00e9 prim ancontr con un \u00abmonument\u00bb dla piemontesit\u00e0 \u2013 bele che antlora i sav\u00e8jssa gnente al prop\u00f2sit. I arc\u00f2rd bin soa man gr\u00f2ssa, quand ch\u2019a l\u2019ha sporzumla al\u00e9gher, la camisa a quadr\u00e8t, \u00ebl soris largh e sincer e coj euj p\u00ebrfond e sclint.<\/p>\n<p>La sconda, na soa telefon\u00e0, qu\u00e0ich agn d\u00f2p, ant\u00e9 che a l\u2019av\u00eca dime \u2018d ciss\u00e9 le tesi \u2018d laurea a r\u00ebsguard d\u00ebl piemont\u00e8is.<\/p>\n<p>La tersa, la sipoltura, pr\u00f2pi p\u00f2chi di prima ch\u2019a nass\u00e8issa mia prima cita. L\u2019avn\u00ec e \u2018l pass\u00e0, la vita e la m\u00f2rt.<\/p>\n","protected":false},"excerpt":{"rendered":"<p>A p\u00f2chi di dai des agn da la m\u00f2rt d\u00ebl p\u00ec grand poeta piemont\u00e8is (Coni, 15 nov\u00e8mber 1999), l\u2019arc\u00f2rd p\u00ebrsonal ch\u2019i l\u2019hai \u00ebd chiel \u2013 d\u00eb dl\u00e0 da l\u2019euvra literaria, e segnatament da \u00cbl P\u00ec-a-mont-t\u00e8is, la p\u00ec bela poes\u00eca ch\u2019a sia mai st\u00e0ita scrita an n\u00f2sta lenga \u2013 a l\u2019ha tre face.<\/p>\n<p>La prima, n\u2019ancontr al Mel, d\u2019ist\u00e0, tanti agn andarera, con ij m\u00e9, probabilment m\u00e9 prim ancontr con un \u00abmonument\u00bb dla piemontesit\u00e0 \u2013 bele che antlora i sav\u00e8jssa gnente al prop\u00f2sit. I arc\u00f2rd bin soa man gr\u00f2ssa, quand ch\u2019a l\u2019ha sporzumla al\u00e9gher, la camisa a quadr\u00e8t, \u00ebl soris largh e sincer e coj euj p\u00ebrfond e sclint.<\/p>\n<p>La sconda, na soa telefon\u00e0, qu\u00e0ich agn d\u00f2p, ant\u00e9 che a l\u2019av\u00eca dime \u2018d ciss\u00e9 le tesi \u2018d laurea a r\u00ebsguard d\u00ebl piemont\u00e8is.<\/p>\n<p>La tersa, la sipoltura, pr\u00f2pi p\u00f2chi di prima ch\u2019a nass\u00e8issa mia prima cita. L\u2019avn\u00ec e \u2018l pass\u00e0, la vita e la m\u00f2rt.<\/p>\n","protected":false},"author":1,"featured_media":0,"comment_status":"open","ping_status":"open","sticky":false,"template":"","format":"standard","meta":[],"categories":[130],"tags":[132,107],"yoast_head":"<!-- This site is optimized with the Yoast SEO plugin v19.14 - https:\/\/yoast.com\/wordpress\/plugins\/seo\/ -->\n<title>Barba T\u00f2ni, n\u2019arc\u00f2rd p\u00ebrsonal - Go Piedmont<\/title>\n<meta name=\"robots\" content=\"index, follow, max-snippet:-1, max-image-preview:large, max-video-preview:-1\" \/>\n<link rel=\"canonical\" href=\"https:\/\/giannidavico.it\/gopiedmont\/2009\/11\/08\/barba-toni-n\u2019arcord-personal\/\" \/>\n<meta property=\"og:locale\" content=\"it_IT\" \/>\n<meta property=\"og:type\" content=\"article\" \/>\n<meta property=\"og:title\" content=\"Barba T\u00f2ni, n\u2019arc\u00f2rd p\u00ebrsonal - Go Piedmont\" \/>\n<meta property=\"og:description\" content=\"A p\u00f2chi di dai des agn da la m\u00f2rt d\u00ebl p\u00ec grand poeta piemont\u00e8is (Coni, 15 nov\u00e8mber 1999), l\u2019arc\u00f2rd p\u00ebrsonal ch\u2019i l\u2019hai \u00ebd chiel \u2013 d\u00eb dl\u00e0 da l\u2019euvra literaria, e segnatament da \u00cbl P\u00ec-a-mont-t\u00e8is, la p\u00ec bela poes\u00eca ch\u2019a sia mai st\u00e0ita scrita an n\u00f2sta lenga \u2013 a l\u2019ha tre face. La prima, n\u2019ancontr al Mel, d\u2019ist\u00e0, tanti agn andarera, con ij m\u00e9, probabilment m\u00e9 prim ancontr con un \u00abmonument\u00bb dla piemontesit\u00e0 \u2013 bele che antlora i sav\u00e8jssa gnente al prop\u00f2sit. I arc\u00f2rd bin soa man gr\u00f2ssa, quand ch\u2019a l\u2019ha sporzumla al\u00e9gher, la camisa a quadr\u00e8t, \u00ebl soris largh e sincer e coj euj p\u00ebrfond e sclint. La sconda, na soa telefon\u00e0, qu\u00e0ich agn d\u00f2p, ant\u00e9 che a l\u2019av\u00eca dime \u2018d ciss\u00e9 le tesi \u2018d laurea a r\u00ebsguard d\u00ebl piemont\u00e8is. La tersa, la sipoltura, pr\u00f2pi p\u00f2chi di prima ch\u2019a nass\u00e8issa mia prima cita. L\u2019avn\u00ec e \u2018l pass\u00e0, la vita e la m\u00f2rt.\" \/>\n<meta property=\"og:url\" content=\"https:\/\/giannidavico.it\/gopiedmont\/2009\/11\/08\/barba-toni-n\u2019arcord-personal\/\" \/>\n<meta property=\"og:site_name\" content=\"Go Piedmont\" \/>\n<meta property=\"article:published_time\" content=\"2009-11-08T16:28:00+00:00\" \/>\n<meta property=\"article:modified_time\" content=\"2010-05-20T13:26:21+00:00\" \/>\n<meta name=\"author\" content=\"admin\" \/>\n<meta name=\"twitter:card\" content=\"summary_large_image\" \/>\n<meta name=\"twitter:label1\" content=\"Scritto da\" \/>\n\t<meta name=\"twitter:data1\" content=\"admin\" \/>\n\t<meta name=\"twitter:label2\" content=\"Tempo di lettura stimato\" \/>\n\t<meta name=\"twitter:data2\" content=\"1 minuto\" \/>\n<script type=\"application\/ld+json\" class=\"yoast-schema-graph\">{\"@context\":\"https:\/\/schema.org\",\"@graph\":[{\"@type\":\"WebPage\",\"@id\":\"https:\/\/giannidavico.it\/gopiedmont\/2009\/11\/08\/barba-toni-n%e2%80%99arcord-personal\/\",\"url\":\"https:\/\/giannidavico.it\/gopiedmont\/2009\/11\/08\/barba-toni-n%e2%80%99arcord-personal\/\",\"name\":\"Barba T\u00f2ni, n\u2019arc\u00f2rd p\u00ebrsonal - Go Piedmont\",\"isPartOf\":{\"@id\":\"https:\/\/giannidavico.it\/gopiedmont\/#website\"},\"datePublished\":\"2009-11-08T16:28:00+00:00\",\"dateModified\":\"2010-05-20T13:26:21+00:00\",\"author\":{\"@id\":\"https:\/\/giannidavico.it\/gopiedmont\/#\/schema\/person\/6a96d8672f14b275ece93af45a6da78b\"},\"inLanguage\":\"it-IT\",\"potentialAction\":[{\"@type\":\"ReadAction\",\"target\":[\"https:\/\/giannidavico.it\/gopiedmont\/2009\/11\/08\/barba-toni-n%e2%80%99arcord-personal\/\"]}]},{\"@type\":\"WebSite\",\"@id\":\"https:\/\/giannidavico.it\/gopiedmont\/#website\",\"url\":\"https:\/\/giannidavico.it\/gopiedmont\/\",\"name\":\"Go Piedmont\",\"description\":\"pens\u00e9 dzora l\u00ecber, event e p\u00ebrson-e grop\u00e0 al Piemont e a la lenga piemont\u00e8isa\",\"potentialAction\":[{\"@type\":\"SearchAction\",\"target\":{\"@type\":\"EntryPoint\",\"urlTemplate\":\"https:\/\/giannidavico.it\/gopiedmont\/?s={search_term_string}\"},\"query-input\":\"required name=search_term_string\"}],\"inLanguage\":\"it-IT\"},{\"@type\":\"Person\",\"@id\":\"https:\/\/giannidavico.it\/gopiedmont\/#\/schema\/person\/6a96d8672f14b275ece93af45a6da78b\",\"name\":\"admin\",\"image\":{\"@type\":\"ImageObject\",\"inLanguage\":\"it-IT\",\"@id\":\"https:\/\/giannidavico.it\/gopiedmont\/#\/schema\/person\/image\/\",\"url\":\"https:\/\/secure.gravatar.com\/avatar\/337748753d882602f3038b55fb369ba1?s=96&d=mm&r=g\",\"contentUrl\":\"https:\/\/secure.gravatar.com\/avatar\/337748753d882602f3038b55fb369ba1?s=96&d=mm&r=g\",\"caption\":\"admin\"},\"url\":\"https:\/\/giannidavico.it\/gopiedmont\/author\/admin\/\"}]}<\/script>\n<!-- \/ Yoast SEO plugin. -->","yoast_head_json":{"title":"Barba T\u00f2ni, n\u2019arc\u00f2rd p\u00ebrsonal - Go Piedmont","robots":{"index":"index","follow":"follow","max-snippet":"max-snippet:-1","max-image-preview":"max-image-preview:large","max-video-preview":"max-video-preview:-1"},"canonical":"https:\/\/giannidavico.it\/gopiedmont\/2009\/11\/08\/barba-toni-n\u2019arcord-personal\/","og_locale":"it_IT","og_type":"article","og_title":"Barba T\u00f2ni, n\u2019arc\u00f2rd p\u00ebrsonal - Go Piedmont","og_description":"A p\u00f2chi di dai des agn da la m\u00f2rt d\u00ebl p\u00ec grand poeta piemont\u00e8is (Coni, 15 nov\u00e8mber 1999), l\u2019arc\u00f2rd p\u00ebrsonal ch\u2019i l\u2019hai \u00ebd chiel \u2013 d\u00eb dl\u00e0 da l\u2019euvra literaria, e segnatament da \u00cbl P\u00ec-a-mont-t\u00e8is, la p\u00ec bela poes\u00eca ch\u2019a sia mai st\u00e0ita scrita an n\u00f2sta lenga \u2013 a l\u2019ha tre face. La prima, n\u2019ancontr al Mel, d\u2019ist\u00e0, tanti agn andarera, con ij m\u00e9, probabilment m\u00e9 prim ancontr con un \u00abmonument\u00bb dla piemontesit\u00e0 \u2013 bele che antlora i sav\u00e8jssa gnente al prop\u00f2sit. I arc\u00f2rd bin soa man gr\u00f2ssa, quand ch\u2019a l\u2019ha sporzumla al\u00e9gher, la camisa a quadr\u00e8t, \u00ebl soris largh e sincer e coj euj p\u00ebrfond e sclint. La sconda, na soa telefon\u00e0, qu\u00e0ich agn d\u00f2p, ant\u00e9 che a l\u2019av\u00eca dime \u2018d ciss\u00e9 le tesi \u2018d laurea a r\u00ebsguard d\u00ebl piemont\u00e8is. La tersa, la sipoltura, pr\u00f2pi p\u00f2chi di prima ch\u2019a nass\u00e8issa mia prima cita. L\u2019avn\u00ec e \u2018l pass\u00e0, la vita e la m\u00f2rt.","og_url":"https:\/\/giannidavico.it\/gopiedmont\/2009\/11\/08\/barba-toni-n\u2019arcord-personal\/","og_site_name":"Go Piedmont","article_published_time":"2009-11-08T16:28:00+00:00","article_modified_time":"2010-05-20T13:26:21+00:00","author":"admin","twitter_card":"summary_large_image","twitter_misc":{"Scritto da":"admin","Tempo di lettura stimato":"1 minuto"},"schema":{"@context":"https:\/\/schema.org","@graph":[{"@type":"WebPage","@id":"https:\/\/giannidavico.it\/gopiedmont\/2009\/11\/08\/barba-toni-n%e2%80%99arcord-personal\/","url":"https:\/\/giannidavico.it\/gopiedmont\/2009\/11\/08\/barba-toni-n%e2%80%99arcord-personal\/","name":"Barba T\u00f2ni, n\u2019arc\u00f2rd p\u00ebrsonal - Go Piedmont","isPartOf":{"@id":"https:\/\/giannidavico.it\/gopiedmont\/#website"},"datePublished":"2009-11-08T16:28:00+00:00","dateModified":"2010-05-20T13:26:21+00:00","author":{"@id":"https:\/\/giannidavico.it\/gopiedmont\/#\/schema\/person\/6a96d8672f14b275ece93af45a6da78b"},"inLanguage":"it-IT","potentialAction":[{"@type":"ReadAction","target":["https:\/\/giannidavico.it\/gopiedmont\/2009\/11\/08\/barba-toni-n%e2%80%99arcord-personal\/"]}]},{"@type":"WebSite","@id":"https:\/\/giannidavico.it\/gopiedmont\/#website","url":"https:\/\/giannidavico.it\/gopiedmont\/","name":"Go Piedmont","description":"pens\u00e9 dzora l\u00ecber, event e p\u00ebrson-e grop\u00e0 al Piemont e a la lenga piemont\u00e8isa","potentialAction":[{"@type":"SearchAction","target":{"@type":"EntryPoint","urlTemplate":"https:\/\/giannidavico.it\/gopiedmont\/?s={search_term_string}"},"query-input":"required name=search_term_string"}],"inLanguage":"it-IT"},{"@type":"Person","@id":"https:\/\/giannidavico.it\/gopiedmont\/#\/schema\/person\/6a96d8672f14b275ece93af45a6da78b","name":"admin","image":{"@type":"ImageObject","inLanguage":"it-IT","@id":"https:\/\/giannidavico.it\/gopiedmont\/#\/schema\/person\/image\/","url":"https:\/\/secure.gravatar.com\/avatar\/337748753d882602f3038b55fb369ba1?s=96&d=mm&r=g","contentUrl":"https:\/\/secure.gravatar.com\/avatar\/337748753d882602f3038b55fb369ba1?s=96&d=mm&r=g","caption":"admin"},"url":"https:\/\/giannidavico.it\/gopiedmont\/author\/admin\/"}]}},"_links":{"self":[{"href":"https:\/\/giannidavico.it\/gopiedmont\/wp-json\/wp\/v2\/posts\/75"}],"collection":[{"href":"https:\/\/giannidavico.it\/gopiedmont\/wp-json\/wp\/v2\/posts"}],"about":[{"href":"https:\/\/giannidavico.it\/gopiedmont\/wp-json\/wp\/v2\/types\/post"}],"author":[{"embeddable":true,"href":"https:\/\/giannidavico.it\/gopiedmont\/wp-json\/wp\/v2\/users\/1"}],"replies":[{"embeddable":true,"href":"https:\/\/giannidavico.it\/gopiedmont\/wp-json\/wp\/v2\/comments?post=75"}],"version-history":[{"count":1,"href":"https:\/\/giannidavico.it\/gopiedmont\/wp-json\/wp\/v2\/posts\/75\/revisions"}],"predecessor-version":[{"id":303,"href":"https:\/\/giannidavico.it\/gopiedmont\/wp-json\/wp\/v2\/posts\/75\/revisions\/303"}],"wp:attachment":[{"href":"https:\/\/giannidavico.it\/gopiedmont\/wp-json\/wp\/v2\/media?parent=75"}],"wp:term":[{"taxonomy":"category","embeddable":true,"href":"https:\/\/giannidavico.it\/gopiedmont\/wp-json\/wp\/v2\/categories?post=75"},{"taxonomy":"post_tag","embeddable":true,"href":"https:\/\/giannidavico.it\/gopiedmont\/wp-json\/wp\/v2\/tags?post=75"}],"curies":[{"name":"wp","href":"https:\/\/api.w.org\/{rel}","templated":true}]}}