{"id":77,"date":"2009-11-15T07:41:00","date_gmt":"2009-11-15T07:41:00","guid":{"rendered":"https:\/\/giannidavico.it\/staging\/gopiedmont\/2009\/11\/15\/barba-toni-des-agn-dop-un-cit-arcord\/"},"modified":"2010-05-20T13:25:37","modified_gmt":"2010-05-20T13:25:37","slug":"barba-toni-des-agn-dop-un-cit-arcord","status":"publish","type":"post","link":"https:\/\/giannidavico.it\/gopiedmont\/2009\/11\/15\/barba-toni-des-agn-dop-un-cit-arcord\/","title":{"rendered":"Barba T\u00f2ni des agn d\u00f2p, un cit arc\u00f2rd"},"content":{"rendered":"<p>Ancheuj a son des agn da la m\u00f2rt d\u00ebl p\u00ec grand poeta piemont\u00e8is. <a href=\"http:\/\/www.youtube.com\/watch?v=ONTle6Q1y58\">Ambeless\u00ec<\/a> a-i \u00e9 un m\u00e9 cit arc\u00f2rd: un video &#8216;d tre minute giuste, con la letura \u00ebd <i>P\u00ec-a-mont-t\u00e8is<\/i>,&nbsp; cola che scond mi a l&#8217;\u00e9 la p\u00ec bela poes\u00eca ch&#8217;a sia mai st\u00e0ita scrita an piemont\u00e8is.<\/p>\n","protected":false},"excerpt":{"rendered":"<p>Ancheuj a son des agn da la m\u00f2rt d\u00ebl p\u00ec grand poeta piemont\u00e8is. <a href=\"http:\/\/www.youtube.com\/watch?v=ONTle6Q1y58\">Ambeless\u00ec<\/a> a-i \u00e9 un m\u00e9 cit arc\u00f2rd: un video &#8216;d tre minute giuste, con la letura \u00ebd P\u00ec-a-mont-t\u00e8is,&nbsp; cola che scond mi a l&#8217;\u00e9 la p\u00ec bela poes\u00eca ch&#8217;a sia mai st\u00e0ita scrita an piemont\u00e8is.<\/p>\n","protected":false},"author":1,"featured_media":0,"comment_status":"open","ping_status":"open","sticky":false,"template":"","format":"standard","meta":[],"categories":[130],"tags":[132],"yoast_head":"<!-- This site is optimized with the Yoast SEO plugin v19.14 - https:\/\/yoast.com\/wordpress\/plugins\/seo\/ -->\n<title>Barba T\u00f2ni des agn d\u00f2p, un cit arc\u00f2rd - Go Piedmont<\/title>\n<meta name=\"robots\" content=\"index, follow, max-snippet:-1, max-image-preview:large, max-video-preview:-1\" \/>\n<link rel=\"canonical\" href=\"https:\/\/giannidavico.it\/gopiedmont\/2009\/11\/15\/barba-toni-des-agn-dop-un-cit-arcord\/\" \/>\n<meta property=\"og:locale\" content=\"it_IT\" \/>\n<meta property=\"og:type\" content=\"article\" \/>\n<meta property=\"og:title\" content=\"Barba T\u00f2ni des agn d\u00f2p, un cit arc\u00f2rd - Go Piedmont\" \/>\n<meta property=\"og:description\" content=\"Ancheuj a son des agn da la m\u00f2rt d\u00ebl p\u00ec grand poeta piemont\u00e8is. Ambeless\u00ec a-i \u00e9 un m\u00e9 cit arc\u00f2rd: un video &#8216;d tre minute giuste, con la letura \u00ebd P\u00ec-a-mont-t\u00e8is,&nbsp; cola che scond mi a l&#8217;\u00e9 la p\u00ec bela poes\u00eca ch&#8217;a sia mai st\u00e0ita scrita an piemont\u00e8is.\" \/>\n<meta property=\"og:url\" content=\"https:\/\/giannidavico.it\/gopiedmont\/2009\/11\/15\/barba-toni-des-agn-dop-un-cit-arcord\/\" \/>\n<meta property=\"og:site_name\" content=\"Go Piedmont\" \/>\n<meta property=\"article:published_time\" content=\"2009-11-15T07:41:00+00:00\" \/>\n<meta property=\"article:modified_time\" content=\"2010-05-20T13:25:37+00:00\" \/>\n<meta name=\"author\" content=\"admin\" \/>\n<meta name=\"twitter:card\" content=\"summary_large_image\" \/>\n<meta name=\"twitter:label1\" content=\"Scritto da\" \/>\n\t<meta name=\"twitter:data1\" content=\"admin\" \/>\n<script type=\"application\/ld+json\" class=\"yoast-schema-graph\">{\"@context\":\"https:\/\/schema.org\",\"@graph\":[{\"@type\":\"WebPage\",\"@id\":\"https:\/\/giannidavico.it\/gopiedmont\/2009\/11\/15\/barba-toni-des-agn-dop-un-cit-arcord\/\",\"url\":\"https:\/\/giannidavico.it\/gopiedmont\/2009\/11\/15\/barba-toni-des-agn-dop-un-cit-arcord\/\",\"name\":\"Barba T\u00f2ni des agn d\u00f2p, un cit arc\u00f2rd - Go Piedmont\",\"isPartOf\":{\"@id\":\"https:\/\/giannidavico.it\/gopiedmont\/#website\"},\"datePublished\":\"2009-11-15T07:41:00+00:00\",\"dateModified\":\"2010-05-20T13:25:37+00:00\",\"author\":{\"@id\":\"https:\/\/giannidavico.it\/gopiedmont\/#\/schema\/person\/6a96d8672f14b275ece93af45a6da78b\"},\"inLanguage\":\"it-IT\",\"potentialAction\":[{\"@type\":\"ReadAction\",\"target\":[\"https:\/\/giannidavico.it\/gopiedmont\/2009\/11\/15\/barba-toni-des-agn-dop-un-cit-arcord\/\"]}]},{\"@type\":\"WebSite\",\"@id\":\"https:\/\/giannidavico.it\/gopiedmont\/#website\",\"url\":\"https:\/\/giannidavico.it\/gopiedmont\/\",\"name\":\"Go Piedmont\",\"description\":\"pens\u00e9 dzora l\u00ecber, event e p\u00ebrson-e grop\u00e0 al Piemont e a la lenga piemont\u00e8isa\",\"potentialAction\":[{\"@type\":\"SearchAction\",\"target\":{\"@type\":\"EntryPoint\",\"urlTemplate\":\"https:\/\/giannidavico.it\/gopiedmont\/?s={search_term_string}\"},\"query-input\":\"required name=search_term_string\"}],\"inLanguage\":\"it-IT\"},{\"@type\":\"Person\",\"@id\":\"https:\/\/giannidavico.it\/gopiedmont\/#\/schema\/person\/6a96d8672f14b275ece93af45a6da78b\",\"name\":\"admin\",\"image\":{\"@type\":\"ImageObject\",\"inLanguage\":\"it-IT\",\"@id\":\"https:\/\/giannidavico.it\/gopiedmont\/#\/schema\/person\/image\/\",\"url\":\"https:\/\/secure.gravatar.com\/avatar\/337748753d882602f3038b55fb369ba1?s=96&d=mm&r=g\",\"contentUrl\":\"https:\/\/secure.gravatar.com\/avatar\/337748753d882602f3038b55fb369ba1?s=96&d=mm&r=g\",\"caption\":\"admin\"},\"url\":\"https:\/\/giannidavico.it\/gopiedmont\/author\/admin\/\"}]}<\/script>\n<!-- \/ Yoast SEO plugin. -->","yoast_head_json":{"title":"Barba T\u00f2ni des agn d\u00f2p, un cit arc\u00f2rd - Go Piedmont","robots":{"index":"index","follow":"follow","max-snippet":"max-snippet:-1","max-image-preview":"max-image-preview:large","max-video-preview":"max-video-preview:-1"},"canonical":"https:\/\/giannidavico.it\/gopiedmont\/2009\/11\/15\/barba-toni-des-agn-dop-un-cit-arcord\/","og_locale":"it_IT","og_type":"article","og_title":"Barba T\u00f2ni des agn d\u00f2p, un cit arc\u00f2rd - Go Piedmont","og_description":"Ancheuj a son des agn da la m\u00f2rt d\u00ebl p\u00ec grand poeta piemont\u00e8is. Ambeless\u00ec a-i \u00e9 un m\u00e9 cit arc\u00f2rd: un video &#8216;d tre minute giuste, con la letura \u00ebd P\u00ec-a-mont-t\u00e8is,&nbsp; cola che scond mi a l&#8217;\u00e9 la p\u00ec bela poes\u00eca ch&#8217;a sia mai st\u00e0ita scrita an piemont\u00e8is.","og_url":"https:\/\/giannidavico.it\/gopiedmont\/2009\/11\/15\/barba-toni-des-agn-dop-un-cit-arcord\/","og_site_name":"Go Piedmont","article_published_time":"2009-11-15T07:41:00+00:00","article_modified_time":"2010-05-20T13:25:37+00:00","author":"admin","twitter_card":"summary_large_image","twitter_misc":{"Scritto da":"admin"},"schema":{"@context":"https:\/\/schema.org","@graph":[{"@type":"WebPage","@id":"https:\/\/giannidavico.it\/gopiedmont\/2009\/11\/15\/barba-toni-des-agn-dop-un-cit-arcord\/","url":"https:\/\/giannidavico.it\/gopiedmont\/2009\/11\/15\/barba-toni-des-agn-dop-un-cit-arcord\/","name":"Barba T\u00f2ni des agn d\u00f2p, un cit arc\u00f2rd - Go Piedmont","isPartOf":{"@id":"https:\/\/giannidavico.it\/gopiedmont\/#website"},"datePublished":"2009-11-15T07:41:00+00:00","dateModified":"2010-05-20T13:25:37+00:00","author":{"@id":"https:\/\/giannidavico.it\/gopiedmont\/#\/schema\/person\/6a96d8672f14b275ece93af45a6da78b"},"inLanguage":"it-IT","potentialAction":[{"@type":"ReadAction","target":["https:\/\/giannidavico.it\/gopiedmont\/2009\/11\/15\/barba-toni-des-agn-dop-un-cit-arcord\/"]}]},{"@type":"WebSite","@id":"https:\/\/giannidavico.it\/gopiedmont\/#website","url":"https:\/\/giannidavico.it\/gopiedmont\/","name":"Go Piedmont","description":"pens\u00e9 dzora l\u00ecber, event e p\u00ebrson-e grop\u00e0 al Piemont e a la lenga piemont\u00e8isa","potentialAction":[{"@type":"SearchAction","target":{"@type":"EntryPoint","urlTemplate":"https:\/\/giannidavico.it\/gopiedmont\/?s={search_term_string}"},"query-input":"required name=search_term_string"}],"inLanguage":"it-IT"},{"@type":"Person","@id":"https:\/\/giannidavico.it\/gopiedmont\/#\/schema\/person\/6a96d8672f14b275ece93af45a6da78b","name":"admin","image":{"@type":"ImageObject","inLanguage":"it-IT","@id":"https:\/\/giannidavico.it\/gopiedmont\/#\/schema\/person\/image\/","url":"https:\/\/secure.gravatar.com\/avatar\/337748753d882602f3038b55fb369ba1?s=96&d=mm&r=g","contentUrl":"https:\/\/secure.gravatar.com\/avatar\/337748753d882602f3038b55fb369ba1?s=96&d=mm&r=g","caption":"admin"},"url":"https:\/\/giannidavico.it\/gopiedmont\/author\/admin\/"}]}},"_links":{"self":[{"href":"https:\/\/giannidavico.it\/gopiedmont\/wp-json\/wp\/v2\/posts\/77"}],"collection":[{"href":"https:\/\/giannidavico.it\/gopiedmont\/wp-json\/wp\/v2\/posts"}],"about":[{"href":"https:\/\/giannidavico.it\/gopiedmont\/wp-json\/wp\/v2\/types\/post"}],"author":[{"embeddable":true,"href":"https:\/\/giannidavico.it\/gopiedmont\/wp-json\/wp\/v2\/users\/1"}],"replies":[{"embeddable":true,"href":"https:\/\/giannidavico.it\/gopiedmont\/wp-json\/wp\/v2\/comments?post=77"}],"version-history":[{"count":3,"href":"https:\/\/giannidavico.it\/gopiedmont\/wp-json\/wp\/v2\/posts\/77\/revisions"}],"predecessor-version":[{"id":302,"href":"https:\/\/giannidavico.it\/gopiedmont\/wp-json\/wp\/v2\/posts\/77\/revisions\/302"}],"wp:attachment":[{"href":"https:\/\/giannidavico.it\/gopiedmont\/wp-json\/wp\/v2\/media?parent=77"}],"wp:term":[{"taxonomy":"category","embeddable":true,"href":"https:\/\/giannidavico.it\/gopiedmont\/wp-json\/wp\/v2\/categories?post=77"},{"taxonomy":"post_tag","embeddable":true,"href":"https:\/\/giannidavico.it\/gopiedmont\/wp-json\/wp\/v2\/tags?post=77"}],"curies":[{"name":"wp","href":"https:\/\/api.w.org\/{rel}","templated":true}]}}