{"id":79,"date":"2009-11-22T18:50:00","date_gmt":"2009-11-22T18:50:00","guid":{"rendered":"https:\/\/giannidavico.it\/staging\/gopiedmont\/2009\/11\/22\/barba-toni-el-pi-a-mont-teis\/"},"modified":"2010-05-20T13:22:49","modified_gmt":"2010-05-20T13:22:49","slug":"barba-toni-el-pi-a-mont-teis","status":"publish","type":"post","link":"https:\/\/giannidavico.it\/gopiedmont\/2009\/11\/22\/barba-toni-el-pi-a-mont-teis\/","title":{"rendered":"Barba T\u00f2ni, \u00cbl P\u00ec-a-mont-t\u00e8is"},"content":{"rendered":"<p>\u00cbl piemont\u00e8is a venta<br \/>parlelo. Che meisin-a. Mej che la revalenta.<br \/>Con sarzet, patalica, b\u00ebrtavela c\u00ebrlica<br \/>\u00ebd mare grand\u2019antica,<br \/>ciaramelo, bramelo, \u2018n rienda e sosrienda,<br \/>mai anflelo, Giudflenda;<br \/>\u2018dc\u00f2 parlelo \u2018n pioranda, sangiutenda (da r\u00e0ir),<br \/>con l\u2019\u00ebs-ciandor ancreusa dij sant, lus \u00ebd j\u2019euj ci\u00e0ir,<br \/>con \u00ebd gest ch\u2019a s-ciuplin-o, ij p\u00ec bej, neuv e vej,<br \/>ij mej, tav\u00f2ta mej,<br \/>com ij savi cons\u00e8j, an giuganda a \u2018l par\u00f2le:<br \/>v\u00f2le \u2018d gi\u00f2le, sgaj\u00f2le d\u00eb \u2018l vi\u00f2le a batic\u00f2le,<br \/>p\u00ebr mostrejlo a coj-l\u00ec ch\u2019a l\u2019han \u00ebl gran\u2019 maleur<br \/>\u00ebd pa savilo, ahi D\u00e9, argalejne \u2018l boneur.<br \/>A venta scrivlo, \u00f2h gi\u00e0, e p\u00ec da-bin ch\u2019as peul,<br \/>a sc\u00f2la dl\u2019arsigneul, un reul d\u2019an pare an fieul,<br \/>dissionari a la man, sacrelo con la rima,<br \/>sima dla g\u00f2j, la prima.<br \/>A venta bisodielo:<br \/>j\u2019orassion ant la lenga dj\u2019\u00ebstrachin, dij cras\u00e0,<br \/>a valo tant \u00ebd p\u00ec, an modelo, arnovelo,<br \/>d\u00eb-ds\u00e0 p\u00ebr \u00ebl d\u00eb-dl\u00e0.<br \/>A venta leslo, e tant, dai paco ai dissionari,<br \/>la mist\u00e0 \u00ebd n\u00f2st Piamont, com\u2019a l\u2019\u00e9 \u2018l sant Sudari<br \/>cola d\u00ebl Sant Salvari,<br \/>mongioja, gesia, gl\u00f2ria, tes\u00f2r \u00ebd n\u00f2sta gent<br \/>p\u00ebr un novel advent.<br \/>E sonelo cantelo: canta coma s\u2019it fusse<br \/>\u2018l Capitani \u2018d Salusse<br \/>o Litron \u00ebl baron<br \/>o fomna: Lion\u00f2ta dla c\u00f2ma da lion.<br \/>A venta \u2018dc\u00f2 subielo: ti canta e mi i subij,<br \/>d\u2019\u00e0utri an compagneran, ciulucr\u00ece e ciusij.<br \/>A venta \u2018dc\u00f2 balelo, t\u00ebrlelo: t\u00ebrla e bala<br \/>ch\u00e8 l\u2019angel at argala l\u2019ala, al cel at trambala.<br \/>A venta teatrelo: con Gelindo e Gian-Doja<br \/>e findi Gariboja<br \/>ij tanti Pero Mica e \u2018l Mar\u00ece Briche, tante<br \/>p\u00ec che mirabiliante,<br \/>a seugno \u2018l Paradis<br \/>\u00ebstravis.<\/p>\n","protected":false},"excerpt":{"rendered":"<p>\u00cbl piemont\u00e8is a venta<br \/>parlelo. Che meisin-a. Mej che la revalenta.<br \/>Con sarzet, patalica, b\u00ebrtavela c\u00ebrlica<br \/>\u00ebd mare grand\u2019antica,<br \/>ciaramelo, bramelo, \u2018n rienda e sosrienda,<br \/>mai anflelo, Giudflenda;<br \/>\u2018dc\u00f2 parlelo \u2018n pioranda, sangiutenda (da r\u00e0ir),<br \/>con l\u2019\u00ebs-ciandor ancreusa dij sant, lus \u00ebd j\u2019euj ci\u00e0ir,<br \/>con \u00ebd gest ch\u2019a s-ciuplin-o, ij p\u00ec bej, neuv e vej,<br \/>ij mej, tav\u00f2ta mej,<br \/>com ij savi cons\u00e8j, an giuganda a \u2018l par\u00f2le:<br \/>v\u00f2le \u2018d gi\u00f2le, sgaj\u00f2le d\u00eb \u2018l vi\u00f2le a batic\u00f2le,<br \/>p\u00ebr mostrejlo a coj-l\u00ec ch\u2019a l\u2019han \u00ebl gran\u2019 maleur<br \/>\u00ebd pa savilo, ahi D\u00e9, argalejne \u2018l boneur.<br \/>A venta scrivlo, \u00f2h gi\u00e0, e p\u00ec da-bin ch\u2019as peul,<br \/>a sc\u00f2la dl\u2019arsigneul, un reul d\u2019an pare an fieul,<br \/>dissionari a la man, sacrelo con la rima,<br \/>sima dla g\u00f2j, la prima.<br \/>A venta bisodielo:<br \/>j\u2019orassion ant la lenga dj\u2019\u00ebstrachin, dij cras\u00e0,<br \/>a valo tant \u00ebd p\u00ec, an modelo, arnovelo,<br \/>d\u00eb-ds\u00e0 p\u00ebr \u00ebl d\u00eb-dl\u00e0.<br \/>A venta leslo, e tant, dai paco ai dissionari,<br \/>la mist\u00e0 \u00ebd n\u00f2st Piamont, com\u2019a l\u2019\u00e9 \u2018l sant Sudari<br \/>cola d\u00ebl Sant Salvari,<br \/>mongioja, gesia, gl\u00f2ria, tes\u00f2r \u00ebd n\u00f2sta gent<br \/>p\u00ebr un novel advent.<br \/>E sonelo cantelo: canta coma s\u2019it fusse<br \/>\u2018l Capitani \u2018d Salusse<br \/>o Litron \u00ebl baron<br \/>o fomna: Lion\u00f2ta [\u2026] <a class=\"moretag\" href=\"https:\/\/giannidavico.it\/gopiedmont\/2009\/11\/22\/barba-toni-el-pi-a-mont-teis\/\">continua a leggere \u00bb<\/a><\/p>\n","protected":false},"author":1,"featured_media":0,"comment_status":"open","ping_status":"open","sticky":false,"template":"","format":"standard","meta":[],"categories":[130],"tags":[132,104],"yoast_head":"<!-- This site is optimized with the Yoast SEO plugin v19.14 - https:\/\/yoast.com\/wordpress\/plugins\/seo\/ -->\n<title>Barba T\u00f2ni, \u00cbl P\u00ec-a-mont-t\u00e8is - Go Piedmont<\/title>\n<meta name=\"robots\" content=\"index, follow, max-snippet:-1, max-image-preview:large, max-video-preview:-1\" \/>\n<link rel=\"canonical\" href=\"https:\/\/giannidavico.it\/gopiedmont\/2009\/11\/22\/barba-toni-el-pi-a-mont-teis\/\" \/>\n<meta property=\"og:locale\" content=\"it_IT\" \/>\n<meta property=\"og:type\" content=\"article\" \/>\n<meta property=\"og:title\" content=\"Barba T\u00f2ni, \u00cbl P\u00ec-a-mont-t\u00e8is - Go Piedmont\" \/>\n<meta property=\"og:description\" content=\"\u00cbl piemont\u00e8is a ventaparlelo. Che meisin-a. Mej che la revalenta.Con sarzet, patalica, b\u00ebrtavela c\u00ebrlica\u00ebd mare grand\u2019antica,ciaramelo, bramelo, \u2018n rienda e sosrienda,mai anflelo, Giudflenda;\u2018dc\u00f2 parlelo \u2018n pioranda, sangiutenda (da r\u00e0ir),con l\u2019\u00ebs-ciandor ancreusa dij sant, lus \u00ebd j\u2019euj ci\u00e0ir,con \u00ebd gest ch\u2019a s-ciuplin-o, ij p\u00ec bej, neuv e vej,ij mej, tav\u00f2ta mej,com ij savi cons\u00e8j, an giuganda a \u2018l par\u00f2le:v\u00f2le \u2018d gi\u00f2le, sgaj\u00f2le d\u00eb \u2018l vi\u00f2le a batic\u00f2le,p\u00ebr mostrejlo a coj-l\u00ec ch\u2019a l\u2019han \u00ebl gran\u2019 maleur\u00ebd pa savilo, ahi D\u00e9, argalejne \u2018l boneur.A venta scrivlo, \u00f2h gi\u00e0, e p\u00ec da-bin ch\u2019as peul,a sc\u00f2la dl\u2019arsigneul, un reul d\u2019an pare an fieul,dissionari a la man, sacrelo con la rima,sima dla g\u00f2j, la prima.A venta bisodielo:j\u2019orassion ant la lenga dj\u2019\u00ebstrachin, dij cras\u00e0,a valo tant \u00ebd p\u00ec, an modelo, arnovelo,d\u00eb-ds\u00e0 p\u00ebr \u00ebl d\u00eb-dl\u00e0.A venta leslo, e tant, dai paco ai dissionari,la mist\u00e0 \u00ebd n\u00f2st Piamont, com\u2019a l\u2019\u00e9 \u2018l sant Sudaricola d\u00ebl Sant Salvari,mongioja, gesia, gl\u00f2ria, tes\u00f2r \u00ebd n\u00f2sta gentp\u00ebr un novel advent.E sonelo cantelo: canta coma s\u2019it fusse\u2018l Capitani \u2018d Salusseo Litron \u00ebl barono fomna: Lion\u00f2ta [\u2026] continua a leggere \u00bb\" \/>\n<meta property=\"og:url\" content=\"https:\/\/giannidavico.it\/gopiedmont\/2009\/11\/22\/barba-toni-el-pi-a-mont-teis\/\" \/>\n<meta property=\"og:site_name\" content=\"Go Piedmont\" \/>\n<meta property=\"article:published_time\" content=\"2009-11-22T18:50:00+00:00\" \/>\n<meta property=\"article:modified_time\" content=\"2010-05-20T13:22:49+00:00\" \/>\n<meta name=\"author\" content=\"admin\" \/>\n<meta name=\"twitter:card\" content=\"summary_large_image\" \/>\n<meta name=\"twitter:label1\" content=\"Scritto da\" \/>\n\t<meta name=\"twitter:data1\" content=\"admin\" \/>\n\t<meta name=\"twitter:label2\" content=\"Tempo di lettura stimato\" \/>\n\t<meta name=\"twitter:data2\" content=\"2 minuti\" \/>\n<script type=\"application\/ld+json\" class=\"yoast-schema-graph\">{\"@context\":\"https:\/\/schema.org\",\"@graph\":[{\"@type\":\"WebPage\",\"@id\":\"https:\/\/giannidavico.it\/gopiedmont\/2009\/11\/22\/barba-toni-el-pi-a-mont-teis\/\",\"url\":\"https:\/\/giannidavico.it\/gopiedmont\/2009\/11\/22\/barba-toni-el-pi-a-mont-teis\/\",\"name\":\"Barba T\u00f2ni, \u00cbl P\u00ec-a-mont-t\u00e8is - Go Piedmont\",\"isPartOf\":{\"@id\":\"https:\/\/giannidavico.it\/gopiedmont\/#website\"},\"datePublished\":\"2009-11-22T18:50:00+00:00\",\"dateModified\":\"2010-05-20T13:22:49+00:00\",\"author\":{\"@id\":\"https:\/\/giannidavico.it\/gopiedmont\/#\/schema\/person\/6a96d8672f14b275ece93af45a6da78b\"},\"inLanguage\":\"it-IT\",\"potentialAction\":[{\"@type\":\"ReadAction\",\"target\":[\"https:\/\/giannidavico.it\/gopiedmont\/2009\/11\/22\/barba-toni-el-pi-a-mont-teis\/\"]}]},{\"@type\":\"WebSite\",\"@id\":\"https:\/\/giannidavico.it\/gopiedmont\/#website\",\"url\":\"https:\/\/giannidavico.it\/gopiedmont\/\",\"name\":\"Go Piedmont\",\"description\":\"pens\u00e9 dzora l\u00ecber, event e p\u00ebrson-e grop\u00e0 al Piemont e a la lenga piemont\u00e8isa\",\"potentialAction\":[{\"@type\":\"SearchAction\",\"target\":{\"@type\":\"EntryPoint\",\"urlTemplate\":\"https:\/\/giannidavico.it\/gopiedmont\/?s={search_term_string}\"},\"query-input\":\"required name=search_term_string\"}],\"inLanguage\":\"it-IT\"},{\"@type\":\"Person\",\"@id\":\"https:\/\/giannidavico.it\/gopiedmont\/#\/schema\/person\/6a96d8672f14b275ece93af45a6da78b\",\"name\":\"admin\",\"image\":{\"@type\":\"ImageObject\",\"inLanguage\":\"it-IT\",\"@id\":\"https:\/\/giannidavico.it\/gopiedmont\/#\/schema\/person\/image\/\",\"url\":\"https:\/\/secure.gravatar.com\/avatar\/337748753d882602f3038b55fb369ba1?s=96&d=mm&r=g\",\"contentUrl\":\"https:\/\/secure.gravatar.com\/avatar\/337748753d882602f3038b55fb369ba1?s=96&d=mm&r=g\",\"caption\":\"admin\"},\"url\":\"https:\/\/giannidavico.it\/gopiedmont\/author\/admin\/\"}]}<\/script>\n<!-- \/ Yoast SEO plugin. -->","yoast_head_json":{"title":"Barba T\u00f2ni, \u00cbl P\u00ec-a-mont-t\u00e8is - Go Piedmont","robots":{"index":"index","follow":"follow","max-snippet":"max-snippet:-1","max-image-preview":"max-image-preview:large","max-video-preview":"max-video-preview:-1"},"canonical":"https:\/\/giannidavico.it\/gopiedmont\/2009\/11\/22\/barba-toni-el-pi-a-mont-teis\/","og_locale":"it_IT","og_type":"article","og_title":"Barba T\u00f2ni, \u00cbl P\u00ec-a-mont-t\u00e8is - Go Piedmont","og_description":"\u00cbl piemont\u00e8is a ventaparlelo. Che meisin-a. Mej che la revalenta.Con sarzet, patalica, b\u00ebrtavela c\u00ebrlica\u00ebd mare grand\u2019antica,ciaramelo, bramelo, \u2018n rienda e sosrienda,mai anflelo, Giudflenda;\u2018dc\u00f2 parlelo \u2018n pioranda, sangiutenda (da r\u00e0ir),con l\u2019\u00ebs-ciandor ancreusa dij sant, lus \u00ebd j\u2019euj ci\u00e0ir,con \u00ebd gest ch\u2019a s-ciuplin-o, ij p\u00ec bej, neuv e vej,ij mej, tav\u00f2ta mej,com ij savi cons\u00e8j, an giuganda a \u2018l par\u00f2le:v\u00f2le \u2018d gi\u00f2le, sgaj\u00f2le d\u00eb \u2018l vi\u00f2le a batic\u00f2le,p\u00ebr mostrejlo a coj-l\u00ec ch\u2019a l\u2019han \u00ebl gran\u2019 maleur\u00ebd pa savilo, ahi D\u00e9, argalejne \u2018l boneur.A venta scrivlo, \u00f2h gi\u00e0, e p\u00ec da-bin ch\u2019as peul,a sc\u00f2la dl\u2019arsigneul, un reul d\u2019an pare an fieul,dissionari a la man, sacrelo con la rima,sima dla g\u00f2j, la prima.A venta bisodielo:j\u2019orassion ant la lenga dj\u2019\u00ebstrachin, dij cras\u00e0,a valo tant \u00ebd p\u00ec, an modelo, arnovelo,d\u00eb-ds\u00e0 p\u00ebr \u00ebl d\u00eb-dl\u00e0.A venta leslo, e tant, dai paco ai dissionari,la mist\u00e0 \u00ebd n\u00f2st Piamont, com\u2019a l\u2019\u00e9 \u2018l sant Sudaricola d\u00ebl Sant Salvari,mongioja, gesia, gl\u00f2ria, tes\u00f2r \u00ebd n\u00f2sta gentp\u00ebr un novel advent.E sonelo cantelo: canta coma s\u2019it fusse\u2018l Capitani \u2018d Salusseo Litron \u00ebl barono fomna: Lion\u00f2ta [\u2026] continua a leggere \u00bb","og_url":"https:\/\/giannidavico.it\/gopiedmont\/2009\/11\/22\/barba-toni-el-pi-a-mont-teis\/","og_site_name":"Go Piedmont","article_published_time":"2009-11-22T18:50:00+00:00","article_modified_time":"2010-05-20T13:22:49+00:00","author":"admin","twitter_card":"summary_large_image","twitter_misc":{"Scritto da":"admin","Tempo di lettura stimato":"2 minuti"},"schema":{"@context":"https:\/\/schema.org","@graph":[{"@type":"WebPage","@id":"https:\/\/giannidavico.it\/gopiedmont\/2009\/11\/22\/barba-toni-el-pi-a-mont-teis\/","url":"https:\/\/giannidavico.it\/gopiedmont\/2009\/11\/22\/barba-toni-el-pi-a-mont-teis\/","name":"Barba T\u00f2ni, \u00cbl P\u00ec-a-mont-t\u00e8is - Go Piedmont","isPartOf":{"@id":"https:\/\/giannidavico.it\/gopiedmont\/#website"},"datePublished":"2009-11-22T18:50:00+00:00","dateModified":"2010-05-20T13:22:49+00:00","author":{"@id":"https:\/\/giannidavico.it\/gopiedmont\/#\/schema\/person\/6a96d8672f14b275ece93af45a6da78b"},"inLanguage":"it-IT","potentialAction":[{"@type":"ReadAction","target":["https:\/\/giannidavico.it\/gopiedmont\/2009\/11\/22\/barba-toni-el-pi-a-mont-teis\/"]}]},{"@type":"WebSite","@id":"https:\/\/giannidavico.it\/gopiedmont\/#website","url":"https:\/\/giannidavico.it\/gopiedmont\/","name":"Go Piedmont","description":"pens\u00e9 dzora l\u00ecber, event e p\u00ebrson-e grop\u00e0 al Piemont e a la lenga piemont\u00e8isa","potentialAction":[{"@type":"SearchAction","target":{"@type":"EntryPoint","urlTemplate":"https:\/\/giannidavico.it\/gopiedmont\/?s={search_term_string}"},"query-input":"required name=search_term_string"}],"inLanguage":"it-IT"},{"@type":"Person","@id":"https:\/\/giannidavico.it\/gopiedmont\/#\/schema\/person\/6a96d8672f14b275ece93af45a6da78b","name":"admin","image":{"@type":"ImageObject","inLanguage":"it-IT","@id":"https:\/\/giannidavico.it\/gopiedmont\/#\/schema\/person\/image\/","url":"https:\/\/secure.gravatar.com\/avatar\/337748753d882602f3038b55fb369ba1?s=96&d=mm&r=g","contentUrl":"https:\/\/secure.gravatar.com\/avatar\/337748753d882602f3038b55fb369ba1?s=96&d=mm&r=g","caption":"admin"},"url":"https:\/\/giannidavico.it\/gopiedmont\/author\/admin\/"}]}},"_links":{"self":[{"href":"https:\/\/giannidavico.it\/gopiedmont\/wp-json\/wp\/v2\/posts\/79"}],"collection":[{"href":"https:\/\/giannidavico.it\/gopiedmont\/wp-json\/wp\/v2\/posts"}],"about":[{"href":"https:\/\/giannidavico.it\/gopiedmont\/wp-json\/wp\/v2\/types\/post"}],"author":[{"embeddable":true,"href":"https:\/\/giannidavico.it\/gopiedmont\/wp-json\/wp\/v2\/users\/1"}],"replies":[{"embeddable":true,"href":"https:\/\/giannidavico.it\/gopiedmont\/wp-json\/wp\/v2\/comments?post=79"}],"version-history":[{"count":1,"href":"https:\/\/giannidavico.it\/gopiedmont\/wp-json\/wp\/v2\/posts\/79\/revisions"}],"predecessor-version":[{"id":299,"href":"https:\/\/giannidavico.it\/gopiedmont\/wp-json\/wp\/v2\/posts\/79\/revisions\/299"}],"wp:attachment":[{"href":"https:\/\/giannidavico.it\/gopiedmont\/wp-json\/wp\/v2\/media?parent=79"}],"wp:term":[{"taxonomy":"category","embeddable":true,"href":"https:\/\/giannidavico.it\/gopiedmont\/wp-json\/wp\/v2\/categories?post=79"},{"taxonomy":"post_tag","embeddable":true,"href":"https:\/\/giannidavico.it\/gopiedmont\/wp-json\/wp\/v2\/tags?post=79"}],"curies":[{"name":"wp","href":"https:\/\/api.w.org\/{rel}","templated":true}]}}