{"id":795,"date":"2011-06-08T08:02:51","date_gmt":"2011-06-08T08:02:51","guid":{"rendered":"https:\/\/giannidavico.it\/staging\/gopiedmont\/?p=795"},"modified":"2013-12-17T14:24:44","modified_gmt":"2013-12-17T13:24:44","slug":"filumena-marturano","status":"publish","type":"post","link":"https:\/\/giannidavico.it\/gopiedmont\/2011\/06\/08\/filumena-marturano\/","title":{"rendered":"Filumena Marturano"},"content":{"rendered":"<p><a href=\"https:\/\/giannidavico.it\/gopiedmont\/files\/2011\/06\/Filumena-Marturano.jpg\"><img loading=\"lazy\" src=\"https:\/\/giannidavico.it\/gopiedmont\/files\/2011\/06\/Filumena-Marturano-300x210.jpg\" alt=\"\" title=\"Filumena Marturano\" width=\"300\" height=\"210\" class=\"alignright size-medium wp-image-797\" srcset=\"https:\/\/giannidavico.it\/gopiedmont\/files\/2011\/06\/Filumena-Marturano-300x210.jpg 300w, https:\/\/giannidavico.it\/gopiedmont\/files\/2011\/06\/Filumena-Marturano.jpg 350w\" sizes=\"(max-width: 300px) 100vw, 300px\" \/><\/a><br \/>\nSentme bin, Min\u00f2t, e peui i na parloma p\u00ec. I l\u2019hai vorsute bin con tute le f\u00f2rse \u2018d mia vita! Ti p\u00ebr mi it ses st\u00e0it sempe un Dio&#8230; e it veuj ancora bin, e a peul esse mej che prima&#8230;<\/p>\n<p>Ah, l\u00f2n ch\u2019it l\u2019has f\u00e0it, Min\u00f2t!&#8230; It l\u2019as vors\u00f9 seufre p\u00ebr f\u00f2rsa&#8230; Nosgnor a l\u2019av\u00eca date tut per esse content: salute, presensa, dn\u00e9&#8230; a mi: a mi, che p\u00ebr nen dete un dolor i sar\u00eca st\u00e0ita ciuto, i l\u2019avr\u00eca parl\u00e0 gnanca an pont \u00ebd m\u00f2rt&#8230; e ti, ti it sar\u00ece st\u00e0it l\u2019\u00f2mo generos che a l\u2019av\u00eca f\u00e0it d\u00ebl bin a tre d\u00ebsgrassi\u00e0&#8230;<\/p>\n<p>Ciamimlo p\u00ec nen p\u00ebrch\u00e8 it lo diso nen. I peuss nen ditlo&#8230; E ti it deuve esse galant\u00f2m a nen ciamemlo mai, p\u00ebrch\u00e8, per la bin ch\u2019it veuj, ant un moment \u00ebd debol\u00ebssa, Min\u00f2t&#8230; e a sar\u00eca la n\u00f2sta rovin-a.<\/p>\n<p>Ma it l\u2019has nen vist che, pen-a ch\u2019i l\u2019hai dit che t\u00f2 fieul a j\u2019era l\u2019idr\u00e0ulich, s\u00f9bit it l\u2019has ancamin\u00e0 a pens\u00e9 ai s\u00f2ld&#8230; \u00ebl capital&#8230; \u00ebl gran neg\u00f2ssi&#8230; P\u00ebrch\u00e8 ti \u2018t pre\u00f2cupe, e giustament, p\u00ebrch\u00e8 ti \u2018t dise: \u00abIj s\u00f2ld a son ij m\u00e9\u00bb. E it ancamin-e a pens\u00e9: \u00abE p\u00ebrch\u00e8 i peuss nen dijlo ch\u2019i son \u00ebl pap\u00e0?\u00bb \u00abE j\u2019\u00e0utri doi chi ch\u2019a son?\u00bb \u00abChe dirit ch\u2019a l\u2019han?\u00bb<\/p>\n<p>L\u2019infern!&#8230; Ti \u2018t capisse che l\u2019interessi a-j butr\u00eca l\u2019un contra l\u2019\u00e0utr&#8230; A son tre \u00f2mo, nen tre cit. A sar\u00eco bon a massesse tra \u2018d lor&#8230; Pensa nen a ti, pensa nen a mi&#8230; pensa a lor. Min\u00f2t, \u00ebl bel dij fieuj noi i l\u2019oma perdulo!&#8230;<\/p>\n<p>Ij cit a son coj ch\u2019as ten-o an brass, quand ch\u2019a son masn\u00e0, ch\u2019at dann preocupassion quand ch\u2019a son malavi e a san nen dite l\u00f2n ch\u2019as sento&#8230; Ch\u2019at coro ancontra con ij brass\u00f2t duvert, disend: \u00abPap\u00e0!\u00bb&#8230; C\u00f2j che it j\u00eb v\u00ebdde vn\u00ec da scola con le manin-e fr\u00e8ide e \u00ebl nasin ross e at serco la sorpr\u00e8isa&#8230;<\/p>\n<p>Ma quand ch\u2019a son ch\u00ebrs\u00f9, quand ch\u2019a son \u00f2mo, o a son fieuj tuti ansema o a son nemis&#8230;<\/p>\n<p>Ti it ses ancora an temp. Mal it na veuj nen&#8230; Lassoma st\u00e9 le c\u00f2se coma ch\u2019a stan, e ognidun a va p\u00ebr soa stra!<\/p>\n<p>Eduardo De Filippo, mon\u00f2logh \u00ebd Filumena Marturano, at III<br \/>\nTradussion \u00ebd Gioanin Davico<\/p>\n","protected":false},"excerpt":{"rendered":"<p><a href=\"https:\/\/giannidavico.it\/gopiedmont\/files\/2011\/06\/Filumena-Marturano.jpg\"><img loading=\"lazy\" src=\"https:\/\/giannidavico.it\/gopiedmont\/files\/2011\/06\/Filumena-Marturano-300x210.jpg\" alt=\"\" title=\"Filumena Marturano\" width=\"300\" height=\"210\" class=\"alignright size-medium wp-image-797\" srcset=\"https:\/\/giannidavico.it\/gopiedmont\/files\/2011\/06\/Filumena-Marturano-300x210.jpg 300w, https:\/\/giannidavico.it\/gopiedmont\/files\/2011\/06\/Filumena-Marturano.jpg 350w\" sizes=\"(max-width: 300px) 100vw, 300px\" \/><\/a><br \/> Sentme bin, Min\u00f2t, e peui i na parloma p\u00ec. I l\u2019hai vorsute bin con tute le f\u00f2rse \u2018d mia vita! Ti p\u00ebr mi it ses st\u00e0it sempe un Dio&#8230; e it veuj ancora bin, e a peul esse mej che prima&#8230;<\/p>\n<p>Ah, l\u00f2n ch\u2019it l\u2019has f\u00e0it, Min\u00f2t!&#8230; It l\u2019as vors\u00f9 seufre p\u00ebr f\u00f2rsa&#8230; Nosgnor a l\u2019av\u00eca date tut per esse content: salute, presensa, dn\u00e9&#8230; a mi: a mi, che p\u00ebr nen dete un dolor i sar\u00eca st\u00e0ita ciuto, i l\u2019avr\u00eca parl\u00e0 gnanca an pont \u00ebd m\u00f2rt&#8230; e ti, ti it sar\u00ece st\u00e0it l\u2019\u00f2mo generos che a l\u2019av\u00eca f\u00e0it d\u00ebl bin a tre d\u00ebsgrassi\u00e0&#8230;<\/p>\n<p>Ciamimlo p\u00ec nen p\u00ebrch\u00e8 it lo diso nen. I peuss nen ditlo&#8230; E ti it deuve esse galant\u00f2m a nen ciamemlo mai, p\u00ebrch\u00e8, per la bin ch\u2019it veuj, ant un moment \u00ebd debol\u00ebssa, Min\u00f2t&#8230; e a sar\u00eca la n\u00f2sta rovin-a.<\/p>\n<p>Ma it l\u2019has nen vist che, pen-a ch\u2019i l\u2019hai dit che t\u00f2 fieul a j\u2019era l\u2019idr\u00e0ulich, s\u00f9bit it l\u2019has ancamin\u00e0 a pens\u00e9 ai s\u00f2ld&#8230; \u00ebl capital&#8230; \u00ebl gran neg\u00f2ssi&#8230; P\u00ebrch\u00e8 ti \u2018t pre\u00f2cupe, e giustament, [\u2026] <a class=\"moretag\" href=\"https:\/\/giannidavico.it\/gopiedmont\/2011\/06\/08\/filumena-marturano\/\">continua a leggere \u00bb<\/a><\/p>\n","protected":false},"author":4,"featured_media":0,"comment_status":"open","ping_status":"open","sticky":false,"template":"","format":"standard","meta":[],"categories":[130],"tags":[104],"yoast_head":"<!-- This site is optimized with the Yoast SEO plugin v19.14 - https:\/\/yoast.com\/wordpress\/plugins\/seo\/ -->\n<title>Filumena Marturano - Go Piedmont<\/title>\n<meta name=\"robots\" content=\"index, follow, max-snippet:-1, max-image-preview:large, max-video-preview:-1\" \/>\n<link rel=\"canonical\" href=\"https:\/\/giannidavico.it\/gopiedmont\/2011\/06\/08\/filumena-marturano\/\" \/>\n<meta property=\"og:locale\" content=\"it_IT\" \/>\n<meta property=\"og:type\" content=\"article\" \/>\n<meta property=\"og:title\" content=\"Filumena Marturano - Go Piedmont\" \/>\n<meta property=\"og:description\" content=\"Sentme bin, Min\u00f2t, e peui i na parloma p\u00ec. I l\u2019hai vorsute bin con tute le f\u00f2rse \u2018d mia vita! Ti p\u00ebr mi it ses st\u00e0it sempe un Dio&#8230; e it veuj ancora bin, e a peul esse mej che prima&#8230; Ah, l\u00f2n ch\u2019it l\u2019has f\u00e0it, Min\u00f2t!&#8230; It l\u2019as vors\u00f9 seufre p\u00ebr f\u00f2rsa&#8230; Nosgnor a l\u2019av\u00eca date tut per esse content: salute, presensa, dn\u00e9&#8230; a mi: a mi, che p\u00ebr nen dete un dolor i sar\u00eca st\u00e0ita ciuto, i l\u2019avr\u00eca parl\u00e0 gnanca an pont \u00ebd m\u00f2rt&#8230; e ti, ti it sar\u00ece st\u00e0it l\u2019\u00f2mo generos che a l\u2019av\u00eca f\u00e0it d\u00ebl bin a tre d\u00ebsgrassi\u00e0&#8230; Ciamimlo p\u00ec nen p\u00ebrch\u00e8 it lo diso nen. I peuss nen ditlo&#8230; E ti it deuve esse galant\u00f2m a nen ciamemlo mai, p\u00ebrch\u00e8, per la bin ch\u2019it veuj, ant un moment \u00ebd debol\u00ebssa, Min\u00f2t&#8230; e a sar\u00eca la n\u00f2sta rovin-a. Ma it l\u2019has nen vist che, pen-a ch\u2019i l\u2019hai dit che t\u00f2 fieul a j\u2019era l\u2019idr\u00e0ulich, s\u00f9bit it l\u2019has ancamin\u00e0 a pens\u00e9 ai s\u00f2ld&#8230; \u00ebl capital&#8230; \u00ebl gran neg\u00f2ssi&#8230; P\u00ebrch\u00e8 ti \u2018t pre\u00f2cupe, e giustament, [\u2026] continua a leggere \u00bb\" \/>\n<meta property=\"og:url\" content=\"https:\/\/giannidavico.it\/gopiedmont\/2011\/06\/08\/filumena-marturano\/\" \/>\n<meta property=\"og:site_name\" content=\"Go Piedmont\" \/>\n<meta property=\"article:published_time\" content=\"2011-06-08T08:02:51+00:00\" \/>\n<meta property=\"article:modified_time\" content=\"2013-12-17T13:24:44+00:00\" \/>\n<meta property=\"og:image\" content=\"https:\/\/giannidavico.it\/gopiedmont\/files\/2011\/06\/Filumena-Marturano-300x210.jpg\" \/>\n<meta name=\"author\" content=\"giannidavico\" \/>\n<meta name=\"twitter:card\" content=\"summary_large_image\" \/>\n<meta name=\"twitter:label1\" content=\"Scritto da\" \/>\n\t<meta name=\"twitter:data1\" content=\"giannidavico\" \/>\n\t<meta name=\"twitter:label2\" content=\"Tempo di lettura stimato\" \/>\n\t<meta name=\"twitter:data2\" content=\"2 minuti\" \/>\n<script type=\"application\/ld+json\" class=\"yoast-schema-graph\">{\"@context\":\"https:\/\/schema.org\",\"@graph\":[{\"@type\":\"WebPage\",\"@id\":\"https:\/\/giannidavico.it\/gopiedmont\/2011\/06\/08\/filumena-marturano\/\",\"url\":\"https:\/\/giannidavico.it\/gopiedmont\/2011\/06\/08\/filumena-marturano\/\",\"name\":\"Filumena Marturano - Go Piedmont\",\"isPartOf\":{\"@id\":\"https:\/\/giannidavico.it\/gopiedmont\/#website\"},\"datePublished\":\"2011-06-08T08:02:51+00:00\",\"dateModified\":\"2013-12-17T13:24:44+00:00\",\"author\":{\"@id\":\"https:\/\/giannidavico.it\/gopiedmont\/#\/schema\/person\/ea1fd17d8f2dba325f3712219efa8f77\"},\"inLanguage\":\"it-IT\",\"potentialAction\":[{\"@type\":\"ReadAction\",\"target\":[\"https:\/\/giannidavico.it\/gopiedmont\/2011\/06\/08\/filumena-marturano\/\"]}]},{\"@type\":\"WebSite\",\"@id\":\"https:\/\/giannidavico.it\/gopiedmont\/#website\",\"url\":\"https:\/\/giannidavico.it\/gopiedmont\/\",\"name\":\"Go Piedmont\",\"description\":\"pens\u00e9 dzora l\u00ecber, event e p\u00ebrson-e grop\u00e0 al Piemont e a la lenga piemont\u00e8isa\",\"potentialAction\":[{\"@type\":\"SearchAction\",\"target\":{\"@type\":\"EntryPoint\",\"urlTemplate\":\"https:\/\/giannidavico.it\/gopiedmont\/?s={search_term_string}\"},\"query-input\":\"required name=search_term_string\"}],\"inLanguage\":\"it-IT\"},{\"@type\":\"Person\",\"@id\":\"https:\/\/giannidavico.it\/gopiedmont\/#\/schema\/person\/ea1fd17d8f2dba325f3712219efa8f77\",\"name\":\"giannidavico\",\"image\":{\"@type\":\"ImageObject\",\"inLanguage\":\"it-IT\",\"@id\":\"https:\/\/giannidavico.it\/gopiedmont\/#\/schema\/person\/image\/\",\"url\":\"https:\/\/secure.gravatar.com\/avatar\/337748753d882602f3038b55fb369ba1?s=96&d=mm&r=g\",\"contentUrl\":\"https:\/\/secure.gravatar.com\/avatar\/337748753d882602f3038b55fb369ba1?s=96&d=mm&r=g\",\"caption\":\"giannidavico\"},\"url\":\"https:\/\/giannidavico.it\/gopiedmont\/author\/giannidavico\/\"}]}<\/script>\n<!-- \/ Yoast SEO plugin. -->","yoast_head_json":{"title":"Filumena Marturano - Go Piedmont","robots":{"index":"index","follow":"follow","max-snippet":"max-snippet:-1","max-image-preview":"max-image-preview:large","max-video-preview":"max-video-preview:-1"},"canonical":"https:\/\/giannidavico.it\/gopiedmont\/2011\/06\/08\/filumena-marturano\/","og_locale":"it_IT","og_type":"article","og_title":"Filumena Marturano - Go Piedmont","og_description":"Sentme bin, Min\u00f2t, e peui i na parloma p\u00ec. I l\u2019hai vorsute bin con tute le f\u00f2rse \u2018d mia vita! Ti p\u00ebr mi it ses st\u00e0it sempe un Dio&#8230; e it veuj ancora bin, e a peul esse mej che prima&#8230; Ah, l\u00f2n ch\u2019it l\u2019has f\u00e0it, Min\u00f2t!&#8230; It l\u2019as vors\u00f9 seufre p\u00ebr f\u00f2rsa&#8230; Nosgnor a l\u2019av\u00eca date tut per esse content: salute, presensa, dn\u00e9&#8230; a mi: a mi, che p\u00ebr nen dete un dolor i sar\u00eca st\u00e0ita ciuto, i l\u2019avr\u00eca parl\u00e0 gnanca an pont \u00ebd m\u00f2rt&#8230; e ti, ti it sar\u00ece st\u00e0it l\u2019\u00f2mo generos che a l\u2019av\u00eca f\u00e0it d\u00ebl bin a tre d\u00ebsgrassi\u00e0&#8230; Ciamimlo p\u00ec nen p\u00ebrch\u00e8 it lo diso nen. I peuss nen ditlo&#8230; E ti it deuve esse galant\u00f2m a nen ciamemlo mai, p\u00ebrch\u00e8, per la bin ch\u2019it veuj, ant un moment \u00ebd debol\u00ebssa, Min\u00f2t&#8230; e a sar\u00eca la n\u00f2sta rovin-a. Ma it l\u2019has nen vist che, pen-a ch\u2019i l\u2019hai dit che t\u00f2 fieul a j\u2019era l\u2019idr\u00e0ulich, s\u00f9bit it l\u2019has ancamin\u00e0 a pens\u00e9 ai s\u00f2ld&#8230; \u00ebl capital&#8230; \u00ebl gran neg\u00f2ssi&#8230; P\u00ebrch\u00e8 ti \u2018t pre\u00f2cupe, e giustament, [\u2026] continua a leggere \u00bb","og_url":"https:\/\/giannidavico.it\/gopiedmont\/2011\/06\/08\/filumena-marturano\/","og_site_name":"Go Piedmont","article_published_time":"2011-06-08T08:02:51+00:00","article_modified_time":"2013-12-17T13:24:44+00:00","og_image":[{"url":"https:\/\/giannidavico.it\/gopiedmont\/files\/2011\/06\/Filumena-Marturano-300x210.jpg"}],"author":"giannidavico","twitter_card":"summary_large_image","twitter_misc":{"Scritto da":"giannidavico","Tempo di lettura stimato":"2 minuti"},"schema":{"@context":"https:\/\/schema.org","@graph":[{"@type":"WebPage","@id":"https:\/\/giannidavico.it\/gopiedmont\/2011\/06\/08\/filumena-marturano\/","url":"https:\/\/giannidavico.it\/gopiedmont\/2011\/06\/08\/filumena-marturano\/","name":"Filumena Marturano - Go Piedmont","isPartOf":{"@id":"https:\/\/giannidavico.it\/gopiedmont\/#website"},"datePublished":"2011-06-08T08:02:51+00:00","dateModified":"2013-12-17T13:24:44+00:00","author":{"@id":"https:\/\/giannidavico.it\/gopiedmont\/#\/schema\/person\/ea1fd17d8f2dba325f3712219efa8f77"},"inLanguage":"it-IT","potentialAction":[{"@type":"ReadAction","target":["https:\/\/giannidavico.it\/gopiedmont\/2011\/06\/08\/filumena-marturano\/"]}]},{"@type":"WebSite","@id":"https:\/\/giannidavico.it\/gopiedmont\/#website","url":"https:\/\/giannidavico.it\/gopiedmont\/","name":"Go Piedmont","description":"pens\u00e9 dzora l\u00ecber, event e p\u00ebrson-e grop\u00e0 al Piemont e a la lenga piemont\u00e8isa","potentialAction":[{"@type":"SearchAction","target":{"@type":"EntryPoint","urlTemplate":"https:\/\/giannidavico.it\/gopiedmont\/?s={search_term_string}"},"query-input":"required name=search_term_string"}],"inLanguage":"it-IT"},{"@type":"Person","@id":"https:\/\/giannidavico.it\/gopiedmont\/#\/schema\/person\/ea1fd17d8f2dba325f3712219efa8f77","name":"giannidavico","image":{"@type":"ImageObject","inLanguage":"it-IT","@id":"https:\/\/giannidavico.it\/gopiedmont\/#\/schema\/person\/image\/","url":"https:\/\/secure.gravatar.com\/avatar\/337748753d882602f3038b55fb369ba1?s=96&d=mm&r=g","contentUrl":"https:\/\/secure.gravatar.com\/avatar\/337748753d882602f3038b55fb369ba1?s=96&d=mm&r=g","caption":"giannidavico"},"url":"https:\/\/giannidavico.it\/gopiedmont\/author\/giannidavico\/"}]}},"_links":{"self":[{"href":"https:\/\/giannidavico.it\/gopiedmont\/wp-json\/wp\/v2\/posts\/795"}],"collection":[{"href":"https:\/\/giannidavico.it\/gopiedmont\/wp-json\/wp\/v2\/posts"}],"about":[{"href":"https:\/\/giannidavico.it\/gopiedmont\/wp-json\/wp\/v2\/types\/post"}],"author":[{"embeddable":true,"href":"https:\/\/giannidavico.it\/gopiedmont\/wp-json\/wp\/v2\/users\/4"}],"replies":[{"embeddable":true,"href":"https:\/\/giannidavico.it\/gopiedmont\/wp-json\/wp\/v2\/comments?post=795"}],"version-history":[{"count":4,"href":"https:\/\/giannidavico.it\/gopiedmont\/wp-json\/wp\/v2\/posts\/795\/revisions"}],"predecessor-version":[{"id":2055,"href":"https:\/\/giannidavico.it\/gopiedmont\/wp-json\/wp\/v2\/posts\/795\/revisions\/2055"}],"wp:attachment":[{"href":"https:\/\/giannidavico.it\/gopiedmont\/wp-json\/wp\/v2\/media?parent=795"}],"wp:term":[{"taxonomy":"category","embeddable":true,"href":"https:\/\/giannidavico.it\/gopiedmont\/wp-json\/wp\/v2\/categories?post=795"},{"taxonomy":"post_tag","embeddable":true,"href":"https:\/\/giannidavico.it\/gopiedmont\/wp-json\/wp\/v2\/tags?post=795"}],"curies":[{"name":"wp","href":"https:\/\/api.w.org\/{rel}","templated":true}]}}