{"id":8,"date":"2008-05-23T14:42:00","date_gmt":"2008-05-23T14:42:00","guid":{"rendered":"https:\/\/giannidavico.it\/staging\/gopiedmont\/2008\/05\/23\/jer-seira-ij-musicant\/"},"modified":"2011-10-14T11:36:27","modified_gmt":"2011-10-14T09:36:27","slug":"jer-seira-ij-musicant","status":"publish","type":"post","link":"https:\/\/giannidavico.it\/gopiedmont\/2008\/05\/23\/jer-seira-ij-musicant\/","title":{"rendered":"J\u00e9r s\u00e8ira, ij Musicant"},"content":{"rendered":"<p>A l\u2019\u00e9 nen st\u00e0it \u00ebl concert p\u00ec bel ch\u2019i l\u2019abia vist dij <a href=\"http:\/\/www.jamendo.com\/it\/album\/63170\" target=\"_blank\">Musicant<\/a>. \u00cbl f\u00e0it a l\u2019\u00e9 che mi i l\u2019hai sempe andrinta al cheur e davanti a j\u2019euj la presentassion ufissial d\u00ebl CD, \u00ebl 30 st\u00e8mber d\u00ebl 2006 an Alba, n\u2019atmosfera m\u00e0gica che nen sempe \u2013 p\u00ebr fortun-a i soma uman, a la finitiva \u2013 as peul ricreesse. Ma a son sensassion sogetive. F\u00f2ra \u2018d s\u00f2n, \u00ebl teatro a j\u2019era pien e Batista a l\u2019ha badol\u00e0 com a sa f\u00e9 chiel. N\u00f2na Rita, che con ij s\u00f2 92 agn a s\u00eb sbilauciava an s\u00ebl palch come na fiolin-a a l\u00eb \u00abZecchino d\u2019oro\u00bb, a l\u2019ha d\u00e0it un toch \u00ebd frivol\u00ebssa e comossion a la vij\u00e0.<\/p>\n","protected":false},"excerpt":{"rendered":"<p>A l\u2019\u00e9 nen st\u00e0it \u00ebl concert p\u00ec bel ch\u2019i l\u2019abia vist dij <a href=\"http:\/\/www.jamendo.com\/it\/album\/63170\" target=\"_blank\">Musicant<\/a>. \u00cbl f\u00e0it a l\u2019\u00e9 che mi i l\u2019hai sempe andrinta al cheur e davanti a j\u2019euj la presentassion ufissial d\u00ebl CD, \u00ebl 30 st\u00e8mber d\u00ebl 2006 an Alba, n\u2019atmosfera m\u00e0gica che nen sempe \u2013 p\u00ebr fortun-a i soma uman, a la finitiva \u2013 as peul ricreesse. Ma a son sensassion sogetive. F\u00f2ra \u2018d s\u00f2n, \u00ebl teatro a j\u2019era pien e Batista a l\u2019ha badol\u00e0 com a sa f\u00e9 chiel. N\u00f2na Rita, che con ij s\u00f2 92 agn a s\u00eb sbilauciava an s\u00ebl palch come na fiolin-a a l\u00eb \u00abZecchino d\u2019oro\u00bb, a l\u2019ha d\u00e0it un toch \u00ebd frivol\u00ebssa e comossion a la vij\u00e0.<\/p>\n","protected":false},"author":1,"featured_media":0,"comment_status":"open","ping_status":"open","sticky":false,"template":"","format":"standard","meta":[],"categories":[130],"tags":[45],"yoast_head":"<!-- This site is optimized with the Yoast SEO plugin v19.14 - https:\/\/yoast.com\/wordpress\/plugins\/seo\/ -->\n<title>J\u00e9r s\u00e8ira, ij Musicant - Go Piedmont<\/title>\n<meta name=\"robots\" content=\"index, follow, max-snippet:-1, max-image-preview:large, max-video-preview:-1\" \/>\n<link rel=\"canonical\" href=\"https:\/\/giannidavico.it\/gopiedmont\/2008\/05\/23\/jer-seira-ij-musicant\/\" \/>\n<meta property=\"og:locale\" content=\"it_IT\" \/>\n<meta property=\"og:type\" content=\"article\" \/>\n<meta property=\"og:title\" content=\"J\u00e9r s\u00e8ira, ij Musicant - Go Piedmont\" \/>\n<meta property=\"og:description\" content=\"A l\u2019\u00e9 nen st\u00e0it \u00ebl concert p\u00ec bel ch\u2019i l\u2019abia vist dij Musicant. \u00cbl f\u00e0it a l\u2019\u00e9 che mi i l\u2019hai sempe andrinta al cheur e davanti a j\u2019euj la presentassion ufissial d\u00ebl CD, \u00ebl 30 st\u00e8mber d\u00ebl 2006 an Alba, n\u2019atmosfera m\u00e0gica che nen sempe \u2013 p\u00ebr fortun-a i soma uman, a la finitiva \u2013 as peul ricreesse. Ma a son sensassion sogetive. F\u00f2ra \u2018d s\u00f2n, \u00ebl teatro a j\u2019era pien e Batista a l\u2019ha badol\u00e0 com a sa f\u00e9 chiel. N\u00f2na Rita, che con ij s\u00f2 92 agn a s\u00eb sbilauciava an s\u00ebl palch come na fiolin-a a l\u00eb \u00abZecchino d\u2019oro\u00bb, a l\u2019ha d\u00e0it un toch \u00ebd frivol\u00ebssa e comossion a la vij\u00e0.\" \/>\n<meta property=\"og:url\" content=\"https:\/\/giannidavico.it\/gopiedmont\/2008\/05\/23\/jer-seira-ij-musicant\/\" \/>\n<meta property=\"og:site_name\" content=\"Go Piedmont\" \/>\n<meta property=\"article:published_time\" content=\"2008-05-23T14:42:00+00:00\" \/>\n<meta property=\"article:modified_time\" content=\"2011-10-14T09:36:27+00:00\" \/>\n<meta name=\"author\" content=\"admin\" \/>\n<meta name=\"twitter:card\" content=\"summary_large_image\" \/>\n<meta name=\"twitter:label1\" content=\"Scritto da\" \/>\n\t<meta name=\"twitter:data1\" content=\"admin\" \/>\n\t<meta name=\"twitter:label2\" content=\"Tempo di lettura stimato\" \/>\n\t<meta name=\"twitter:data2\" content=\"1 minuto\" \/>\n<script type=\"application\/ld+json\" class=\"yoast-schema-graph\">{\"@context\":\"https:\/\/schema.org\",\"@graph\":[{\"@type\":\"WebPage\",\"@id\":\"https:\/\/giannidavico.it\/gopiedmont\/2008\/05\/23\/jer-seira-ij-musicant\/\",\"url\":\"https:\/\/giannidavico.it\/gopiedmont\/2008\/05\/23\/jer-seira-ij-musicant\/\",\"name\":\"J\u00e9r s\u00e8ira, ij Musicant - Go Piedmont\",\"isPartOf\":{\"@id\":\"https:\/\/giannidavico.it\/gopiedmont\/#website\"},\"datePublished\":\"2008-05-23T14:42:00+00:00\",\"dateModified\":\"2011-10-14T09:36:27+00:00\",\"author\":{\"@id\":\"https:\/\/giannidavico.it\/gopiedmont\/#\/schema\/person\/6a96d8672f14b275ece93af45a6da78b\"},\"inLanguage\":\"it-IT\",\"potentialAction\":[{\"@type\":\"ReadAction\",\"target\":[\"https:\/\/giannidavico.it\/gopiedmont\/2008\/05\/23\/jer-seira-ij-musicant\/\"]}]},{\"@type\":\"WebSite\",\"@id\":\"https:\/\/giannidavico.it\/gopiedmont\/#website\",\"url\":\"https:\/\/giannidavico.it\/gopiedmont\/\",\"name\":\"Go Piedmont\",\"description\":\"pens\u00e9 dzora l\u00ecber, event e p\u00ebrson-e grop\u00e0 al Piemont e a la lenga piemont\u00e8isa\",\"potentialAction\":[{\"@type\":\"SearchAction\",\"target\":{\"@type\":\"EntryPoint\",\"urlTemplate\":\"https:\/\/giannidavico.it\/gopiedmont\/?s={search_term_string}\"},\"query-input\":\"required name=search_term_string\"}],\"inLanguage\":\"it-IT\"},{\"@type\":\"Person\",\"@id\":\"https:\/\/giannidavico.it\/gopiedmont\/#\/schema\/person\/6a96d8672f14b275ece93af45a6da78b\",\"name\":\"admin\",\"image\":{\"@type\":\"ImageObject\",\"inLanguage\":\"it-IT\",\"@id\":\"https:\/\/giannidavico.it\/gopiedmont\/#\/schema\/person\/image\/\",\"url\":\"https:\/\/secure.gravatar.com\/avatar\/337748753d882602f3038b55fb369ba1?s=96&d=mm&r=g\",\"contentUrl\":\"https:\/\/secure.gravatar.com\/avatar\/337748753d882602f3038b55fb369ba1?s=96&d=mm&r=g\",\"caption\":\"admin\"},\"url\":\"https:\/\/giannidavico.it\/gopiedmont\/author\/admin\/\"}]}<\/script>\n<!-- \/ Yoast SEO plugin. -->","yoast_head_json":{"title":"J\u00e9r s\u00e8ira, ij Musicant - Go Piedmont","robots":{"index":"index","follow":"follow","max-snippet":"max-snippet:-1","max-image-preview":"max-image-preview:large","max-video-preview":"max-video-preview:-1"},"canonical":"https:\/\/giannidavico.it\/gopiedmont\/2008\/05\/23\/jer-seira-ij-musicant\/","og_locale":"it_IT","og_type":"article","og_title":"J\u00e9r s\u00e8ira, ij Musicant - Go Piedmont","og_description":"A l\u2019\u00e9 nen st\u00e0it \u00ebl concert p\u00ec bel ch\u2019i l\u2019abia vist dij Musicant. \u00cbl f\u00e0it a l\u2019\u00e9 che mi i l\u2019hai sempe andrinta al cheur e davanti a j\u2019euj la presentassion ufissial d\u00ebl CD, \u00ebl 30 st\u00e8mber d\u00ebl 2006 an Alba, n\u2019atmosfera m\u00e0gica che nen sempe \u2013 p\u00ebr fortun-a i soma uman, a la finitiva \u2013 as peul ricreesse. Ma a son sensassion sogetive. F\u00f2ra \u2018d s\u00f2n, \u00ebl teatro a j\u2019era pien e Batista a l\u2019ha badol\u00e0 com a sa f\u00e9 chiel. N\u00f2na Rita, che con ij s\u00f2 92 agn a s\u00eb sbilauciava an s\u00ebl palch come na fiolin-a a l\u00eb \u00abZecchino d\u2019oro\u00bb, a l\u2019ha d\u00e0it un toch \u00ebd frivol\u00ebssa e comossion a la vij\u00e0.","og_url":"https:\/\/giannidavico.it\/gopiedmont\/2008\/05\/23\/jer-seira-ij-musicant\/","og_site_name":"Go Piedmont","article_published_time":"2008-05-23T14:42:00+00:00","article_modified_time":"2011-10-14T09:36:27+00:00","author":"admin","twitter_card":"summary_large_image","twitter_misc":{"Scritto da":"admin","Tempo di lettura stimato":"1 minuto"},"schema":{"@context":"https:\/\/schema.org","@graph":[{"@type":"WebPage","@id":"https:\/\/giannidavico.it\/gopiedmont\/2008\/05\/23\/jer-seira-ij-musicant\/","url":"https:\/\/giannidavico.it\/gopiedmont\/2008\/05\/23\/jer-seira-ij-musicant\/","name":"J\u00e9r s\u00e8ira, ij Musicant - Go Piedmont","isPartOf":{"@id":"https:\/\/giannidavico.it\/gopiedmont\/#website"},"datePublished":"2008-05-23T14:42:00+00:00","dateModified":"2011-10-14T09:36:27+00:00","author":{"@id":"https:\/\/giannidavico.it\/gopiedmont\/#\/schema\/person\/6a96d8672f14b275ece93af45a6da78b"},"inLanguage":"it-IT","potentialAction":[{"@type":"ReadAction","target":["https:\/\/giannidavico.it\/gopiedmont\/2008\/05\/23\/jer-seira-ij-musicant\/"]}]},{"@type":"WebSite","@id":"https:\/\/giannidavico.it\/gopiedmont\/#website","url":"https:\/\/giannidavico.it\/gopiedmont\/","name":"Go Piedmont","description":"pens\u00e9 dzora l\u00ecber, event e p\u00ebrson-e grop\u00e0 al Piemont e a la lenga piemont\u00e8isa","potentialAction":[{"@type":"SearchAction","target":{"@type":"EntryPoint","urlTemplate":"https:\/\/giannidavico.it\/gopiedmont\/?s={search_term_string}"},"query-input":"required name=search_term_string"}],"inLanguage":"it-IT"},{"@type":"Person","@id":"https:\/\/giannidavico.it\/gopiedmont\/#\/schema\/person\/6a96d8672f14b275ece93af45a6da78b","name":"admin","image":{"@type":"ImageObject","inLanguage":"it-IT","@id":"https:\/\/giannidavico.it\/gopiedmont\/#\/schema\/person\/image\/","url":"https:\/\/secure.gravatar.com\/avatar\/337748753d882602f3038b55fb369ba1?s=96&d=mm&r=g","contentUrl":"https:\/\/secure.gravatar.com\/avatar\/337748753d882602f3038b55fb369ba1?s=96&d=mm&r=g","caption":"admin"},"url":"https:\/\/giannidavico.it\/gopiedmont\/author\/admin\/"}]}},"_links":{"self":[{"href":"https:\/\/giannidavico.it\/gopiedmont\/wp-json\/wp\/v2\/posts\/8"}],"collection":[{"href":"https:\/\/giannidavico.it\/gopiedmont\/wp-json\/wp\/v2\/posts"}],"about":[{"href":"https:\/\/giannidavico.it\/gopiedmont\/wp-json\/wp\/v2\/types\/post"}],"author":[{"embeddable":true,"href":"https:\/\/giannidavico.it\/gopiedmont\/wp-json\/wp\/v2\/users\/1"}],"replies":[{"embeddable":true,"href":"https:\/\/giannidavico.it\/gopiedmont\/wp-json\/wp\/v2\/comments?post=8"}],"version-history":[{"count":2,"href":"https:\/\/giannidavico.it\/gopiedmont\/wp-json\/wp\/v2\/posts\/8\/revisions"}],"predecessor-version":[{"id":932,"href":"https:\/\/giannidavico.it\/gopiedmont\/wp-json\/wp\/v2\/posts\/8\/revisions\/932"}],"wp:attachment":[{"href":"https:\/\/giannidavico.it\/gopiedmont\/wp-json\/wp\/v2\/media?parent=8"}],"wp:term":[{"taxonomy":"category","embeddable":true,"href":"https:\/\/giannidavico.it\/gopiedmont\/wp-json\/wp\/v2\/categories?post=8"},{"taxonomy":"post_tag","embeddable":true,"href":"https:\/\/giannidavico.it\/gopiedmont\/wp-json\/wp\/v2\/tags?post=8"}],"curies":[{"name":"wp","href":"https:\/\/api.w.org\/{rel}","templated":true}]}}