{"id":80,"date":"2009-11-30T12:17:00","date_gmt":"2009-11-30T12:17:00","guid":{"rendered":"https:\/\/giannidavico.it\/staging\/gopiedmont\/2009\/11\/30\/piedmontese-an-endangered-language\/"},"modified":"2015-09-23T11:06:58","modified_gmt":"2015-09-23T10:06:58","slug":"piedmontese-an-endangered-language","status":"publish","type":"post","link":"https:\/\/giannidavico.it\/gopiedmont\/2009\/11\/30\/piedmontese-an-endangered-language\/","title":{"rendered":"Piedmontese, an endangered language"},"content":{"rendered":"<p><a href=\"https:\/\/giannidavico.it\/gopiedmont\/files\/2009\/11\/Multilingual.jpg\"><img loading=\"lazy\" src=\"https:\/\/giannidavico.it\/gopiedmont\/files\/2009\/11\/Multilingual.jpg\" alt=\"Multilingual\" width=\"156\" height=\"200\" class=\"alignright size-full wp-image-1628\" \/><\/a><a href=\"http:\/\/www.multilingual.com\/\" target=\"_blank\">Multilingual<\/a>, un-a tra j&#8217;arviste d&#8217;arferiment quand ch&#8217;as parla \u00ebd lengage, tecnolog\u00eca e tradussion grop\u00e0 al travaj, a publica ant \u00ebl n\u00f9mer \u00ebd dic\u00e9mber un m\u00e9 art\u00eccol ant\u00e9 ch&#8217;i present n\u00f2sta lenga a un p\u00f9blich slarg\u00e0, disoma anternassional.<\/p>\n<p>L&#8217;art\u00eccol a f\u00e0 na cita st\u00f2ria \u00ebd n\u00f2sta lenga, a parla &#8216;d gram\u00e0tica, \u00ebd l\u00e8j, \u00ebd m\u00f9sica e &#8216;d Barba T\u00f2ni (a pod\u00eca manch\u00e9? :-)).<\/p>\n<p>Chi ch&#8217;a fussa anteress\u00e0 a leslo (an ingl\u00e8is, naturalment) a na treuva na cobia <a href=\"https:\/\/giannidavico.it\/brainfood\/files\/2015\/09\/Piedmontese.pdf\">ambeless\u00ec<\/a>.<\/p>\n<p>Ij coment, as capiss, a son sempe bin agrad\u00ec.<\/p>\n","protected":false},"excerpt":{"rendered":"<p><a href=\"https:\/\/giannidavico.it\/gopiedmont\/files\/2009\/11\/Multilingual.jpg\"><img loading=\"lazy\" src=\"https:\/\/giannidavico.it\/gopiedmont\/files\/2009\/11\/Multilingual.jpg\" alt=\"Multilingual\" width=\"156\" height=\"200\" class=\"alignright size-full wp-image-1628\" \/><\/a><a href=\"http:\/\/www.multilingual.com\/\" target=\"_blank\">Multilingual<\/a>, un-a tra j&#8217;arviste d&#8217;arferiment quand ch&#8217;as parla \u00ebd lengage, tecnolog\u00eca e tradussion grop\u00e0 al travaj, a publica ant \u00ebl n\u00f9mer \u00ebd dic\u00e9mber un m\u00e9 art\u00eccol ant\u00e9 ch&#8217;i present n\u00f2sta lenga a un p\u00f9blich slarg\u00e0, disoma anternassional.<\/p>\n<p>L&#8217;art\u00eccol a f\u00e0 na cita st\u00f2ria \u00ebd n\u00f2sta lenga, a parla &#8216;d gram\u00e0tica, \u00ebd l\u00e8j, \u00ebd m\u00f9sica e &#8216;d Barba T\u00f2ni (a pod\u00eca manch\u00e9? :-)).<\/p>\n<p>Chi ch&#8217;a fussa anteress\u00e0 a leslo (an ingl\u00e8is, naturalment) a na treuva na cobia <a href=\"https:\/\/giannidavico.it\/brainfood\/files\/2015\/09\/Piedmontese.pdf\">ambeless\u00ec<\/a>.<\/p>\n<p>Ij coment, as capiss, a son sempe bin agrad\u00ec.<\/p>\n","protected":false},"author":1,"featured_media":0,"comment_status":"open","ping_status":"open","sticky":false,"template":"","format":"standard","meta":[],"categories":[130],"tags":[131],"yoast_head":"<!-- This site is optimized with the Yoast SEO plugin v19.14 - https:\/\/yoast.com\/wordpress\/plugins\/seo\/ -->\n<title>Piedmontese, an endangered language - Go Piedmont<\/title>\n<meta name=\"robots\" content=\"index, follow, max-snippet:-1, max-image-preview:large, max-video-preview:-1\" \/>\n<link rel=\"canonical\" href=\"https:\/\/giannidavico.it\/gopiedmont\/2009\/11\/30\/piedmontese-an-endangered-language\/\" \/>\n<meta property=\"og:locale\" content=\"it_IT\" \/>\n<meta property=\"og:type\" content=\"article\" \/>\n<meta property=\"og:title\" content=\"Piedmontese, an endangered language - Go Piedmont\" \/>\n<meta property=\"og:description\" content=\"Multilingual, un-a tra j&#8217;arviste d&#8217;arferiment quand ch&#8217;as parla \u00ebd lengage, tecnolog\u00eca e tradussion grop\u00e0 al travaj, a publica ant \u00ebl n\u00f9mer \u00ebd dic\u00e9mber un m\u00e9 art\u00eccol ant\u00e9 ch&#8217;i present n\u00f2sta lenga a un p\u00f9blich slarg\u00e0, disoma anternassional. L&#8217;art\u00eccol a f\u00e0 na cita st\u00f2ria \u00ebd n\u00f2sta lenga, a parla &#8216;d gram\u00e0tica, \u00ebd l\u00e8j, \u00ebd m\u00f9sica e &#8216;d Barba T\u00f2ni (a pod\u00eca manch\u00e9? :-)). Chi ch&#8217;a fussa anteress\u00e0 a leslo (an ingl\u00e8is, naturalment) a na treuva na cobia ambeless\u00ec. Ij coment, as capiss, a son sempe bin agrad\u00ec.\" \/>\n<meta property=\"og:url\" content=\"https:\/\/giannidavico.it\/gopiedmont\/2009\/11\/30\/piedmontese-an-endangered-language\/\" \/>\n<meta property=\"og:site_name\" content=\"Go Piedmont\" \/>\n<meta property=\"article:published_time\" content=\"2009-11-30T12:17:00+00:00\" \/>\n<meta property=\"article:modified_time\" content=\"2015-09-23T10:06:58+00:00\" \/>\n<meta property=\"og:image\" content=\"https:\/\/giannidavico.it\/gopiedmont\/files\/2009\/11\/Multilingual.jpg\" \/>\n<meta name=\"author\" content=\"admin\" \/>\n<meta name=\"twitter:card\" content=\"summary_large_image\" \/>\n<meta name=\"twitter:label1\" content=\"Scritto da\" \/>\n\t<meta name=\"twitter:data1\" content=\"admin\" \/>\n\t<meta name=\"twitter:label2\" content=\"Tempo di lettura stimato\" \/>\n\t<meta name=\"twitter:data2\" content=\"1 minuto\" \/>\n<script type=\"application\/ld+json\" class=\"yoast-schema-graph\">{\"@context\":\"https:\/\/schema.org\",\"@graph\":[{\"@type\":\"WebPage\",\"@id\":\"https:\/\/giannidavico.it\/gopiedmont\/2009\/11\/30\/piedmontese-an-endangered-language\/\",\"url\":\"https:\/\/giannidavico.it\/gopiedmont\/2009\/11\/30\/piedmontese-an-endangered-language\/\",\"name\":\"Piedmontese, an endangered language - Go Piedmont\",\"isPartOf\":{\"@id\":\"https:\/\/giannidavico.it\/gopiedmont\/#website\"},\"datePublished\":\"2009-11-30T12:17:00+00:00\",\"dateModified\":\"2015-09-23T10:06:58+00:00\",\"author\":{\"@id\":\"https:\/\/giannidavico.it\/gopiedmont\/#\/schema\/person\/6a96d8672f14b275ece93af45a6da78b\"},\"inLanguage\":\"it-IT\",\"potentialAction\":[{\"@type\":\"ReadAction\",\"target\":[\"https:\/\/giannidavico.it\/gopiedmont\/2009\/11\/30\/piedmontese-an-endangered-language\/\"]}]},{\"@type\":\"WebSite\",\"@id\":\"https:\/\/giannidavico.it\/gopiedmont\/#website\",\"url\":\"https:\/\/giannidavico.it\/gopiedmont\/\",\"name\":\"Go Piedmont\",\"description\":\"pens\u00e9 dzora l\u00ecber, event e p\u00ebrson-e grop\u00e0 al Piemont e a la lenga piemont\u00e8isa\",\"potentialAction\":[{\"@type\":\"SearchAction\",\"target\":{\"@type\":\"EntryPoint\",\"urlTemplate\":\"https:\/\/giannidavico.it\/gopiedmont\/?s={search_term_string}\"},\"query-input\":\"required name=search_term_string\"}],\"inLanguage\":\"it-IT\"},{\"@type\":\"Person\",\"@id\":\"https:\/\/giannidavico.it\/gopiedmont\/#\/schema\/person\/6a96d8672f14b275ece93af45a6da78b\",\"name\":\"admin\",\"image\":{\"@type\":\"ImageObject\",\"inLanguage\":\"it-IT\",\"@id\":\"https:\/\/giannidavico.it\/gopiedmont\/#\/schema\/person\/image\/\",\"url\":\"https:\/\/secure.gravatar.com\/avatar\/337748753d882602f3038b55fb369ba1?s=96&d=mm&r=g\",\"contentUrl\":\"https:\/\/secure.gravatar.com\/avatar\/337748753d882602f3038b55fb369ba1?s=96&d=mm&r=g\",\"caption\":\"admin\"},\"url\":\"https:\/\/giannidavico.it\/gopiedmont\/author\/admin\/\"}]}<\/script>\n<!-- \/ Yoast SEO plugin. -->","yoast_head_json":{"title":"Piedmontese, an endangered language - Go Piedmont","robots":{"index":"index","follow":"follow","max-snippet":"max-snippet:-1","max-image-preview":"max-image-preview:large","max-video-preview":"max-video-preview:-1"},"canonical":"https:\/\/giannidavico.it\/gopiedmont\/2009\/11\/30\/piedmontese-an-endangered-language\/","og_locale":"it_IT","og_type":"article","og_title":"Piedmontese, an endangered language - Go Piedmont","og_description":"Multilingual, un-a tra j&#8217;arviste d&#8217;arferiment quand ch&#8217;as parla \u00ebd lengage, tecnolog\u00eca e tradussion grop\u00e0 al travaj, a publica ant \u00ebl n\u00f9mer \u00ebd dic\u00e9mber un m\u00e9 art\u00eccol ant\u00e9 ch&#8217;i present n\u00f2sta lenga a un p\u00f9blich slarg\u00e0, disoma anternassional. L&#8217;art\u00eccol a f\u00e0 na cita st\u00f2ria \u00ebd n\u00f2sta lenga, a parla &#8216;d gram\u00e0tica, \u00ebd l\u00e8j, \u00ebd m\u00f9sica e &#8216;d Barba T\u00f2ni (a pod\u00eca manch\u00e9? :-)). Chi ch&#8217;a fussa anteress\u00e0 a leslo (an ingl\u00e8is, naturalment) a na treuva na cobia ambeless\u00ec. Ij coment, as capiss, a son sempe bin agrad\u00ec.","og_url":"https:\/\/giannidavico.it\/gopiedmont\/2009\/11\/30\/piedmontese-an-endangered-language\/","og_site_name":"Go Piedmont","article_published_time":"2009-11-30T12:17:00+00:00","article_modified_time":"2015-09-23T10:06:58+00:00","og_image":[{"url":"https:\/\/giannidavico.it\/gopiedmont\/files\/2009\/11\/Multilingual.jpg"}],"author":"admin","twitter_card":"summary_large_image","twitter_misc":{"Scritto da":"admin","Tempo di lettura stimato":"1 minuto"},"schema":{"@context":"https:\/\/schema.org","@graph":[{"@type":"WebPage","@id":"https:\/\/giannidavico.it\/gopiedmont\/2009\/11\/30\/piedmontese-an-endangered-language\/","url":"https:\/\/giannidavico.it\/gopiedmont\/2009\/11\/30\/piedmontese-an-endangered-language\/","name":"Piedmontese, an endangered language - Go Piedmont","isPartOf":{"@id":"https:\/\/giannidavico.it\/gopiedmont\/#website"},"datePublished":"2009-11-30T12:17:00+00:00","dateModified":"2015-09-23T10:06:58+00:00","author":{"@id":"https:\/\/giannidavico.it\/gopiedmont\/#\/schema\/person\/6a96d8672f14b275ece93af45a6da78b"},"inLanguage":"it-IT","potentialAction":[{"@type":"ReadAction","target":["https:\/\/giannidavico.it\/gopiedmont\/2009\/11\/30\/piedmontese-an-endangered-language\/"]}]},{"@type":"WebSite","@id":"https:\/\/giannidavico.it\/gopiedmont\/#website","url":"https:\/\/giannidavico.it\/gopiedmont\/","name":"Go Piedmont","description":"pens\u00e9 dzora l\u00ecber, event e p\u00ebrson-e grop\u00e0 al Piemont e a la lenga piemont\u00e8isa","potentialAction":[{"@type":"SearchAction","target":{"@type":"EntryPoint","urlTemplate":"https:\/\/giannidavico.it\/gopiedmont\/?s={search_term_string}"},"query-input":"required name=search_term_string"}],"inLanguage":"it-IT"},{"@type":"Person","@id":"https:\/\/giannidavico.it\/gopiedmont\/#\/schema\/person\/6a96d8672f14b275ece93af45a6da78b","name":"admin","image":{"@type":"ImageObject","inLanguage":"it-IT","@id":"https:\/\/giannidavico.it\/gopiedmont\/#\/schema\/person\/image\/","url":"https:\/\/secure.gravatar.com\/avatar\/337748753d882602f3038b55fb369ba1?s=96&d=mm&r=g","contentUrl":"https:\/\/secure.gravatar.com\/avatar\/337748753d882602f3038b55fb369ba1?s=96&d=mm&r=g","caption":"admin"},"url":"https:\/\/giannidavico.it\/gopiedmont\/author\/admin\/"}]}},"_links":{"self":[{"href":"https:\/\/giannidavico.it\/gopiedmont\/wp-json\/wp\/v2\/posts\/80"}],"collection":[{"href":"https:\/\/giannidavico.it\/gopiedmont\/wp-json\/wp\/v2\/posts"}],"about":[{"href":"https:\/\/giannidavico.it\/gopiedmont\/wp-json\/wp\/v2\/types\/post"}],"author":[{"embeddable":true,"href":"https:\/\/giannidavico.it\/gopiedmont\/wp-json\/wp\/v2\/users\/1"}],"replies":[{"embeddable":true,"href":"https:\/\/giannidavico.it\/gopiedmont\/wp-json\/wp\/v2\/comments?post=80"}],"version-history":[{"count":6,"href":"https:\/\/giannidavico.it\/gopiedmont\/wp-json\/wp\/v2\/posts\/80\/revisions"}],"predecessor-version":[{"id":3045,"href":"https:\/\/giannidavico.it\/gopiedmont\/wp-json\/wp\/v2\/posts\/80\/revisions\/3045"}],"wp:attachment":[{"href":"https:\/\/giannidavico.it\/gopiedmont\/wp-json\/wp\/v2\/media?parent=80"}],"wp:term":[{"taxonomy":"category","embeddable":true,"href":"https:\/\/giannidavico.it\/gopiedmont\/wp-json\/wp\/v2\/categories?post=80"},{"taxonomy":"post_tag","embeddable":true,"href":"https:\/\/giannidavico.it\/gopiedmont\/wp-json\/wp\/v2\/tags?post=80"}],"curies":[{"name":"wp","href":"https:\/\/api.w.org\/{rel}","templated":true}]}}