{"id":800,"date":"2011-06-15T10:35:01","date_gmt":"2011-06-15T10:35:01","guid":{"rendered":"https:\/\/giannidavico.it\/staging\/gopiedmont\/?p=800"},"modified":"2011-06-15T10:35:01","modified_gmt":"2011-06-15T10:35:01","slug":"lissander-mottino-l%e2%80%99angagg-per-mia-lenga-i-lo-dev-ai-me-grand-e-i-lo-dev-edco-a-mi","status":"publish","type":"post","link":"https:\/\/giannidavico.it\/gopiedmont\/2011\/06\/15\/lissander-mottino-l%e2%80%99angagg-per-mia-lenga-i-lo-dev-ai-me-grand-e-i-lo-dev-edco-a-mi\/","title":{"rendered":"Liss\u00e0nder Mottino: L\u2019angagg p\u00ebr mia lenga i lo dev ai m\u00e8 grand e i lo dev \u00ebdc\u00f2 a mi"},"content":{"rendered":"<p>N&#8217;art\u00eccol \u00ebd Liss\u00e0nder Mottino (con un gr\u00f2ss mers\u00ec p\u00ebr l\u00f2n ch&#8217;a l&#8217;ha f\u00e0it: chiel coma tuti ij piemont\u00e8is a veul nen desse &#8216;d blaga, ma a l&#8217;\u00e9 tant, pr\u00f2pi tant).<\/p>\n<p>&#8212;<\/p>\n<p>Quand che ij respons\u00e0bij \u00ebd Gioventura Piemont\u00e8isa, l\u2019associassion ch\u2019a l\u2019ha masent\u00e0 la petission dle 10.000 firme (o signadure) p\u00ebr l\u2019arconossiment e p\u00ec che tut la valorisassion dla lenga piemont\u00e8isa, a l\u2019han ciamame \u2018d deje na man, i l\u2019hai av\u00f9 na cita spluva \u00ebd t\u00ebmma. T\u00ebmma p\u00ebrqu\u00e8 i l\u2019hai cap\u00ec che bad\u00f2 (coma a l\u2019ha ciamalo giustament Gianni) a sar\u00eca st\u00e0it p\u00ebr noi quat gat cheuje tute ste sotoscrission e \u2018dc\u00f2 p\u00ebrqu\u00e8 as tratava d\u00eb seurte an mes dla gent da n\u00f2ssa nicia ansima internet e dij tr\u00f2p p\u00f2ich cors \u00ebd lenga ch\u2019as fan. Si! An mes a le p\u00ebrson-e p\u00ebr fort\u00ec bin \u00e0ut che a-i \u00e9 fin-a cheidun ch\u2019a veul nen che n\u00f2ssa bela lenga piemont\u00e8isa (con tute soe variant) a meuira e che \u00ebl piemont\u00e8is a l\u2019\u00e9 pa na lenga \u00ebd seconda sernia d\u00eb st\u00ebrm\u00e9, ch\u2019a vaja bin, ant \u00ebl priv\u00e0 antec\u00e0 o pes ancora dont v\u00ebrgognesse.<\/p>\n<p>E bin: con mia la p\u00ec gr\u00f2ssa sorpr\u00e8isa i l\u2019hai d\u00ebscurv\u00f9 che \u00ebdc\u00f2 tanta gent, che magara a l\u2019av\u00eca mai pensaie ansima o che miraco a spetava mach che un cit brando (coma a lo son ij n\u00f2ss car brand\u00e9, coj bonanima e coj viv), a j\u2019era disponibila a f\u00e9 quaic\u00f2s. Penseie, but\u00e9 na firma ant\u00ebrment ch\u2019it vaje f\u00e9 la sp\u00e8isa adress\u00e0 da n\u00eb sconoss\u00f9&#8230; con tu\u00ect ij trucio ch\u2019a-i \u00e9 a ancheuj cme adess.<\/p>\n<p>I veuj fin-a armarch\u00e9 che praticament \u00ebl total dij parent, dj\u2019amis e dij conossent p\u00ec str\u00e8it con dle persentuaj b\u00f9lgare a l\u2019ha ader\u00ec, ma l\u00f2n probabilment a l\u2019ha rivaie \u00ebdc\u00f2 p\u00ebr feme un pias\u00ec&#8230;<\/p>\n<p>A l\u2019\u00e9 v\u00e8j, a-i \u00e9 fin-a st\u00e0it chi ch\u2019a l\u2019ha nen fidasse d\u00eb but\u00e9 s\u00f2 n\u00f2m ansima a \u2018n pap\u00e9, oltra coj ch\u2019a l\u2019han port\u00e0 ij s\u00f2lit argoment che \u2018l piemont\u00e8is a l\u2019ha mila variant, a-i \u00e9 p\u00ec nen piemont\u00e8is, a serv nen p\u00ebr vive (l\u00ec lor probabilment a s\u2019antajavo p\u00ebr f\u00e9 \u2018d s\u00f2ld), ch\u2019a-i \u00e9 \u2018d sagrin bin p\u00ec amportant che la question d\u00ebl piemont\u00e8is (praticament a-j n\u2019anf\u00e0 nen) e via f\u00f2rt par\u00e8j.<\/p>\n<p>\u00abA-i \u00e9 p\u00ec nen piemont\u00e8is\u00bb, a l\u2019han dit dij piemont\u00e8is\u00bb&#8230; E bin, mi a l\u2019ha smijame che la persentual \u00ebd nen piemont\u00e8is (italian meridionaj bele coma strang\u00e8) ch\u2019a son pass\u00e0 p\u00ebr m\u00e8 banch\u00e8t a s\u00eca st\u00e0ita p\u00ec \u00e0uta che cola dij piemont\u00e8is midem.<\/p>\n<p>Im n\u2019avis d\u2019un mons\u00f9 marochin ch\u2019a l\u2019ha firm\u00e0 an disend ch\u2019an Mar\u00f2ch l\u2019istess problema a-i c\u00e0pita con \u00ebl b\u00e9rber.<\/p>\n<p>A l\u2019ha finitiva, l\u2019\u00f9ltim message ch\u2019a l\u2019\u00e9 gir\u00e0 p\u00ebr agiornene che mira ch\u2019a l\u2019\u00e9 la petission, a dis che giumai i-i soma a 9.500 signadure a son za deposit\u00e0 e sigura as pass\u00ebran le 10.000.<\/p>\n<p>I veuj sar\u00e9 ringrassiand mie doe compagne d\u2019archeujta firme, Gabriela e Annelise (mia mama), oltra tute le p\u00ebrson-e ch\u2019a l\u2019han sign\u00e0 e le associassion ch\u2019a l\u2019han ader\u00ec:<br \/>\nGIOVENTURA PIEMONT\u00c8ISA \u2013 CENTRO STUDI DON MINZONI \/ CA D\u00cb STUDI PININ PAC\u00d2T \/ PIEMONT\u00c8IS ANCHEUJ \u2013 PIEMONT DEV VIVE \u2013 IL NOSTRO TEATRO \u2013 ATENE DEL CANAVESE \u2013 AMICHE DELLA BIBLIOTECA DI BALZOLA &#8211; ASTILIBRI &#8211; \u201cARRIGO FRUSTA\u201d GIORNALISTA P\u00cbR \u00cbL PIEMONT\u00c8IS &#8211; GLI AMICI DEL CANAVESANO \u2013 LA VOS D\u00cbL CHEUR &#8211; M\u00c8 PIEMONT &#8211; L\u2019ARVANGIA &#8211; CIRCOLO LANGA ASTIGIANA &#8211; GOPIEDMONT &#8211; COMPAGN\u00ecA DIJ PASTOR &#8211; IL CINZANINO &#8211; TEATRO ZETA &#8211; ARCANCEL \u2013 BIBLIOTECA C\u00ccVICA \u201cG.DEMICHELIS\u201d \u00cbD VILAN\u00d2VA.<\/p>\n<p>Mers\u00ec \u2018dc\u00f2 a le Comun-e d\u2019Ausan, Ber, \u00cbr Franc\u00f3, Giaven, Z\u2019Makana\/Machignaga, La Ni\u00e8la (Tane), Pissin-a, Polon, Sajan Mica, San Siond \u00ebd Pin\u00ebreul, Sin-i, \u00cbl Sumi\u00e0n, Tavian, La Vila San Sgond e a j\u2019associassion Academia d\u00ebl Ris\u00f4n d\u00eb Noara, La Burera \u2018d Cheuri, Cojt\u00e0 Gruliasch\u00e8isa, Monginevro 2000 \u2018d Turin, \u00cbl N\u00f2st Pais \u00ebd N\u00f2li, Pro-Loco \u2018d Mor\u00ebtta, Sipari s\u00ebl Piemont.<\/p>\n<p>A le pr\u00f2ssime inissiative pro piemont\u00e8is! Ch\u2019a rivo d\u2019antessiss\u00eca.<\/p>\n","protected":false},"excerpt":{"rendered":"<p>N&#8217;art\u00eccol \u00ebd Liss\u00e0nder Mottino (con un gr\u00f2ss mers\u00ec p\u00ebr l\u00f2n ch&#8217;a l&#8217;ha f\u00e0it: chiel coma tuti ij piemont\u00e8is a veul nen desse &#8216;d blaga, ma a l&#8217;\u00e9 tant, pr\u00f2pi tant).<\/p>\n<p>&#8212;<\/p>\n<p>Quand che ij respons\u00e0bij \u00ebd Gioventura Piemont\u00e8isa, l\u2019associassion ch\u2019a l\u2019ha masent\u00e0 la petission dle 10.000 firme (o signadure) p\u00ebr l\u2019arconossiment e p\u00ec che tut la valorisassion dla lenga piemont\u00e8isa, a l\u2019han ciamame \u2018d deje na man, i l\u2019hai av\u00f9 na cita spluva \u00ebd t\u00ebmma. T\u00ebmma p\u00ebrqu\u00e8 i l\u2019hai cap\u00ec che bad\u00f2 (coma a l\u2019ha ciamalo giustament Gianni) a sar\u00eca st\u00e0it p\u00ebr noi quat gat cheuje tute ste sotoscrission e \u2018dc\u00f2 p\u00ebrqu\u00e8 as tratava d\u00eb seurte an mes dla gent da n\u00f2ssa nicia ansima internet e dij tr\u00f2p p\u00f2ich cors \u00ebd lenga ch\u2019as fan. Si! An mes a le p\u00ebrson-e p\u00ebr fort\u00ec bin \u00e0ut che a-i \u00e9 fin-a cheidun ch\u2019a veul nen che n\u00f2ssa bela lenga piemont\u00e8isa (con tute soe variant) a meuira e che \u00ebl piemont\u00e8is a l\u2019\u00e9 pa na lenga \u00ebd seconda sernia d\u00eb st\u00ebrm\u00e9, ch\u2019a vaja bin, ant \u00ebl priv\u00e0 antec\u00e0 o pes ancora dont v\u00ebrgognesse.<\/p>\n<p>E bin: con mia la p\u00ec gr\u00f2ssa sorpr\u00e8isa i l\u2019hai d\u00ebscurv\u00f9 che \u00ebdc\u00f2 tanta gent, che magara a l\u2019av\u00eca mai pensaie [\u2026] <a class=\"moretag\" href=\"https:\/\/giannidavico.it\/gopiedmont\/2011\/06\/15\/lissander-mottino-l%e2%80%99angagg-per-mia-lenga-i-lo-dev-ai-me-grand-e-i-lo-dev-edco-a-mi\/\">continua a leggere \u00bb<\/a><\/p>\n","protected":false},"author":4,"featured_media":0,"comment_status":"open","ping_status":"open","sticky":false,"template":"","format":"standard","meta":[],"categories":[130],"tags":[107],"yoast_head":"<!-- This site is optimized with the Yoast SEO plugin v19.14 - https:\/\/yoast.com\/wordpress\/plugins\/seo\/ -->\n<title>Liss\u00e0nder Mottino: L\u2019angagg p\u00ebr mia lenga i lo dev ai m\u00e8 grand e i lo dev \u00ebdc\u00f2 a mi - Go Piedmont<\/title>\n<meta name=\"robots\" content=\"index, follow, max-snippet:-1, max-image-preview:large, max-video-preview:-1\" \/>\n<link rel=\"canonical\" href=\"https:\/\/giannidavico.it\/gopiedmont\/2011\/06\/15\/lissander-mottino-l\u2019angagg-per-mia-lenga-i-lo-dev-ai-me-grand-e-i-lo-dev-edco-a-mi\/\" \/>\n<meta property=\"og:locale\" content=\"it_IT\" \/>\n<meta property=\"og:type\" content=\"article\" \/>\n<meta property=\"og:title\" content=\"Liss\u00e0nder Mottino: L\u2019angagg p\u00ebr mia lenga i lo dev ai m\u00e8 grand e i lo dev \u00ebdc\u00f2 a mi - Go Piedmont\" \/>\n<meta property=\"og:description\" content=\"N&#8217;art\u00eccol \u00ebd Liss\u00e0nder Mottino (con un gr\u00f2ss mers\u00ec p\u00ebr l\u00f2n ch&#8217;a l&#8217;ha f\u00e0it: chiel coma tuti ij piemont\u00e8is a veul nen desse &#8216;d blaga, ma a l&#8217;\u00e9 tant, pr\u00f2pi tant). &#8212; Quand che ij respons\u00e0bij \u00ebd Gioventura Piemont\u00e8isa, l\u2019associassion ch\u2019a l\u2019ha masent\u00e0 la petission dle 10.000 firme (o signadure) p\u00ebr l\u2019arconossiment e p\u00ec che tut la valorisassion dla lenga piemont\u00e8isa, a l\u2019han ciamame \u2018d deje na man, i l\u2019hai av\u00f9 na cita spluva \u00ebd t\u00ebmma. T\u00ebmma p\u00ebrqu\u00e8 i l\u2019hai cap\u00ec che bad\u00f2 (coma a l\u2019ha ciamalo giustament Gianni) a sar\u00eca st\u00e0it p\u00ebr noi quat gat cheuje tute ste sotoscrission e \u2018dc\u00f2 p\u00ebrqu\u00e8 as tratava d\u00eb seurte an mes dla gent da n\u00f2ssa nicia ansima internet e dij tr\u00f2p p\u00f2ich cors \u00ebd lenga ch\u2019as fan. Si! An mes a le p\u00ebrson-e p\u00ebr fort\u00ec bin \u00e0ut che a-i \u00e9 fin-a cheidun ch\u2019a veul nen che n\u00f2ssa bela lenga piemont\u00e8isa (con tute soe variant) a meuira e che \u00ebl piemont\u00e8is a l\u2019\u00e9 pa na lenga \u00ebd seconda sernia d\u00eb st\u00ebrm\u00e9, ch\u2019a vaja bin, ant \u00ebl priv\u00e0 antec\u00e0 o pes ancora dont v\u00ebrgognesse. E bin: con mia la p\u00ec gr\u00f2ssa sorpr\u00e8isa i l\u2019hai d\u00ebscurv\u00f9 che \u00ebdc\u00f2 tanta gent, che magara a l\u2019av\u00eca mai pensaie [\u2026] continua a leggere \u00bb\" \/>\n<meta property=\"og:url\" content=\"https:\/\/giannidavico.it\/gopiedmont\/2011\/06\/15\/lissander-mottino-l\u2019angagg-per-mia-lenga-i-lo-dev-ai-me-grand-e-i-lo-dev-edco-a-mi\/\" \/>\n<meta property=\"og:site_name\" content=\"Go Piedmont\" \/>\n<meta property=\"article:published_time\" content=\"2011-06-15T10:35:01+00:00\" \/>\n<meta name=\"author\" content=\"giannidavico\" \/>\n<meta name=\"twitter:card\" content=\"summary_large_image\" \/>\n<meta name=\"twitter:label1\" content=\"Scritto da\" \/>\n\t<meta name=\"twitter:data1\" content=\"giannidavico\" \/>\n\t<meta name=\"twitter:label2\" content=\"Tempo di lettura stimato\" \/>\n\t<meta name=\"twitter:data2\" content=\"4 minuti\" \/>\n<script type=\"application\/ld+json\" class=\"yoast-schema-graph\">{\"@context\":\"https:\/\/schema.org\",\"@graph\":[{\"@type\":\"WebPage\",\"@id\":\"https:\/\/giannidavico.it\/gopiedmont\/2011\/06\/15\/lissander-mottino-l%e2%80%99angagg-per-mia-lenga-i-lo-dev-ai-me-grand-e-i-lo-dev-edco-a-mi\/\",\"url\":\"https:\/\/giannidavico.it\/gopiedmont\/2011\/06\/15\/lissander-mottino-l%e2%80%99angagg-per-mia-lenga-i-lo-dev-ai-me-grand-e-i-lo-dev-edco-a-mi\/\",\"name\":\"Liss\u00e0nder Mottino: L\u2019angagg p\u00ebr mia lenga i lo dev ai m\u00e8 grand e i lo dev \u00ebdc\u00f2 a mi - Go Piedmont\",\"isPartOf\":{\"@id\":\"https:\/\/giannidavico.it\/gopiedmont\/#website\"},\"datePublished\":\"2011-06-15T10:35:01+00:00\",\"dateModified\":\"2011-06-15T10:35:01+00:00\",\"author\":{\"@id\":\"https:\/\/giannidavico.it\/gopiedmont\/#\/schema\/person\/ea1fd17d8f2dba325f3712219efa8f77\"},\"inLanguage\":\"it-IT\",\"potentialAction\":[{\"@type\":\"ReadAction\",\"target\":[\"https:\/\/giannidavico.it\/gopiedmont\/2011\/06\/15\/lissander-mottino-l%e2%80%99angagg-per-mia-lenga-i-lo-dev-ai-me-grand-e-i-lo-dev-edco-a-mi\/\"]}]},{\"@type\":\"WebSite\",\"@id\":\"https:\/\/giannidavico.it\/gopiedmont\/#website\",\"url\":\"https:\/\/giannidavico.it\/gopiedmont\/\",\"name\":\"Go Piedmont\",\"description\":\"pens\u00e9 dzora l\u00ecber, event e p\u00ebrson-e grop\u00e0 al Piemont e a la lenga piemont\u00e8isa\",\"potentialAction\":[{\"@type\":\"SearchAction\",\"target\":{\"@type\":\"EntryPoint\",\"urlTemplate\":\"https:\/\/giannidavico.it\/gopiedmont\/?s={search_term_string}\"},\"query-input\":\"required name=search_term_string\"}],\"inLanguage\":\"it-IT\"},{\"@type\":\"Person\",\"@id\":\"https:\/\/giannidavico.it\/gopiedmont\/#\/schema\/person\/ea1fd17d8f2dba325f3712219efa8f77\",\"name\":\"giannidavico\",\"image\":{\"@type\":\"ImageObject\",\"inLanguage\":\"it-IT\",\"@id\":\"https:\/\/giannidavico.it\/gopiedmont\/#\/schema\/person\/image\/\",\"url\":\"https:\/\/secure.gravatar.com\/avatar\/337748753d882602f3038b55fb369ba1?s=96&d=mm&r=g\",\"contentUrl\":\"https:\/\/secure.gravatar.com\/avatar\/337748753d882602f3038b55fb369ba1?s=96&d=mm&r=g\",\"caption\":\"giannidavico\"},\"url\":\"https:\/\/giannidavico.it\/gopiedmont\/author\/giannidavico\/\"}]}<\/script>\n<!-- \/ Yoast SEO plugin. -->","yoast_head_json":{"title":"Liss\u00e0nder Mottino: L\u2019angagg p\u00ebr mia lenga i lo dev ai m\u00e8 grand e i lo dev \u00ebdc\u00f2 a mi - Go Piedmont","robots":{"index":"index","follow":"follow","max-snippet":"max-snippet:-1","max-image-preview":"max-image-preview:large","max-video-preview":"max-video-preview:-1"},"canonical":"https:\/\/giannidavico.it\/gopiedmont\/2011\/06\/15\/lissander-mottino-l\u2019angagg-per-mia-lenga-i-lo-dev-ai-me-grand-e-i-lo-dev-edco-a-mi\/","og_locale":"it_IT","og_type":"article","og_title":"Liss\u00e0nder Mottino: L\u2019angagg p\u00ebr mia lenga i lo dev ai m\u00e8 grand e i lo dev \u00ebdc\u00f2 a mi - Go Piedmont","og_description":"N&#8217;art\u00eccol \u00ebd Liss\u00e0nder Mottino (con un gr\u00f2ss mers\u00ec p\u00ebr l\u00f2n ch&#8217;a l&#8217;ha f\u00e0it: chiel coma tuti ij piemont\u00e8is a veul nen desse &#8216;d blaga, ma a l&#8217;\u00e9 tant, pr\u00f2pi tant). &#8212; Quand che ij respons\u00e0bij \u00ebd Gioventura Piemont\u00e8isa, l\u2019associassion ch\u2019a l\u2019ha masent\u00e0 la petission dle 10.000 firme (o signadure) p\u00ebr l\u2019arconossiment e p\u00ec che tut la valorisassion dla lenga piemont\u00e8isa, a l\u2019han ciamame \u2018d deje na man, i l\u2019hai av\u00f9 na cita spluva \u00ebd t\u00ebmma. T\u00ebmma p\u00ebrqu\u00e8 i l\u2019hai cap\u00ec che bad\u00f2 (coma a l\u2019ha ciamalo giustament Gianni) a sar\u00eca st\u00e0it p\u00ebr noi quat gat cheuje tute ste sotoscrission e \u2018dc\u00f2 p\u00ebrqu\u00e8 as tratava d\u00eb seurte an mes dla gent da n\u00f2ssa nicia ansima internet e dij tr\u00f2p p\u00f2ich cors \u00ebd lenga ch\u2019as fan. Si! An mes a le p\u00ebrson-e p\u00ebr fort\u00ec bin \u00e0ut che a-i \u00e9 fin-a cheidun ch\u2019a veul nen che n\u00f2ssa bela lenga piemont\u00e8isa (con tute soe variant) a meuira e che \u00ebl piemont\u00e8is a l\u2019\u00e9 pa na lenga \u00ebd seconda sernia d\u00eb st\u00ebrm\u00e9, ch\u2019a vaja bin, ant \u00ebl priv\u00e0 antec\u00e0 o pes ancora dont v\u00ebrgognesse. E bin: con mia la p\u00ec gr\u00f2ssa sorpr\u00e8isa i l\u2019hai d\u00ebscurv\u00f9 che \u00ebdc\u00f2 tanta gent, che magara a l\u2019av\u00eca mai pensaie [\u2026] continua a leggere \u00bb","og_url":"https:\/\/giannidavico.it\/gopiedmont\/2011\/06\/15\/lissander-mottino-l\u2019angagg-per-mia-lenga-i-lo-dev-ai-me-grand-e-i-lo-dev-edco-a-mi\/","og_site_name":"Go Piedmont","article_published_time":"2011-06-15T10:35:01+00:00","author":"giannidavico","twitter_card":"summary_large_image","twitter_misc":{"Scritto da":"giannidavico","Tempo di lettura stimato":"4 minuti"},"schema":{"@context":"https:\/\/schema.org","@graph":[{"@type":"WebPage","@id":"https:\/\/giannidavico.it\/gopiedmont\/2011\/06\/15\/lissander-mottino-l%e2%80%99angagg-per-mia-lenga-i-lo-dev-ai-me-grand-e-i-lo-dev-edco-a-mi\/","url":"https:\/\/giannidavico.it\/gopiedmont\/2011\/06\/15\/lissander-mottino-l%e2%80%99angagg-per-mia-lenga-i-lo-dev-ai-me-grand-e-i-lo-dev-edco-a-mi\/","name":"Liss\u00e0nder Mottino: L\u2019angagg p\u00ebr mia lenga i lo dev ai m\u00e8 grand e i lo dev \u00ebdc\u00f2 a mi - Go Piedmont","isPartOf":{"@id":"https:\/\/giannidavico.it\/gopiedmont\/#website"},"datePublished":"2011-06-15T10:35:01+00:00","dateModified":"2011-06-15T10:35:01+00:00","author":{"@id":"https:\/\/giannidavico.it\/gopiedmont\/#\/schema\/person\/ea1fd17d8f2dba325f3712219efa8f77"},"inLanguage":"it-IT","potentialAction":[{"@type":"ReadAction","target":["https:\/\/giannidavico.it\/gopiedmont\/2011\/06\/15\/lissander-mottino-l%e2%80%99angagg-per-mia-lenga-i-lo-dev-ai-me-grand-e-i-lo-dev-edco-a-mi\/"]}]},{"@type":"WebSite","@id":"https:\/\/giannidavico.it\/gopiedmont\/#website","url":"https:\/\/giannidavico.it\/gopiedmont\/","name":"Go Piedmont","description":"pens\u00e9 dzora l\u00ecber, event e p\u00ebrson-e grop\u00e0 al Piemont e a la lenga piemont\u00e8isa","potentialAction":[{"@type":"SearchAction","target":{"@type":"EntryPoint","urlTemplate":"https:\/\/giannidavico.it\/gopiedmont\/?s={search_term_string}"},"query-input":"required name=search_term_string"}],"inLanguage":"it-IT"},{"@type":"Person","@id":"https:\/\/giannidavico.it\/gopiedmont\/#\/schema\/person\/ea1fd17d8f2dba325f3712219efa8f77","name":"giannidavico","image":{"@type":"ImageObject","inLanguage":"it-IT","@id":"https:\/\/giannidavico.it\/gopiedmont\/#\/schema\/person\/image\/","url":"https:\/\/secure.gravatar.com\/avatar\/337748753d882602f3038b55fb369ba1?s=96&d=mm&r=g","contentUrl":"https:\/\/secure.gravatar.com\/avatar\/337748753d882602f3038b55fb369ba1?s=96&d=mm&r=g","caption":"giannidavico"},"url":"https:\/\/giannidavico.it\/gopiedmont\/author\/giannidavico\/"}]}},"_links":{"self":[{"href":"https:\/\/giannidavico.it\/gopiedmont\/wp-json\/wp\/v2\/posts\/800"}],"collection":[{"href":"https:\/\/giannidavico.it\/gopiedmont\/wp-json\/wp\/v2\/posts"}],"about":[{"href":"https:\/\/giannidavico.it\/gopiedmont\/wp-json\/wp\/v2\/types\/post"}],"author":[{"embeddable":true,"href":"https:\/\/giannidavico.it\/gopiedmont\/wp-json\/wp\/v2\/users\/4"}],"replies":[{"embeddable":true,"href":"https:\/\/giannidavico.it\/gopiedmont\/wp-json\/wp\/v2\/comments?post=800"}],"version-history":[{"count":4,"href":"https:\/\/giannidavico.it\/gopiedmont\/wp-json\/wp\/v2\/posts\/800\/revisions"}],"predecessor-version":[{"id":804,"href":"https:\/\/giannidavico.it\/gopiedmont\/wp-json\/wp\/v2\/posts\/800\/revisions\/804"}],"wp:attachment":[{"href":"https:\/\/giannidavico.it\/gopiedmont\/wp-json\/wp\/v2\/media?parent=800"}],"wp:term":[{"taxonomy":"category","embeddable":true,"href":"https:\/\/giannidavico.it\/gopiedmont\/wp-json\/wp\/v2\/categories?post=800"},{"taxonomy":"post_tag","embeddable":true,"href":"https:\/\/giannidavico.it\/gopiedmont\/wp-json\/wp\/v2\/tags?post=800"}],"curies":[{"name":"wp","href":"https:\/\/api.w.org\/{rel}","templated":true}]}}