{"id":81,"date":"2009-12-10T10:10:00","date_gmt":"2009-12-10T10:10:00","guid":{"rendered":"https:\/\/giannidavico.it\/staging\/gopiedmont\/2009\/12\/10\/el-piemonteis-e-ij-cit\/"},"modified":"2010-05-20T10:29:14","modified_gmt":"2010-05-20T10:29:14","slug":"el-piemonteis-e-ij-cit","status":"publish","type":"post","link":"https:\/\/giannidavico.it\/gopiedmont\/2009\/12\/10\/el-piemonteis-e-ij-cit\/","title":{"rendered":"\u00cbl piemont\u00e8is e ij cit"},"content":{"rendered":"<p>Ricardo, an comentant m\u00e9 \u00f9ltim <a href=\"https:\/\/giannidavico.it\/gopiedmont\/2009\/11\/30\/piedmontese-an-endangered-language\/\">p\u00f2st<\/a>, a dis:<\/p>\n<blockquote><p>a venta ch&#8217;i parloma piemont\u00e8is a n\u00f2stre masn\u00e0. Peui a ventr\u00eca \u00ebdc\u00f2 trov\u00e9 la manera \u00ebd feje rancontr\u00e9 antra &#8216;d lor, p\u00ebrch\u00e8 ch&#8217;as sento nen diferent da j&#8217;\u00e0utri.<\/p><\/blockquote>\n<p>S\u00ec, naturalment a l\u2019ha razon \u2013 almanch fin-a a quand ch\u2019as resta ant le possibilit\u00e0 te\u00f2riche. P\u00ebrch\u00e8 f\u00e9 par\u00e8j a l\u2019\u00e9 nen f\u00e0cil, e dzora \u2018d tut a l\u2019\u00e9 gi\u00e0 na manera \u2018d feje sente ant n\u2019arzerva indian-a: p\u00ebrch\u00e8 ij gieugh dle masn\u00e0 a son naturaj, a nasso dal gnente, se a son tr\u00f2p constru\u00ec \u2013 purtr\u00f2p \u2013 a peulo nen fonsion\u00e9.<\/p>\n<p>(E im arc\u00f2rd che mi, quand ch\u2019i l\u2019av\u00eca na t\u00ebrdzen-a d\u2019agn anviron, n\u2019ist\u00e0 che ij m\u00e9 a l\u2019av\u00eco fit\u00e0 na ca dzora Lans, an savend da lor che \u00ebl m\u00e9 compagn \u00ebd gieugh prefer\u00ec d\u00ebl pais a parlava piemont\u00e8is, i fas\u00eca dificolt\u00e0 a parleje an piemont\u00e8is. An teor\u00eca im dis\u00eca e i dis\u00eca ch\u2019a sar\u00eca piasume, ma an pratica a l\u2019\u00e9 mai capit\u00e0, e donca i podr\u00eca nen feje na colpa adess a mie masn\u00e0 se a parlo nen mia midema lenga.)<\/p>\n<p>Donca i pens, bele se a sagnacheur, che na r\u00f2ba par\u00e8j a peussa nen capit\u00e9. Alas.<\/p>\n","protected":false},"excerpt":{"rendered":"<p>Ricardo, an comentant m\u00e9 \u00f9ltim <a href=\"https:\/\/giannidavico.it\/gopiedmont\/2009\/11\/30\/piedmontese-an-endangered-language\/\">p\u00f2st<\/a>, a dis:<\/p>\n<p>a venta ch&#8217;i parloma piemont\u00e8is a n\u00f2stre masn\u00e0. Peui a ventr\u00eca \u00ebdc\u00f2 trov\u00e9 la manera \u00ebd feje rancontr\u00e9 antra &#8216;d lor, p\u00ebrch\u00e8 ch&#8217;as sento nen diferent da j&#8217;\u00e0utri.<\/p>\n<p>S\u00ec, naturalment a l\u2019ha razon \u2013 almanch fin-a a quand ch\u2019as resta ant le possibilit\u00e0 te\u00f2riche. P\u00ebrch\u00e8 f\u00e9 par\u00e8j a l\u2019\u00e9 nen f\u00e0cil, e dzora \u2018d tut a l\u2019\u00e9 gi\u00e0 na manera \u2018d feje sente ant n\u2019arzerva indian-a: p\u00ebrch\u00e8 ij gieugh dle masn\u00e0 a son naturaj, a nasso dal gnente, se a son tr\u00f2p constru\u00ec \u2013 purtr\u00f2p \u2013 a peulo nen fonsion\u00e9.<\/p>\n<p>(E im arc\u00f2rd che mi, quand ch\u2019i l\u2019av\u00eca na t\u00ebrdzen-a d\u2019agn anviron, n\u2019ist\u00e0 che ij m\u00e9 a l\u2019av\u00eco fit\u00e0 na ca dzora Lans, an savend da lor che \u00ebl m\u00e9 compagn \u00ebd gieugh prefer\u00ec d\u00ebl pais a parlava piemont\u00e8is, i fas\u00eca dificolt\u00e0 a parleje an piemont\u00e8is. An teor\u00eca im dis\u00eca e i dis\u00eca ch\u2019a sar\u00eca piasume, ma an pratica a l\u2019\u00e9 mai capit\u00e0, e donca i podr\u00eca nen feje na colpa adess a mie masn\u00e0 se a parlo nen mia midema lenga.)<\/p>\n<p>Donca i pens, bele se a sagnacheur, che na r\u00f2ba par\u00e8j a peussa nen capit\u00e9. Alas.<\/p>\n","protected":false},"author":1,"featured_media":0,"comment_status":"open","ping_status":"open","sticky":false,"template":"","format":"standard","meta":[],"categories":[130],"tags":[64],"yoast_head":"<!-- This site is optimized with the Yoast SEO plugin v19.14 - https:\/\/yoast.com\/wordpress\/plugins\/seo\/ -->\n<title>\u00cbl piemont\u00e8is e ij cit - Go Piedmont<\/title>\n<meta name=\"robots\" content=\"index, follow, max-snippet:-1, max-image-preview:large, max-video-preview:-1\" \/>\n<link rel=\"canonical\" href=\"https:\/\/giannidavico.it\/gopiedmont\/2009\/12\/10\/el-piemonteis-e-ij-cit\/\" \/>\n<meta property=\"og:locale\" content=\"it_IT\" \/>\n<meta property=\"og:type\" content=\"article\" \/>\n<meta property=\"og:title\" content=\"\u00cbl piemont\u00e8is e ij cit - Go Piedmont\" \/>\n<meta property=\"og:description\" content=\"Ricardo, an comentant m\u00e9 \u00f9ltim p\u00f2st, a dis: a venta ch&#8217;i parloma piemont\u00e8is a n\u00f2stre masn\u00e0. Peui a ventr\u00eca \u00ebdc\u00f2 trov\u00e9 la manera \u00ebd feje rancontr\u00e9 antra &#8216;d lor, p\u00ebrch\u00e8 ch&#8217;as sento nen diferent da j&#8217;\u00e0utri. S\u00ec, naturalment a l\u2019ha razon \u2013 almanch fin-a a quand ch\u2019as resta ant le possibilit\u00e0 te\u00f2riche. P\u00ebrch\u00e8 f\u00e9 par\u00e8j a l\u2019\u00e9 nen f\u00e0cil, e dzora \u2018d tut a l\u2019\u00e9 gi\u00e0 na manera \u2018d feje sente ant n\u2019arzerva indian-a: p\u00ebrch\u00e8 ij gieugh dle masn\u00e0 a son naturaj, a nasso dal gnente, se a son tr\u00f2p constru\u00ec \u2013 purtr\u00f2p \u2013 a peulo nen fonsion\u00e9. (E im arc\u00f2rd che mi, quand ch\u2019i l\u2019av\u00eca na t\u00ebrdzen-a d\u2019agn anviron, n\u2019ist\u00e0 che ij m\u00e9 a l\u2019av\u00eco fit\u00e0 na ca dzora Lans, an savend da lor che \u00ebl m\u00e9 compagn \u00ebd gieugh prefer\u00ec d\u00ebl pais a parlava piemont\u00e8is, i fas\u00eca dificolt\u00e0 a parleje an piemont\u00e8is. An teor\u00eca im dis\u00eca e i dis\u00eca ch\u2019a sar\u00eca piasume, ma an pratica a l\u2019\u00e9 mai capit\u00e0, e donca i podr\u00eca nen feje na colpa adess a mie masn\u00e0 se a parlo nen mia midema lenga.) Donca i pens, bele se a sagnacheur, che na r\u00f2ba par\u00e8j a peussa nen capit\u00e9. Alas.\" \/>\n<meta property=\"og:url\" content=\"https:\/\/giannidavico.it\/gopiedmont\/2009\/12\/10\/el-piemonteis-e-ij-cit\/\" \/>\n<meta property=\"og:site_name\" content=\"Go Piedmont\" \/>\n<meta property=\"article:published_time\" content=\"2009-12-10T10:10:00+00:00\" \/>\n<meta property=\"article:modified_time\" content=\"2010-05-20T10:29:14+00:00\" \/>\n<meta name=\"author\" content=\"admin\" \/>\n<meta name=\"twitter:card\" content=\"summary_large_image\" \/>\n<meta name=\"twitter:label1\" content=\"Scritto da\" \/>\n\t<meta name=\"twitter:data1\" content=\"admin\" \/>\n\t<meta name=\"twitter:label2\" content=\"Tempo di lettura stimato\" \/>\n\t<meta name=\"twitter:data2\" content=\"1 minuto\" \/>\n<script type=\"application\/ld+json\" class=\"yoast-schema-graph\">{\"@context\":\"https:\/\/schema.org\",\"@graph\":[{\"@type\":\"WebPage\",\"@id\":\"https:\/\/giannidavico.it\/gopiedmont\/2009\/12\/10\/el-piemonteis-e-ij-cit\/\",\"url\":\"https:\/\/giannidavico.it\/gopiedmont\/2009\/12\/10\/el-piemonteis-e-ij-cit\/\",\"name\":\"\u00cbl piemont\u00e8is e ij cit - Go Piedmont\",\"isPartOf\":{\"@id\":\"https:\/\/giannidavico.it\/gopiedmont\/#website\"},\"datePublished\":\"2009-12-10T10:10:00+00:00\",\"dateModified\":\"2010-05-20T10:29:14+00:00\",\"author\":{\"@id\":\"https:\/\/giannidavico.it\/gopiedmont\/#\/schema\/person\/6a96d8672f14b275ece93af45a6da78b\"},\"inLanguage\":\"it-IT\",\"potentialAction\":[{\"@type\":\"ReadAction\",\"target\":[\"https:\/\/giannidavico.it\/gopiedmont\/2009\/12\/10\/el-piemonteis-e-ij-cit\/\"]}]},{\"@type\":\"WebSite\",\"@id\":\"https:\/\/giannidavico.it\/gopiedmont\/#website\",\"url\":\"https:\/\/giannidavico.it\/gopiedmont\/\",\"name\":\"Go Piedmont\",\"description\":\"pens\u00e9 dzora l\u00ecber, event e p\u00ebrson-e grop\u00e0 al Piemont e a la lenga piemont\u00e8isa\",\"potentialAction\":[{\"@type\":\"SearchAction\",\"target\":{\"@type\":\"EntryPoint\",\"urlTemplate\":\"https:\/\/giannidavico.it\/gopiedmont\/?s={search_term_string}\"},\"query-input\":\"required name=search_term_string\"}],\"inLanguage\":\"it-IT\"},{\"@type\":\"Person\",\"@id\":\"https:\/\/giannidavico.it\/gopiedmont\/#\/schema\/person\/6a96d8672f14b275ece93af45a6da78b\",\"name\":\"admin\",\"image\":{\"@type\":\"ImageObject\",\"inLanguage\":\"it-IT\",\"@id\":\"https:\/\/giannidavico.it\/gopiedmont\/#\/schema\/person\/image\/\",\"url\":\"https:\/\/secure.gravatar.com\/avatar\/337748753d882602f3038b55fb369ba1?s=96&d=mm&r=g\",\"contentUrl\":\"https:\/\/secure.gravatar.com\/avatar\/337748753d882602f3038b55fb369ba1?s=96&d=mm&r=g\",\"caption\":\"admin\"},\"url\":\"https:\/\/giannidavico.it\/gopiedmont\/author\/admin\/\"}]}<\/script>\n<!-- \/ Yoast SEO plugin. -->","yoast_head_json":{"title":"\u00cbl piemont\u00e8is e ij cit - Go Piedmont","robots":{"index":"index","follow":"follow","max-snippet":"max-snippet:-1","max-image-preview":"max-image-preview:large","max-video-preview":"max-video-preview:-1"},"canonical":"https:\/\/giannidavico.it\/gopiedmont\/2009\/12\/10\/el-piemonteis-e-ij-cit\/","og_locale":"it_IT","og_type":"article","og_title":"\u00cbl piemont\u00e8is e ij cit - Go Piedmont","og_description":"Ricardo, an comentant m\u00e9 \u00f9ltim p\u00f2st, a dis: a venta ch&#8217;i parloma piemont\u00e8is a n\u00f2stre masn\u00e0. Peui a ventr\u00eca \u00ebdc\u00f2 trov\u00e9 la manera \u00ebd feje rancontr\u00e9 antra &#8216;d lor, p\u00ebrch\u00e8 ch&#8217;as sento nen diferent da j&#8217;\u00e0utri. S\u00ec, naturalment a l\u2019ha razon \u2013 almanch fin-a a quand ch\u2019as resta ant le possibilit\u00e0 te\u00f2riche. P\u00ebrch\u00e8 f\u00e9 par\u00e8j a l\u2019\u00e9 nen f\u00e0cil, e dzora \u2018d tut a l\u2019\u00e9 gi\u00e0 na manera \u2018d feje sente ant n\u2019arzerva indian-a: p\u00ebrch\u00e8 ij gieugh dle masn\u00e0 a son naturaj, a nasso dal gnente, se a son tr\u00f2p constru\u00ec \u2013 purtr\u00f2p \u2013 a peulo nen fonsion\u00e9. (E im arc\u00f2rd che mi, quand ch\u2019i l\u2019av\u00eca na t\u00ebrdzen-a d\u2019agn anviron, n\u2019ist\u00e0 che ij m\u00e9 a l\u2019av\u00eco fit\u00e0 na ca dzora Lans, an savend da lor che \u00ebl m\u00e9 compagn \u00ebd gieugh prefer\u00ec d\u00ebl pais a parlava piemont\u00e8is, i fas\u00eca dificolt\u00e0 a parleje an piemont\u00e8is. An teor\u00eca im dis\u00eca e i dis\u00eca ch\u2019a sar\u00eca piasume, ma an pratica a l\u2019\u00e9 mai capit\u00e0, e donca i podr\u00eca nen feje na colpa adess a mie masn\u00e0 se a parlo nen mia midema lenga.) Donca i pens, bele se a sagnacheur, che na r\u00f2ba par\u00e8j a peussa nen capit\u00e9. Alas.","og_url":"https:\/\/giannidavico.it\/gopiedmont\/2009\/12\/10\/el-piemonteis-e-ij-cit\/","og_site_name":"Go Piedmont","article_published_time":"2009-12-10T10:10:00+00:00","article_modified_time":"2010-05-20T10:29:14+00:00","author":"admin","twitter_card":"summary_large_image","twitter_misc":{"Scritto da":"admin","Tempo di lettura stimato":"1 minuto"},"schema":{"@context":"https:\/\/schema.org","@graph":[{"@type":"WebPage","@id":"https:\/\/giannidavico.it\/gopiedmont\/2009\/12\/10\/el-piemonteis-e-ij-cit\/","url":"https:\/\/giannidavico.it\/gopiedmont\/2009\/12\/10\/el-piemonteis-e-ij-cit\/","name":"\u00cbl piemont\u00e8is e ij cit - Go Piedmont","isPartOf":{"@id":"https:\/\/giannidavico.it\/gopiedmont\/#website"},"datePublished":"2009-12-10T10:10:00+00:00","dateModified":"2010-05-20T10:29:14+00:00","author":{"@id":"https:\/\/giannidavico.it\/gopiedmont\/#\/schema\/person\/6a96d8672f14b275ece93af45a6da78b"},"inLanguage":"it-IT","potentialAction":[{"@type":"ReadAction","target":["https:\/\/giannidavico.it\/gopiedmont\/2009\/12\/10\/el-piemonteis-e-ij-cit\/"]}]},{"@type":"WebSite","@id":"https:\/\/giannidavico.it\/gopiedmont\/#website","url":"https:\/\/giannidavico.it\/gopiedmont\/","name":"Go Piedmont","description":"pens\u00e9 dzora l\u00ecber, event e p\u00ebrson-e grop\u00e0 al Piemont e a la lenga piemont\u00e8isa","potentialAction":[{"@type":"SearchAction","target":{"@type":"EntryPoint","urlTemplate":"https:\/\/giannidavico.it\/gopiedmont\/?s={search_term_string}"},"query-input":"required name=search_term_string"}],"inLanguage":"it-IT"},{"@type":"Person","@id":"https:\/\/giannidavico.it\/gopiedmont\/#\/schema\/person\/6a96d8672f14b275ece93af45a6da78b","name":"admin","image":{"@type":"ImageObject","inLanguage":"it-IT","@id":"https:\/\/giannidavico.it\/gopiedmont\/#\/schema\/person\/image\/","url":"https:\/\/secure.gravatar.com\/avatar\/337748753d882602f3038b55fb369ba1?s=96&d=mm&r=g","contentUrl":"https:\/\/secure.gravatar.com\/avatar\/337748753d882602f3038b55fb369ba1?s=96&d=mm&r=g","caption":"admin"},"url":"https:\/\/giannidavico.it\/gopiedmont\/author\/admin\/"}]}},"_links":{"self":[{"href":"https:\/\/giannidavico.it\/gopiedmont\/wp-json\/wp\/v2\/posts\/81"}],"collection":[{"href":"https:\/\/giannidavico.it\/gopiedmont\/wp-json\/wp\/v2\/posts"}],"about":[{"href":"https:\/\/giannidavico.it\/gopiedmont\/wp-json\/wp\/v2\/types\/post"}],"author":[{"embeddable":true,"href":"https:\/\/giannidavico.it\/gopiedmont\/wp-json\/wp\/v2\/users\/1"}],"replies":[{"embeddable":true,"href":"https:\/\/giannidavico.it\/gopiedmont\/wp-json\/wp\/v2\/comments?post=81"}],"version-history":[{"count":2,"href":"https:\/\/giannidavico.it\/gopiedmont\/wp-json\/wp\/v2\/posts\/81\/revisions"}],"predecessor-version":[{"id":267,"href":"https:\/\/giannidavico.it\/gopiedmont\/wp-json\/wp\/v2\/posts\/81\/revisions\/267"}],"wp:attachment":[{"href":"https:\/\/giannidavico.it\/gopiedmont\/wp-json\/wp\/v2\/media?parent=81"}],"wp:term":[{"taxonomy":"category","embeddable":true,"href":"https:\/\/giannidavico.it\/gopiedmont\/wp-json\/wp\/v2\/categories?post=81"},{"taxonomy":"post_tag","embeddable":true,"href":"https:\/\/giannidavico.it\/gopiedmont\/wp-json\/wp\/v2\/tags?post=81"}],"curies":[{"name":"wp","href":"https:\/\/api.w.org\/{rel}","templated":true}]}}