{"id":812,"date":"2011-06-29T10:57:33","date_gmt":"2011-06-29T10:57:33","guid":{"rendered":"https:\/\/giannidavico.it\/staging\/gopiedmont\/?p=812"},"modified":"2011-06-29T10:57:33","modified_gmt":"2011-06-29T10:57:33","slug":"festa-del-piemont-cha-fa-44","status":"publish","type":"post","link":"https:\/\/giannidavico.it\/gopiedmont\/2011\/06\/29\/festa-del-piemont-cha-fa-44\/","title":{"rendered":"Festa d\u00ebl Piemont ch&#8217;a f\u00e0 44"},"content":{"rendered":"<p>Ij Brand\u00e9, la comun-a &#8216;d Casele e l&#8217;associassion La Forgia a l&#8217;han organis\u00e0 p\u00ebr saba 2 e dum\u00ecnica 3 luj la festa d\u00ebl Piemont ch&#8217;a f\u00e0 44.<\/p>\n<p>A s&#8217;ancamina saba a ondes ore con la m\u00ebssa ant la cesa dij Bat\u00f9 an piassa Boschiassi.<\/p>\n<p>A la dom\u00ecnica l&#8217;artreuv a l&#8217;\u00e9 a des e mesa an piassa Boschiassi. Da l\u00ec a-i sar\u00e0 &#8216;l corteo vers piassa Europa, andova a ondes ore as consigner\u00e0 &#8216;l Gran Drap\u00f2 d\u00ebl Piemont da Barge a Casele.<\/p>\n<p>A mes b\u00f2t disn\u00e9 dl\u2019amicissia da j\u2019alpini \u00ebd Casele an via Basilio Bona.<\/p>\n<p>Da quatr ore an piassa Boschiassi a s\u00eb tnir\u00e0 l\u00eb spetacol \u00ebd coltura popolar d\u00ebl grup Rododendro &#8216;d Lans.<\/p>\n<p><a href=\"https:\/\/giannidavico.it\/gopiedmont\/files\/2011\/06\/festa-Piemont.pdf\">Ambeless\u00ec<\/a> &#8216;l programa complet.<\/p>\n","protected":false},"excerpt":{"rendered":"<p>Ij Brand\u00e9, la comun-a &#8216;d Casele e l&#8217;associassion La Forgia a l&#8217;han organis\u00e0 p\u00ebr saba 2 e dum\u00ecnica 3 luj la festa d\u00ebl Piemont ch&#8217;a f\u00e0 44.<\/p>\n<p>A s&#8217;ancamina saba a ondes ore con la m\u00ebssa ant la cesa dij Bat\u00f9 an piassa Boschiassi.<\/p>\n<p>A la dom\u00ecnica l&#8217;artreuv a l&#8217;\u00e9 a des e mesa an piassa Boschiassi. Da l\u00ec a-i sar\u00e0 &#8216;l corteo vers piassa Europa, andova a ondes ore as consigner\u00e0 &#8216;l Gran Drap\u00f2 d\u00ebl Piemont da Barge a Casele.<\/p>\n<p>A mes b\u00f2t disn\u00e9 dl\u2019amicissia da j\u2019alpini \u00ebd Casele an via Basilio Bona.<\/p>\n<p>Da quatr ore an piassa Boschiassi a s\u00eb tnir\u00e0 l\u00eb spetacol \u00ebd coltura popolar d\u00ebl grup Rododendro &#8216;d Lans.<\/p>\n<p><a href=\"https:\/\/giannidavico.it\/gopiedmont\/files\/2011\/06\/festa-Piemont.pdf\">Ambeless\u00ec<\/a> &#8216;l programa complet.<\/p>\n","protected":false},"author":4,"featured_media":0,"comment_status":"open","ping_status":"open","sticky":false,"template":"","format":"standard","meta":[],"categories":[130],"tags":[131],"yoast_head":"<!-- This site is optimized with the Yoast SEO plugin v19.14 - https:\/\/yoast.com\/wordpress\/plugins\/seo\/ -->\n<title>Festa d\u00ebl Piemont ch&#039;a f\u00e0 44 - Go Piedmont<\/title>\n<meta name=\"robots\" content=\"index, follow, max-snippet:-1, max-image-preview:large, max-video-preview:-1\" \/>\n<link rel=\"canonical\" href=\"https:\/\/giannidavico.it\/gopiedmont\/2011\/06\/29\/festa-del-piemont-cha-fa-44\/\" \/>\n<meta property=\"og:locale\" content=\"it_IT\" \/>\n<meta property=\"og:type\" content=\"article\" \/>\n<meta property=\"og:title\" content=\"Festa d\u00ebl Piemont ch&#039;a f\u00e0 44 - Go Piedmont\" \/>\n<meta property=\"og:description\" content=\"Ij Brand\u00e9, la comun-a &#8216;d Casele e l&#8217;associassion La Forgia a l&#8217;han organis\u00e0 p\u00ebr saba 2 e dum\u00ecnica 3 luj la festa d\u00ebl Piemont ch&#8217;a f\u00e0 44. A s&#8217;ancamina saba a ondes ore con la m\u00ebssa ant la cesa dij Bat\u00f9 an piassa Boschiassi. A la dom\u00ecnica l&#8217;artreuv a l&#8217;\u00e9 a des e mesa an piassa Boschiassi. Da l\u00ec a-i sar\u00e0 &#8216;l corteo vers piassa Europa, andova a ondes ore as consigner\u00e0 &#8216;l Gran Drap\u00f2 d\u00ebl Piemont da Barge a Casele. A mes b\u00f2t disn\u00e9 dl\u2019amicissia da j\u2019alpini \u00ebd Casele an via Basilio Bona. Da quatr ore an piassa Boschiassi a s\u00eb tnir\u00e0 l\u00eb spetacol \u00ebd coltura popolar d\u00ebl grup Rododendro &#8216;d Lans. Ambeless\u00ec &#8216;l programa complet.\" \/>\n<meta property=\"og:url\" content=\"https:\/\/giannidavico.it\/gopiedmont\/2011\/06\/29\/festa-del-piemont-cha-fa-44\/\" \/>\n<meta property=\"og:site_name\" content=\"Go Piedmont\" \/>\n<meta property=\"article:published_time\" content=\"2011-06-29T10:57:33+00:00\" \/>\n<meta name=\"author\" content=\"giannidavico\" \/>\n<meta name=\"twitter:card\" content=\"summary_large_image\" \/>\n<meta name=\"twitter:label1\" content=\"Scritto da\" \/>\n\t<meta name=\"twitter:data1\" content=\"giannidavico\" \/>\n\t<meta name=\"twitter:label2\" content=\"Tempo di lettura stimato\" \/>\n\t<meta name=\"twitter:data2\" content=\"1 minuto\" \/>\n<script type=\"application\/ld+json\" class=\"yoast-schema-graph\">{\"@context\":\"https:\/\/schema.org\",\"@graph\":[{\"@type\":\"WebPage\",\"@id\":\"https:\/\/giannidavico.it\/gopiedmont\/2011\/06\/29\/festa-del-piemont-cha-fa-44\/\",\"url\":\"https:\/\/giannidavico.it\/gopiedmont\/2011\/06\/29\/festa-del-piemont-cha-fa-44\/\",\"name\":\"Festa d\u00ebl Piemont ch'a f\u00e0 44 - Go Piedmont\",\"isPartOf\":{\"@id\":\"https:\/\/giannidavico.it\/gopiedmont\/#website\"},\"datePublished\":\"2011-06-29T10:57:33+00:00\",\"dateModified\":\"2011-06-29T10:57:33+00:00\",\"author\":{\"@id\":\"https:\/\/giannidavico.it\/gopiedmont\/#\/schema\/person\/ea1fd17d8f2dba325f3712219efa8f77\"},\"inLanguage\":\"it-IT\",\"potentialAction\":[{\"@type\":\"ReadAction\",\"target\":[\"https:\/\/giannidavico.it\/gopiedmont\/2011\/06\/29\/festa-del-piemont-cha-fa-44\/\"]}]},{\"@type\":\"WebSite\",\"@id\":\"https:\/\/giannidavico.it\/gopiedmont\/#website\",\"url\":\"https:\/\/giannidavico.it\/gopiedmont\/\",\"name\":\"Go Piedmont\",\"description\":\"pens\u00e9 dzora l\u00ecber, event e p\u00ebrson-e grop\u00e0 al Piemont e a la lenga piemont\u00e8isa\",\"potentialAction\":[{\"@type\":\"SearchAction\",\"target\":{\"@type\":\"EntryPoint\",\"urlTemplate\":\"https:\/\/giannidavico.it\/gopiedmont\/?s={search_term_string}\"},\"query-input\":\"required name=search_term_string\"}],\"inLanguage\":\"it-IT\"},{\"@type\":\"Person\",\"@id\":\"https:\/\/giannidavico.it\/gopiedmont\/#\/schema\/person\/ea1fd17d8f2dba325f3712219efa8f77\",\"name\":\"giannidavico\",\"image\":{\"@type\":\"ImageObject\",\"inLanguage\":\"it-IT\",\"@id\":\"https:\/\/giannidavico.it\/gopiedmont\/#\/schema\/person\/image\/\",\"url\":\"https:\/\/secure.gravatar.com\/avatar\/337748753d882602f3038b55fb369ba1?s=96&d=mm&r=g\",\"contentUrl\":\"https:\/\/secure.gravatar.com\/avatar\/337748753d882602f3038b55fb369ba1?s=96&d=mm&r=g\",\"caption\":\"giannidavico\"},\"url\":\"https:\/\/giannidavico.it\/gopiedmont\/author\/giannidavico\/\"}]}<\/script>\n<!-- \/ Yoast SEO plugin. -->","yoast_head_json":{"title":"Festa d\u00ebl Piemont ch'a f\u00e0 44 - Go Piedmont","robots":{"index":"index","follow":"follow","max-snippet":"max-snippet:-1","max-image-preview":"max-image-preview:large","max-video-preview":"max-video-preview:-1"},"canonical":"https:\/\/giannidavico.it\/gopiedmont\/2011\/06\/29\/festa-del-piemont-cha-fa-44\/","og_locale":"it_IT","og_type":"article","og_title":"Festa d\u00ebl Piemont ch'a f\u00e0 44 - Go Piedmont","og_description":"Ij Brand\u00e9, la comun-a &#8216;d Casele e l&#8217;associassion La Forgia a l&#8217;han organis\u00e0 p\u00ebr saba 2 e dum\u00ecnica 3 luj la festa d\u00ebl Piemont ch&#8217;a f\u00e0 44. A s&#8217;ancamina saba a ondes ore con la m\u00ebssa ant la cesa dij Bat\u00f9 an piassa Boschiassi. A la dom\u00ecnica l&#8217;artreuv a l&#8217;\u00e9 a des e mesa an piassa Boschiassi. Da l\u00ec a-i sar\u00e0 &#8216;l corteo vers piassa Europa, andova a ondes ore as consigner\u00e0 &#8216;l Gran Drap\u00f2 d\u00ebl Piemont da Barge a Casele. A mes b\u00f2t disn\u00e9 dl\u2019amicissia da j\u2019alpini \u00ebd Casele an via Basilio Bona. Da quatr ore an piassa Boschiassi a s\u00eb tnir\u00e0 l\u00eb spetacol \u00ebd coltura popolar d\u00ebl grup Rododendro &#8216;d Lans. Ambeless\u00ec &#8216;l programa complet.","og_url":"https:\/\/giannidavico.it\/gopiedmont\/2011\/06\/29\/festa-del-piemont-cha-fa-44\/","og_site_name":"Go Piedmont","article_published_time":"2011-06-29T10:57:33+00:00","author":"giannidavico","twitter_card":"summary_large_image","twitter_misc":{"Scritto da":"giannidavico","Tempo di lettura stimato":"1 minuto"},"schema":{"@context":"https:\/\/schema.org","@graph":[{"@type":"WebPage","@id":"https:\/\/giannidavico.it\/gopiedmont\/2011\/06\/29\/festa-del-piemont-cha-fa-44\/","url":"https:\/\/giannidavico.it\/gopiedmont\/2011\/06\/29\/festa-del-piemont-cha-fa-44\/","name":"Festa d\u00ebl Piemont ch'a f\u00e0 44 - Go Piedmont","isPartOf":{"@id":"https:\/\/giannidavico.it\/gopiedmont\/#website"},"datePublished":"2011-06-29T10:57:33+00:00","dateModified":"2011-06-29T10:57:33+00:00","author":{"@id":"https:\/\/giannidavico.it\/gopiedmont\/#\/schema\/person\/ea1fd17d8f2dba325f3712219efa8f77"},"inLanguage":"it-IT","potentialAction":[{"@type":"ReadAction","target":["https:\/\/giannidavico.it\/gopiedmont\/2011\/06\/29\/festa-del-piemont-cha-fa-44\/"]}]},{"@type":"WebSite","@id":"https:\/\/giannidavico.it\/gopiedmont\/#website","url":"https:\/\/giannidavico.it\/gopiedmont\/","name":"Go Piedmont","description":"pens\u00e9 dzora l\u00ecber, event e p\u00ebrson-e grop\u00e0 al Piemont e a la lenga piemont\u00e8isa","potentialAction":[{"@type":"SearchAction","target":{"@type":"EntryPoint","urlTemplate":"https:\/\/giannidavico.it\/gopiedmont\/?s={search_term_string}"},"query-input":"required name=search_term_string"}],"inLanguage":"it-IT"},{"@type":"Person","@id":"https:\/\/giannidavico.it\/gopiedmont\/#\/schema\/person\/ea1fd17d8f2dba325f3712219efa8f77","name":"giannidavico","image":{"@type":"ImageObject","inLanguage":"it-IT","@id":"https:\/\/giannidavico.it\/gopiedmont\/#\/schema\/person\/image\/","url":"https:\/\/secure.gravatar.com\/avatar\/337748753d882602f3038b55fb369ba1?s=96&d=mm&r=g","contentUrl":"https:\/\/secure.gravatar.com\/avatar\/337748753d882602f3038b55fb369ba1?s=96&d=mm&r=g","caption":"giannidavico"},"url":"https:\/\/giannidavico.it\/gopiedmont\/author\/giannidavico\/"}]}},"_links":{"self":[{"href":"https:\/\/giannidavico.it\/gopiedmont\/wp-json\/wp\/v2\/posts\/812"}],"collection":[{"href":"https:\/\/giannidavico.it\/gopiedmont\/wp-json\/wp\/v2\/posts"}],"about":[{"href":"https:\/\/giannidavico.it\/gopiedmont\/wp-json\/wp\/v2\/types\/post"}],"author":[{"embeddable":true,"href":"https:\/\/giannidavico.it\/gopiedmont\/wp-json\/wp\/v2\/users\/4"}],"replies":[{"embeddable":true,"href":"https:\/\/giannidavico.it\/gopiedmont\/wp-json\/wp\/v2\/comments?post=812"}],"version-history":[{"count":7,"href":"https:\/\/giannidavico.it\/gopiedmont\/wp-json\/wp\/v2\/posts\/812\/revisions"}],"predecessor-version":[{"id":821,"href":"https:\/\/giannidavico.it\/gopiedmont\/wp-json\/wp\/v2\/posts\/812\/revisions\/821"}],"wp:attachment":[{"href":"https:\/\/giannidavico.it\/gopiedmont\/wp-json\/wp\/v2\/media?parent=812"}],"wp:term":[{"taxonomy":"category","embeddable":true,"href":"https:\/\/giannidavico.it\/gopiedmont\/wp-json\/wp\/v2\/categories?post=812"},{"taxonomy":"post_tag","embeddable":true,"href":"https:\/\/giannidavico.it\/gopiedmont\/wp-json\/wp\/v2\/tags?post=812"}],"curies":[{"name":"wp","href":"https:\/\/api.w.org\/{rel}","templated":true}]}}