{"id":840,"date":"2011-07-27T09:59:23","date_gmt":"2011-07-27T07:59:23","guid":{"rendered":"https:\/\/giannidavico.it\/staging\/gopiedmont\/?p=840"},"modified":"2015-09-22T14:33:53","modified_gmt":"2015-09-22T13:33:53","slug":"mia-lenga-piemonteisa","status":"publish","type":"post","link":"https:\/\/giannidavico.it\/gopiedmont\/2011\/07\/27\/mia-lenga-piemonteisa\/","title":{"rendered":"Mia lenga piemont\u00e8isa"},"content":{"rendered":"<p><a href=\"https:\/\/giannidavico.it\/gopiedmont\/files\/2011\/07\/Mia-lingua-italiana.jpg\"><img loading=\"lazy\" src=\"https:\/\/giannidavico.it\/gopiedmont\/files\/2011\/07\/Mia-lingua-italiana.jpg\" alt=\"\" title=\"Mia lingua italiana\" width=\"181\" height=\"278\" class=\"alignright size-full wp-image-841\" \/><\/a><br \/>\nGian Luigi Beccaria a l\u2019\u00e9 st\u00e0it m\u00e9 professor a l\u2019universit\u00e0, e s\u00f2 cors a l\u2019\u00e9 un \u00ebd coj che arc\u00f2rd con p\u00ec pias\u00ec, p\u00ebrch\u00e8 soe lession a l\u2019han mostrame da bon e da davzin l\u2019italian \u00ebscrit e soe trasformassion, dzora \u2018d tut ant ij primi secoj.<\/p>\n<p>Adess i l\u2019hai pij\u00e0 an man s\u00f2 \u00f9ltim l\u00ecber, <a href=\"http:\/\/www.amazon.it\/Mia-lingua-italiana-Luigi-Beccaria\/dp\/8806208691\/ref=sr_1_1?ie=UTF8&#038;qid=1442928809&#038;sr=8-1&#038;keywords=mia+lingua+italiana&#038;tag=giandavi-21\" target=\"_blank\"><em>Mia lingua italiana<\/em><\/a>. Gnente da d\u00ec ansima a tuta la part ch\u2019a r\u00ebsguarda l\u2019italian \u2013 chi, p\u00ec che chiel, a peul mostrenlo? \u2013, ma an vnisend a le lenghe regionaj (ai \u00abdialetti\u00bb, com ch\u2019a-i ciama chiel) \u00ebl discors a cambia.<\/p>\n<p>L\u2019impression general ch\u2019i l\u2019hai a l\u2019\u00e9 che la coltura dominanta, cola ch\u2019a f\u00e0 m\u00f2da e tendensa (p\u00ec o meno l\u2019universit\u00e0, i podr\u00eco d\u00ec), a l\u2019ha \u00ebl <em>diktat<\/em> \u00ebd consider\u00e9 le lenghe regionaj come na r\u00f2ba veja, quaic\u00f2s che a f\u00e0 pias\u00ec ch\u2019a-i sia (o ch\u2019a sia staje) ma che as peul nen, gnanca lontanament, but\u00e9 davzin a l\u2019italian.<\/p>\n<p>Bin, mi i son nen d\u2019ac\u00f2rde. Ij l\u00ecber i j\u00eb scriv an italian, ma \u00ebl piemont\u00e8is \u2013 scrit, nen mach parl\u00e0 \u2013 a definiss na bon-a part \u00ebd mia essensa.<\/p>\n<p>Ma tornoma al l\u00ecber. Beccaria (pp. 74-75) a scriv:<\/p>\n<blockquote><p>Una volta che ai dialetti sar\u00e0 riconosciuto lo statuto di lingua, essi vorranno <em>tutti<\/em> (alcuni gi\u00e0 lo vogliono) essere insegnati a scuola. Penso alla babele in Lombardia, in Piemonte, e altrove. Si dovr\u00e0 creare a tavolino un \u201clombardo comune\u201d, un \u201cpiemontese comune\u201d, che attualmente non esistono (n\u00e9 esisteranno mai). E si dovr\u00e0 approntare una grammatica comune. Ma su che base?<\/p><\/blockquote>\n<p>Poss\u00ecbil che un dij linguista p\u00ec avos\u00e0 ch\u2019i l\u2019oma a sapia nen che \u2018l piemont\u00e8is a l\u2019ha des s\u00e9coj d\u00eb st\u00f2ria scrita? Che na gram\u00e0tica, codific\u00e0 e precisa, a esist?<\/p>\n<p>(Evidentement n\u00f2, d\u00e0it che a scriv par\u00f2le piemont\u00e8ise com ch\u2019a podr\u00eca f\u00e9 mia cita.)<\/p>\n<p>E la conclusion d\u00ebl l\u00ecber a l\u2019\u00e9 che an \u00abdial\u00e8t\u00bb as peulo scrivse poes\u00ece magn\u00ecfiche, ma quand ch\u2019i parloma seriament alora i dovoma dovr\u00e9 l\u2019italian. E donca \u2018l piemont\u00e8is a sar\u00eca na manera \u2018d parl\u00e9 con j\u2019amis e p\u00f2ch d\u2019\u00e0utr.<\/p>\n<p><em>Mala tempora currunt<\/em>. P\u00f2vra mia identit\u00e0 piemont\u00e8isa.<\/p>\n","protected":false},"excerpt":{"rendered":"<p><a href=\"https:\/\/giannidavico.it\/gopiedmont\/files\/2011\/07\/Mia-lingua-italiana.jpg\"><img loading=\"lazy\" src=\"https:\/\/giannidavico.it\/gopiedmont\/files\/2011\/07\/Mia-lingua-italiana.jpg\" alt=\"\" title=\"Mia lingua italiana\" width=\"181\" height=\"278\" class=\"alignright size-full wp-image-841\" \/><\/a><br \/> Gian Luigi Beccaria a l\u2019\u00e9 st\u00e0it m\u00e9 professor a l\u2019universit\u00e0, e s\u00f2 cors a l\u2019\u00e9 un \u00ebd coj che arc\u00f2rd con p\u00ec pias\u00ec, p\u00ebrch\u00e8 soe lession a l\u2019han mostrame da bon e da davzin l\u2019italian \u00ebscrit e soe trasformassion, dzora \u2018d tut ant ij primi secoj.<\/p>\n<p>Adess i l\u2019hai pij\u00e0 an man s\u00f2 \u00f9ltim l\u00ecber, <a href=\"http:\/\/www.amazon.it\/Mia-lingua-italiana-Luigi-Beccaria\/dp\/8806208691\/ref=sr_1_1?ie=UTF8&#038;qid=1442928809&#038;sr=8-1&#038;keywords=mia+lingua+italiana&#038;tag=giandavi-21\" target=\"_blank\"><em>Mia lingua italiana<\/em><\/a>. Gnente da d\u00ec ansima a tuta la part ch\u2019a r\u00ebsguarda l\u2019italian \u2013 chi, p\u00ec che chiel, a peul mostrenlo? \u2013, ma an vnisend a le lenghe regionaj (ai \u00abdialetti\u00bb, com ch\u2019a-i ciama chiel) \u00ebl discors a cambia.<\/p>\n<p>L\u2019impression general ch\u2019i l\u2019hai a l\u2019\u00e9 che la coltura dominanta, cola ch\u2019a f\u00e0 m\u00f2da e tendensa (p\u00ec o meno l\u2019universit\u00e0, i podr\u00eco d\u00ec), a l\u2019ha \u00ebl <em>diktat<\/em> \u00ebd consider\u00e9 le lenghe regionaj come na r\u00f2ba veja, quaic\u00f2s che a f\u00e0 pias\u00ec ch\u2019a-i sia (o ch\u2019a sia staje) ma che as peul nen, gnanca lontanament, but\u00e9 davzin a l\u2019italian.<\/p>\n<p>Bin, mi i son nen d\u2019ac\u00f2rde. Ij l\u00ecber i j\u00eb scriv an italian, ma \u00ebl piemont\u00e8is \u2013 scrit, nen mach parl\u00e0 \u2013 a definiss na bon-a part \u00ebd mia essensa.<\/p>\n<p> [\u2026] <a class=\"moretag\" href=\"https:\/\/giannidavico.it\/gopiedmont\/2011\/07\/27\/mia-lenga-piemonteisa\/\">continua a leggere \u00bb<\/a><\/p>\n","protected":false},"author":4,"featured_media":0,"comment_status":"open","ping_status":"open","sticky":false,"template":"","format":"standard","meta":[],"categories":[130],"tags":[107,125],"yoast_head":"<!-- This site is optimized with the Yoast SEO plugin v19.14 - https:\/\/yoast.com\/wordpress\/plugins\/seo\/ -->\n<title>Mia lenga piemont\u00e8isa - Go Piedmont<\/title>\n<meta name=\"robots\" content=\"index, follow, max-snippet:-1, max-image-preview:large, max-video-preview:-1\" \/>\n<link rel=\"canonical\" href=\"https:\/\/giannidavico.it\/gopiedmont\/2011\/07\/27\/mia-lenga-piemonteisa\/\" \/>\n<meta property=\"og:locale\" content=\"it_IT\" \/>\n<meta property=\"og:type\" content=\"article\" \/>\n<meta property=\"og:title\" content=\"Mia lenga piemont\u00e8isa - Go Piedmont\" \/>\n<meta property=\"og:description\" content=\"Gian Luigi Beccaria a l\u2019\u00e9 st\u00e0it m\u00e9 professor a l\u2019universit\u00e0, e s\u00f2 cors a l\u2019\u00e9 un \u00ebd coj che arc\u00f2rd con p\u00ec pias\u00ec, p\u00ebrch\u00e8 soe lession a l\u2019han mostrame da bon e da davzin l\u2019italian \u00ebscrit e soe trasformassion, dzora \u2018d tut ant ij primi secoj. Adess i l\u2019hai pij\u00e0 an man s\u00f2 \u00f9ltim l\u00ecber, Mia lingua italiana. Gnente da d\u00ec ansima a tuta la part ch\u2019a r\u00ebsguarda l\u2019italian \u2013 chi, p\u00ec che chiel, a peul mostrenlo? \u2013, ma an vnisend a le lenghe regionaj (ai \u00abdialetti\u00bb, com ch\u2019a-i ciama chiel) \u00ebl discors a cambia. L\u2019impression general ch\u2019i l\u2019hai a l\u2019\u00e9 che la coltura dominanta, cola ch\u2019a f\u00e0 m\u00f2da e tendensa (p\u00ec o meno l\u2019universit\u00e0, i podr\u00eco d\u00ec), a l\u2019ha \u00ebl diktat \u00ebd consider\u00e9 le lenghe regionaj come na r\u00f2ba veja, quaic\u00f2s che a f\u00e0 pias\u00ec ch\u2019a-i sia (o ch\u2019a sia staje) ma che as peul nen, gnanca lontanament, but\u00e9 davzin a l\u2019italian. Bin, mi i son nen d\u2019ac\u00f2rde. Ij l\u00ecber i j\u00eb scriv an italian, ma \u00ebl piemont\u00e8is \u2013 scrit, nen mach parl\u00e0 \u2013 a definiss na bon-a part \u00ebd mia essensa. [\u2026] continua a leggere \u00bb\" \/>\n<meta property=\"og:url\" content=\"https:\/\/giannidavico.it\/gopiedmont\/2011\/07\/27\/mia-lenga-piemonteisa\/\" \/>\n<meta property=\"og:site_name\" content=\"Go Piedmont\" \/>\n<meta property=\"article:published_time\" content=\"2011-07-27T07:59:23+00:00\" \/>\n<meta property=\"article:modified_time\" content=\"2015-09-22T13:33:53+00:00\" \/>\n<meta property=\"og:image\" content=\"https:\/\/giannidavico.it\/gopiedmont\/files\/2011\/07\/Mia-lingua-italiana.jpg\" \/>\n<meta name=\"author\" content=\"giannidavico\" \/>\n<meta name=\"twitter:card\" content=\"summary_large_image\" \/>\n<meta name=\"twitter:label1\" content=\"Scritto da\" \/>\n\t<meta name=\"twitter:data1\" content=\"giannidavico\" \/>\n\t<meta name=\"twitter:label2\" content=\"Tempo di lettura stimato\" \/>\n\t<meta name=\"twitter:data2\" content=\"2 minuti\" \/>\n<script type=\"application\/ld+json\" class=\"yoast-schema-graph\">{\"@context\":\"https:\/\/schema.org\",\"@graph\":[{\"@type\":\"WebPage\",\"@id\":\"https:\/\/giannidavico.it\/gopiedmont\/2011\/07\/27\/mia-lenga-piemonteisa\/\",\"url\":\"https:\/\/giannidavico.it\/gopiedmont\/2011\/07\/27\/mia-lenga-piemonteisa\/\",\"name\":\"Mia lenga piemont\u00e8isa - Go Piedmont\",\"isPartOf\":{\"@id\":\"https:\/\/giannidavico.it\/gopiedmont\/#website\"},\"datePublished\":\"2011-07-27T07:59:23+00:00\",\"dateModified\":\"2015-09-22T13:33:53+00:00\",\"author\":{\"@id\":\"https:\/\/giannidavico.it\/gopiedmont\/#\/schema\/person\/ea1fd17d8f2dba325f3712219efa8f77\"},\"inLanguage\":\"it-IT\",\"potentialAction\":[{\"@type\":\"ReadAction\",\"target\":[\"https:\/\/giannidavico.it\/gopiedmont\/2011\/07\/27\/mia-lenga-piemonteisa\/\"]}]},{\"@type\":\"WebSite\",\"@id\":\"https:\/\/giannidavico.it\/gopiedmont\/#website\",\"url\":\"https:\/\/giannidavico.it\/gopiedmont\/\",\"name\":\"Go Piedmont\",\"description\":\"pens\u00e9 dzora l\u00ecber, event e p\u00ebrson-e grop\u00e0 al Piemont e a la lenga piemont\u00e8isa\",\"potentialAction\":[{\"@type\":\"SearchAction\",\"target\":{\"@type\":\"EntryPoint\",\"urlTemplate\":\"https:\/\/giannidavico.it\/gopiedmont\/?s={search_term_string}\"},\"query-input\":\"required name=search_term_string\"}],\"inLanguage\":\"it-IT\"},{\"@type\":\"Person\",\"@id\":\"https:\/\/giannidavico.it\/gopiedmont\/#\/schema\/person\/ea1fd17d8f2dba325f3712219efa8f77\",\"name\":\"giannidavico\",\"image\":{\"@type\":\"ImageObject\",\"inLanguage\":\"it-IT\",\"@id\":\"https:\/\/giannidavico.it\/gopiedmont\/#\/schema\/person\/image\/\",\"url\":\"https:\/\/secure.gravatar.com\/avatar\/337748753d882602f3038b55fb369ba1?s=96&d=mm&r=g\",\"contentUrl\":\"https:\/\/secure.gravatar.com\/avatar\/337748753d882602f3038b55fb369ba1?s=96&d=mm&r=g\",\"caption\":\"giannidavico\"},\"url\":\"https:\/\/giannidavico.it\/gopiedmont\/author\/giannidavico\/\"}]}<\/script>\n<!-- \/ Yoast SEO plugin. -->","yoast_head_json":{"title":"Mia lenga piemont\u00e8isa - Go Piedmont","robots":{"index":"index","follow":"follow","max-snippet":"max-snippet:-1","max-image-preview":"max-image-preview:large","max-video-preview":"max-video-preview:-1"},"canonical":"https:\/\/giannidavico.it\/gopiedmont\/2011\/07\/27\/mia-lenga-piemonteisa\/","og_locale":"it_IT","og_type":"article","og_title":"Mia lenga piemont\u00e8isa - Go Piedmont","og_description":"Gian Luigi Beccaria a l\u2019\u00e9 st\u00e0it m\u00e9 professor a l\u2019universit\u00e0, e s\u00f2 cors a l\u2019\u00e9 un \u00ebd coj che arc\u00f2rd con p\u00ec pias\u00ec, p\u00ebrch\u00e8 soe lession a l\u2019han mostrame da bon e da davzin l\u2019italian \u00ebscrit e soe trasformassion, dzora \u2018d tut ant ij primi secoj. Adess i l\u2019hai pij\u00e0 an man s\u00f2 \u00f9ltim l\u00ecber, Mia lingua italiana. Gnente da d\u00ec ansima a tuta la part ch\u2019a r\u00ebsguarda l\u2019italian \u2013 chi, p\u00ec che chiel, a peul mostrenlo? \u2013, ma an vnisend a le lenghe regionaj (ai \u00abdialetti\u00bb, com ch\u2019a-i ciama chiel) \u00ebl discors a cambia. L\u2019impression general ch\u2019i l\u2019hai a l\u2019\u00e9 che la coltura dominanta, cola ch\u2019a f\u00e0 m\u00f2da e tendensa (p\u00ec o meno l\u2019universit\u00e0, i podr\u00eco d\u00ec), a l\u2019ha \u00ebl diktat \u00ebd consider\u00e9 le lenghe regionaj come na r\u00f2ba veja, quaic\u00f2s che a f\u00e0 pias\u00ec ch\u2019a-i sia (o ch\u2019a sia staje) ma che as peul nen, gnanca lontanament, but\u00e9 davzin a l\u2019italian. Bin, mi i son nen d\u2019ac\u00f2rde. Ij l\u00ecber i j\u00eb scriv an italian, ma \u00ebl piemont\u00e8is \u2013 scrit, nen mach parl\u00e0 \u2013 a definiss na bon-a part \u00ebd mia essensa. [\u2026] continua a leggere \u00bb","og_url":"https:\/\/giannidavico.it\/gopiedmont\/2011\/07\/27\/mia-lenga-piemonteisa\/","og_site_name":"Go Piedmont","article_published_time":"2011-07-27T07:59:23+00:00","article_modified_time":"2015-09-22T13:33:53+00:00","og_image":[{"url":"https:\/\/giannidavico.it\/gopiedmont\/files\/2011\/07\/Mia-lingua-italiana.jpg"}],"author":"giannidavico","twitter_card":"summary_large_image","twitter_misc":{"Scritto da":"giannidavico","Tempo di lettura stimato":"2 minuti"},"schema":{"@context":"https:\/\/schema.org","@graph":[{"@type":"WebPage","@id":"https:\/\/giannidavico.it\/gopiedmont\/2011\/07\/27\/mia-lenga-piemonteisa\/","url":"https:\/\/giannidavico.it\/gopiedmont\/2011\/07\/27\/mia-lenga-piemonteisa\/","name":"Mia lenga piemont\u00e8isa - Go Piedmont","isPartOf":{"@id":"https:\/\/giannidavico.it\/gopiedmont\/#website"},"datePublished":"2011-07-27T07:59:23+00:00","dateModified":"2015-09-22T13:33:53+00:00","author":{"@id":"https:\/\/giannidavico.it\/gopiedmont\/#\/schema\/person\/ea1fd17d8f2dba325f3712219efa8f77"},"inLanguage":"it-IT","potentialAction":[{"@type":"ReadAction","target":["https:\/\/giannidavico.it\/gopiedmont\/2011\/07\/27\/mia-lenga-piemonteisa\/"]}]},{"@type":"WebSite","@id":"https:\/\/giannidavico.it\/gopiedmont\/#website","url":"https:\/\/giannidavico.it\/gopiedmont\/","name":"Go Piedmont","description":"pens\u00e9 dzora l\u00ecber, event e p\u00ebrson-e grop\u00e0 al Piemont e a la lenga piemont\u00e8isa","potentialAction":[{"@type":"SearchAction","target":{"@type":"EntryPoint","urlTemplate":"https:\/\/giannidavico.it\/gopiedmont\/?s={search_term_string}"},"query-input":"required name=search_term_string"}],"inLanguage":"it-IT"},{"@type":"Person","@id":"https:\/\/giannidavico.it\/gopiedmont\/#\/schema\/person\/ea1fd17d8f2dba325f3712219efa8f77","name":"giannidavico","image":{"@type":"ImageObject","inLanguage":"it-IT","@id":"https:\/\/giannidavico.it\/gopiedmont\/#\/schema\/person\/image\/","url":"https:\/\/secure.gravatar.com\/avatar\/337748753d882602f3038b55fb369ba1?s=96&d=mm&r=g","contentUrl":"https:\/\/secure.gravatar.com\/avatar\/337748753d882602f3038b55fb369ba1?s=96&d=mm&r=g","caption":"giannidavico"},"url":"https:\/\/giannidavico.it\/gopiedmont\/author\/giannidavico\/"}]}},"_links":{"self":[{"href":"https:\/\/giannidavico.it\/gopiedmont\/wp-json\/wp\/v2\/posts\/840"}],"collection":[{"href":"https:\/\/giannidavico.it\/gopiedmont\/wp-json\/wp\/v2\/posts"}],"about":[{"href":"https:\/\/giannidavico.it\/gopiedmont\/wp-json\/wp\/v2\/types\/post"}],"author":[{"embeddable":true,"href":"https:\/\/giannidavico.it\/gopiedmont\/wp-json\/wp\/v2\/users\/4"}],"replies":[{"embeddable":true,"href":"https:\/\/giannidavico.it\/gopiedmont\/wp-json\/wp\/v2\/comments?post=840"}],"version-history":[{"count":4,"href":"https:\/\/giannidavico.it\/gopiedmont\/wp-json\/wp\/v2\/posts\/840\/revisions"}],"predecessor-version":[{"id":2994,"href":"https:\/\/giannidavico.it\/gopiedmont\/wp-json\/wp\/v2\/posts\/840\/revisions\/2994"}],"wp:attachment":[{"href":"https:\/\/giannidavico.it\/gopiedmont\/wp-json\/wp\/v2\/media?parent=840"}],"wp:term":[{"taxonomy":"category","embeddable":true,"href":"https:\/\/giannidavico.it\/gopiedmont\/wp-json\/wp\/v2\/categories?post=840"},{"taxonomy":"post_tag","embeddable":true,"href":"https:\/\/giannidavico.it\/gopiedmont\/wp-json\/wp\/v2\/tags?post=840"}],"curies":[{"name":"wp","href":"https:\/\/api.w.org\/{rel}","templated":true}]}}