{"id":846,"date":"2011-08-03T13:24:07","date_gmt":"2011-08-03T11:24:07","guid":{"rendered":"https:\/\/giannidavico.it\/staging\/gopiedmont\/?p=846"},"modified":"2011-08-03T13:24:07","modified_gmt":"2011-08-03T11:24:07","slug":"el-piemonteis-an-agost","status":"publish","type":"post","link":"https:\/\/giannidavico.it\/gopiedmont\/2011\/08\/03\/el-piemonteis-an-agost\/","title":{"rendered":"\u00cbl piemont\u00e8is an agost"},"content":{"rendered":"<p>Agost, m\u00e8is dl\u2019arp\u00f2s e d\u00ebl temp ralent\u00e0. E temp \u00ebd festa, an Piemont: ambeless\u00ec quaidun-a tra le tante inissiative.<\/p>\n<p>1. Censin Pich an f\u00e0 sav\u00e8j che <a href=\"https:\/\/giannidavico.it\/gopiedmont\/2011\/06\/29\/festa-del-piemont-cha-fa-44\/\">la festa d\u00ebl Piemont ch\u2019a f\u00e0 44<\/a> a arpia saba 6 d\u2019agost a 10 ore al santuari dla Mad\u00f2na dla fi\u00f2ca \u2018d Bagneul p\u00ebr la santa m\u00ebssa. Al d\u00f2p-mesd\u00ec a-i sar\u00e0 la benedission e, an s\u00ebl sagr\u00e0 dla cesa, la vija dij Brand\u00e9, con m\u00f9siche, cant e poes\u00eca an n\u00f2sta lenga.<\/p>\n<p>2. Fin-a ai 6 d\u2019agost l\u2019Escolo de Sancto Luc\u00eco de Coumboscuro a organisa la sman-a d\u00ebl multilenghism: lenga, montagna e pens\u00e9. <a href=\"https:\/\/giannidavico.it\/gopiedmont\/files\/2011\/08\/multilinguismo.pdf\">Ambeless\u00ec<\/a> \u2018l programa complet.<\/p>\n<p>3. Saba 6 agost as fa festa \u2018dc\u00f2 a Loasseul (Loazzolo). P\u00ebr le veje stra d\u00ebl pais.<\/p>\n<p>4. A-i vintra nen diretament con \u00ebl piemont\u00e8is, ma d\u00e0it che un dij m\u00e9 pais a l\u2019\u00e9 Montmal (Montemale di Cuneo), a buta cont f\u00e9 sav\u00e8j che da saba 6 agost fin-a a la fin d\u00eb st\u00e8mber al castel a-i \u00e9 na mostra \u2018d qu\u00e0der. E s\u2019i ven-e is vegoma ambelel\u00e0.<\/p>\n","protected":false},"excerpt":{"rendered":"<p>Agost, m\u00e8is dl\u2019arp\u00f2s e d\u00ebl temp ralent\u00e0. E temp \u00ebd festa, an Piemont: ambeless\u00ec quaidun-a tra le tante inissiative.<\/p>\n<p>1. Censin Pich an f\u00e0 sav\u00e8j che <a href=\"https:\/\/giannidavico.it\/gopiedmont\/2011\/06\/29\/festa-del-piemont-cha-fa-44\/\">la festa d\u00ebl Piemont ch\u2019a f\u00e0 44<\/a> a arpia saba 6 d\u2019agost a 10 ore al santuari dla Mad\u00f2na dla fi\u00f2ca \u2018d Bagneul p\u00ebr la santa m\u00ebssa. Al d\u00f2p-mesd\u00ec a-i sar\u00e0 la benedission e, an s\u00ebl sagr\u00e0 dla cesa, la vija dij Brand\u00e9, con m\u00f9siche, cant e poes\u00eca an n\u00f2sta lenga.<\/p>\n<p>2. Fin-a ai 6 d\u2019agost l\u2019Escolo de Sancto Luc\u00eco de Coumboscuro a organisa la sman-a d\u00ebl multilenghism: lenga, montagna e pens\u00e9. <a href=\"https:\/\/giannidavico.it\/gopiedmont\/files\/2011\/08\/multilinguismo.pdf\">Ambeless\u00ec<\/a> \u2018l programa complet.<\/p>\n<p>3. Saba 6 agost as fa festa \u2018dc\u00f2 a Loasseul (Loazzolo). P\u00ebr le veje stra d\u00ebl pais.<\/p>\n<p>4. A-i vintra nen diretament con \u00ebl piemont\u00e8is, ma d\u00e0it che un dij m\u00e9 pais a l\u2019\u00e9 Montmal (Montemale di Cuneo), a buta cont f\u00e9 sav\u00e8j che da saba 6 agost fin-a a la fin d\u00eb st\u00e8mber al castel a-i \u00e9 na mostra \u2018d qu\u00e0der. E s\u2019i ven-e is vegoma ambelel\u00e0.<\/p>\n","protected":false},"author":4,"featured_media":0,"comment_status":"open","ping_status":"open","sticky":false,"template":"","format":"standard","meta":[],"categories":[130],"tags":[131],"yoast_head":"<!-- This site is optimized with the Yoast SEO plugin v19.14 - https:\/\/yoast.com\/wordpress\/plugins\/seo\/ -->\n<title>\u00cbl piemont\u00e8is an agost - Go Piedmont<\/title>\n<meta name=\"robots\" content=\"index, follow, max-snippet:-1, max-image-preview:large, max-video-preview:-1\" \/>\n<link rel=\"canonical\" href=\"https:\/\/giannidavico.it\/gopiedmont\/2011\/08\/03\/el-piemonteis-an-agost\/\" \/>\n<meta property=\"og:locale\" content=\"it_IT\" \/>\n<meta property=\"og:type\" content=\"article\" \/>\n<meta property=\"og:title\" content=\"\u00cbl piemont\u00e8is an agost - Go Piedmont\" \/>\n<meta property=\"og:description\" content=\"Agost, m\u00e8is dl\u2019arp\u00f2s e d\u00ebl temp ralent\u00e0. E temp \u00ebd festa, an Piemont: ambeless\u00ec quaidun-a tra le tante inissiative. 1. Censin Pich an f\u00e0 sav\u00e8j che la festa d\u00ebl Piemont ch\u2019a f\u00e0 44 a arpia saba 6 d\u2019agost a 10 ore al santuari dla Mad\u00f2na dla fi\u00f2ca \u2018d Bagneul p\u00ebr la santa m\u00ebssa. Al d\u00f2p-mesd\u00ec a-i sar\u00e0 la benedission e, an s\u00ebl sagr\u00e0 dla cesa, la vija dij Brand\u00e9, con m\u00f9siche, cant e poes\u00eca an n\u00f2sta lenga. 2. Fin-a ai 6 d\u2019agost l\u2019Escolo de Sancto Luc\u00eco de Coumboscuro a organisa la sman-a d\u00ebl multilenghism: lenga, montagna e pens\u00e9. Ambeless\u00ec \u2018l programa complet. 3. Saba 6 agost as fa festa \u2018dc\u00f2 a Loasseul (Loazzolo). P\u00ebr le veje stra d\u00ebl pais. 4. A-i vintra nen diretament con \u00ebl piemont\u00e8is, ma d\u00e0it che un dij m\u00e9 pais a l\u2019\u00e9 Montmal (Montemale di Cuneo), a buta cont f\u00e9 sav\u00e8j che da saba 6 agost fin-a a la fin d\u00eb st\u00e8mber al castel a-i \u00e9 na mostra \u2018d qu\u00e0der. E s\u2019i ven-e is vegoma ambelel\u00e0.\" \/>\n<meta property=\"og:url\" content=\"https:\/\/giannidavico.it\/gopiedmont\/2011\/08\/03\/el-piemonteis-an-agost\/\" \/>\n<meta property=\"og:site_name\" content=\"Go Piedmont\" \/>\n<meta property=\"article:published_time\" content=\"2011-08-03T11:24:07+00:00\" \/>\n<meta name=\"author\" content=\"giannidavico\" \/>\n<meta name=\"twitter:card\" content=\"summary_large_image\" \/>\n<meta name=\"twitter:label1\" content=\"Scritto da\" \/>\n\t<meta name=\"twitter:data1\" content=\"giannidavico\" \/>\n\t<meta name=\"twitter:label2\" content=\"Tempo di lettura stimato\" \/>\n\t<meta name=\"twitter:data2\" content=\"1 minuto\" \/>\n<script type=\"application\/ld+json\" class=\"yoast-schema-graph\">{\"@context\":\"https:\/\/schema.org\",\"@graph\":[{\"@type\":\"WebPage\",\"@id\":\"https:\/\/giannidavico.it\/gopiedmont\/2011\/08\/03\/el-piemonteis-an-agost\/\",\"url\":\"https:\/\/giannidavico.it\/gopiedmont\/2011\/08\/03\/el-piemonteis-an-agost\/\",\"name\":\"\u00cbl piemont\u00e8is an agost - Go Piedmont\",\"isPartOf\":{\"@id\":\"https:\/\/giannidavico.it\/gopiedmont\/#website\"},\"datePublished\":\"2011-08-03T11:24:07+00:00\",\"dateModified\":\"2011-08-03T11:24:07+00:00\",\"author\":{\"@id\":\"https:\/\/giannidavico.it\/gopiedmont\/#\/schema\/person\/ea1fd17d8f2dba325f3712219efa8f77\"},\"inLanguage\":\"it-IT\",\"potentialAction\":[{\"@type\":\"ReadAction\",\"target\":[\"https:\/\/giannidavico.it\/gopiedmont\/2011\/08\/03\/el-piemonteis-an-agost\/\"]}]},{\"@type\":\"WebSite\",\"@id\":\"https:\/\/giannidavico.it\/gopiedmont\/#website\",\"url\":\"https:\/\/giannidavico.it\/gopiedmont\/\",\"name\":\"Go Piedmont\",\"description\":\"pens\u00e9 dzora l\u00ecber, event e p\u00ebrson-e grop\u00e0 al Piemont e a la lenga piemont\u00e8isa\",\"potentialAction\":[{\"@type\":\"SearchAction\",\"target\":{\"@type\":\"EntryPoint\",\"urlTemplate\":\"https:\/\/giannidavico.it\/gopiedmont\/?s={search_term_string}\"},\"query-input\":\"required name=search_term_string\"}],\"inLanguage\":\"it-IT\"},{\"@type\":\"Person\",\"@id\":\"https:\/\/giannidavico.it\/gopiedmont\/#\/schema\/person\/ea1fd17d8f2dba325f3712219efa8f77\",\"name\":\"giannidavico\",\"image\":{\"@type\":\"ImageObject\",\"inLanguage\":\"it-IT\",\"@id\":\"https:\/\/giannidavico.it\/gopiedmont\/#\/schema\/person\/image\/\",\"url\":\"https:\/\/secure.gravatar.com\/avatar\/337748753d882602f3038b55fb369ba1?s=96&d=mm&r=g\",\"contentUrl\":\"https:\/\/secure.gravatar.com\/avatar\/337748753d882602f3038b55fb369ba1?s=96&d=mm&r=g\",\"caption\":\"giannidavico\"},\"url\":\"https:\/\/giannidavico.it\/gopiedmont\/author\/giannidavico\/\"}]}<\/script>\n<!-- \/ Yoast SEO plugin. -->","yoast_head_json":{"title":"\u00cbl piemont\u00e8is an agost - Go Piedmont","robots":{"index":"index","follow":"follow","max-snippet":"max-snippet:-1","max-image-preview":"max-image-preview:large","max-video-preview":"max-video-preview:-1"},"canonical":"https:\/\/giannidavico.it\/gopiedmont\/2011\/08\/03\/el-piemonteis-an-agost\/","og_locale":"it_IT","og_type":"article","og_title":"\u00cbl piemont\u00e8is an agost - Go Piedmont","og_description":"Agost, m\u00e8is dl\u2019arp\u00f2s e d\u00ebl temp ralent\u00e0. E temp \u00ebd festa, an Piemont: ambeless\u00ec quaidun-a tra le tante inissiative. 1. Censin Pich an f\u00e0 sav\u00e8j che la festa d\u00ebl Piemont ch\u2019a f\u00e0 44 a arpia saba 6 d\u2019agost a 10 ore al santuari dla Mad\u00f2na dla fi\u00f2ca \u2018d Bagneul p\u00ebr la santa m\u00ebssa. Al d\u00f2p-mesd\u00ec a-i sar\u00e0 la benedission e, an s\u00ebl sagr\u00e0 dla cesa, la vija dij Brand\u00e9, con m\u00f9siche, cant e poes\u00eca an n\u00f2sta lenga. 2. Fin-a ai 6 d\u2019agost l\u2019Escolo de Sancto Luc\u00eco de Coumboscuro a organisa la sman-a d\u00ebl multilenghism: lenga, montagna e pens\u00e9. Ambeless\u00ec \u2018l programa complet. 3. Saba 6 agost as fa festa \u2018dc\u00f2 a Loasseul (Loazzolo). P\u00ebr le veje stra d\u00ebl pais. 4. A-i vintra nen diretament con \u00ebl piemont\u00e8is, ma d\u00e0it che un dij m\u00e9 pais a l\u2019\u00e9 Montmal (Montemale di Cuneo), a buta cont f\u00e9 sav\u00e8j che da saba 6 agost fin-a a la fin d\u00eb st\u00e8mber al castel a-i \u00e9 na mostra \u2018d qu\u00e0der. E s\u2019i ven-e is vegoma ambelel\u00e0.","og_url":"https:\/\/giannidavico.it\/gopiedmont\/2011\/08\/03\/el-piemonteis-an-agost\/","og_site_name":"Go Piedmont","article_published_time":"2011-08-03T11:24:07+00:00","author":"giannidavico","twitter_card":"summary_large_image","twitter_misc":{"Scritto da":"giannidavico","Tempo di lettura stimato":"1 minuto"},"schema":{"@context":"https:\/\/schema.org","@graph":[{"@type":"WebPage","@id":"https:\/\/giannidavico.it\/gopiedmont\/2011\/08\/03\/el-piemonteis-an-agost\/","url":"https:\/\/giannidavico.it\/gopiedmont\/2011\/08\/03\/el-piemonteis-an-agost\/","name":"\u00cbl piemont\u00e8is an agost - Go Piedmont","isPartOf":{"@id":"https:\/\/giannidavico.it\/gopiedmont\/#website"},"datePublished":"2011-08-03T11:24:07+00:00","dateModified":"2011-08-03T11:24:07+00:00","author":{"@id":"https:\/\/giannidavico.it\/gopiedmont\/#\/schema\/person\/ea1fd17d8f2dba325f3712219efa8f77"},"inLanguage":"it-IT","potentialAction":[{"@type":"ReadAction","target":["https:\/\/giannidavico.it\/gopiedmont\/2011\/08\/03\/el-piemonteis-an-agost\/"]}]},{"@type":"WebSite","@id":"https:\/\/giannidavico.it\/gopiedmont\/#website","url":"https:\/\/giannidavico.it\/gopiedmont\/","name":"Go Piedmont","description":"pens\u00e9 dzora l\u00ecber, event e p\u00ebrson-e grop\u00e0 al Piemont e a la lenga piemont\u00e8isa","potentialAction":[{"@type":"SearchAction","target":{"@type":"EntryPoint","urlTemplate":"https:\/\/giannidavico.it\/gopiedmont\/?s={search_term_string}"},"query-input":"required name=search_term_string"}],"inLanguage":"it-IT"},{"@type":"Person","@id":"https:\/\/giannidavico.it\/gopiedmont\/#\/schema\/person\/ea1fd17d8f2dba325f3712219efa8f77","name":"giannidavico","image":{"@type":"ImageObject","inLanguage":"it-IT","@id":"https:\/\/giannidavico.it\/gopiedmont\/#\/schema\/person\/image\/","url":"https:\/\/secure.gravatar.com\/avatar\/337748753d882602f3038b55fb369ba1?s=96&d=mm&r=g","contentUrl":"https:\/\/secure.gravatar.com\/avatar\/337748753d882602f3038b55fb369ba1?s=96&d=mm&r=g","caption":"giannidavico"},"url":"https:\/\/giannidavico.it\/gopiedmont\/author\/giannidavico\/"}]}},"_links":{"self":[{"href":"https:\/\/giannidavico.it\/gopiedmont\/wp-json\/wp\/v2\/posts\/846"}],"collection":[{"href":"https:\/\/giannidavico.it\/gopiedmont\/wp-json\/wp\/v2\/posts"}],"about":[{"href":"https:\/\/giannidavico.it\/gopiedmont\/wp-json\/wp\/v2\/types\/post"}],"author":[{"embeddable":true,"href":"https:\/\/giannidavico.it\/gopiedmont\/wp-json\/wp\/v2\/users\/4"}],"replies":[{"embeddable":true,"href":"https:\/\/giannidavico.it\/gopiedmont\/wp-json\/wp\/v2\/comments?post=846"}],"version-history":[{"count":6,"href":"https:\/\/giannidavico.it\/gopiedmont\/wp-json\/wp\/v2\/posts\/846\/revisions"}],"predecessor-version":[{"id":853,"href":"https:\/\/giannidavico.it\/gopiedmont\/wp-json\/wp\/v2\/posts\/846\/revisions\/853"}],"wp:attachment":[{"href":"https:\/\/giannidavico.it\/gopiedmont\/wp-json\/wp\/v2\/media?parent=846"}],"wp:term":[{"taxonomy":"category","embeddable":true,"href":"https:\/\/giannidavico.it\/gopiedmont\/wp-json\/wp\/v2\/categories?post=846"},{"taxonomy":"post_tag","embeddable":true,"href":"https:\/\/giannidavico.it\/gopiedmont\/wp-json\/wp\/v2\/tags?post=846"}],"curies":[{"name":"wp","href":"https:\/\/api.w.org\/{rel}","templated":true}]}}