{"id":855,"date":"2011-08-10T12:34:21","date_gmt":"2011-08-10T10:34:21","guid":{"rendered":"https:\/\/giannidavico.it\/staging\/gopiedmont\/?p=855"},"modified":"2011-10-14T11:29:30","modified_gmt":"2011-10-14T09:29:30","slug":"torna-a-la-piata","status":"publish","type":"post","link":"https:\/\/giannidavico.it\/gopiedmont\/2011\/08\/10\/torna-a-la-piata\/","title":{"rendered":"Torna a la Piata"},"content":{"rendered":"<p><a href=\"https:\/\/giannidavico.it\/gopiedmont\/files\/2011\/08\/la-Piata-ca.jpg\"><img loading=\"lazy\" src=\"https:\/\/giannidavico.it\/gopiedmont\/files\/2011\/08\/la-Piata-ca-300x200.jpg\" alt=\"\" title=\"la Piata, ca\" width=\"300\" height=\"200\" class=\"alignright size-medium wp-image-856\" srcset=\"https:\/\/giannidavico.it\/gopiedmont\/files\/2011\/08\/la-Piata-ca-300x200.jpg 300w, https:\/\/giannidavico.it\/gopiedmont\/files\/2011\/08\/la-Piata-ca-1024x682.jpg 1024w, https:\/\/giannidavico.it\/gopiedmont\/files\/2011\/08\/la-Piata-ca.jpg 1983w\" sizes=\"(max-width: 300px) 100vw, 300px\" \/><\/a><br \/>\nI son torn\u00e0, d\u00f2p un m\u00e8is e passa, a la Piata. La Piata, com che ij m\u00e9 vintesingh letor a san, a l\u2019\u00e9 p\u00ebr mi un leu d\u00ebl mit, p\u00ebrch\u00e8 i son st\u00e0it ambeless\u00ec a parte da quand ch\u2019i j\u2019era gnero e donca \u2013 par\u00e8j a dir\u00eca Pavese \u2013 i-i sarai sempe.<\/p>\n<p>Mi i l\u2019hai <a href=\"https:\/\/giannidavico.it\/gopiedmont\/2010\/10\/05\/mi-i-l%E2%80%99hai-un-seugn\/\" title=\"Mi i l'hai un seugn\">\u00ebl seugn d\u00eb vn\u00ec a st\u00e9 ambeless\u00ec<\/a>: p\u00ebr l\u00f2n ch\u2019a r\u00ebsguarda \u2018l travaj, \u00abADSL ergo sum\u00bb, com ch\u2019a dis\u00eca bonanima \u2018d <a href=\"http:\/\/xoomer.virgilio.it\/fmetitie\/\" title=\"Fabio Metitieri\" target=\"_blank\">Fabio Metitieri<\/a>, e \u2018l g\u00f2lf \u00ebd Coni a l\u2019\u00e9 a 35 minute da s\u00ec. Per\u00f2 i deuv esse realista e i sai che al moment a l\u2019\u00e9 f\u00f2ra da la realisabilit\u00e0: le cite a ch\u00ebrso e ij n\u00f2no a ven-o vej.<\/p>\n<p>Ma i l\u2019hai \u2018dc\u00f2 la realit\u00e0 d\u00eb vn\u00ec s\u00ec un p\u00ebrfond \u00ebd vire a l\u2019ann, \u00ebd passeje tant temp, qu\u00e0ich vira con j\u2019amis. Ij b\u00f2sch. \u00cbl silensi p\u00ec complet. La natura, l\u2019alegr\u00eca e la meditassion.<\/p>\n<p>La realit\u00e0 a l\u2019\u00e9 \u2018dc\u00f2 costa. Mi i son content. E j\u2019amis a son anvit\u00e0.<\/p>\n","protected":false},"excerpt":{"rendered":"<p><a href=\"https:\/\/giannidavico.it\/gopiedmont\/files\/2011\/08\/la-Piata-ca.jpg\"><img loading=\"lazy\" src=\"https:\/\/giannidavico.it\/gopiedmont\/files\/2011\/08\/la-Piata-ca-300x200.jpg\" alt=\"\" title=\"la Piata, ca\" width=\"300\" height=\"200\" class=\"alignright size-medium wp-image-856\" srcset=\"https:\/\/giannidavico.it\/gopiedmont\/files\/2011\/08\/la-Piata-ca-300x200.jpg 300w, https:\/\/giannidavico.it\/gopiedmont\/files\/2011\/08\/la-Piata-ca-1024x682.jpg 1024w, https:\/\/giannidavico.it\/gopiedmont\/files\/2011\/08\/la-Piata-ca.jpg 1983w\" sizes=\"(max-width: 300px) 100vw, 300px\" \/><\/a><br \/> I son torn\u00e0, d\u00f2p un m\u00e8is e passa, a la Piata. La Piata, com che ij m\u00e9 vintesingh letor a san, a l\u2019\u00e9 p\u00ebr mi un leu d\u00ebl mit, p\u00ebrch\u00e8 i son st\u00e0it ambeless\u00ec a parte da quand ch\u2019i j\u2019era gnero e donca \u2013 par\u00e8j a dir\u00eca Pavese \u2013 i-i sarai sempe.<\/p>\n<p>Mi i l\u2019hai <a href=\"https:\/\/giannidavico.it\/gopiedmont\/2010\/10\/05\/mi-i-l%E2%80%99hai-un-seugn\/\" title=\"Mi i l'hai un seugn\">\u00ebl seugn d\u00eb vn\u00ec a st\u00e9 ambeless\u00ec<\/a>: p\u00ebr l\u00f2n ch\u2019a r\u00ebsguarda \u2018l travaj, \u00abADSL ergo sum\u00bb, com ch\u2019a dis\u00eca bonanima \u2018d <a href=\"http:\/\/xoomer.virgilio.it\/fmetitie\/\" title=\"Fabio Metitieri\" target=\"_blank\">Fabio Metitieri<\/a>, e \u2018l g\u00f2lf \u00ebd Coni a l\u2019\u00e9 a 35 minute da s\u00ec. Per\u00f2 i deuv esse realista e i sai che al moment a l\u2019\u00e9 f\u00f2ra da la realisabilit\u00e0: le cite a ch\u00ebrso e ij n\u00f2no a ven-o vej.<\/p>\n<p>Ma i l\u2019hai \u2018dc\u00f2 la realit\u00e0 d\u00eb vn\u00ec s\u00ec un p\u00ebrfond \u00ebd vire a l\u2019ann, \u00ebd passeje tant temp, qu\u00e0ich vira con j\u2019amis. Ij b\u00f2sch. \u00cbl silensi p\u00ec complet. La natura, l\u2019alegr\u00eca e la meditassion.<\/p>\n<p>La realit\u00e0 a l\u2019\u00e9 \u2018dc\u00f2 costa. Mi i son content. E j\u2019amis a [\u2026] <a class=\"moretag\" href=\"https:\/\/giannidavico.it\/gopiedmont\/2011\/08\/10\/torna-a-la-piata\/\">continua a leggere \u00bb<\/a><\/p>\n","protected":false},"author":4,"featured_media":0,"comment_status":"open","ping_status":"open","sticky":false,"template":"","format":"standard","meta":[],"categories":[130],"tags":[76,4020],"yoast_head":"<!-- This site is optimized with the Yoast SEO plugin v19.14 - https:\/\/yoast.com\/wordpress\/plugins\/seo\/ -->\n<title>Torna a la Piata - Go Piedmont<\/title>\n<meta name=\"robots\" content=\"index, follow, max-snippet:-1, max-image-preview:large, max-video-preview:-1\" \/>\n<link rel=\"canonical\" href=\"https:\/\/giannidavico.it\/gopiedmont\/2011\/08\/10\/torna-a-la-piata\/\" \/>\n<meta property=\"og:locale\" content=\"it_IT\" \/>\n<meta property=\"og:type\" content=\"article\" \/>\n<meta property=\"og:title\" content=\"Torna a la Piata - Go Piedmont\" \/>\n<meta property=\"og:description\" content=\"I son torn\u00e0, d\u00f2p un m\u00e8is e passa, a la Piata. La Piata, com che ij m\u00e9 vintesingh letor a san, a l\u2019\u00e9 p\u00ebr mi un leu d\u00ebl mit, p\u00ebrch\u00e8 i son st\u00e0it ambeless\u00ec a parte da quand ch\u2019i j\u2019era gnero e donca \u2013 par\u00e8j a dir\u00eca Pavese \u2013 i-i sarai sempe. Mi i l\u2019hai \u00ebl seugn d\u00eb vn\u00ec a st\u00e9 ambeless\u00ec: p\u00ebr l\u00f2n ch\u2019a r\u00ebsguarda \u2018l travaj, \u00abADSL ergo sum\u00bb, com ch\u2019a dis\u00eca bonanima \u2018d Fabio Metitieri, e \u2018l g\u00f2lf \u00ebd Coni a l\u2019\u00e9 a 35 minute da s\u00ec. Per\u00f2 i deuv esse realista e i sai che al moment a l\u2019\u00e9 f\u00f2ra da la realisabilit\u00e0: le cite a ch\u00ebrso e ij n\u00f2no a ven-o vej. Ma i l\u2019hai \u2018dc\u00f2 la realit\u00e0 d\u00eb vn\u00ec s\u00ec un p\u00ebrfond \u00ebd vire a l\u2019ann, \u00ebd passeje tant temp, qu\u00e0ich vira con j\u2019amis. Ij b\u00f2sch. \u00cbl silensi p\u00ec complet. La natura, l\u2019alegr\u00eca e la meditassion. La realit\u00e0 a l\u2019\u00e9 \u2018dc\u00f2 costa. Mi i son content. E j\u2019amis a [\u2026] continua a leggere \u00bb\" \/>\n<meta property=\"og:url\" content=\"https:\/\/giannidavico.it\/gopiedmont\/2011\/08\/10\/torna-a-la-piata\/\" \/>\n<meta property=\"og:site_name\" content=\"Go Piedmont\" \/>\n<meta property=\"article:published_time\" content=\"2011-08-10T10:34:21+00:00\" \/>\n<meta property=\"article:modified_time\" content=\"2011-10-14T09:29:30+00:00\" \/>\n<meta property=\"og:image\" content=\"https:\/\/giannidavico.it\/gopiedmont\/files\/2011\/08\/la-Piata-ca-300x200.jpg\" \/>\n<meta name=\"author\" content=\"giannidavico\" \/>\n<meta name=\"twitter:card\" content=\"summary_large_image\" \/>\n<meta name=\"twitter:label1\" content=\"Scritto da\" \/>\n\t<meta name=\"twitter:data1\" content=\"giannidavico\" \/>\n\t<meta name=\"twitter:label2\" content=\"Tempo di lettura stimato\" \/>\n\t<meta name=\"twitter:data2\" content=\"1 minuto\" \/>\n<script type=\"application\/ld+json\" class=\"yoast-schema-graph\">{\"@context\":\"https:\/\/schema.org\",\"@graph\":[{\"@type\":\"WebPage\",\"@id\":\"https:\/\/giannidavico.it\/gopiedmont\/2011\/08\/10\/torna-a-la-piata\/\",\"url\":\"https:\/\/giannidavico.it\/gopiedmont\/2011\/08\/10\/torna-a-la-piata\/\",\"name\":\"Torna a la Piata - Go Piedmont\",\"isPartOf\":{\"@id\":\"https:\/\/giannidavico.it\/gopiedmont\/#website\"},\"datePublished\":\"2011-08-10T10:34:21+00:00\",\"dateModified\":\"2011-10-14T09:29:30+00:00\",\"author\":{\"@id\":\"https:\/\/giannidavico.it\/gopiedmont\/#\/schema\/person\/ea1fd17d8f2dba325f3712219efa8f77\"},\"inLanguage\":\"it-IT\",\"potentialAction\":[{\"@type\":\"ReadAction\",\"target\":[\"https:\/\/giannidavico.it\/gopiedmont\/2011\/08\/10\/torna-a-la-piata\/\"]}]},{\"@type\":\"WebSite\",\"@id\":\"https:\/\/giannidavico.it\/gopiedmont\/#website\",\"url\":\"https:\/\/giannidavico.it\/gopiedmont\/\",\"name\":\"Go Piedmont\",\"description\":\"pens\u00e9 dzora l\u00ecber, event e p\u00ebrson-e grop\u00e0 al Piemont e a la lenga piemont\u00e8isa\",\"potentialAction\":[{\"@type\":\"SearchAction\",\"target\":{\"@type\":\"EntryPoint\",\"urlTemplate\":\"https:\/\/giannidavico.it\/gopiedmont\/?s={search_term_string}\"},\"query-input\":\"required name=search_term_string\"}],\"inLanguage\":\"it-IT\"},{\"@type\":\"Person\",\"@id\":\"https:\/\/giannidavico.it\/gopiedmont\/#\/schema\/person\/ea1fd17d8f2dba325f3712219efa8f77\",\"name\":\"giannidavico\",\"image\":{\"@type\":\"ImageObject\",\"inLanguage\":\"it-IT\",\"@id\":\"https:\/\/giannidavico.it\/gopiedmont\/#\/schema\/person\/image\/\",\"url\":\"https:\/\/secure.gravatar.com\/avatar\/337748753d882602f3038b55fb369ba1?s=96&d=mm&r=g\",\"contentUrl\":\"https:\/\/secure.gravatar.com\/avatar\/337748753d882602f3038b55fb369ba1?s=96&d=mm&r=g\",\"caption\":\"giannidavico\"},\"url\":\"https:\/\/giannidavico.it\/gopiedmont\/author\/giannidavico\/\"}]}<\/script>\n<!-- \/ Yoast SEO plugin. -->","yoast_head_json":{"title":"Torna a la Piata - Go Piedmont","robots":{"index":"index","follow":"follow","max-snippet":"max-snippet:-1","max-image-preview":"max-image-preview:large","max-video-preview":"max-video-preview:-1"},"canonical":"https:\/\/giannidavico.it\/gopiedmont\/2011\/08\/10\/torna-a-la-piata\/","og_locale":"it_IT","og_type":"article","og_title":"Torna a la Piata - Go Piedmont","og_description":"I son torn\u00e0, d\u00f2p un m\u00e8is e passa, a la Piata. La Piata, com che ij m\u00e9 vintesingh letor a san, a l\u2019\u00e9 p\u00ebr mi un leu d\u00ebl mit, p\u00ebrch\u00e8 i son st\u00e0it ambeless\u00ec a parte da quand ch\u2019i j\u2019era gnero e donca \u2013 par\u00e8j a dir\u00eca Pavese \u2013 i-i sarai sempe. Mi i l\u2019hai \u00ebl seugn d\u00eb vn\u00ec a st\u00e9 ambeless\u00ec: p\u00ebr l\u00f2n ch\u2019a r\u00ebsguarda \u2018l travaj, \u00abADSL ergo sum\u00bb, com ch\u2019a dis\u00eca bonanima \u2018d Fabio Metitieri, e \u2018l g\u00f2lf \u00ebd Coni a l\u2019\u00e9 a 35 minute da s\u00ec. Per\u00f2 i deuv esse realista e i sai che al moment a l\u2019\u00e9 f\u00f2ra da la realisabilit\u00e0: le cite a ch\u00ebrso e ij n\u00f2no a ven-o vej. Ma i l\u2019hai \u2018dc\u00f2 la realit\u00e0 d\u00eb vn\u00ec s\u00ec un p\u00ebrfond \u00ebd vire a l\u2019ann, \u00ebd passeje tant temp, qu\u00e0ich vira con j\u2019amis. Ij b\u00f2sch. \u00cbl silensi p\u00ec complet. La natura, l\u2019alegr\u00eca e la meditassion. La realit\u00e0 a l\u2019\u00e9 \u2018dc\u00f2 costa. Mi i son content. E j\u2019amis a [\u2026] continua a leggere \u00bb","og_url":"https:\/\/giannidavico.it\/gopiedmont\/2011\/08\/10\/torna-a-la-piata\/","og_site_name":"Go Piedmont","article_published_time":"2011-08-10T10:34:21+00:00","article_modified_time":"2011-10-14T09:29:30+00:00","og_image":[{"url":"https:\/\/giannidavico.it\/gopiedmont\/files\/2011\/08\/la-Piata-ca-300x200.jpg"}],"author":"giannidavico","twitter_card":"summary_large_image","twitter_misc":{"Scritto da":"giannidavico","Tempo di lettura stimato":"1 minuto"},"schema":{"@context":"https:\/\/schema.org","@graph":[{"@type":"WebPage","@id":"https:\/\/giannidavico.it\/gopiedmont\/2011\/08\/10\/torna-a-la-piata\/","url":"https:\/\/giannidavico.it\/gopiedmont\/2011\/08\/10\/torna-a-la-piata\/","name":"Torna a la Piata - Go Piedmont","isPartOf":{"@id":"https:\/\/giannidavico.it\/gopiedmont\/#website"},"datePublished":"2011-08-10T10:34:21+00:00","dateModified":"2011-10-14T09:29:30+00:00","author":{"@id":"https:\/\/giannidavico.it\/gopiedmont\/#\/schema\/person\/ea1fd17d8f2dba325f3712219efa8f77"},"inLanguage":"it-IT","potentialAction":[{"@type":"ReadAction","target":["https:\/\/giannidavico.it\/gopiedmont\/2011\/08\/10\/torna-a-la-piata\/"]}]},{"@type":"WebSite","@id":"https:\/\/giannidavico.it\/gopiedmont\/#website","url":"https:\/\/giannidavico.it\/gopiedmont\/","name":"Go Piedmont","description":"pens\u00e9 dzora l\u00ecber, event e p\u00ebrson-e grop\u00e0 al Piemont e a la lenga piemont\u00e8isa","potentialAction":[{"@type":"SearchAction","target":{"@type":"EntryPoint","urlTemplate":"https:\/\/giannidavico.it\/gopiedmont\/?s={search_term_string}"},"query-input":"required name=search_term_string"}],"inLanguage":"it-IT"},{"@type":"Person","@id":"https:\/\/giannidavico.it\/gopiedmont\/#\/schema\/person\/ea1fd17d8f2dba325f3712219efa8f77","name":"giannidavico","image":{"@type":"ImageObject","inLanguage":"it-IT","@id":"https:\/\/giannidavico.it\/gopiedmont\/#\/schema\/person\/image\/","url":"https:\/\/secure.gravatar.com\/avatar\/337748753d882602f3038b55fb369ba1?s=96&d=mm&r=g","contentUrl":"https:\/\/secure.gravatar.com\/avatar\/337748753d882602f3038b55fb369ba1?s=96&d=mm&r=g","caption":"giannidavico"},"url":"https:\/\/giannidavico.it\/gopiedmont\/author\/giannidavico\/"}]}},"_links":{"self":[{"href":"https:\/\/giannidavico.it\/gopiedmont\/wp-json\/wp\/v2\/posts\/855"}],"collection":[{"href":"https:\/\/giannidavico.it\/gopiedmont\/wp-json\/wp\/v2\/posts"}],"about":[{"href":"https:\/\/giannidavico.it\/gopiedmont\/wp-json\/wp\/v2\/types\/post"}],"author":[{"embeddable":true,"href":"https:\/\/giannidavico.it\/gopiedmont\/wp-json\/wp\/v2\/users\/4"}],"replies":[{"embeddable":true,"href":"https:\/\/giannidavico.it\/gopiedmont\/wp-json\/wp\/v2\/comments?post=855"}],"version-history":[{"count":5,"href":"https:\/\/giannidavico.it\/gopiedmont\/wp-json\/wp\/v2\/posts\/855\/revisions"}],"predecessor-version":[{"id":931,"href":"https:\/\/giannidavico.it\/gopiedmont\/wp-json\/wp\/v2\/posts\/855\/revisions\/931"}],"wp:attachment":[{"href":"https:\/\/giannidavico.it\/gopiedmont\/wp-json\/wp\/v2\/media?parent=855"}],"wp:term":[{"taxonomy":"category","embeddable":true,"href":"https:\/\/giannidavico.it\/gopiedmont\/wp-json\/wp\/v2\/categories?post=855"},{"taxonomy":"post_tag","embeddable":true,"href":"https:\/\/giannidavico.it\/gopiedmont\/wp-json\/wp\/v2\/tags?post=855"}],"curies":[{"name":"wp","href":"https:\/\/api.w.org\/{rel}","templated":true}]}}