{"id":87,"date":"2009-12-26T22:34:00","date_gmt":"2009-12-26T22:34:00","guid":{"rendered":"https:\/\/giannidavico.it\/staging\/gopiedmont\/2009\/12\/26\/stasseira-el-gelindo\/"},"modified":"2015-12-09T08:52:20","modified_gmt":"2015-12-09T07:52:20","slug":"stasseira-el-gelindo","status":"publish","type":"post","link":"https:\/\/giannidavico.it\/gopiedmont\/2009\/12\/26\/stasseira-el-gelindo\/","title":{"rendered":"Stass\u00e8ira, \u00ebl Gelindo"},"content":{"rendered":"<p>P\u00f2che minute f\u00e0 a l&#8217;\u00e9 fin\u00ece \u00ebl <strike><i><a href=\"http:\/\/www.ecomuseodellerocche.it\/immagini\/newsletter\/invito_2.pdf\" target=\"_blank\">Gelindo<\/a><\/i><\/strike>. A l&#8217;ha fame g\u00f2j voghe col \u00ebspet\u00e0col, e p\u00ebr tanti motiv, che i dirai nen an ordin, ma par\u00e8j com ch&#8217;a ven-o.<\/p>\n<p>J&#8217;ator giovo e an gamba, pr&#8217;esempi, ch&#8217;a l&#8217;han fane voghe na m\u00ebs-c\u00ebtta anciarmanta &#8216;d s\u00e0cher e profan.<\/p>\n<p>Pen-a riv\u00e0 i l&#8217;hai ancontr\u00e0 D\u00e0vid Fili\u00e9 (un fieul ch&#8217;a travaja a pro d\u00ebl piemont\u00e8is da ver piemont\u00e8is, visad\u00ec seguend le par\u00f2le che na vira i l&#8217;hai sent\u00f9 da m\u00e9 professor Riccardo Massano, <i>fa&#8217; t\u00f2 dover e ch\u00ebrpa<\/i>) e soa masn\u00e0; e bele ch&#8217;i sio parlasse mach na minuta, av\u00e8j vistlo ambelel\u00ec a l&#8217;ha fame cap\u00ec na vira &#8216;d p\u00ec, come ant na vision, la fortun-a ch&#8217;i l&#8217;hai a vesse piemont\u00e8is, visad\u00ec a av\u00e8j tanti amis an p\u00ec, na manera &#8216;d pens\u00e9 an p\u00ec, tant mond \u00ebd p\u00ec. A l&#8217;\u00e9 stame &#8216;n p\u00f2ch p\u00ec ci\u00e0ir l\u00f2n ch&#8217;a vor\u00eca d\u00ec Tavo Burat an <i>Piemont\u00e8is che mi i son<\/i>:<\/p>\n<blockquote><p>&#8216;L piemont\u00e8is a l&#8217;\u00e9 m\u00e8 pais.<\/p><\/blockquote>\n<p>(E <a href=\"http:\/\/www.musicantirivachieri.it\/home.asp\" target=\"_blank\">Domenico<\/a>, a-i na f\u00e0 gnente se costa a l&#8217;\u00e9 na bataja persa, p\u00ebrch\u00e8 <i>navigare necesse, vivere non necesse<\/i>. I lo foma e basta. D&#8217;\u00e0uta part \u00ebdc\u00f2 ti it lo f\u00e0 e basta.)<\/p>\n<p>E, com ch&#8217;a l&#8217;ha fame not\u00e9 D\u00e0vid, p\u00ebr la sconda vira longh la sman-a \u2013 la prima a j&#8217;era a la sipoltura &#8216;d Tavo \u2013 i l&#8217;oma sent\u00f9 la <i>Litan\u00eca<\/i> d\u00ebl Sinigaglia, ant na version bon ben diferenta ma aut\u00ebrtant fassinanta, costa cant\u00e0 da Olga Scarsi, na vos magnifica ch&#8217;a l&#8217;ha &#8216;l piemont\u00e8is ant \u00ebl sangh a l&#8217;istessa mia manera.<\/p>\n<p>M\u00e8 rimpr\u00f2cc: poss\u00ecbil che a Cher i l&#8217;abio nen a disposission un te\u00e0ter p\u00ec adat a n\u00eb spet\u00e0col par\u00e8j? (N\u00f2, i l&#8217;oma. Dovromlo!)<\/p>\n<p>E a la fin, ma nen sertam\u00e8nt da \u00f9ltim, Corrado Quadro, l&#8217;autor dla comedia. I dis\u00eca l&#8217;\u00e0utra sman-a \u00ebd <a href=\"https:\/\/giannidavico.it\/gopiedmont\/2009\/12\/17\/la-favola-di-gelindo\/\">t\u00f2 bel parl\u00e9 largh<\/a>, che p\u00ebr mi \u2013 piemont\u00e8is, s\u00ec, ma con un piemont\u00e8is tr\u00f2pe vire tr\u00f2p davsin a l\u2019italian \u2013 a l&#8217;\u00e9 n\u2019obietiv magnifich ma che i tocrai mai. <i>Doi povron bagn\u00e0 ant l\u2019euli<\/i> s\u00ec, ma sensa v\u00f2sta fin\u00ebssa. An tute le manere mers\u00ec a ti e ai t\u00f2 p\u00ebr costa bela s\u00e8ira m\u00e0gica &#8216;d mes invern.<\/p>\n","protected":false},"excerpt":{"rendered":"<p>P\u00f2che minute f\u00e0 a l&#8217;\u00e9 fin\u00ece \u00ebl <a href=\"http:\/\/www.ecomuseodellerocche.it\/immagini\/newsletter\/invito_2.pdf\" target=\"_blank\">Gelindo<\/a>. A l&#8217;ha fame g\u00f2j voghe col \u00ebspet\u00e0col, e p\u00ebr tanti motiv, che i dirai nen an ordin, ma par\u00e8j com ch&#8217;a ven-o.<\/p>\n<p>J&#8217;ator giovo e an gamba, pr&#8217;esempi, ch&#8217;a l&#8217;han fane voghe na m\u00ebs-c\u00ebtta anciarmanta &#8216;d s\u00e0cher e profan.<\/p>\n<p>Pen-a riv\u00e0 i l&#8217;hai ancontr\u00e0 D\u00e0vid Fili\u00e9 (un fieul ch&#8217;a travaja a pro d\u00ebl piemont\u00e8is da ver piemont\u00e8is, visad\u00ec seguend le par\u00f2le che na vira i l&#8217;hai sent\u00f9 da m\u00e9 professor Riccardo Massano, fa&#8217; t\u00f2 dover e ch\u00ebrpa) e soa masn\u00e0; e bele ch&#8217;i sio parlasse mach na minuta, av\u00e8j vistlo ambelel\u00ec a l&#8217;ha fame cap\u00ec na vira &#8216;d p\u00ec, come ant na vision, la fortun-a ch&#8217;i l&#8217;hai a vesse piemont\u00e8is, visad\u00ec a av\u00e8j tanti amis an p\u00ec, na manera &#8216;d pens\u00e9 an p\u00ec, tant mond \u00ebd p\u00ec. A l&#8217;\u00e9 stame &#8216;n p\u00f2ch p\u00ec ci\u00e0ir l\u00f2n ch&#8217;a vor\u00eca d\u00ec Tavo Burat an Piemont\u00e8is che mi i son:<\/p>\n<p>&#8216;L piemont\u00e8is a l&#8217;\u00e9 m\u00e8 pais.<\/p>\n<p>(E <a href=\"http:\/\/www.musicantirivachieri.it\/home.asp\" target=\"_blank\">Domenico<\/a>, a-i na f\u00e0 gnente se costa a l&#8217;\u00e9 na bataja persa, p\u00ebrch\u00e8 navigare necesse, vivere non necesse. I lo foma e basta. D&#8217;\u00e0uta part \u00ebdc\u00f2 ti it lo f\u00e0 e basta.)<\/p>\n<p>E, com ch&#8217;a [\u2026] <a class=\"moretag\" href=\"https:\/\/giannidavico.it\/gopiedmont\/2009\/12\/26\/stasseira-el-gelindo\/\">continua a leggere \u00bb<\/a><\/p>\n","protected":false},"author":1,"featured_media":0,"comment_status":"open","ping_status":"open","sticky":false,"template":"","format":"standard","meta":[],"categories":[130],"tags":[132,125],"yoast_head":"<!-- This site is optimized with the Yoast SEO plugin v19.14 - https:\/\/yoast.com\/wordpress\/plugins\/seo\/ -->\n<title>Stass\u00e8ira, \u00ebl Gelindo - Go Piedmont<\/title>\n<meta name=\"robots\" content=\"index, follow, max-snippet:-1, max-image-preview:large, max-video-preview:-1\" \/>\n<link rel=\"canonical\" href=\"https:\/\/giannidavico.it\/gopiedmont\/2009\/12\/26\/stasseira-el-gelindo\/\" \/>\n<meta property=\"og:locale\" content=\"it_IT\" \/>\n<meta property=\"og:type\" content=\"article\" \/>\n<meta property=\"og:title\" content=\"Stass\u00e8ira, \u00ebl Gelindo - Go Piedmont\" \/>\n<meta property=\"og:description\" content=\"P\u00f2che minute f\u00e0 a l&#8217;\u00e9 fin\u00ece \u00ebl Gelindo. A l&#8217;ha fame g\u00f2j voghe col \u00ebspet\u00e0col, e p\u00ebr tanti motiv, che i dirai nen an ordin, ma par\u00e8j com ch&#8217;a ven-o. J&#8217;ator giovo e an gamba, pr&#8217;esempi, ch&#8217;a l&#8217;han fane voghe na m\u00ebs-c\u00ebtta anciarmanta &#8216;d s\u00e0cher e profan. Pen-a riv\u00e0 i l&#8217;hai ancontr\u00e0 D\u00e0vid Fili\u00e9 (un fieul ch&#8217;a travaja a pro d\u00ebl piemont\u00e8is da ver piemont\u00e8is, visad\u00ec seguend le par\u00f2le che na vira i l&#8217;hai sent\u00f9 da m\u00e9 professor Riccardo Massano, fa&#8217; t\u00f2 dover e ch\u00ebrpa) e soa masn\u00e0; e bele ch&#8217;i sio parlasse mach na minuta, av\u00e8j vistlo ambelel\u00ec a l&#8217;ha fame cap\u00ec na vira &#8216;d p\u00ec, come ant na vision, la fortun-a ch&#8217;i l&#8217;hai a vesse piemont\u00e8is, visad\u00ec a av\u00e8j tanti amis an p\u00ec, na manera &#8216;d pens\u00e9 an p\u00ec, tant mond \u00ebd p\u00ec. A l&#8217;\u00e9 stame &#8216;n p\u00f2ch p\u00ec ci\u00e0ir l\u00f2n ch&#8217;a vor\u00eca d\u00ec Tavo Burat an Piemont\u00e8is che mi i son: &#8216;L piemont\u00e8is a l&#8217;\u00e9 m\u00e8 pais. (E Domenico, a-i na f\u00e0 gnente se costa a l&#8217;\u00e9 na bataja persa, p\u00ebrch\u00e8 navigare necesse, vivere non necesse. I lo foma e basta. D&#8217;\u00e0uta part \u00ebdc\u00f2 ti it lo f\u00e0 e basta.) E, com ch&#8217;a [\u2026] continua a leggere \u00bb\" \/>\n<meta property=\"og:url\" content=\"https:\/\/giannidavico.it\/gopiedmont\/2009\/12\/26\/stasseira-el-gelindo\/\" \/>\n<meta property=\"og:site_name\" content=\"Go Piedmont\" \/>\n<meta property=\"article:published_time\" content=\"2009-12-26T22:34:00+00:00\" \/>\n<meta property=\"article:modified_time\" content=\"2015-12-09T07:52:20+00:00\" \/>\n<meta name=\"author\" content=\"admin\" \/>\n<meta name=\"twitter:card\" content=\"summary_large_image\" \/>\n<meta name=\"twitter:label1\" content=\"Scritto da\" \/>\n\t<meta name=\"twitter:data1\" content=\"admin\" \/>\n\t<meta name=\"twitter:label2\" content=\"Tempo di lettura stimato\" \/>\n\t<meta name=\"twitter:data2\" content=\"2 minuti\" \/>\n<script type=\"application\/ld+json\" class=\"yoast-schema-graph\">{\"@context\":\"https:\/\/schema.org\",\"@graph\":[{\"@type\":\"WebPage\",\"@id\":\"https:\/\/giannidavico.it\/gopiedmont\/2009\/12\/26\/stasseira-el-gelindo\/\",\"url\":\"https:\/\/giannidavico.it\/gopiedmont\/2009\/12\/26\/stasseira-el-gelindo\/\",\"name\":\"Stass\u00e8ira, \u00ebl Gelindo - Go Piedmont\",\"isPartOf\":{\"@id\":\"https:\/\/giannidavico.it\/gopiedmont\/#website\"},\"datePublished\":\"2009-12-26T22:34:00+00:00\",\"dateModified\":\"2015-12-09T07:52:20+00:00\",\"author\":{\"@id\":\"https:\/\/giannidavico.it\/gopiedmont\/#\/schema\/person\/6a96d8672f14b275ece93af45a6da78b\"},\"inLanguage\":\"it-IT\",\"potentialAction\":[{\"@type\":\"ReadAction\",\"target\":[\"https:\/\/giannidavico.it\/gopiedmont\/2009\/12\/26\/stasseira-el-gelindo\/\"]}]},{\"@type\":\"WebSite\",\"@id\":\"https:\/\/giannidavico.it\/gopiedmont\/#website\",\"url\":\"https:\/\/giannidavico.it\/gopiedmont\/\",\"name\":\"Go Piedmont\",\"description\":\"pens\u00e9 dzora l\u00ecber, event e p\u00ebrson-e grop\u00e0 al Piemont e a la lenga piemont\u00e8isa\",\"potentialAction\":[{\"@type\":\"SearchAction\",\"target\":{\"@type\":\"EntryPoint\",\"urlTemplate\":\"https:\/\/giannidavico.it\/gopiedmont\/?s={search_term_string}\"},\"query-input\":\"required name=search_term_string\"}],\"inLanguage\":\"it-IT\"},{\"@type\":\"Person\",\"@id\":\"https:\/\/giannidavico.it\/gopiedmont\/#\/schema\/person\/6a96d8672f14b275ece93af45a6da78b\",\"name\":\"admin\",\"image\":{\"@type\":\"ImageObject\",\"inLanguage\":\"it-IT\",\"@id\":\"https:\/\/giannidavico.it\/gopiedmont\/#\/schema\/person\/image\/\",\"url\":\"https:\/\/secure.gravatar.com\/avatar\/337748753d882602f3038b55fb369ba1?s=96&d=mm&r=g\",\"contentUrl\":\"https:\/\/secure.gravatar.com\/avatar\/337748753d882602f3038b55fb369ba1?s=96&d=mm&r=g\",\"caption\":\"admin\"},\"url\":\"https:\/\/giannidavico.it\/gopiedmont\/author\/admin\/\"}]}<\/script>\n<!-- \/ Yoast SEO plugin. -->","yoast_head_json":{"title":"Stass\u00e8ira, \u00ebl Gelindo - Go Piedmont","robots":{"index":"index","follow":"follow","max-snippet":"max-snippet:-1","max-image-preview":"max-image-preview:large","max-video-preview":"max-video-preview:-1"},"canonical":"https:\/\/giannidavico.it\/gopiedmont\/2009\/12\/26\/stasseira-el-gelindo\/","og_locale":"it_IT","og_type":"article","og_title":"Stass\u00e8ira, \u00ebl Gelindo - Go Piedmont","og_description":"P\u00f2che minute f\u00e0 a l&#8217;\u00e9 fin\u00ece \u00ebl Gelindo. A l&#8217;ha fame g\u00f2j voghe col \u00ebspet\u00e0col, e p\u00ebr tanti motiv, che i dirai nen an ordin, ma par\u00e8j com ch&#8217;a ven-o. J&#8217;ator giovo e an gamba, pr&#8217;esempi, ch&#8217;a l&#8217;han fane voghe na m\u00ebs-c\u00ebtta anciarmanta &#8216;d s\u00e0cher e profan. Pen-a riv\u00e0 i l&#8217;hai ancontr\u00e0 D\u00e0vid Fili\u00e9 (un fieul ch&#8217;a travaja a pro d\u00ebl piemont\u00e8is da ver piemont\u00e8is, visad\u00ec seguend le par\u00f2le che na vira i l&#8217;hai sent\u00f9 da m\u00e9 professor Riccardo Massano, fa&#8217; t\u00f2 dover e ch\u00ebrpa) e soa masn\u00e0; e bele ch&#8217;i sio parlasse mach na minuta, av\u00e8j vistlo ambelel\u00ec a l&#8217;ha fame cap\u00ec na vira &#8216;d p\u00ec, come ant na vision, la fortun-a ch&#8217;i l&#8217;hai a vesse piemont\u00e8is, visad\u00ec a av\u00e8j tanti amis an p\u00ec, na manera &#8216;d pens\u00e9 an p\u00ec, tant mond \u00ebd p\u00ec. A l&#8217;\u00e9 stame &#8216;n p\u00f2ch p\u00ec ci\u00e0ir l\u00f2n ch&#8217;a vor\u00eca d\u00ec Tavo Burat an Piemont\u00e8is che mi i son: &#8216;L piemont\u00e8is a l&#8217;\u00e9 m\u00e8 pais. (E Domenico, a-i na f\u00e0 gnente se costa a l&#8217;\u00e9 na bataja persa, p\u00ebrch\u00e8 navigare necesse, vivere non necesse. I lo foma e basta. D&#8217;\u00e0uta part \u00ebdc\u00f2 ti it lo f\u00e0 e basta.) E, com ch&#8217;a [\u2026] continua a leggere \u00bb","og_url":"https:\/\/giannidavico.it\/gopiedmont\/2009\/12\/26\/stasseira-el-gelindo\/","og_site_name":"Go Piedmont","article_published_time":"2009-12-26T22:34:00+00:00","article_modified_time":"2015-12-09T07:52:20+00:00","author":"admin","twitter_card":"summary_large_image","twitter_misc":{"Scritto da":"admin","Tempo di lettura stimato":"2 minuti"},"schema":{"@context":"https:\/\/schema.org","@graph":[{"@type":"WebPage","@id":"https:\/\/giannidavico.it\/gopiedmont\/2009\/12\/26\/stasseira-el-gelindo\/","url":"https:\/\/giannidavico.it\/gopiedmont\/2009\/12\/26\/stasseira-el-gelindo\/","name":"Stass\u00e8ira, \u00ebl Gelindo - Go Piedmont","isPartOf":{"@id":"https:\/\/giannidavico.it\/gopiedmont\/#website"},"datePublished":"2009-12-26T22:34:00+00:00","dateModified":"2015-12-09T07:52:20+00:00","author":{"@id":"https:\/\/giannidavico.it\/gopiedmont\/#\/schema\/person\/6a96d8672f14b275ece93af45a6da78b"},"inLanguage":"it-IT","potentialAction":[{"@type":"ReadAction","target":["https:\/\/giannidavico.it\/gopiedmont\/2009\/12\/26\/stasseira-el-gelindo\/"]}]},{"@type":"WebSite","@id":"https:\/\/giannidavico.it\/gopiedmont\/#website","url":"https:\/\/giannidavico.it\/gopiedmont\/","name":"Go Piedmont","description":"pens\u00e9 dzora l\u00ecber, event e p\u00ebrson-e grop\u00e0 al Piemont e a la lenga piemont\u00e8isa","potentialAction":[{"@type":"SearchAction","target":{"@type":"EntryPoint","urlTemplate":"https:\/\/giannidavico.it\/gopiedmont\/?s={search_term_string}"},"query-input":"required name=search_term_string"}],"inLanguage":"it-IT"},{"@type":"Person","@id":"https:\/\/giannidavico.it\/gopiedmont\/#\/schema\/person\/6a96d8672f14b275ece93af45a6da78b","name":"admin","image":{"@type":"ImageObject","inLanguage":"it-IT","@id":"https:\/\/giannidavico.it\/gopiedmont\/#\/schema\/person\/image\/","url":"https:\/\/secure.gravatar.com\/avatar\/337748753d882602f3038b55fb369ba1?s=96&d=mm&r=g","contentUrl":"https:\/\/secure.gravatar.com\/avatar\/337748753d882602f3038b55fb369ba1?s=96&d=mm&r=g","caption":"admin"},"url":"https:\/\/giannidavico.it\/gopiedmont\/author\/admin\/"}]}},"_links":{"self":[{"href":"https:\/\/giannidavico.it\/gopiedmont\/wp-json\/wp\/v2\/posts\/87"}],"collection":[{"href":"https:\/\/giannidavico.it\/gopiedmont\/wp-json\/wp\/v2\/posts"}],"about":[{"href":"https:\/\/giannidavico.it\/gopiedmont\/wp-json\/wp\/v2\/types\/post"}],"author":[{"embeddable":true,"href":"https:\/\/giannidavico.it\/gopiedmont\/wp-json\/wp\/v2\/users\/1"}],"replies":[{"embeddable":true,"href":"https:\/\/giannidavico.it\/gopiedmont\/wp-json\/wp\/v2\/comments?post=87"}],"version-history":[{"count":5,"href":"https:\/\/giannidavico.it\/gopiedmont\/wp-json\/wp\/v2\/posts\/87\/revisions"}],"predecessor-version":[{"id":3243,"href":"https:\/\/giannidavico.it\/gopiedmont\/wp-json\/wp\/v2\/posts\/87\/revisions\/3243"}],"wp:attachment":[{"href":"https:\/\/giannidavico.it\/gopiedmont\/wp-json\/wp\/v2\/media?parent=87"}],"wp:term":[{"taxonomy":"category","embeddable":true,"href":"https:\/\/giannidavico.it\/gopiedmont\/wp-json\/wp\/v2\/categories?post=87"},{"taxonomy":"post_tag","embeddable":true,"href":"https:\/\/giannidavico.it\/gopiedmont\/wp-json\/wp\/v2\/tags?post=87"}],"curies":[{"name":"wp","href":"https:\/\/api.w.org\/{rel}","templated":true}]}}