{"id":874,"date":"2011-08-24T11:34:44","date_gmt":"2011-08-24T09:34:44","guid":{"rendered":"https:\/\/giannidavico.it\/staging\/gopiedmont\/?p=874"},"modified":"2015-09-23T12:17:59","modified_gmt":"2015-09-23T11:17:59","slug":"pasolini-tavo-e-le-lenghe-ancestraj","status":"publish","type":"post","link":"https:\/\/giannidavico.it\/gopiedmont\/2011\/08\/24\/pasolini-tavo-e-le-lenghe-ancestraj\/","title":{"rendered":"Pasolini, Tavo e le lenghe ancestraj"},"content":{"rendered":"<p><a href=\"https:\/\/giannidavico.it\/gopiedmont\/files\/2011\/08\/Pasolini-e-Tavo.jpg\"><img loading=\"lazy\" src=\"https:\/\/giannidavico.it\/gopiedmont\/files\/2011\/08\/Pasolini-e-Tavo.jpg\" alt=\"\" title=\"Pasolini e Tavo\" width=\"280\" height=\"164\" class=\"alignright size-full wp-image-877\" \/><\/a><br \/>\nL\u2019\u00f9ltim n\u00f9mer dl\u2019arvista <a href=\"http:\/\/www.associassionalp.com\/\" title=\"Alp\" target=\"_blank\">Alp \u2013 vos \u00ebd l\u2019arvira piemont\u00e8isa<\/a> (n\u00f9mer 2, luj 2011) a conten na part \u00ebd n\u2019art\u00eccol \u00ebd Tavo bonanima (\u00abLingue diverse\u00bb), sempe atual e ch\u2019a val na riflession.<\/p>\n<p>Quindes di prima \u2018d vesse mass\u00e0, Pier Paolo Pasolini a j\u2019era interven\u00f9 a un seminari organis\u00e0 da Tavo ant un liceo \u2018d Lecce, e a l\u2019av\u00eca conclud\u00f9 soa orassion parland \u00ebd la<\/p>\n<blockquote><p>necessit\u00e0 di lottare contro questo nuovo fascismo che \u00e8 l\u2019accentramento linguistico e culturale del consumismo.<\/p><\/blockquote>\n<p>Alora. An coste p\u00f2che par\u00f2le, scrite e prononsi\u00e0 d\u00ebl 1975, a-i \u00e9 un tema pesant e \u2018d pien-a atualit\u00e0. \u00cbl fassism rapresent\u00e0 da l\u2019id\u00e8ja che amprende a scot\u00e9, parl\u00e9, lese e scrive toa lenga ancestral a sia na r\u00f2ba dr\u00f2la.<\/p>\n<p>A lo dis <a href=\"https:\/\/giannidavico.it\/gopiedmont\/2011\/07\/27\/mia-lenga-piemonteisa\/\" title=\"Mia lenga piemont\u00e8isa\">Gian Luigi Beccaria<\/a>, tant p\u00ebr f\u00e9 un n\u00f2m, a lo dijo tante p\u00ebrson-e ch\u2019a son ant ij p\u00f2st ch\u2019a conto.<\/p>\n<p>Bin, col ch\u2019a l\u2019\u00e9 \u2018l vantage \u2018d costa macdonaldisassion dla lenga? Gnun a veul impon-e gnente a gnun, mach a venta ch\u2019a sia arconoss\u00f9 \u2018l drit dle p\u00ebrson-e d\u2019amprende soa pr\u00f2pria lenga, cola ch\u2019a definiss na part gr\u00f2ssa dl\u2019identit\u00e0.<\/p>\n<p>Mach ch&#8217;a sia ci\u00e0ir.<\/p>\n","protected":false},"excerpt":{"rendered":"<p><a href=\"https:\/\/giannidavico.it\/gopiedmont\/files\/2011\/08\/Pasolini-e-Tavo.jpg\"><img loading=\"lazy\" src=\"https:\/\/giannidavico.it\/gopiedmont\/files\/2011\/08\/Pasolini-e-Tavo.jpg\" alt=\"\" title=\"Pasolini e Tavo\" width=\"280\" height=\"164\" class=\"alignright size-full wp-image-877\" \/><\/a><br \/> L\u2019\u00f9ltim n\u00f9mer dl\u2019arvista <a href=\"http:\/\/www.associassionalp.com\/\" title=\"Alp\" target=\"_blank\">Alp \u2013 vos \u00ebd l\u2019arvira piemont\u00e8isa<\/a> (n\u00f9mer 2, luj 2011) a conten na part \u00ebd n\u2019art\u00eccol \u00ebd Tavo bonanima (\u00abLingue diverse\u00bb), sempe atual e ch\u2019a val na riflession.<\/p>\n<p>Quindes di prima \u2018d vesse mass\u00e0, Pier Paolo Pasolini a j\u2019era interven\u00f9 a un seminari organis\u00e0 da Tavo ant un liceo \u2018d Lecce, e a l\u2019av\u00eca conclud\u00f9 soa orassion parland \u00ebd la<\/p>\n<p>necessit\u00e0 di lottare contro questo nuovo fascismo che \u00e8 l\u2019accentramento linguistico e culturale del consumismo.<\/p>\n<p>Alora. An coste p\u00f2che par\u00f2le, scrite e prononsi\u00e0 d\u00ebl 1975, a-i \u00e9 un tema pesant e \u2018d pien-a atualit\u00e0. \u00cbl fassism rapresent\u00e0 da l\u2019id\u00e8ja che amprende a scot\u00e9, parl\u00e9, lese e scrive toa lenga ancestral a sia na r\u00f2ba dr\u00f2la.<\/p>\n<p>A lo dis <a href=\"https:\/\/giannidavico.it\/gopiedmont\/2011\/07\/27\/mia-lenga-piemonteisa\/\" title=\"Mia lenga piemont\u00e8isa\">Gian Luigi Beccaria<\/a>, tant p\u00ebr f\u00e9 un n\u00f2m, a lo dijo tante p\u00ebrson-e ch\u2019a son ant ij p\u00f2st ch\u2019a conto.<\/p>\n<p>Bin, col ch\u2019a l\u2019\u00e9 \u2018l vantage \u2018d costa macdonaldisassion dla lenga? Gnun a veul impon-e gnente a gnun, mach a venta ch\u2019a sia arconoss\u00f9 \u2018l drit dle p\u00ebrson-e d\u2019amprende soa pr\u00f2pria lenga, cola ch\u2019a definiss na part [\u2026] <a class=\"moretag\" href=\"https:\/\/giannidavico.it\/gopiedmont\/2011\/08\/24\/pasolini-tavo-e-le-lenghe-ancestraj\/\">continua a leggere \u00bb<\/a><\/p>\n","protected":false},"author":4,"featured_media":0,"comment_status":"open","ping_status":"open","sticky":false,"template":"","format":"standard","meta":[],"categories":[130],"tags":[107],"yoast_head":"<!-- This site is optimized with the Yoast SEO plugin v19.14 - https:\/\/yoast.com\/wordpress\/plugins\/seo\/ -->\n<title>Pasolini, Tavo e le lenghe ancestraj - Go Piedmont<\/title>\n<meta name=\"robots\" content=\"index, follow, max-snippet:-1, max-image-preview:large, max-video-preview:-1\" \/>\n<link rel=\"canonical\" href=\"https:\/\/giannidavico.it\/gopiedmont\/2011\/08\/24\/pasolini-tavo-e-le-lenghe-ancestraj\/\" \/>\n<meta property=\"og:locale\" content=\"it_IT\" \/>\n<meta property=\"og:type\" content=\"article\" \/>\n<meta property=\"og:title\" content=\"Pasolini, Tavo e le lenghe ancestraj - Go Piedmont\" \/>\n<meta property=\"og:description\" content=\"L\u2019\u00f9ltim n\u00f9mer dl\u2019arvista Alp \u2013 vos \u00ebd l\u2019arvira piemont\u00e8isa (n\u00f9mer 2, luj 2011) a conten na part \u00ebd n\u2019art\u00eccol \u00ebd Tavo bonanima (\u00abLingue diverse\u00bb), sempe atual e ch\u2019a val na riflession. Quindes di prima \u2018d vesse mass\u00e0, Pier Paolo Pasolini a j\u2019era interven\u00f9 a un seminari organis\u00e0 da Tavo ant un liceo \u2018d Lecce, e a l\u2019av\u00eca conclud\u00f9 soa orassion parland \u00ebd la necessit\u00e0 di lottare contro questo nuovo fascismo che \u00e8 l\u2019accentramento linguistico e culturale del consumismo. Alora. An coste p\u00f2che par\u00f2le, scrite e prononsi\u00e0 d\u00ebl 1975, a-i \u00e9 un tema pesant e \u2018d pien-a atualit\u00e0. \u00cbl fassism rapresent\u00e0 da l\u2019id\u00e8ja che amprende a scot\u00e9, parl\u00e9, lese e scrive toa lenga ancestral a sia na r\u00f2ba dr\u00f2la. A lo dis Gian Luigi Beccaria, tant p\u00ebr f\u00e9 un n\u00f2m, a lo dijo tante p\u00ebrson-e ch\u2019a son ant ij p\u00f2st ch\u2019a conto. Bin, col ch\u2019a l\u2019\u00e9 \u2018l vantage \u2018d costa macdonaldisassion dla lenga? Gnun a veul impon-e gnente a gnun, mach a venta ch\u2019a sia arconoss\u00f9 \u2018l drit dle p\u00ebrson-e d\u2019amprende soa pr\u00f2pria lenga, cola ch\u2019a definiss na part [\u2026] continua a leggere \u00bb\" \/>\n<meta property=\"og:url\" content=\"https:\/\/giannidavico.it\/gopiedmont\/2011\/08\/24\/pasolini-tavo-e-le-lenghe-ancestraj\/\" \/>\n<meta property=\"og:site_name\" content=\"Go Piedmont\" \/>\n<meta property=\"article:published_time\" content=\"2011-08-24T09:34:44+00:00\" \/>\n<meta property=\"article:modified_time\" content=\"2015-09-23T11:17:59+00:00\" \/>\n<meta property=\"og:image\" content=\"https:\/\/giannidavico.it\/gopiedmont\/files\/2011\/08\/Pasolini-e-Tavo.jpg\" \/>\n<meta name=\"author\" content=\"giannidavico\" \/>\n<meta name=\"twitter:card\" content=\"summary_large_image\" \/>\n<meta name=\"twitter:label1\" content=\"Scritto da\" \/>\n\t<meta name=\"twitter:data1\" content=\"giannidavico\" \/>\n\t<meta name=\"twitter:label2\" content=\"Tempo di lettura stimato\" \/>\n\t<meta name=\"twitter:data2\" content=\"1 minuto\" \/>\n<script type=\"application\/ld+json\" class=\"yoast-schema-graph\">{\"@context\":\"https:\/\/schema.org\",\"@graph\":[{\"@type\":\"WebPage\",\"@id\":\"https:\/\/giannidavico.it\/gopiedmont\/2011\/08\/24\/pasolini-tavo-e-le-lenghe-ancestraj\/\",\"url\":\"https:\/\/giannidavico.it\/gopiedmont\/2011\/08\/24\/pasolini-tavo-e-le-lenghe-ancestraj\/\",\"name\":\"Pasolini, Tavo e le lenghe ancestraj - Go Piedmont\",\"isPartOf\":{\"@id\":\"https:\/\/giannidavico.it\/gopiedmont\/#website\"},\"datePublished\":\"2011-08-24T09:34:44+00:00\",\"dateModified\":\"2015-09-23T11:17:59+00:00\",\"author\":{\"@id\":\"https:\/\/giannidavico.it\/gopiedmont\/#\/schema\/person\/ea1fd17d8f2dba325f3712219efa8f77\"},\"inLanguage\":\"it-IT\",\"potentialAction\":[{\"@type\":\"ReadAction\",\"target\":[\"https:\/\/giannidavico.it\/gopiedmont\/2011\/08\/24\/pasolini-tavo-e-le-lenghe-ancestraj\/\"]}]},{\"@type\":\"WebSite\",\"@id\":\"https:\/\/giannidavico.it\/gopiedmont\/#website\",\"url\":\"https:\/\/giannidavico.it\/gopiedmont\/\",\"name\":\"Go Piedmont\",\"description\":\"pens\u00e9 dzora l\u00ecber, event e p\u00ebrson-e grop\u00e0 al Piemont e a la lenga piemont\u00e8isa\",\"potentialAction\":[{\"@type\":\"SearchAction\",\"target\":{\"@type\":\"EntryPoint\",\"urlTemplate\":\"https:\/\/giannidavico.it\/gopiedmont\/?s={search_term_string}\"},\"query-input\":\"required name=search_term_string\"}],\"inLanguage\":\"it-IT\"},{\"@type\":\"Person\",\"@id\":\"https:\/\/giannidavico.it\/gopiedmont\/#\/schema\/person\/ea1fd17d8f2dba325f3712219efa8f77\",\"name\":\"giannidavico\",\"image\":{\"@type\":\"ImageObject\",\"inLanguage\":\"it-IT\",\"@id\":\"https:\/\/giannidavico.it\/gopiedmont\/#\/schema\/person\/image\/\",\"url\":\"https:\/\/secure.gravatar.com\/avatar\/337748753d882602f3038b55fb369ba1?s=96&d=mm&r=g\",\"contentUrl\":\"https:\/\/secure.gravatar.com\/avatar\/337748753d882602f3038b55fb369ba1?s=96&d=mm&r=g\",\"caption\":\"giannidavico\"},\"url\":\"https:\/\/giannidavico.it\/gopiedmont\/author\/giannidavico\/\"}]}<\/script>\n<!-- \/ Yoast SEO plugin. -->","yoast_head_json":{"title":"Pasolini, Tavo e le lenghe ancestraj - Go Piedmont","robots":{"index":"index","follow":"follow","max-snippet":"max-snippet:-1","max-image-preview":"max-image-preview:large","max-video-preview":"max-video-preview:-1"},"canonical":"https:\/\/giannidavico.it\/gopiedmont\/2011\/08\/24\/pasolini-tavo-e-le-lenghe-ancestraj\/","og_locale":"it_IT","og_type":"article","og_title":"Pasolini, Tavo e le lenghe ancestraj - Go Piedmont","og_description":"L\u2019\u00f9ltim n\u00f9mer dl\u2019arvista Alp \u2013 vos \u00ebd l\u2019arvira piemont\u00e8isa (n\u00f9mer 2, luj 2011) a conten na part \u00ebd n\u2019art\u00eccol \u00ebd Tavo bonanima (\u00abLingue diverse\u00bb), sempe atual e ch\u2019a val na riflession. Quindes di prima \u2018d vesse mass\u00e0, Pier Paolo Pasolini a j\u2019era interven\u00f9 a un seminari organis\u00e0 da Tavo ant un liceo \u2018d Lecce, e a l\u2019av\u00eca conclud\u00f9 soa orassion parland \u00ebd la necessit\u00e0 di lottare contro questo nuovo fascismo che \u00e8 l\u2019accentramento linguistico e culturale del consumismo. Alora. An coste p\u00f2che par\u00f2le, scrite e prononsi\u00e0 d\u00ebl 1975, a-i \u00e9 un tema pesant e \u2018d pien-a atualit\u00e0. \u00cbl fassism rapresent\u00e0 da l\u2019id\u00e8ja che amprende a scot\u00e9, parl\u00e9, lese e scrive toa lenga ancestral a sia na r\u00f2ba dr\u00f2la. A lo dis Gian Luigi Beccaria, tant p\u00ebr f\u00e9 un n\u00f2m, a lo dijo tante p\u00ebrson-e ch\u2019a son ant ij p\u00f2st ch\u2019a conto. Bin, col ch\u2019a l\u2019\u00e9 \u2018l vantage \u2018d costa macdonaldisassion dla lenga? Gnun a veul impon-e gnente a gnun, mach a venta ch\u2019a sia arconoss\u00f9 \u2018l drit dle p\u00ebrson-e d\u2019amprende soa pr\u00f2pria lenga, cola ch\u2019a definiss na part [\u2026] continua a leggere \u00bb","og_url":"https:\/\/giannidavico.it\/gopiedmont\/2011\/08\/24\/pasolini-tavo-e-le-lenghe-ancestraj\/","og_site_name":"Go Piedmont","article_published_time":"2011-08-24T09:34:44+00:00","article_modified_time":"2015-09-23T11:17:59+00:00","og_image":[{"url":"https:\/\/giannidavico.it\/gopiedmont\/files\/2011\/08\/Pasolini-e-Tavo.jpg"}],"author":"giannidavico","twitter_card":"summary_large_image","twitter_misc":{"Scritto da":"giannidavico","Tempo di lettura stimato":"1 minuto"},"schema":{"@context":"https:\/\/schema.org","@graph":[{"@type":"WebPage","@id":"https:\/\/giannidavico.it\/gopiedmont\/2011\/08\/24\/pasolini-tavo-e-le-lenghe-ancestraj\/","url":"https:\/\/giannidavico.it\/gopiedmont\/2011\/08\/24\/pasolini-tavo-e-le-lenghe-ancestraj\/","name":"Pasolini, Tavo e le lenghe ancestraj - Go Piedmont","isPartOf":{"@id":"https:\/\/giannidavico.it\/gopiedmont\/#website"},"datePublished":"2011-08-24T09:34:44+00:00","dateModified":"2015-09-23T11:17:59+00:00","author":{"@id":"https:\/\/giannidavico.it\/gopiedmont\/#\/schema\/person\/ea1fd17d8f2dba325f3712219efa8f77"},"inLanguage":"it-IT","potentialAction":[{"@type":"ReadAction","target":["https:\/\/giannidavico.it\/gopiedmont\/2011\/08\/24\/pasolini-tavo-e-le-lenghe-ancestraj\/"]}]},{"@type":"WebSite","@id":"https:\/\/giannidavico.it\/gopiedmont\/#website","url":"https:\/\/giannidavico.it\/gopiedmont\/","name":"Go Piedmont","description":"pens\u00e9 dzora l\u00ecber, event e p\u00ebrson-e grop\u00e0 al Piemont e a la lenga piemont\u00e8isa","potentialAction":[{"@type":"SearchAction","target":{"@type":"EntryPoint","urlTemplate":"https:\/\/giannidavico.it\/gopiedmont\/?s={search_term_string}"},"query-input":"required name=search_term_string"}],"inLanguage":"it-IT"},{"@type":"Person","@id":"https:\/\/giannidavico.it\/gopiedmont\/#\/schema\/person\/ea1fd17d8f2dba325f3712219efa8f77","name":"giannidavico","image":{"@type":"ImageObject","inLanguage":"it-IT","@id":"https:\/\/giannidavico.it\/gopiedmont\/#\/schema\/person\/image\/","url":"https:\/\/secure.gravatar.com\/avatar\/337748753d882602f3038b55fb369ba1?s=96&d=mm&r=g","contentUrl":"https:\/\/secure.gravatar.com\/avatar\/337748753d882602f3038b55fb369ba1?s=96&d=mm&r=g","caption":"giannidavico"},"url":"https:\/\/giannidavico.it\/gopiedmont\/author\/giannidavico\/"}]}},"_links":{"self":[{"href":"https:\/\/giannidavico.it\/gopiedmont\/wp-json\/wp\/v2\/posts\/874"}],"collection":[{"href":"https:\/\/giannidavico.it\/gopiedmont\/wp-json\/wp\/v2\/posts"}],"about":[{"href":"https:\/\/giannidavico.it\/gopiedmont\/wp-json\/wp\/v2\/types\/post"}],"author":[{"embeddable":true,"href":"https:\/\/giannidavico.it\/gopiedmont\/wp-json\/wp\/v2\/users\/4"}],"replies":[{"embeddable":true,"href":"https:\/\/giannidavico.it\/gopiedmont\/wp-json\/wp\/v2\/comments?post=874"}],"version-history":[{"count":8,"href":"https:\/\/giannidavico.it\/gopiedmont\/wp-json\/wp\/v2\/posts\/874\/revisions"}],"predecessor-version":[{"id":3080,"href":"https:\/\/giannidavico.it\/gopiedmont\/wp-json\/wp\/v2\/posts\/874\/revisions\/3080"}],"wp:attachment":[{"href":"https:\/\/giannidavico.it\/gopiedmont\/wp-json\/wp\/v2\/media?parent=874"}],"wp:term":[{"taxonomy":"category","embeddable":true,"href":"https:\/\/giannidavico.it\/gopiedmont\/wp-json\/wp\/v2\/categories?post=874"},{"taxonomy":"post_tag","embeddable":true,"href":"https:\/\/giannidavico.it\/gopiedmont\/wp-json\/wp\/v2\/tags?post=874"}],"curies":[{"name":"wp","href":"https:\/\/api.w.org\/{rel}","templated":true}]}}