{"id":89,"date":"2010-01-08T08:55:00","date_gmt":"2010-01-08T08:55:00","guid":{"rendered":"https:\/\/giannidavico.it\/staging\/gopiedmont\/2010\/01\/08\/ritrovare-la-mora-comera-adesso\/"},"modified":"2015-09-23T11:16:55","modified_gmt":"2015-09-23T10:16:55","slug":"ritrovare-la-mora-comera-adesso","status":"publish","type":"post","link":"https:\/\/giannidavico.it\/gopiedmont\/2010\/01\/08\/ritrovare-la-mora-comera-adesso\/","title":{"rendered":"Ritrovare la Mora com&#8217;era adesso"},"content":{"rendered":"<p>I pensava con un p\u00f2ch \u00ebd magon an costi di a l\u00f2n ch&#8217;a l&#8217;ha dit Paolo Castlin-a ansima a la lista <a href=\"http:\/\/groups.yahoo.com\/group\/piemontviv\/\" target=\"_blank\">piemontviv<\/a>, che chiel a l&#8217;ha gnun da parleje piemont\u00e8is ansema.<\/p>\n<p>(Paolo, p\u00ebr chi ch&#8217;a lo sav\u00e8jssa nen, a l&#8217;\u00e9 st\u00e0it an tra ij prim entusiasta &#8220;animator&#8221; d&#8217;<a href=\"http:\/\/pms.wikipedia.org\/wiki\/%C3%89!\" target=\"_blank\">&#8220;\u00e9!&#8221;<\/a>, a l&#8217;\u00e9 dasse bon ben da f\u00e9 p\u00ebr anviar\u00e9 l&#8217;arvista.)<\/p>\n<p>Qu\u00e0ich di f\u00e0 a n\u00f2sta ca i l&#8217;av\u00eco a sin-a un n\u00f2st amis ch&#8217;a sta a Santiago, an Cile &#8211; miraco l&#8217;\u00f9nica p\u00ebrson-a che ambelel\u00e0 a parla &#8216;l piemont\u00e8is, e i pensava a v\u00e0ire ch&#8217;i son fortun\u00e0, bele che &#8216;l mond tut piemont\u00e8is ch&#8217;i l&#8217;avia antorn a mi quand ch&#8217;i j&#8217;era gagno a esist p\u00ec nen.<\/p>\n<p>O, p\u00ebr dila con \u00ebl Pavese dla Luna: <\/p>\n<blockquote><p>A quei tempi non mi capacitavo che cosa fosse questo crescere, credevo fosse solamente fare delle cose difficili &#8211; come comprare una coppia di buoi, fare il prezzo dell&#8217;uva, manovrare la trebbiatrice. Non sapevo che crescere vuol dire andarsene, invecchiare, vedere morire, ritrovare la Mora com&#8217;era adesso.<\/p><\/blockquote>\n<p>&#8220;Ritrovare la Mora com&#8217;era adesso&#8221;: ecco, \u00ebl piemont\u00e8is ancheuj p\u00ebr mi a l&#8217;\u00e9 p\u00ec o meno cost.<\/p>\n<p>I pensava &#8216;dc\u00f2 a l\u00f2n ch&#8217;a dis\u00eca Clivio, arferendse ai s\u00f2 cit ch&#8217;a parlavo piemont\u00e8is:<\/p>\n<blockquote><p>Fin ch&#8217;i vivo i l&#8217;avrai da parleje piemont\u00e8is a quaichedun.<\/p><\/blockquote>\n<p>I l&#8217;av\u00eca nen na solussion p\u00ebr Paolo, ma a m\u00eb mnis\u00eca da feje ij compliment p\u00ebr <a href=\"http:\/\/barbetpiemonteis.blogspot.it\/\" target=\"_blank\">s\u00f2 bl\u00f2g<\/a>: as peul sempe fesse mej, as capiss, ma antratant chiel a l&#8217;ha ancamin\u00e0 quaic\u00f2s. A l&#8217;ha ancamin\u00e0 a parl\u00e9, quaidun a-i r\u00ebspondr\u00e0.<\/p>\n","protected":false},"excerpt":{"rendered":"<p>I pensava con un p\u00f2ch \u00ebd magon an costi di a l\u00f2n ch&#8217;a l&#8217;ha dit Paolo Castlin-a ansima a la lista <a href=\"http:\/\/groups.yahoo.com\/group\/piemontviv\/\" target=\"_blank\">piemontviv<\/a>, che chiel a l&#8217;ha gnun da parleje piemont\u00e8is ansema.<\/p>\n<p>(Paolo, p\u00ebr chi ch&#8217;a lo sav\u00e8jssa nen, a l&#8217;\u00e9 st\u00e0it an tra ij prim entusiasta &#8220;animator&#8221; d&#8217;<a href=\"http:\/\/pms.wikipedia.org\/wiki\/%C3%89!\" target=\"_blank\">&#8220;\u00e9!&#8221;<\/a>, a l&#8217;\u00e9 dasse bon ben da f\u00e9 p\u00ebr anviar\u00e9 l&#8217;arvista.)<\/p>\n<p>Qu\u00e0ich di f\u00e0 a n\u00f2sta ca i l&#8217;av\u00eco a sin-a un n\u00f2st amis ch&#8217;a sta a Santiago, an Cile &#8211; miraco l&#8217;\u00f9nica p\u00ebrson-a che ambelel\u00e0 a parla &#8216;l piemont\u00e8is, e i pensava a v\u00e0ire ch&#8217;i son fortun\u00e0, bele che &#8216;l mond tut piemont\u00e8is ch&#8217;i l&#8217;avia antorn a mi quand ch&#8217;i j&#8217;era gagno a esist p\u00ec nen.<\/p>\n<p>O, p\u00ebr dila con \u00ebl Pavese dla Luna: <\/p>\n<p>A quei tempi non mi capacitavo che cosa fosse questo crescere, credevo fosse solamente fare delle cose difficili &#8211; come comprare una coppia di buoi, fare il prezzo dell&#8217;uva, manovrare la trebbiatrice. Non sapevo che crescere vuol dire andarsene, invecchiare, vedere morire, ritrovare la Mora com&#8217;era adesso.<\/p>\n<p>&#8220;Ritrovare la Mora com&#8217;era adesso&#8221;: ecco, \u00ebl piemont\u00e8is ancheuj p\u00ebr mi a l&#8217;\u00e9 p\u00ec o meno cost.<\/p>\n<p>I pensava &#8216;dc\u00f2 a l\u00f2n ch&#8217;a dis\u00eca Clivio, arferendse [\u2026] <a class=\"moretag\" href=\"https:\/\/giannidavico.it\/gopiedmont\/2010\/01\/08\/ritrovare-la-mora-comera-adesso\/\">continua a leggere \u00bb<\/a><\/p>\n","protected":false},"author":1,"featured_media":0,"comment_status":"open","ping_status":"open","sticky":false,"template":"","format":"standard","meta":[],"categories":[130],"tags":[107],"yoast_head":"<!-- This site is optimized with the Yoast SEO plugin v19.14 - https:\/\/yoast.com\/wordpress\/plugins\/seo\/ -->\n<title>Ritrovare la Mora com&#039;era adesso - Go Piedmont<\/title>\n<meta name=\"robots\" content=\"index, follow, max-snippet:-1, max-image-preview:large, max-video-preview:-1\" \/>\n<link rel=\"canonical\" href=\"https:\/\/giannidavico.it\/gopiedmont\/2010\/01\/08\/ritrovare-la-mora-comera-adesso\/\" \/>\n<meta property=\"og:locale\" content=\"it_IT\" \/>\n<meta property=\"og:type\" content=\"article\" \/>\n<meta property=\"og:title\" content=\"Ritrovare la Mora com&#039;era adesso - Go Piedmont\" \/>\n<meta property=\"og:description\" content=\"I pensava con un p\u00f2ch \u00ebd magon an costi di a l\u00f2n ch&#8217;a l&#8217;ha dit Paolo Castlin-a ansima a la lista piemontviv, che chiel a l&#8217;ha gnun da parleje piemont\u00e8is ansema. (Paolo, p\u00ebr chi ch&#8217;a lo sav\u00e8jssa nen, a l&#8217;\u00e9 st\u00e0it an tra ij prim entusiasta &#8220;animator&#8221; d&#8217;&#8220;\u00e9!&#8221;, a l&#8217;\u00e9 dasse bon ben da f\u00e9 p\u00ebr anviar\u00e9 l&#8217;arvista.) Qu\u00e0ich di f\u00e0 a n\u00f2sta ca i l&#8217;av\u00eco a sin-a un n\u00f2st amis ch&#8217;a sta a Santiago, an Cile &#8211; miraco l&#8217;\u00f9nica p\u00ebrson-a che ambelel\u00e0 a parla &#8216;l piemont\u00e8is, e i pensava a v\u00e0ire ch&#8217;i son fortun\u00e0, bele che &#8216;l mond tut piemont\u00e8is ch&#8217;i l&#8217;avia antorn a mi quand ch&#8217;i j&#8217;era gagno a esist p\u00ec nen. O, p\u00ebr dila con \u00ebl Pavese dla Luna: A quei tempi non mi capacitavo che cosa fosse questo crescere, credevo fosse solamente fare delle cose difficili &#8211; come comprare una coppia di buoi, fare il prezzo dell&#8217;uva, manovrare la trebbiatrice. Non sapevo che crescere vuol dire andarsene, invecchiare, vedere morire, ritrovare la Mora com&#8217;era adesso. &#8220;Ritrovare la Mora com&#8217;era adesso&#8221;: ecco, \u00ebl piemont\u00e8is ancheuj p\u00ebr mi a l&#8217;\u00e9 p\u00ec o meno cost. I pensava &#8216;dc\u00f2 a l\u00f2n ch&#8217;a dis\u00eca Clivio, arferendse [\u2026] continua a leggere \u00bb\" \/>\n<meta property=\"og:url\" content=\"https:\/\/giannidavico.it\/gopiedmont\/2010\/01\/08\/ritrovare-la-mora-comera-adesso\/\" \/>\n<meta property=\"og:site_name\" content=\"Go Piedmont\" \/>\n<meta property=\"article:published_time\" content=\"2010-01-08T08:55:00+00:00\" \/>\n<meta property=\"article:modified_time\" content=\"2015-09-23T10:16:55+00:00\" \/>\n<meta name=\"author\" content=\"admin\" \/>\n<meta name=\"twitter:card\" content=\"summary_large_image\" \/>\n<meta name=\"twitter:label1\" content=\"Scritto da\" \/>\n\t<meta name=\"twitter:data1\" content=\"admin\" \/>\n\t<meta name=\"twitter:label2\" content=\"Tempo di lettura stimato\" \/>\n\t<meta name=\"twitter:data2\" content=\"1 minuto\" \/>\n<script type=\"application\/ld+json\" class=\"yoast-schema-graph\">{\"@context\":\"https:\/\/schema.org\",\"@graph\":[{\"@type\":\"WebPage\",\"@id\":\"https:\/\/giannidavico.it\/gopiedmont\/2010\/01\/08\/ritrovare-la-mora-comera-adesso\/\",\"url\":\"https:\/\/giannidavico.it\/gopiedmont\/2010\/01\/08\/ritrovare-la-mora-comera-adesso\/\",\"name\":\"Ritrovare la Mora com'era adesso - Go Piedmont\",\"isPartOf\":{\"@id\":\"https:\/\/giannidavico.it\/gopiedmont\/#website\"},\"datePublished\":\"2010-01-08T08:55:00+00:00\",\"dateModified\":\"2015-09-23T10:16:55+00:00\",\"author\":{\"@id\":\"https:\/\/giannidavico.it\/gopiedmont\/#\/schema\/person\/6a96d8672f14b275ece93af45a6da78b\"},\"inLanguage\":\"it-IT\",\"potentialAction\":[{\"@type\":\"ReadAction\",\"target\":[\"https:\/\/giannidavico.it\/gopiedmont\/2010\/01\/08\/ritrovare-la-mora-comera-adesso\/\"]}]},{\"@type\":\"WebSite\",\"@id\":\"https:\/\/giannidavico.it\/gopiedmont\/#website\",\"url\":\"https:\/\/giannidavico.it\/gopiedmont\/\",\"name\":\"Go Piedmont\",\"description\":\"pens\u00e9 dzora l\u00ecber, event e p\u00ebrson-e grop\u00e0 al Piemont e a la lenga piemont\u00e8isa\",\"potentialAction\":[{\"@type\":\"SearchAction\",\"target\":{\"@type\":\"EntryPoint\",\"urlTemplate\":\"https:\/\/giannidavico.it\/gopiedmont\/?s={search_term_string}\"},\"query-input\":\"required name=search_term_string\"}],\"inLanguage\":\"it-IT\"},{\"@type\":\"Person\",\"@id\":\"https:\/\/giannidavico.it\/gopiedmont\/#\/schema\/person\/6a96d8672f14b275ece93af45a6da78b\",\"name\":\"admin\",\"image\":{\"@type\":\"ImageObject\",\"inLanguage\":\"it-IT\",\"@id\":\"https:\/\/giannidavico.it\/gopiedmont\/#\/schema\/person\/image\/\",\"url\":\"https:\/\/secure.gravatar.com\/avatar\/337748753d882602f3038b55fb369ba1?s=96&d=mm&r=g\",\"contentUrl\":\"https:\/\/secure.gravatar.com\/avatar\/337748753d882602f3038b55fb369ba1?s=96&d=mm&r=g\",\"caption\":\"admin\"},\"url\":\"https:\/\/giannidavico.it\/gopiedmont\/author\/admin\/\"}]}<\/script>\n<!-- \/ Yoast SEO plugin. -->","yoast_head_json":{"title":"Ritrovare la Mora com'era adesso - Go Piedmont","robots":{"index":"index","follow":"follow","max-snippet":"max-snippet:-1","max-image-preview":"max-image-preview:large","max-video-preview":"max-video-preview:-1"},"canonical":"https:\/\/giannidavico.it\/gopiedmont\/2010\/01\/08\/ritrovare-la-mora-comera-adesso\/","og_locale":"it_IT","og_type":"article","og_title":"Ritrovare la Mora com'era adesso - Go Piedmont","og_description":"I pensava con un p\u00f2ch \u00ebd magon an costi di a l\u00f2n ch&#8217;a l&#8217;ha dit Paolo Castlin-a ansima a la lista piemontviv, che chiel a l&#8217;ha gnun da parleje piemont\u00e8is ansema. (Paolo, p\u00ebr chi ch&#8217;a lo sav\u00e8jssa nen, a l&#8217;\u00e9 st\u00e0it an tra ij prim entusiasta &#8220;animator&#8221; d&#8217;&#8220;\u00e9!&#8221;, a l&#8217;\u00e9 dasse bon ben da f\u00e9 p\u00ebr anviar\u00e9 l&#8217;arvista.) Qu\u00e0ich di f\u00e0 a n\u00f2sta ca i l&#8217;av\u00eco a sin-a un n\u00f2st amis ch&#8217;a sta a Santiago, an Cile &#8211; miraco l&#8217;\u00f9nica p\u00ebrson-a che ambelel\u00e0 a parla &#8216;l piemont\u00e8is, e i pensava a v\u00e0ire ch&#8217;i son fortun\u00e0, bele che &#8216;l mond tut piemont\u00e8is ch&#8217;i l&#8217;avia antorn a mi quand ch&#8217;i j&#8217;era gagno a esist p\u00ec nen. O, p\u00ebr dila con \u00ebl Pavese dla Luna: A quei tempi non mi capacitavo che cosa fosse questo crescere, credevo fosse solamente fare delle cose difficili &#8211; come comprare una coppia di buoi, fare il prezzo dell&#8217;uva, manovrare la trebbiatrice. Non sapevo che crescere vuol dire andarsene, invecchiare, vedere morire, ritrovare la Mora com&#8217;era adesso. &#8220;Ritrovare la Mora com&#8217;era adesso&#8221;: ecco, \u00ebl piemont\u00e8is ancheuj p\u00ebr mi a l&#8217;\u00e9 p\u00ec o meno cost. I pensava &#8216;dc\u00f2 a l\u00f2n ch&#8217;a dis\u00eca Clivio, arferendse [\u2026] continua a leggere \u00bb","og_url":"https:\/\/giannidavico.it\/gopiedmont\/2010\/01\/08\/ritrovare-la-mora-comera-adesso\/","og_site_name":"Go Piedmont","article_published_time":"2010-01-08T08:55:00+00:00","article_modified_time":"2015-09-23T10:16:55+00:00","author":"admin","twitter_card":"summary_large_image","twitter_misc":{"Scritto da":"admin","Tempo di lettura stimato":"1 minuto"},"schema":{"@context":"https:\/\/schema.org","@graph":[{"@type":"WebPage","@id":"https:\/\/giannidavico.it\/gopiedmont\/2010\/01\/08\/ritrovare-la-mora-comera-adesso\/","url":"https:\/\/giannidavico.it\/gopiedmont\/2010\/01\/08\/ritrovare-la-mora-comera-adesso\/","name":"Ritrovare la Mora com'era adesso - Go Piedmont","isPartOf":{"@id":"https:\/\/giannidavico.it\/gopiedmont\/#website"},"datePublished":"2010-01-08T08:55:00+00:00","dateModified":"2015-09-23T10:16:55+00:00","author":{"@id":"https:\/\/giannidavico.it\/gopiedmont\/#\/schema\/person\/6a96d8672f14b275ece93af45a6da78b"},"inLanguage":"it-IT","potentialAction":[{"@type":"ReadAction","target":["https:\/\/giannidavico.it\/gopiedmont\/2010\/01\/08\/ritrovare-la-mora-comera-adesso\/"]}]},{"@type":"WebSite","@id":"https:\/\/giannidavico.it\/gopiedmont\/#website","url":"https:\/\/giannidavico.it\/gopiedmont\/","name":"Go Piedmont","description":"pens\u00e9 dzora l\u00ecber, event e p\u00ebrson-e grop\u00e0 al Piemont e a la lenga piemont\u00e8isa","potentialAction":[{"@type":"SearchAction","target":{"@type":"EntryPoint","urlTemplate":"https:\/\/giannidavico.it\/gopiedmont\/?s={search_term_string}"},"query-input":"required name=search_term_string"}],"inLanguage":"it-IT"},{"@type":"Person","@id":"https:\/\/giannidavico.it\/gopiedmont\/#\/schema\/person\/6a96d8672f14b275ece93af45a6da78b","name":"admin","image":{"@type":"ImageObject","inLanguage":"it-IT","@id":"https:\/\/giannidavico.it\/gopiedmont\/#\/schema\/person\/image\/","url":"https:\/\/secure.gravatar.com\/avatar\/337748753d882602f3038b55fb369ba1?s=96&d=mm&r=g","contentUrl":"https:\/\/secure.gravatar.com\/avatar\/337748753d882602f3038b55fb369ba1?s=96&d=mm&r=g","caption":"admin"},"url":"https:\/\/giannidavico.it\/gopiedmont\/author\/admin\/"}]}},"_links":{"self":[{"href":"https:\/\/giannidavico.it\/gopiedmont\/wp-json\/wp\/v2\/posts\/89"}],"collection":[{"href":"https:\/\/giannidavico.it\/gopiedmont\/wp-json\/wp\/v2\/posts"}],"about":[{"href":"https:\/\/giannidavico.it\/gopiedmont\/wp-json\/wp\/v2\/types\/post"}],"author":[{"embeddable":true,"href":"https:\/\/giannidavico.it\/gopiedmont\/wp-json\/wp\/v2\/users\/1"}],"replies":[{"embeddable":true,"href":"https:\/\/giannidavico.it\/gopiedmont\/wp-json\/wp\/v2\/comments?post=89"}],"version-history":[{"count":2,"href":"https:\/\/giannidavico.it\/gopiedmont\/wp-json\/wp\/v2\/posts\/89\/revisions"}],"predecessor-version":[{"id":3051,"href":"https:\/\/giannidavico.it\/gopiedmont\/wp-json\/wp\/v2\/posts\/89\/revisions\/3051"}],"wp:attachment":[{"href":"https:\/\/giannidavico.it\/gopiedmont\/wp-json\/wp\/v2\/media?parent=89"}],"wp:term":[{"taxonomy":"category","embeddable":true,"href":"https:\/\/giannidavico.it\/gopiedmont\/wp-json\/wp\/v2\/categories?post=89"},{"taxonomy":"post_tag","embeddable":true,"href":"https:\/\/giannidavico.it\/gopiedmont\/wp-json\/wp\/v2\/tags?post=89"}],"curies":[{"name":"wp","href":"https:\/\/api.w.org\/{rel}","templated":true}]}}